{"id":228890,"date":"2020-10-23T08:51:44","date_gmt":"2020-10-23T11:51:44","guid":{"rendered":"https:\/\/franciscanos.org.br\/noticias\/?p=228890"},"modified":"2020-10-23T08:51:44","modified_gmt":"2020-10-23T11:51:44","slug":"indulgencias-plenarias-para-fieis-defuntos-prorrogadas-para-todo-o-mes-de-novembro","status":"publish","type":"post","link":"https:\/\/franciscanos.org.br\/noticias\/indulgencias-plenarias-para-fieis-defuntos-prorrogadas-para-todo-o-mes-de-novembro.html","title":{"rendered":"Indulg\u00eancias Plen\u00e1rias para fi\u00e9is defuntos prorrogadas para todo o m\u00eas de novembro"},"content":{"rendered":"<p><img loading=\"lazy\" class=\"alignnone wp-image-228892 size-full\" src=\"https:\/\/franciscanos.org.br\/noticias\/wp-content\/uploads\/2020\/10\/indulgencia-1.jpg\" alt=\"\" width=\"890\" height=\"501\" srcset=\"https:\/\/franciscanos.org.br\/noticias\/wp-content\/uploads\/2020\/10\/indulgencia-1.jpg 890w, https:\/\/franciscanos.org.br\/noticias\/wp-content\/uploads\/2020\/10\/indulgencia-1-450x253.jpg 450w, https:\/\/franciscanos.org.br\/noticias\/wp-content\/uploads\/2020\/10\/indulgencia-1-768x432.jpg 768w, https:\/\/franciscanos.org.br\/noticias\/wp-content\/uploads\/2020\/10\/indulgencia-1-150x84.jpg 150w\" sizes=\"(max-width: 890px) 100vw, 890px\" \/><\/p>\n<p>\u201cEste ano, nas atuais conting\u00eancias devidas \u00e0 pandemia da \u201cCovid-19\u201d, as Indulg\u00eancias Plen\u00e1rias para os fi\u00e9is defuntos ser\u00e3o prorrogadas para todo o m\u00eas de novembro, adequando as obras e condi\u00e7\u00f5es a fim de garantir a incolumidade dos fi\u00e9is.\u201d<\/p>\n<p>\u00c9 o que afirma o Decreto da Penitenciaria Apost\u00f3lica sobre as Indulg\u00eancias Plen\u00e1rias publicado, nesta sexta-feira (23\/10), assinado pelo penitencieiro-mor, cardeal Mauro Piacenza, e pelo regente do dicast\u00e9rio, mons. Krzysztof Nykiel, v\u00e1lido para todo o m\u00eas de novembro, dedicado aos defuntos. O documento responde \u00e0s s\u00faplicas dos bispos que, por causa do coronav\u00edrus, pediram para \u201ccomutar as obras piedosas a fim de alcan\u00e7ar as Indulg\u00eancias Plen\u00e1rias aplicadas \u00e0s almas do Purgat\u00f3rio, de acordo com o Manual de Indulg\u00eancias\u201d.<\/p>\n<p><strong>Rezar pelos falecidos<\/strong><br \/>\nO organismo vaticano, por mandato especial do Papa Francisco, estabeleceu e decidiu que, este ano, para evitar aglomera\u00e7\u00f5es onde forem proibidas, a Indulg\u00eancia Plen\u00e1ria para aqueles que visitam um cemit\u00e9rio e rezam pelos defuntos, ainda que apenas mentalmente, de norma estabelecida apenas de 1\u00b0 a 8 de novembro, pode ser transferida para outros dias do mesmo m\u00eas at\u00e9 seu t\u00e9rmino. Tais dias, escolhidos livremente pelo fiel, tamb\u00e9m podem ser separados uns dos outros.<\/p>\n<p>A Penitenciaria Apost\u00f3lica decretou que a Indulg\u00eancia Plen\u00e1ria de 2 de novembro, estabelecida por ocasi\u00e3o da Comemora\u00e7\u00e3o de Todos os Fi\u00e9is Defuntos para aqueles que visitam piedosamente uma igreja ou um orat\u00f3rio e ali rezam o \u201cPai-Nosso\u201d e o \u201cCredo\u201d, pode ser transferida n\u00e3o apenas para o domingo precedente ou seguinte ou para o dia da Solenidade de Todos os Santos, mas tamb\u00e9m para outro dia do m\u00eas de novembro, \u00e0 livre escolha de cada fiel.<\/p>\n<p>Os idosos, os doentes e todos aqueles que por motivos graves n\u00e3o podem sair de casa, por exemplo, por causa das restri\u00e7\u00f5es impostas pela autoridade competente para o tempo de pandemia, a fim de evitar que um grande n\u00famero de fi\u00e9is se aglomere nos lugares sagrados, poder\u00e3o obter a Indulg\u00eancia Plen\u00e1ria desde que, unindo-se espiritualmente a todos os outros fi\u00e9is, completamente distantes do pecado e com a inten\u00e7\u00e3o de cumprir o mais r\u00e1pido poss\u00edvel as tr\u00eas condi\u00e7\u00f5es habituais (confiss\u00e3o sacramental, Comunh\u00e3o eucar\u00edstica e ora\u00e7\u00e3o segundo as inten\u00e7\u00f5es do Santo Padre), rezem ora\u00e7\u00f5es piedosas pelos falecidos diante de uma imagem de Jesus ou da Bem-aventurada Virgem Maria, como por exemplo, <em>Laudes<\/em> e V\u00e9speras do Of\u00edcio dos Defuntos, o Ros\u00e1rio Mariano, o Ter\u00e7o da Divina Miseric\u00f3rdia, outras ora\u00e7\u00f5es pelos mortos queridos dos fi\u00e9is, fa\u00e7am a leitura meditada de uma das passagens evang\u00e9licas propostas pela liturgia dos defuntos ou uma obra de miseric\u00f3rdia oferecendo a Deus as dores e dificuldades da pr\u00f3pria vida.<\/p>\n<p><strong>Celebrar a missa tr\u00eas vezes no Dia de Finados<\/strong><br \/>\nSegundo o Decreto, para obter mais facilmente a gra\u00e7a divina atrav\u00e9s da caridade pastoral, a Penitenciaria pede fervorosamente a todos os sacerdotes, dotados das faculdades oportunas, para se oferecerem generosamente para a celebra\u00e7\u00e3o do Sacramento da Penit\u00eancia e administrarem a Sagrada Comunh\u00e3o aos enfermos.<\/p>\n<p>Com rela\u00e7\u00e3o \u00e0s condi\u00e7\u00f5es espirituais para obter plenamente a Indulg\u00eancia, o organismo vaticano lembra que \u00e9 preciso recorrer \u00e0s indica\u00e7\u00f5es j\u00e1 emitidas na nota \u201cSobre o Sacramento da Penit\u00eancia na atual situa\u00e7\u00e3o de pandemia\u201d, emitida pela Penitenciaria Apost\u00f3lica em 19 de mar\u00e7o de 2020.<\/p>\n<p>Como as almas do Purgat\u00f3rio s\u00e3o ajudadas pelos sufr\u00e1gios dos fi\u00e9is e especialmente pelo sacrif\u00edcio do Altar agrad\u00e1vel a Deus, todos os sacerdotes s\u00e3o fortemente convidados a celebrar a missa tr\u00eas vezes no dia da Comemora\u00e7\u00e3o de Todos os Fi\u00e9is Defuntos, de acordo com a Constitui\u00e7\u00e3o Apost\u00f3lica \u201cIncruentum Altaris\u201d, emitida pelo Papa Bento XV, em 10 de agosto de 1915.<\/p>\n<hr \/>\n<p><em>Fonte: Vatican News (texto e foto)<\/em><\/p>\n","protected":false},"excerpt":{"rendered":"<p>Comemora\u00e7\u00e3o de Todos os Fi\u00e9is Defuntos<\/p>\n","protected":false},"author":3,"featured_media":228893,"comment_status":"open","ping_status":"open","sticky":false,"template":"","format":"standard","meta":[],"categories":[1428],"tags":[265],"acf":[],"yoast_head":"<!-- This site is optimized with the Yoast SEO plugin v19.2 - https:\/\/yoast.com\/wordpress\/plugins\/seo\/ -->\n<title>Indulg\u00eancias Plen\u00e1rias para fi\u00e9is defuntos prorrogadas para todo o m\u00eas de novembro - Not\u00edcias - Franciscanos<\/title>\n<meta name=\"robots\" content=\"index, follow, max-snippet:-1, max-image-preview:large, max-video-preview:-1\" \/>\n<link rel=\"canonical\" href=\"https:\/\/franciscanos.org.br\/noticias\/indulgencias-plenarias-para-fieis-defuntos-prorrogadas-para-todo-o-mes-de-novembro.html\" \/>\n<meta property=\"og:locale\" content=\"pt_BR\" \/>\n<meta property=\"og:type\" content=\"article\" \/>\n<meta property=\"og:title\" content=\"Indulg\u00eancias Plen\u00e1rias para fi\u00e9is defuntos prorrogadas para todo o m\u00eas de novembro - Not\u00edcias - Franciscanos\" \/>\n<meta property=\"og:description\" content=\"Comemora\u00e7\u00e3o de Todos os Fi\u00e9is Defuntos\" \/>\n<meta property=\"og:url\" content=\"https:\/\/franciscanos.org.br\/noticias\/indulgencias-plenarias-para-fieis-defuntos-prorrogadas-para-todo-o-mes-de-novembro.html\" \/>\n<meta property=\"og:site_name\" content=\"Not\u00edcias - Franciscanos\" \/>\n<meta property=\"article:published_time\" content=\"2020-10-23T11:51:44+00:00\" \/>\n<meta property=\"og:image\" content=\"https:\/\/franciscanos.org.br\/noticias\/wp-content\/uploads\/2020\/10\/indulgencia_g.jpg\" \/>\n\t<meta property=\"og:image:width\" content=\"800\" \/>\n\t<meta property=\"og:image:height\" content=\"600\" \/>\n\t<meta property=\"og:image:type\" content=\"image\/jpeg\" \/>\n<meta name=\"author\" content=\"moacir\" \/>\n<meta name=\"twitter:card\" content=\"summary_large_image\" \/>\n<meta name=\"twitter:label1\" content=\"Escrito por\" \/>\n\t<meta name=\"twitter:data1\" content=\"moacir\" \/>\n\t<meta name=\"twitter:label2\" content=\"Est. tempo de leitura\" \/>\n\t<meta name=\"twitter:data2\" content=\"3 minutos\" \/>\n<script type=\"application\/ld+json\" class=\"yoast-schema-graph\">{\"@context\":\"https:\/\/schema.org\",\"@graph\":[{\"@type\":\"WebSite\",\"@id\":\"https:\/\/franciscanos.org.br\/noticias\/#website\",\"url\":\"https:\/\/franciscanos.org.br\/noticias\/\",\"name\":\"Not\u00edcias - Franciscanos\",\"description\":\"Prov\u00edncia Franciscana da Imaculada Concei\u00e7\u00e3o do Brasil - Ordem dos Frades Menores - OFM\",\"potentialAction\":[{\"@type\":\"SearchAction\",\"target\":{\"@type\":\"EntryPoint\",\"urlTemplate\":\"https:\/\/franciscanos.org.br\/noticias\/?s={search_term_string}\"},\"query-input\":\"required name=search_term_string\"}],\"inLanguage\":\"pt-BR\"},{\"@type\":\"ImageObject\",\"inLanguage\":\"pt-BR\",\"@id\":\"https:\/\/franciscanos.org.br\/noticias\/indulgencias-plenarias-para-fieis-defuntos-prorrogadas-para-todo-o-mes-de-novembro.html#primaryimage\",\"url\":\"https:\/\/franciscanos.org.br\/noticias\/wp-content\/uploads\/2020\/10\/indulgencia_g.jpg\",\"contentUrl\":\"https:\/\/franciscanos.org.br\/noticias\/wp-content\/uploads\/2020\/10\/indulgencia_g.jpg\",\"width\":800,\"height\":600},{\"@type\":\"WebPage\",\"@id\":\"https:\/\/franciscanos.org.br\/noticias\/indulgencias-plenarias-para-fieis-defuntos-prorrogadas-para-todo-o-mes-de-novembro.html#webpage\",\"url\":\"https:\/\/franciscanos.org.br\/noticias\/indulgencias-plenarias-para-fieis-defuntos-prorrogadas-para-todo-o-mes-de-novembro.html\",\"name\":\"Indulg\u00eancias Plen\u00e1rias para fi\u00e9is defuntos prorrogadas para todo o m\u00eas de novembro - Not\u00edcias - Franciscanos\",\"isPartOf\":{\"@id\":\"https:\/\/franciscanos.org.br\/noticias\/#website\"},\"primaryImageOfPage\":{\"@id\":\"https:\/\/franciscanos.org.br\/noticias\/indulgencias-plenarias-para-fieis-defuntos-prorrogadas-para-todo-o-mes-de-novembro.html#primaryimage\"},\"datePublished\":\"2020-10-23T11:51:44+00:00\",\"dateModified\":\"2020-10-23T11:51:44+00:00\",\"author\":{\"@id\":\"https:\/\/franciscanos.org.br\/noticias\/#\/schema\/person\/b5c8cba458c330ccff548b056e95a5d4\"},\"breadcrumb\":{\"@id\":\"https:\/\/franciscanos.org.br\/noticias\/indulgencias-plenarias-para-fieis-defuntos-prorrogadas-para-todo-o-mes-de-novembro.html#breadcrumb\"},\"inLanguage\":\"pt-BR\",\"potentialAction\":[{\"@type\":\"ReadAction\",\"target\":[\"https:\/\/franciscanos.org.br\/noticias\/indulgencias-plenarias-para-fieis-defuntos-prorrogadas-para-todo-o-mes-de-novembro.html\"]}]},{\"@type\":\"BreadcrumbList\",\"@id\":\"https:\/\/franciscanos.org.br\/noticias\/indulgencias-plenarias-para-fieis-defuntos-prorrogadas-para-todo-o-mes-de-novembro.html#breadcrumb\",\"itemListElement\":[{\"@type\":\"ListItem\",\"position\":1,\"name\":\"Home\",\"item\":\"https:\/\/franciscanos.org.br\/noticias\"},{\"@type\":\"ListItem\",\"position\":2,\"name\":\"Indulg\u00eancias Plen\u00e1rias para fi\u00e9is defuntos prorrogadas para todo o m\u00eas de novembro\"}]},{\"@type\":\"Person\",\"@id\":\"https:\/\/franciscanos.org.br\/noticias\/#\/schema\/person\/b5c8cba458c330ccff548b056e95a5d4\",\"name\":\"moacir\",\"image\":{\"@type\":\"ImageObject\",\"inLanguage\":\"pt-BR\",\"@id\":\"https:\/\/franciscanos.org.br\/noticias\/#\/schema\/person\/image\/\",\"url\":\"https:\/\/secure.gravatar.com\/avatar\/d08aa2ce4c8dd416d4479aa8536fcf64?s=96&d=mm&r=g\",\"contentUrl\":\"https:\/\/secure.gravatar.com\/avatar\/d08aa2ce4c8dd416d4479aa8536fcf64?s=96&d=mm&r=g\",\"caption\":\"moacir\"},\"url\":\"https:\/\/franciscanos.org.br\/noticias\/author\/moacir\"}]}<\/script>\n<!-- \/ Yoast SEO plugin. -->","yoast_head_json":{"title":"Indulg\u00eancias Plen\u00e1rias para fi\u00e9is defuntos prorrogadas para todo o m\u00eas de novembro - Not\u00edcias - Franciscanos","robots":{"index":"index","follow":"follow","max-snippet":"max-snippet:-1","max-image-preview":"max-image-preview:large","max-video-preview":"max-video-preview:-1"},"canonical":"https:\/\/franciscanos.org.br\/noticias\/indulgencias-plenarias-para-fieis-defuntos-prorrogadas-para-todo-o-mes-de-novembro.html","og_locale":"pt_BR","og_type":"article","og_title":"Indulg\u00eancias Plen\u00e1rias para fi\u00e9is defuntos prorrogadas para todo o m\u00eas de novembro - Not\u00edcias - Franciscanos","og_description":"Comemora\u00e7\u00e3o de Todos os Fi\u00e9is Defuntos","og_url":"https:\/\/franciscanos.org.br\/noticias\/indulgencias-plenarias-para-fieis-defuntos-prorrogadas-para-todo-o-mes-de-novembro.html","og_site_name":"Not\u00edcias - Franciscanos","article_published_time":"2020-10-23T11:51:44+00:00","og_image":[{"width":800,"height":600,"url":"https:\/\/franciscanos.org.br\/noticias\/wp-content\/uploads\/2020\/10\/indulgencia_g.jpg","type":"image\/jpeg"}],"author":"moacir","twitter_card":"summary_large_image","twitter_misc":{"Escrito por":"moacir","Est. tempo de leitura":"3 minutos"},"schema":{"@context":"https:\/\/schema.org","@graph":[{"@type":"WebSite","@id":"https:\/\/franciscanos.org.br\/noticias\/#website","url":"https:\/\/franciscanos.org.br\/noticias\/","name":"Not\u00edcias - Franciscanos","description":"Prov\u00edncia Franciscana da Imaculada Concei\u00e7\u00e3o do Brasil - Ordem dos Frades Menores - OFM","potentialAction":[{"@type":"SearchAction","target":{"@type":"EntryPoint","urlTemplate":"https:\/\/franciscanos.org.br\/noticias\/?s={search_term_string}"},"query-input":"required name=search_term_string"}],"inLanguage":"pt-BR"},{"@type":"ImageObject","inLanguage":"pt-BR","@id":"https:\/\/franciscanos.org.br\/noticias\/indulgencias-plenarias-para-fieis-defuntos-prorrogadas-para-todo-o-mes-de-novembro.html#primaryimage","url":"https:\/\/franciscanos.org.br\/noticias\/wp-content\/uploads\/2020\/10\/indulgencia_g.jpg","contentUrl":"https:\/\/franciscanos.org.br\/noticias\/wp-content\/uploads\/2020\/10\/indulgencia_g.jpg","width":800,"height":600},{"@type":"WebPage","@id":"https:\/\/franciscanos.org.br\/noticias\/indulgencias-plenarias-para-fieis-defuntos-prorrogadas-para-todo-o-mes-de-novembro.html#webpage","url":"https:\/\/franciscanos.org.br\/noticias\/indulgencias-plenarias-para-fieis-defuntos-prorrogadas-para-todo-o-mes-de-novembro.html","name":"Indulg\u00eancias Plen\u00e1rias para fi\u00e9is defuntos prorrogadas para todo o m\u00eas de novembro - Not\u00edcias - Franciscanos","isPartOf":{"@id":"https:\/\/franciscanos.org.br\/noticias\/#website"},"primaryImageOfPage":{"@id":"https:\/\/franciscanos.org.br\/noticias\/indulgencias-plenarias-para-fieis-defuntos-prorrogadas-para-todo-o-mes-de-novembro.html#primaryimage"},"datePublished":"2020-10-23T11:51:44+00:00","dateModified":"2020-10-23T11:51:44+00:00","author":{"@id":"https:\/\/franciscanos.org.br\/noticias\/#\/schema\/person\/b5c8cba458c330ccff548b056e95a5d4"},"breadcrumb":{"@id":"https:\/\/franciscanos.org.br\/noticias\/indulgencias-plenarias-para-fieis-defuntos-prorrogadas-para-todo-o-mes-de-novembro.html#breadcrumb"},"inLanguage":"pt-BR","potentialAction":[{"@type":"ReadAction","target":["https:\/\/franciscanos.org.br\/noticias\/indulgencias-plenarias-para-fieis-defuntos-prorrogadas-para-todo-o-mes-de-novembro.html"]}]},{"@type":"BreadcrumbList","@id":"https:\/\/franciscanos.org.br\/noticias\/indulgencias-plenarias-para-fieis-defuntos-prorrogadas-para-todo-o-mes-de-novembro.html#breadcrumb","itemListElement":[{"@type":"ListItem","position":1,"name":"Home","item":"https:\/\/franciscanos.org.br\/noticias"},{"@type":"ListItem","position":2,"name":"Indulg\u00eancias Plen\u00e1rias para fi\u00e9is defuntos prorrogadas para todo o m\u00eas de novembro"}]},{"@type":"Person","@id":"https:\/\/franciscanos.org.br\/noticias\/#\/schema\/person\/b5c8cba458c330ccff548b056e95a5d4","name":"moacir","image":{"@type":"ImageObject","inLanguage":"pt-BR","@id":"https:\/\/franciscanos.org.br\/noticias\/#\/schema\/person\/image\/","url":"https:\/\/secure.gravatar.com\/avatar\/d08aa2ce4c8dd416d4479aa8536fcf64?s=96&d=mm&r=g","contentUrl":"https:\/\/secure.gravatar.com\/avatar\/d08aa2ce4c8dd416d4479aa8536fcf64?s=96&d=mm&r=g","caption":"moacir"},"url":"https:\/\/franciscanos.org.br\/noticias\/author\/moacir"}]}},"_links":{"self":[{"href":"https:\/\/franciscanos.org.br\/noticias\/wp-json\/wp\/v2\/posts\/228890"}],"collection":[{"href":"https:\/\/franciscanos.org.br\/noticias\/wp-json\/wp\/v2\/posts"}],"about":[{"href":"https:\/\/franciscanos.org.br\/noticias\/wp-json\/wp\/v2\/types\/post"}],"author":[{"embeddable":true,"href":"https:\/\/franciscanos.org.br\/noticias\/wp-json\/wp\/v2\/users\/3"}],"replies":[{"embeddable":true,"href":"https:\/\/franciscanos.org.br\/noticias\/wp-json\/wp\/v2\/comments?post=228890"}],"version-history":[{"count":1,"href":"https:\/\/franciscanos.org.br\/noticias\/wp-json\/wp\/v2\/posts\/228890\/revisions"}],"predecessor-version":[{"id":228894,"href":"https:\/\/franciscanos.org.br\/noticias\/wp-json\/wp\/v2\/posts\/228890\/revisions\/228894"}],"wp:featuredmedia":[{"embeddable":true,"href":"https:\/\/franciscanos.org.br\/noticias\/wp-json\/wp\/v2\/media\/228893"}],"wp:attachment":[{"href":"https:\/\/franciscanos.org.br\/noticias\/wp-json\/wp\/v2\/media?parent=228890"}],"wp:term":[{"taxonomy":"category","embeddable":true,"href":"https:\/\/franciscanos.org.br\/noticias\/wp-json\/wp\/v2\/categories?post=228890"},{"taxonomy":"post_tag","embeddable":true,"href":"https:\/\/franciscanos.org.br\/noticias\/wp-json\/wp\/v2\/tags?post=228890"}],"curies":[{"name":"wp","href":"https:\/\/api.w.org\/{rel}","templated":true}]}}