{"id":228861,"date":"2020-10-18T07:54:21","date_gmt":"2020-10-18T10:54:21","guid":{"rendered":"https:\/\/franciscanos.org.br\/noticias\/?p=228861"},"modified":"2020-10-18T07:55:46","modified_gmt":"2020-10-18T10:55:46","slug":"francisco-cristaos-chamados-a-ser-presenca-viva-na-sociedade","status":"publish","type":"post","link":"https:\/\/franciscanos.org.br\/noticias\/francisco-cristaos-chamados-a-ser-presenca-viva-na-sociedade.html","title":{"rendered":"Francisco: &#8220;Crist\u00e3os chamados a ser presen\u00e7a viva na sociedade&#8221;"},"content":{"rendered":"<div id=\"attachment_228862\" style=\"width: 1290px\" class=\"wp-caption alignnone\"><img aria-describedby=\"caption-attachment-228862\" loading=\"lazy\" class=\"wp-image-228862 size-full\" src=\"https:\/\/franciscanos.org.br\/noticias\/wp-content\/uploads\/2020\/10\/Angelus_1810.jpg\" alt=\"\" width=\"1280\" height=\"720\" srcset=\"https:\/\/franciscanos.org.br\/noticias\/wp-content\/uploads\/2020\/10\/Angelus_1810.jpg 1280w, https:\/\/franciscanos.org.br\/noticias\/wp-content\/uploads\/2020\/10\/Angelus_1810-450x253.jpg 450w, https:\/\/franciscanos.org.br\/noticias\/wp-content\/uploads\/2020\/10\/Angelus_1810-1024x576.jpg 1024w, https:\/\/franciscanos.org.br\/noticias\/wp-content\/uploads\/2020\/10\/Angelus_1810-768x432.jpg 768w, https:\/\/franciscanos.org.br\/noticias\/wp-content\/uploads\/2020\/10\/Angelus_1810-150x84.jpg 150w\" sizes=\"(max-width: 1280px) 100vw, 1280px\" \/><p id=\"caption-attachment-228862\" class=\"wp-caption-text\"><em> \u00a0 \u00a0 \u00a0 \u00a0 \u00a0 \u00a0 \u00a0 Imagem: Vatican Media<\/em><\/p><\/div>\n<p><strong>Cidade do Vaticano &#8211;<\/strong> A passagem do Evangelho de S\u00e3o Mateus, na qual Jesus luta contra a hipocrisia de seus advers\u00e1rios que o elogiam, inspirou a reflex\u00e3o do Papa no Angelus deste XXIX Domingo do Tempo Comum, quando recordou que Jesus sabia que queriam \u201ccoloc\u00e1-lo em apuros ao fazer-lhe a pergunta insidiosa: \u2018\u00c9 l\u00edcito, ou n\u00e3o, pagar imposto a C\u00e9sar?\u2019\u201d. \u201cPor\u00e9m Jesus, conhece a mal\u00edcia e sai da armadilha. Pede a eles que lhe mostrem a moeda do imposto, ele a toma em suas m\u00e3os e pergunta: de quem \u00e9 esta imagem impressa. Eles respondem que \u00e9 de C\u00e9sar, ou seja, do Imperador. Ent\u00e3o Jesus responde: &#8220;Devolvei o que \u00e9 de C\u00e9sar a C\u00e9sar e a Deus o que \u00e9 de Deus&#8221;.<\/p>\n<p>Ent\u00e3o o Papa explica: \u201cCom esta resposta, Jesus coloca-se acima da pol\u00eamica. Por um lado, ele reconhece que o imposto a C\u00e9sar deve ser pago, porque a imagem na moeda \u00e9 sua; mas, acima de tudo, ele lembra que cada pessoa traz dentro de si uma outra imagem, a de Deus, e por isso \u00e9 a Ele, e somente a Ele, que todos est\u00e3o endividados com sua pr\u00f3pria exist\u00eancia\u201d<\/p>\n<p>Francisco pondera que nesta senten\u00e7a \u201cencontramos n\u00e3o apenas o crit\u00e9rio da distin\u00e7\u00e3o entre as esferas pol\u00edtica e religiosa, mas tamb\u00e9m diretrizes claras para a miss\u00e3o dos crentes de todos os tempos, at\u00e9 mesmo para n\u00f3s hoje&#8221;. Assim como o pagamento de impostos \u00e9 um dever do cidad\u00e3o, continua o Pont\u00edfice, o mesmo acontece com a afirma\u00e7\u00e3o da \u201cprimazia de Deus na vida e na hist\u00f3ria humana, respeitando o direito de Deus ao que lhe pertence\u201d.<\/p>\n<p><strong>Presen\u00e7a viva na sociedade<\/strong><br \/>\nFrancisco pondera: \u201cDisso deriva a miss\u00e3o da Igreja e dos crist\u00e3os: falar de Deus e dar testemunho dele aos homens e mulheres de seu tempo\u201d.<\/p>\n<p>Afirmando em seguida: \u201cCada um, em virtude do Batismo, \u00e9 chamado a ser uma presen\u00e7a viva na sociedade, animando-a com o Evangelho e com a for\u00e7a vital do Esp\u00edrito Santo\u201d<\/p>\n<p>Fazendo um caloroso apelo aos crist\u00e3os: \u201cTrata-se de comprometer-se com humildade e, ao mesmo tempo, com coragem, dar sua pr\u00f3pria contribui\u00e7\u00e3o para a constru\u00e7\u00e3o da civiliza\u00e7\u00e3o do amor, onde reina a justi\u00e7a e a fraternidade\u201d.<\/p>\n<p>Que Maria Sant\u00edssima ajude a todos a fugir de toda hipocrisia e a serem cidad\u00e3os honestos e construtivos. E sustente a n\u00f3s, disc\u00edpulos de Cristo na miss\u00e3o de testemunhar que Deus \u00e9 o centro e o sentido da vida\u201d.<\/p>\n<hr \/>\n<p><em>Fonte: Vatican News (texto Jane Nogara)<\/em><\/p>\n<hr \/>\n<h1 class=\"article__title\">Francisco participa de encontro inter-religioso de Ora\u00e7\u00e3o pela Paz<\/h1>\n<div class=\"article__subTitle\"><em>A Comunidade de Santo Eg\u00eddio desde o encontro de Assis em 1986 realiza este encontro inter-religioso anual, neste ano na sua 34\u00aa edi\u00e7\u00e3o. Neste ano o tema ser\u00e1: &#8220;Ningu\u00e9m se salva sozinho &#8211; paz e fraternidade&#8221;. Estar\u00e3o presentes os l\u00edderes de v\u00e1rias religi\u00f5es que rezar\u00e3o pelas v\u00edtimas da guerra e da pandemia.<\/em><\/div>\n<div class=\"title__separator\"><\/div>\n<div class=\"article__text \">\n<p>\u00a0Na pr\u00f3xima ter\u00e7a-feira, 20 de outubro, o Papa Francisco participar\u00e1 do encontro de Ora\u00e7\u00e3o pela Paz no Esp\u00edrito de Assis, intitulado &#8220;Ningu\u00e9m se salva sozinho &#8211; Paz e Fraternidade&#8221;, promovido pela Comunidade de Santo Eg\u00eddio. Em comunicado, o diretor da Sala de Imprensa do Vaticano, Matteo Bruni, informa que Francisco, conforme anunciado pela Prefeitura da Casa Pontif\u00edcia, participar\u00e1 de um momento de ora\u00e7\u00e3o ecum\u00eanica com outras denomina\u00e7\u00f5es crist\u00e3s na Bas\u00edlica de Santa Maria em Aracoeli, Roma, e da cerim\u00f4nia subsequente com representantes das grandes religi\u00f5es do mundo na Pra\u00e7a da Prefeitura de Roma, Campidoglio.<\/p>\n<h2><b>Um minuto de sil\u00eancio para as v\u00edtimas da guerra e da pandemia<\/b><\/h2>\n<p>Os l\u00edderes religiosos far\u00e3o suas ora\u00e7\u00f5es em lugares separados pouco depois das 16 horas (hor\u00e1rio europeu). Na Bas\u00edlica de Aracoeli o Papa Francisco e outros crist\u00e3os rezar\u00e3o com o Patriarca de Constantinopla Bartolomeu I e representantes das v\u00e1rias igrejas ortodoxas e protestantes; os judeus far\u00e3o suas ora\u00e7\u00f5es na Sinagoga, mu\u00e7ulmanos nos Museus Capitolinos, assim como budistas e representantes das religi\u00f5es orientais. Depois de cerca uma hora todos se encontrar\u00e3o na Pra\u00e7a da Prefeitura, Campidoglio, com a presen\u00e7a do Presidente da Rep\u00fablica Italiana Sergio Mattarella para o in\u00edcio da cerim\u00f4nia e de v\u00e1rios discursos. No final, da cerim\u00f4nia ser\u00e1 realizado um minuto de sil\u00eancio em mem\u00f3ria das v\u00edtimas da pandemia e de todas as guerras e, por fim, juntos, os l\u00edderes religiosos acender\u00e3o o candelabro da paz.<\/p>\n<\/div>\n","protected":false},"excerpt":{"rendered":"<p>Angelus<\/p>\n","protected":false},"author":3,"featured_media":228863,"comment_status":"open","ping_status":"open","sticky":false,"template":"","format":"standard","meta":[],"categories":[1428],"tags":[403],"acf":[],"yoast_head":"<!-- This site is optimized with the Yoast SEO plugin v19.2 - https:\/\/yoast.com\/wordpress\/plugins\/seo\/ -->\n<title>Francisco: &quot;Crist\u00e3os chamados a ser presen\u00e7a viva na sociedade&quot; - Not\u00edcias - Franciscanos<\/title>\n<meta name=\"robots\" content=\"index, follow, max-snippet:-1, max-image-preview:large, max-video-preview:-1\" \/>\n<link rel=\"canonical\" href=\"https:\/\/franciscanos.org.br\/noticias\/francisco-cristaos-chamados-a-ser-presenca-viva-na-sociedade.html\" \/>\n<meta property=\"og:locale\" content=\"pt_BR\" \/>\n<meta property=\"og:type\" content=\"article\" \/>\n<meta property=\"og:title\" content=\"Francisco: &quot;Crist\u00e3os chamados a ser presen\u00e7a viva na sociedade&quot; - Not\u00edcias - Franciscanos\" \/>\n<meta property=\"og:description\" content=\"Angelus\" \/>\n<meta property=\"og:url\" content=\"https:\/\/franciscanos.org.br\/noticias\/francisco-cristaos-chamados-a-ser-presenca-viva-na-sociedade.html\" \/>\n<meta property=\"og:site_name\" content=\"Not\u00edcias - Franciscanos\" \/>\n<meta property=\"article:published_time\" content=\"2020-10-18T10:54:21+00:00\" \/>\n<meta property=\"article:modified_time\" content=\"2020-10-18T10:55:46+00:00\" \/>\n<meta property=\"og:image\" content=\"https:\/\/franciscanos.org.br\/noticias\/wp-content\/uploads\/2020\/10\/Angelus_1810d.jpg\" \/>\n\t<meta property=\"og:image:width\" content=\"800\" \/>\n\t<meta property=\"og:image:height\" content=\"600\" \/>\n\t<meta property=\"og:image:type\" content=\"image\/jpeg\" \/>\n<meta name=\"author\" content=\"moacir\" \/>\n<meta name=\"twitter:card\" content=\"summary_large_image\" \/>\n<meta name=\"twitter:label1\" content=\"Escrito por\" \/>\n\t<meta name=\"twitter:data1\" content=\"moacir\" \/>\n\t<meta name=\"twitter:label2\" content=\"Est. tempo de leitura\" \/>\n\t<meta name=\"twitter:data2\" content=\"4 minutos\" \/>\n<script type=\"application\/ld+json\" class=\"yoast-schema-graph\">{\"@context\":\"https:\/\/schema.org\",\"@graph\":[{\"@type\":\"WebSite\",\"@id\":\"https:\/\/franciscanos.org.br\/noticias\/#website\",\"url\":\"https:\/\/franciscanos.org.br\/noticias\/\",\"name\":\"Not\u00edcias - Franciscanos\",\"description\":\"Prov\u00edncia Franciscana da Imaculada Concei\u00e7\u00e3o do Brasil - Ordem dos Frades Menores - OFM\",\"potentialAction\":[{\"@type\":\"SearchAction\",\"target\":{\"@type\":\"EntryPoint\",\"urlTemplate\":\"https:\/\/franciscanos.org.br\/noticias\/?s={search_term_string}\"},\"query-input\":\"required name=search_term_string\"}],\"inLanguage\":\"pt-BR\"},{\"@type\":\"ImageObject\",\"inLanguage\":\"pt-BR\",\"@id\":\"https:\/\/franciscanos.org.br\/noticias\/francisco-cristaos-chamados-a-ser-presenca-viva-na-sociedade.html#primaryimage\",\"url\":\"https:\/\/franciscanos.org.br\/noticias\/wp-content\/uploads\/2020\/10\/Angelus_1810d.jpg\",\"contentUrl\":\"https:\/\/franciscanos.org.br\/noticias\/wp-content\/uploads\/2020\/10\/Angelus_1810d.jpg\",\"width\":800,\"height\":600},{\"@type\":\"WebPage\",\"@id\":\"https:\/\/franciscanos.org.br\/noticias\/francisco-cristaos-chamados-a-ser-presenca-viva-na-sociedade.html#webpage\",\"url\":\"https:\/\/franciscanos.org.br\/noticias\/francisco-cristaos-chamados-a-ser-presenca-viva-na-sociedade.html\",\"name\":\"Francisco: \\\"Crist\u00e3os chamados a ser presen\u00e7a viva na sociedade\\\" - Not\u00edcias - Franciscanos\",\"isPartOf\":{\"@id\":\"https:\/\/franciscanos.org.br\/noticias\/#website\"},\"primaryImageOfPage\":{\"@id\":\"https:\/\/franciscanos.org.br\/noticias\/francisco-cristaos-chamados-a-ser-presenca-viva-na-sociedade.html#primaryimage\"},\"datePublished\":\"2020-10-18T10:54:21+00:00\",\"dateModified\":\"2020-10-18T10:55:46+00:00\",\"author\":{\"@id\":\"https:\/\/franciscanos.org.br\/noticias\/#\/schema\/person\/b5c8cba458c330ccff548b056e95a5d4\"},\"breadcrumb\":{\"@id\":\"https:\/\/franciscanos.org.br\/noticias\/francisco-cristaos-chamados-a-ser-presenca-viva-na-sociedade.html#breadcrumb\"},\"inLanguage\":\"pt-BR\",\"potentialAction\":[{\"@type\":\"ReadAction\",\"target\":[\"https:\/\/franciscanos.org.br\/noticias\/francisco-cristaos-chamados-a-ser-presenca-viva-na-sociedade.html\"]}]},{\"@type\":\"BreadcrumbList\",\"@id\":\"https:\/\/franciscanos.org.br\/noticias\/francisco-cristaos-chamados-a-ser-presenca-viva-na-sociedade.html#breadcrumb\",\"itemListElement\":[{\"@type\":\"ListItem\",\"position\":1,\"name\":\"Home\",\"item\":\"https:\/\/franciscanos.org.br\/noticias\"},{\"@type\":\"ListItem\",\"position\":2,\"name\":\"Francisco: &#8220;Crist\u00e3os chamados a ser presen\u00e7a viva na sociedade&#8221;\"}]},{\"@type\":\"Person\",\"@id\":\"https:\/\/franciscanos.org.br\/noticias\/#\/schema\/person\/b5c8cba458c330ccff548b056e95a5d4\",\"name\":\"moacir\",\"image\":{\"@type\":\"ImageObject\",\"inLanguage\":\"pt-BR\",\"@id\":\"https:\/\/franciscanos.org.br\/noticias\/#\/schema\/person\/image\/\",\"url\":\"https:\/\/secure.gravatar.com\/avatar\/d08aa2ce4c8dd416d4479aa8536fcf64?s=96&d=mm&r=g\",\"contentUrl\":\"https:\/\/secure.gravatar.com\/avatar\/d08aa2ce4c8dd416d4479aa8536fcf64?s=96&d=mm&r=g\",\"caption\":\"moacir\"},\"url\":\"https:\/\/franciscanos.org.br\/noticias\/author\/moacir\"}]}<\/script>\n<!-- \/ Yoast SEO plugin. -->","yoast_head_json":{"title":"Francisco: \"Crist\u00e3os chamados a ser presen\u00e7a viva na sociedade\" - Not\u00edcias - Franciscanos","robots":{"index":"index","follow":"follow","max-snippet":"max-snippet:-1","max-image-preview":"max-image-preview:large","max-video-preview":"max-video-preview:-1"},"canonical":"https:\/\/franciscanos.org.br\/noticias\/francisco-cristaos-chamados-a-ser-presenca-viva-na-sociedade.html","og_locale":"pt_BR","og_type":"article","og_title":"Francisco: \"Crist\u00e3os chamados a ser presen\u00e7a viva na sociedade\" - Not\u00edcias - Franciscanos","og_description":"Angelus","og_url":"https:\/\/franciscanos.org.br\/noticias\/francisco-cristaos-chamados-a-ser-presenca-viva-na-sociedade.html","og_site_name":"Not\u00edcias - Franciscanos","article_published_time":"2020-10-18T10:54:21+00:00","article_modified_time":"2020-10-18T10:55:46+00:00","og_image":[{"width":800,"height":600,"url":"https:\/\/franciscanos.org.br\/noticias\/wp-content\/uploads\/2020\/10\/Angelus_1810d.jpg","type":"image\/jpeg"}],"author":"moacir","twitter_card":"summary_large_image","twitter_misc":{"Escrito por":"moacir","Est. tempo de leitura":"4 minutos"},"schema":{"@context":"https:\/\/schema.org","@graph":[{"@type":"WebSite","@id":"https:\/\/franciscanos.org.br\/noticias\/#website","url":"https:\/\/franciscanos.org.br\/noticias\/","name":"Not\u00edcias - Franciscanos","description":"Prov\u00edncia Franciscana da Imaculada Concei\u00e7\u00e3o do Brasil - Ordem dos Frades Menores - OFM","potentialAction":[{"@type":"SearchAction","target":{"@type":"EntryPoint","urlTemplate":"https:\/\/franciscanos.org.br\/noticias\/?s={search_term_string}"},"query-input":"required name=search_term_string"}],"inLanguage":"pt-BR"},{"@type":"ImageObject","inLanguage":"pt-BR","@id":"https:\/\/franciscanos.org.br\/noticias\/francisco-cristaos-chamados-a-ser-presenca-viva-na-sociedade.html#primaryimage","url":"https:\/\/franciscanos.org.br\/noticias\/wp-content\/uploads\/2020\/10\/Angelus_1810d.jpg","contentUrl":"https:\/\/franciscanos.org.br\/noticias\/wp-content\/uploads\/2020\/10\/Angelus_1810d.jpg","width":800,"height":600},{"@type":"WebPage","@id":"https:\/\/franciscanos.org.br\/noticias\/francisco-cristaos-chamados-a-ser-presenca-viva-na-sociedade.html#webpage","url":"https:\/\/franciscanos.org.br\/noticias\/francisco-cristaos-chamados-a-ser-presenca-viva-na-sociedade.html","name":"Francisco: \"Crist\u00e3os chamados a ser presen\u00e7a viva na sociedade\" - Not\u00edcias - Franciscanos","isPartOf":{"@id":"https:\/\/franciscanos.org.br\/noticias\/#website"},"primaryImageOfPage":{"@id":"https:\/\/franciscanos.org.br\/noticias\/francisco-cristaos-chamados-a-ser-presenca-viva-na-sociedade.html#primaryimage"},"datePublished":"2020-10-18T10:54:21+00:00","dateModified":"2020-10-18T10:55:46+00:00","author":{"@id":"https:\/\/franciscanos.org.br\/noticias\/#\/schema\/person\/b5c8cba458c330ccff548b056e95a5d4"},"breadcrumb":{"@id":"https:\/\/franciscanos.org.br\/noticias\/francisco-cristaos-chamados-a-ser-presenca-viva-na-sociedade.html#breadcrumb"},"inLanguage":"pt-BR","potentialAction":[{"@type":"ReadAction","target":["https:\/\/franciscanos.org.br\/noticias\/francisco-cristaos-chamados-a-ser-presenca-viva-na-sociedade.html"]}]},{"@type":"BreadcrumbList","@id":"https:\/\/franciscanos.org.br\/noticias\/francisco-cristaos-chamados-a-ser-presenca-viva-na-sociedade.html#breadcrumb","itemListElement":[{"@type":"ListItem","position":1,"name":"Home","item":"https:\/\/franciscanos.org.br\/noticias"},{"@type":"ListItem","position":2,"name":"Francisco: &#8220;Crist\u00e3os chamados a ser presen\u00e7a viva na sociedade&#8221;"}]},{"@type":"Person","@id":"https:\/\/franciscanos.org.br\/noticias\/#\/schema\/person\/b5c8cba458c330ccff548b056e95a5d4","name":"moacir","image":{"@type":"ImageObject","inLanguage":"pt-BR","@id":"https:\/\/franciscanos.org.br\/noticias\/#\/schema\/person\/image\/","url":"https:\/\/secure.gravatar.com\/avatar\/d08aa2ce4c8dd416d4479aa8536fcf64?s=96&d=mm&r=g","contentUrl":"https:\/\/secure.gravatar.com\/avatar\/d08aa2ce4c8dd416d4479aa8536fcf64?s=96&d=mm&r=g","caption":"moacir"},"url":"https:\/\/franciscanos.org.br\/noticias\/author\/moacir"}]}},"_links":{"self":[{"href":"https:\/\/franciscanos.org.br\/noticias\/wp-json\/wp\/v2\/posts\/228861"}],"collection":[{"href":"https:\/\/franciscanos.org.br\/noticias\/wp-json\/wp\/v2\/posts"}],"about":[{"href":"https:\/\/franciscanos.org.br\/noticias\/wp-json\/wp\/v2\/types\/post"}],"author":[{"embeddable":true,"href":"https:\/\/franciscanos.org.br\/noticias\/wp-json\/wp\/v2\/users\/3"}],"replies":[{"embeddable":true,"href":"https:\/\/franciscanos.org.br\/noticias\/wp-json\/wp\/v2\/comments?post=228861"}],"version-history":[{"count":3,"href":"https:\/\/franciscanos.org.br\/noticias\/wp-json\/wp\/v2\/posts\/228861\/revisions"}],"predecessor-version":[{"id":228866,"href":"https:\/\/franciscanos.org.br\/noticias\/wp-json\/wp\/v2\/posts\/228861\/revisions\/228866"}],"wp:featuredmedia":[{"embeddable":true,"href":"https:\/\/franciscanos.org.br\/noticias\/wp-json\/wp\/v2\/media\/228863"}],"wp:attachment":[{"href":"https:\/\/franciscanos.org.br\/noticias\/wp-json\/wp\/v2\/media?parent=228861"}],"wp:term":[{"taxonomy":"category","embeddable":true,"href":"https:\/\/franciscanos.org.br\/noticias\/wp-json\/wp\/v2\/categories?post=228861"},{"taxonomy":"post_tag","embeddable":true,"href":"https:\/\/franciscanos.org.br\/noticias\/wp-json\/wp\/v2\/tags?post=228861"}],"curies":[{"name":"wp","href":"https:\/\/api.w.org\/{rel}","templated":true}]}}