{"id":228823,"date":"2020-10-17T11:47:50","date_gmt":"2020-10-17T14:47:50","guid":{"rendered":"https:\/\/franciscanos.org.br\/noticias\/?p=228823"},"modified":"2022-05-19T09:27:53","modified_gmt":"2022-05-19T12:27:53","slug":"frei-medella-lembra-aos-acolitos-o-exemplo-do-bom-samaritano","status":"publish","type":"post","link":"https:\/\/franciscanos.org.br\/noticias\/frei-medella-lembra-aos-acolitos-o-exemplo-do-bom-samaritano.html","title":{"rendered":"Frei Medella lembra aos ac\u00f3litos o exemplo do bom samaritano\u00a0"},"content":{"rendered":"<p>&nbsp;<\/p>\n<p><img loading=\"lazy\" class=\"alignnone wp-image-228839 size-full\" src=\"https:\/\/franciscanos.org.br\/noticias\/wp-content\/uploads\/2020\/10\/acolito_05.jpg\" alt=\"\" width=\"1280\" height=\"720\" srcset=\"https:\/\/franciscanos.org.br\/noticias\/wp-content\/uploads\/2020\/10\/acolito_05.jpg 1280w, https:\/\/franciscanos.org.br\/noticias\/wp-content\/uploads\/2020\/10\/acolito_05-450x253.jpg 450w, https:\/\/franciscanos.org.br\/noticias\/wp-content\/uploads\/2020\/10\/acolito_05-1024x576.jpg 1024w, https:\/\/franciscanos.org.br\/noticias\/wp-content\/uploads\/2020\/10\/acolito_05-768x432.jpg 768w, https:\/\/franciscanos.org.br\/noticias\/wp-content\/uploads\/2020\/10\/acolito_05-150x84.jpg 150w\" sizes=\"(max-width: 1280px) 100vw, 1280px\" \/><\/p>\n<p><b>Frei Augusto Luiz Gabriel<\/b><\/p>\n<p><b>Petr\u00f3polis (RJ) \u2013 <\/b><span style=\"font-weight: 400;\">O Vig\u00e1rio Provincial Frei Gustavo Wayand Medella instituiu ao Minist\u00e9rio do Acolitado dez jovens frades que est\u00e3o no Tempo da Teologia em Petr\u00f3polis (RJ), durante a Celebra\u00e7\u00e3o Eucar\u00edstica deste s\u00e1bado (17\/10), \u00e0s 8 horas, na Igreja do Sagrado Cora\u00e7\u00e3o de Jesus. O p\u00e1roco Frei Jorge Paulo Schiavini e Frei Cl\u00e1udio C\u00e9sar de Siqueira, da Fraternidade S\u00e3o Francisco de Duque de Caxias (RJ), foram concelebrantes. Os familiares, confrades e amigos puderam acompanhar a celebra\u00e7\u00e3o ao vivo pelo <\/span><i><span style=\"font-weight: 400;\">Facebook<\/span><\/i><span style=\"font-weight: 400;\"> da Par\u00f3quia do Sagrado.<\/span><\/p>\n<p><span style=\"font-weight: 400;\">Os jovens Frei Alfredo Epalanga Prego, Frei Canga Manoel Mazoa, Frei Gabriel Dellandrea, Frei Hugo C\u00e2mara dos Santos, Frei Jorge Henrique Lisot Camargo, Frei Marcos Schwengber, Frei M\u00e1rio Sampaio Pelu, Frei Pedro Renato Pereira da Silva, Frei Raoul Ant\u00f4nio Azevedo Bentes e Frei Santana Sebasti\u00e3o Cafunda receberam do Vig\u00e1rio Provincial a aprova\u00e7\u00e3o para este servi\u00e7o. Os minist\u00e9rios institu\u00eddos n\u00e3o ordenados remontam a uma antiga tradi\u00e7\u00e3o da Igreja e s\u00e3o necess\u00e1rios para aqueles que se colocam no processo formativo em vista dos minist\u00e9rios ordenados, ou seja, da ordena\u00e7\u00e3o diaconal e presbiteral.\u00a0<\/span><\/p>\n<p><span style=\"font-weight: 400;\">Ap\u00f3s a proclama\u00e7\u00e3o do Evangelho, o rito de Institui\u00e7\u00e3o do Acolitado teve in\u00edcio com a chamada feita pelo mestre Frei Marcos Ant\u00f4nio de Andrade, que apresentou os frades candidatos a receberem o minist\u00e9rio.<\/span><\/p>\n<p style=\"text-align: center;\"><strong>AC\u00d3LITOS RECEBEM A PATENA<\/strong><\/p>\n\n\t\t<style type=\"text\/css\">\n\t\t\t#gallery-1 {\n\t\t\t\tmargin: auto;\n\t\t\t}\n\t\t\t#gallery-1 .gallery-item {\n\t\t\t\tfloat: left;\n\t\t\t\tmargin-top: 10px;\n\t\t\t\ttext-align: center;\n\t\t\t\twidth: 20%;\n\t\t\t}\n\t\t\t#gallery-1 img {\n\t\t\t\tborder: 2px solid #cfcfcf;\n\t\t\t}\n\t\t\t#gallery-1 .gallery-caption {\n\t\t\t\tmargin-left: 0;\n\t\t\t}\n\t\t\t\/* see gallery_shortcode() in wp-includes\/media.php *\/\n\t\t<\/style>\n\t\t<div id='gallery-1' class='gallery galleryid-228823 gallery-columns-5 gallery-size-thumbnail'><dl class='gallery-item'>\n\t\t\t<dt class='gallery-icon landscape'>\n\t\t\t\t<a href='https:\/\/franciscanos.org.br\/noticias\/wp-content\/uploads\/2020\/10\/acolitos-1.jpg'><img width=\"300\" height=\"300\" src=\"https:\/\/franciscanos.org.br\/noticias\/wp-content\/uploads\/2020\/10\/acolitos-1-300x300.jpg\" class=\"attachment-thumbnail size-thumbnail\" alt=\"\" loading=\"lazy\" aria-describedby=\"gallery-1-228826\" srcset=\"https:\/\/franciscanos.org.br\/noticias\/wp-content\/uploads\/2020\/10\/acolitos-1-300x300.jpg 300w, https:\/\/franciscanos.org.br\/noticias\/wp-content\/uploads\/2020\/10\/acolitos-1-100x100.jpg 100w\" sizes=\"(max-width: 300px) 100vw, 300px\" \/><\/a>\n\t\t\t<\/dt>\n\t\t\t\t<dd class='wp-caption-text gallery-caption' id='gallery-1-228826'>\n\t\t\t\tFrei Alfredo\n\t\t\t\t<\/dd><\/dl><dl class='gallery-item'>\n\t\t\t<dt class='gallery-icon landscape'>\n\t\t\t\t<a href='https:\/\/franciscanos.org.br\/noticias\/wp-content\/uploads\/2020\/10\/acolitos-2.jpg'><img width=\"300\" height=\"300\" src=\"https:\/\/franciscanos.org.br\/noticias\/wp-content\/uploads\/2020\/10\/acolitos-2-300x300.jpg\" class=\"attachment-thumbnail size-thumbnail\" alt=\"\" loading=\"lazy\" aria-describedby=\"gallery-1-228827\" srcset=\"https:\/\/franciscanos.org.br\/noticias\/wp-content\/uploads\/2020\/10\/acolitos-2-300x300.jpg 300w, https:\/\/franciscanos.org.br\/noticias\/wp-content\/uploads\/2020\/10\/acolitos-2-100x100.jpg 100w\" sizes=\"(max-width: 300px) 100vw, 300px\" \/><\/a>\n\t\t\t<\/dt>\n\t\t\t\t<dd class='wp-caption-text gallery-caption' id='gallery-1-228827'>\n\t\t\t\tFrei M\u00e1rio\n\t\t\t\t<\/dd><\/dl><dl class='gallery-item'>\n\t\t\t<dt class='gallery-icon landscape'>\n\t\t\t\t<a href='https:\/\/franciscanos.org.br\/noticias\/wp-content\/uploads\/2020\/10\/acolitos-3.jpg'><img width=\"300\" height=\"300\" src=\"https:\/\/franciscanos.org.br\/noticias\/wp-content\/uploads\/2020\/10\/acolitos-3-300x300.jpg\" class=\"attachment-thumbnail size-thumbnail\" alt=\"\" loading=\"lazy\" aria-describedby=\"gallery-1-228828\" srcset=\"https:\/\/franciscanos.org.br\/noticias\/wp-content\/uploads\/2020\/10\/acolitos-3-300x300.jpg 300w, https:\/\/franciscanos.org.br\/noticias\/wp-content\/uploads\/2020\/10\/acolitos-3-100x100.jpg 100w\" sizes=\"(max-width: 300px) 100vw, 300px\" \/><\/a>\n\t\t\t<\/dt>\n\t\t\t\t<dd class='wp-caption-text gallery-caption' id='gallery-1-228828'>\n\t\t\t\tFrei Raul\n\t\t\t\t<\/dd><\/dl><dl class='gallery-item'>\n\t\t\t<dt class='gallery-icon landscape'>\n\t\t\t\t<a href='https:\/\/franciscanos.org.br\/noticias\/wp-content\/uploads\/2020\/10\/acolitos-4.jpg'><img width=\"300\" height=\"300\" src=\"https:\/\/franciscanos.org.br\/noticias\/wp-content\/uploads\/2020\/10\/acolitos-4-300x300.jpg\" class=\"attachment-thumbnail size-thumbnail\" alt=\"\" loading=\"lazy\" aria-describedby=\"gallery-1-228829\" srcset=\"https:\/\/franciscanos.org.br\/noticias\/wp-content\/uploads\/2020\/10\/acolitos-4-300x300.jpg 300w, https:\/\/franciscanos.org.br\/noticias\/wp-content\/uploads\/2020\/10\/acolitos-4-100x100.jpg 100w\" sizes=\"(max-width: 300px) 100vw, 300px\" \/><\/a>\n\t\t\t<\/dt>\n\t\t\t\t<dd class='wp-caption-text gallery-caption' id='gallery-1-228829'>\n\t\t\t\tFrei Santana\n\t\t\t\t<\/dd><\/dl><dl class='gallery-item'>\n\t\t\t<dt class='gallery-icon landscape'>\n\t\t\t\t<a href='https:\/\/franciscanos.org.br\/noticias\/wp-content\/uploads\/2020\/10\/acolitos-5.jpg'><img width=\"300\" height=\"300\" src=\"https:\/\/franciscanos.org.br\/noticias\/wp-content\/uploads\/2020\/10\/acolitos-5-300x300.jpg\" class=\"attachment-thumbnail size-thumbnail\" alt=\"\" loading=\"lazy\" aria-describedby=\"gallery-1-228830\" srcset=\"https:\/\/franciscanos.org.br\/noticias\/wp-content\/uploads\/2020\/10\/acolitos-5-300x300.jpg 300w, https:\/\/franciscanos.org.br\/noticias\/wp-content\/uploads\/2020\/10\/acolitos-5-100x100.jpg 100w\" sizes=\"(max-width: 300px) 100vw, 300px\" \/><\/a>\n\t\t\t<\/dt>\n\t\t\t\t<dd class='wp-caption-text gallery-caption' id='gallery-1-228830'>\n\t\t\t\tFrei Gabriel\n\t\t\t\t<\/dd><\/dl><br style=\"clear: both\" \/><dl class='gallery-item'>\n\t\t\t<dt class='gallery-icon landscape'>\n\t\t\t\t<a href='https:\/\/franciscanos.org.br\/noticias\/wp-content\/uploads\/2020\/10\/acolitos-6.jpg'><img width=\"300\" height=\"300\" src=\"https:\/\/franciscanos.org.br\/noticias\/wp-content\/uploads\/2020\/10\/acolitos-6-300x300.jpg\" class=\"attachment-thumbnail size-thumbnail\" alt=\"\" loading=\"lazy\" aria-describedby=\"gallery-1-228831\" srcset=\"https:\/\/franciscanos.org.br\/noticias\/wp-content\/uploads\/2020\/10\/acolitos-6-300x300.jpg 300w, https:\/\/franciscanos.org.br\/noticias\/wp-content\/uploads\/2020\/10\/acolitos-6-100x100.jpg 100w\" sizes=\"(max-width: 300px) 100vw, 300px\" \/><\/a>\n\t\t\t<\/dt>\n\t\t\t\t<dd class='wp-caption-text gallery-caption' id='gallery-1-228831'>\n\t\t\t\tFrei Hugo\n\t\t\t\t<\/dd><\/dl><dl class='gallery-item'>\n\t\t\t<dt class='gallery-icon landscape'>\n\t\t\t\t<a href='https:\/\/franciscanos.org.br\/noticias\/wp-content\/uploads\/2020\/10\/acolitos-7.jpg'><img width=\"300\" height=\"300\" src=\"https:\/\/franciscanos.org.br\/noticias\/wp-content\/uploads\/2020\/10\/acolitos-7-300x300.jpg\" class=\"attachment-thumbnail size-thumbnail\" alt=\"\" loading=\"lazy\" aria-describedby=\"gallery-1-228832\" srcset=\"https:\/\/franciscanos.org.br\/noticias\/wp-content\/uploads\/2020\/10\/acolitos-7-300x300.jpg 300w, https:\/\/franciscanos.org.br\/noticias\/wp-content\/uploads\/2020\/10\/acolitos-7-100x100.jpg 100w\" sizes=\"(max-width: 300px) 100vw, 300px\" \/><\/a>\n\t\t\t<\/dt>\n\t\t\t\t<dd class='wp-caption-text gallery-caption' id='gallery-1-228832'>\n\t\t\t\tFrei Jorge\n\t\t\t\t<\/dd><\/dl><dl class='gallery-item'>\n\t\t\t<dt class='gallery-icon landscape'>\n\t\t\t\t<a href='https:\/\/franciscanos.org.br\/noticias\/wp-content\/uploads\/2020\/10\/acolitos-8.jpg'><img width=\"300\" height=\"300\" src=\"https:\/\/franciscanos.org.br\/noticias\/wp-content\/uploads\/2020\/10\/acolitos-8-300x300.jpg\" class=\"attachment-thumbnail size-thumbnail\" alt=\"\" loading=\"lazy\" aria-describedby=\"gallery-1-228833\" srcset=\"https:\/\/franciscanos.org.br\/noticias\/wp-content\/uploads\/2020\/10\/acolitos-8-300x300.jpg 300w, https:\/\/franciscanos.org.br\/noticias\/wp-content\/uploads\/2020\/10\/acolitos-8-100x100.jpg 100w\" sizes=\"(max-width: 300px) 100vw, 300px\" \/><\/a>\n\t\t\t<\/dt>\n\t\t\t\t<dd class='wp-caption-text gallery-caption' id='gallery-1-228833'>\n\t\t\t\tFrei Marcos\n\t\t\t\t<\/dd><\/dl><dl class='gallery-item'>\n\t\t\t<dt class='gallery-icon landscape'>\n\t\t\t\t<a href='https:\/\/franciscanos.org.br\/noticias\/wp-content\/uploads\/2020\/10\/acolitos-9.jpg'><img width=\"300\" height=\"300\" src=\"https:\/\/franciscanos.org.br\/noticias\/wp-content\/uploads\/2020\/10\/acolitos-9-300x300.jpg\" class=\"attachment-thumbnail size-thumbnail\" alt=\"\" loading=\"lazy\" aria-describedby=\"gallery-1-228834\" srcset=\"https:\/\/franciscanos.org.br\/noticias\/wp-content\/uploads\/2020\/10\/acolitos-9-300x300.jpg 300w, https:\/\/franciscanos.org.br\/noticias\/wp-content\/uploads\/2020\/10\/acolitos-9-100x100.jpg 100w\" sizes=\"(max-width: 300px) 100vw, 300px\" \/><\/a>\n\t\t\t<\/dt>\n\t\t\t\t<dd class='wp-caption-text gallery-caption' id='gallery-1-228834'>\n\t\t\t\tFrei Pedro\n\t\t\t\t<\/dd><\/dl><dl class='gallery-item'>\n\t\t\t<dt class='gallery-icon landscape'>\n\t\t\t\t<a href='https:\/\/franciscanos.org.br\/noticias\/wp-content\/uploads\/2020\/10\/acolitos-10.jpg'><img width=\"300\" height=\"300\" src=\"https:\/\/franciscanos.org.br\/noticias\/wp-content\/uploads\/2020\/10\/acolitos-10-300x300.jpg\" class=\"attachment-thumbnail size-thumbnail\" alt=\"\" loading=\"lazy\" aria-describedby=\"gallery-1-228835\" srcset=\"https:\/\/franciscanos.org.br\/noticias\/wp-content\/uploads\/2020\/10\/acolitos-10-300x300.jpg 300w, https:\/\/franciscanos.org.br\/noticias\/wp-content\/uploads\/2020\/10\/acolitos-10-100x100.jpg 100w\" sizes=\"(max-width: 300px) 100vw, 300px\" \/><\/a>\n\t\t\t<\/dt>\n\t\t\t\t<dd class='wp-caption-text gallery-caption' id='gallery-1-228835'>\n\t\t\t\tFrei Canga\n\t\t\t\t<\/dd><\/dl><br style=\"clear: both\" \/>\n\t\t<\/div>\n\n<p><b>TODO FRADE MENOR \u00c9 CHAMADO A SER AC\u00d3LITO<\/b><\/p>\n<p><span style=\"font-weight: 400;\">Frei Gustavo come\u00e7ou sua homilia, lembrando de uma passagem da Legenda Perusina que apresenta o respeito e a devo\u00e7\u00e3o de S\u00e3o Francisco para com o Corpo de Cristo. \u201cPor isso, quis que se escrevesse na Regra que os frades, nos lugares em que se encontrassem, promovessem o seu culto e recomendassem aos cl\u00e9rigos e sacerdotes que colocassem o Corpo de Cristo em lugares dignos e honrosos; se eles o n\u00e3o fizessem, os frades que tomassem a iniciativa\u201d. (LP 80)<\/span><\/p>\n<p><span style=\"font-weight: 400;\">Para ele, ao ouvir este texto da Legenda Perusina, podemos notar que, segundo a orienta\u00e7\u00e3o do nosso pr\u00f3prio pai e fundador, S\u00e3o Francisco de Assis, todo frade menor \u00e9 chamado a ser ac\u00f3lito. \u201cSe n\u00e3o o \u00e9 por institui\u00e7\u00e3o, conforme hoje estamos instituindo estes nossos irm\u00e3os, certamente o deve ser por amor e rever\u00eancia \u00e0 Eucaristia, presen\u00e7a viva e real de Cristo em n\u00f3s e entre n\u00f3s\u201d, ressaltou.<\/span><\/p>\n<p><span style=\"font-weight: 400;\">Na sua reflex\u00e3o, Frei Gustavo disse que cuidar com carinho dos vasos sagrados, manuse\u00e1-los com estima e rever\u00eancia, distribuir a Santa Comunh\u00e3o de forma simples e solene s\u00e3o express\u00f5es vis\u00edveis de um amor invis\u00edvel que amou a todos por primeiro e diante do qual se deseja manifestar toda gratid\u00e3o. \u201cUm minist\u00e9rio simples, mas profundamente fecundo. Um modo de pregar sem palavras e de tocar os cora\u00e7\u00f5es mais aflitos e desejosos de um encontro \u00edntimo com o Senhor. O ac\u00f3lito, meus estimados irm\u00e3os e irm\u00e3s, \u00e9 um construtor de pontes, um facilitador do encontro entre Deus e as pessoas\u201d, ensinou.<\/span><\/p>\n<p><img loading=\"lazy\" class=\"alignnone wp-image-228836 size-full\" src=\"https:\/\/franciscanos.org.br\/noticias\/wp-content\/uploads\/2020\/10\/acolitos_02.jpg\" alt=\"\" width=\"1280\" height=\"853\" srcset=\"https:\/\/franciscanos.org.br\/noticias\/wp-content\/uploads\/2020\/10\/acolitos_02.jpg 1280w, https:\/\/franciscanos.org.br\/noticias\/wp-content\/uploads\/2020\/10\/acolitos_02-450x300.jpg 450w, https:\/\/franciscanos.org.br\/noticias\/wp-content\/uploads\/2020\/10\/acolitos_02-1024x682.jpg 1024w, https:\/\/franciscanos.org.br\/noticias\/wp-content\/uploads\/2020\/10\/acolitos_02-768x512.jpg 768w, https:\/\/franciscanos.org.br\/noticias\/wp-content\/uploads\/2020\/10\/acolitos_02-150x100.jpg 150w\" sizes=\"(max-width: 1280px) 100vw, 1280px\" \/><\/p>\n<p><strong>VASOS SAGRADOS E A\u00c7\u00d5ES CONCRETAS<\/strong><\/p>\n<p><span style=\"font-weight: 400;\">Segundo ele, este encontro \u00e9 celebrado no pres\u00e9pio, na cruz e atualizado sobre altar, quando Jesus cumpre a promessa apresentada no Evangelho de Jo\u00e3o: \u2018<\/span><span style=\"font-weight: 400;\">Eu sou o p\u00e3o da vida. Quem vem a mim n\u00e3o ter\u00e1 mais fome e quem cr\u00ea em mim nunca mais ter\u00e1 sede\u2019 (Jo 6,35). \u201c<\/span><span style=\"font-weight: 400;\">Sentindo-nos amados e alimentados, tamb\u00e9m nos tornamos fortes para sairmos em miss\u00e3o\u201d, refletiu.<\/span><\/p>\n<p><span style=\"font-weight: 400;\">Frei Medella recordou das palavras do Papa Francisco proferidas na homilia da Missa de Corpus Christi deste ano: \u201c<\/span><span style=\"font-weight: 400;\">A Eucaristia apaga em n\u00f3s a fome de coisas e acende o desejo de servir. Levanta-nos do nosso estilo c\u00f4modo e sedent\u00e1rio de vida, lembra-nos que n\u00e3o somos apenas boca a saciar, mas tamb\u00e9m as m\u00e3os d\u2019Ele para saciar o pr\u00f3ximo. Agora \u00e9 urgente cuidar de quem tem fome de alimento e dignidade, de quem n\u00e3o trabalha e tem dificuldade em seguir adiante. E faz\u00ea-lo de modo concreto, como concreto \u00e9 o P\u00e3o que Jesus nos d\u00e1. \u00c9 preciso uma proximidade real; s\u00e3o necess\u00e1rias verdadeiras <\/span><i><span style=\"font-weight: 400;\">correntes de solidariedade<\/span><\/i><span style=\"font-weight: 400;\">. Na Eucaristia, Jesus Se aproxima de n\u00f3s: n\u00e3o o deixemos sozinho!\u201d<\/span><\/p>\n<p><span style=\"font-weight: 400;\">\u201cDiante desta provoca\u00e7\u00e3o do Santo Padre e da orienta\u00e7\u00e3o de nosso Ser\u00e1fico Pai, percebemos com clareza que todo o cuidado dispensado com os vasos sagrados, com as alfaias, com os escritos que cont\u00e9m \u00e0 Palavra de Deus, com o Sant\u00edssimo Sacramento necessariamente deve se desdobrar em a\u00e7\u00f5es concretas e imediatas de cuidado e carinho para nossos irm\u00e3os e irm\u00e3s que vivem toda sorte de car\u00eancias e dificuldades\u201d, observou.<\/span><\/p>\n<p>&nbsp;<\/p>\n<p><img loading=\"lazy\" class=\"alignnone wp-image-228858 size-full\" src=\"https:\/\/franciscanos.org.br\/noticias\/wp-content\/uploads\/2020\/10\/acolitos_missa-2-1.jpg\" alt=\"\" width=\"1600\" height=\"1067\" srcset=\"https:\/\/franciscanos.org.br\/noticias\/wp-content\/uploads\/2020\/10\/acolitos_missa-2-1.jpg 1600w, https:\/\/franciscanos.org.br\/noticias\/wp-content\/uploads\/2020\/10\/acolitos_missa-2-1-450x300.jpg 450w, https:\/\/franciscanos.org.br\/noticias\/wp-content\/uploads\/2020\/10\/acolitos_missa-2-1-1024x683.jpg 1024w, https:\/\/franciscanos.org.br\/noticias\/wp-content\/uploads\/2020\/10\/acolitos_missa-2-1-768x512.jpg 768w, https:\/\/franciscanos.org.br\/noticias\/wp-content\/uploads\/2020\/10\/acolitos_missa-2-1-1536x1024.jpg 1536w, https:\/\/franciscanos.org.br\/noticias\/wp-content\/uploads\/2020\/10\/acolitos_missa-2-1-150x100.jpg 150w\" sizes=\"(max-width: 1600px) 100vw, 1600px\" \/><\/p>\n<p><strong>JAMAIS O (JESUS) PERCAM DE VISTA\u00a0<\/strong><\/p>\n<p><span style=\"font-weight: 400;\">E sobre este compromisso com os \u00faltimos, mais uma vez citou ao Papa Francisco, que diz: \u201cH\u00e1 tantas pessoas privadas de um lugar decente para viver e do alimento para comer! Todos n\u00f3s conhecemos pessoas sozinhas, atribuladas, necessitadas: s\u00e3o sacr\u00e1rios abandonados\u201d. E, acrescentou: \u201cTamb\u00e9m a eles Francisco nos ensina o cuidado reverente e atencioso. O bom samaritano agiu como verdadeiro ac\u00f3lito, defendendo e cuidando da dignidade daquele sacr\u00e1rio humano que ele encontrou ferido, abandonado e quase morto \u00e0 beira do caminho\u201d, destacou.<\/span><\/p>\n<p><span style=\"font-weight: 400;\">\u201cEste minist\u00e9rio que hoje voc\u00eas abra\u00e7am os leve a renovar no \u00edntimo de seus cora\u00e7\u00f5es o desejo de se conformarem cada vez mais a Jesus Cristo, a quem voc\u00eas est\u00e3o se dispondo a servir no altar da liturgia e da vida. Jamais O percam de vista em sua caminhada ministerial. Tenham sempre a certeza de que o \u00fanico e necess\u00e1rio poder que o Senhor confere a seus disc\u00edpulos \u00e9 o de se colocar verdadeiramente a servi\u00e7o. Deus os aben\u00e7oe\u201d, concluiu.<\/span><\/p>\n<p><span style=\"font-weight: 400;\">Frei Gustavo invocou as b\u00ean\u00e7\u00e3os de Deus sobre os candidatos, que se<\/span><span style=\"font-weight: 400;\"> dirigiram at\u00e9 o presbit\u00e9rio para receberem a patena das m\u00e3os do Vig\u00e1rio Provincial, s\u00edmbolo do Corpo e Sangue de Cristo e do amor e rever\u00eancia \u00e0 mesa do Senhor e a Igreja.\u00a0 J\u00e1 institu\u00eddos ac\u00f3litos, durante o ofert\u00f3rio, Frei Canga e Frei Santana representando todos os demais, prepararam o altar do Senhor. Enquanto isso, a assembleia entoou o canto \u2018Vou te oferecer a vida\u201d.<\/span><\/p>\n<p>&nbsp;<\/p>\n<p><img loading=\"lazy\" class=\"alignnone wp-image-228838 size-full\" src=\"https:\/\/franciscanos.org.br\/noticias\/wp-content\/uploads\/2020\/10\/acolitos_03.jpg\" alt=\"\" width=\"1280\" height=\"853\" srcset=\"https:\/\/franciscanos.org.br\/noticias\/wp-content\/uploads\/2020\/10\/acolitos_03.jpg 1280w, https:\/\/franciscanos.org.br\/noticias\/wp-content\/uploads\/2020\/10\/acolitos_03-450x300.jpg 450w, https:\/\/franciscanos.org.br\/noticias\/wp-content\/uploads\/2020\/10\/acolitos_03-1024x682.jpg 1024w, https:\/\/franciscanos.org.br\/noticias\/wp-content\/uploads\/2020\/10\/acolitos_03-768x512.jpg 768w, https:\/\/franciscanos.org.br\/noticias\/wp-content\/uploads\/2020\/10\/acolitos_03-150x100.jpg 150w\" sizes=\"(max-width: 1280px) 100vw, 1280px\" \/><\/p>\n<p><span style=\"font-weight: 400;\">Ap\u00f3s a comunh\u00e3o, em nome de toda Prov\u00edncia Franciscana da Imaculada Concei\u00e7\u00e3o do Brasil, Frei Gustavo agradeceu \u00e0s Fraternidades do Brasil e de Angola, em especial a do Sagrado e da Baixada Fluminense que s\u00e3o casas de forma\u00e7\u00e3o. \u201cObrigado por tudo que fazem! Continuemos alegres, animando-nos mutuamente e dando for\u00e7a uns aos outros. Obrigado a voc\u00eas ac\u00f3litos pela disponibilidade em abra\u00e7ar este Minist\u00e9rio do Acolitado e sigamos juntos, com a gra\u00e7a de Deus e alimentados pelo pr\u00f3prio Cristo Jesus\u201d,\u00a0 completou, com solene b\u00ean\u00e7\u00e3o final.<\/span><\/p>\n<hr \/>\n<p style=\"text-align: center;\"><strong>VEJA MAIS IMAGENS DA CELEBRA\u00c7\u00c3O<\/strong><\/p>\n\n\t\t<style type=\"text\/css\">\n\t\t\t#gallery-2 {\n\t\t\t\tmargin: auto;\n\t\t\t}\n\t\t\t#gallery-2 .gallery-item {\n\t\t\t\tfloat: left;\n\t\t\t\tmargin-top: 10px;\n\t\t\t\ttext-align: center;\n\t\t\t\twidth: 20%;\n\t\t\t}\n\t\t\t#gallery-2 img {\n\t\t\t\tborder: 2px solid #cfcfcf;\n\t\t\t}\n\t\t\t#gallery-2 .gallery-caption {\n\t\t\t\tmargin-left: 0;\n\t\t\t}\n\t\t\t\/* see gallery_shortcode() in wp-includes\/media.php *\/\n\t\t<\/style>\n\t\t<div id='gallery-2' class='gallery galleryid-228823 gallery-columns-5 gallery-size-thumbnail'><dl class='gallery-item'>\n\t\t\t<dt class='gallery-icon landscape'>\n\t\t\t\t<a href='https:\/\/franciscanos.org.br\/noticias\/wp-content\/uploads\/2020\/10\/acolitos_missa-1.jpg'><img width=\"300\" height=\"300\" src=\"https:\/\/franciscanos.org.br\/noticias\/wp-content\/uploads\/2020\/10\/acolitos_missa-1-300x300.jpg\" class=\"attachment-thumbnail size-thumbnail\" alt=\"\" loading=\"lazy\" srcset=\"https:\/\/franciscanos.org.br\/noticias\/wp-content\/uploads\/2020\/10\/acolitos_missa-1-300x300.jpg 300w, https:\/\/franciscanos.org.br\/noticias\/wp-content\/uploads\/2020\/10\/acolitos_missa-1-100x100.jpg 100w\" sizes=\"(max-width: 300px) 100vw, 300px\" \/><\/a>\n\t\t\t<\/dt><\/dl><dl class='gallery-item'>\n\t\t\t<dt class='gallery-icon landscape'>\n\t\t\t\t<a href='https:\/\/franciscanos.org.br\/noticias\/wp-content\/uploads\/2020\/10\/acolitos_missa-2.jpg'><img width=\"300\" height=\"300\" src=\"https:\/\/franciscanos.org.br\/noticias\/wp-content\/uploads\/2020\/10\/acolitos_missa-2-300x300.jpg\" class=\"attachment-thumbnail size-thumbnail\" alt=\"\" loading=\"lazy\" srcset=\"https:\/\/franciscanos.org.br\/noticias\/wp-content\/uploads\/2020\/10\/acolitos_missa-2-300x300.jpg 300w, https:\/\/franciscanos.org.br\/noticias\/wp-content\/uploads\/2020\/10\/acolitos_missa-2-100x100.jpg 100w\" sizes=\"(max-width: 300px) 100vw, 300px\" \/><\/a>\n\t\t\t<\/dt><\/dl><dl class='gallery-item'>\n\t\t\t<dt class='gallery-icon landscape'>\n\t\t\t\t<a href='https:\/\/franciscanos.org.br\/noticias\/wp-content\/uploads\/2020\/10\/acolitos_missa-3.jpg'><img width=\"300\" height=\"300\" src=\"https:\/\/franciscanos.org.br\/noticias\/wp-content\/uploads\/2020\/10\/acolitos_missa-3-300x300.jpg\" class=\"attachment-thumbnail size-thumbnail\" alt=\"\" loading=\"lazy\" srcset=\"https:\/\/franciscanos.org.br\/noticias\/wp-content\/uploads\/2020\/10\/acolitos_missa-3-300x300.jpg 300w, https:\/\/franciscanos.org.br\/noticias\/wp-content\/uploads\/2020\/10\/acolitos_missa-3-100x100.jpg 100w\" sizes=\"(max-width: 300px) 100vw, 300px\" \/><\/a>\n\t\t\t<\/dt><\/dl><dl class='gallery-item'>\n\t\t\t<dt class='gallery-icon landscape'>\n\t\t\t\t<a href='https:\/\/franciscanos.org.br\/noticias\/wp-content\/uploads\/2020\/10\/acolitos_missa-5.jpg'><img width=\"300\" height=\"300\" src=\"https:\/\/franciscanos.org.br\/noticias\/wp-content\/uploads\/2020\/10\/acolitos_missa-5-300x300.jpg\" class=\"attachment-thumbnail size-thumbnail\" alt=\"\" loading=\"lazy\" srcset=\"https:\/\/franciscanos.org.br\/noticias\/wp-content\/uploads\/2020\/10\/acolitos_missa-5-300x300.jpg 300w, https:\/\/franciscanos.org.br\/noticias\/wp-content\/uploads\/2020\/10\/acolitos_missa-5-100x100.jpg 100w\" sizes=\"(max-width: 300px) 100vw, 300px\" \/><\/a>\n\t\t\t<\/dt><\/dl><dl class='gallery-item'>\n\t\t\t<dt class='gallery-icon landscape'>\n\t\t\t\t<a href='https:\/\/franciscanos.org.br\/noticias\/wp-content\/uploads\/2020\/10\/acolitos_missa-6.jpg'><img width=\"300\" height=\"300\" src=\"https:\/\/franciscanos.org.br\/noticias\/wp-content\/uploads\/2020\/10\/acolitos_missa-6-300x300.jpg\" class=\"attachment-thumbnail size-thumbnail\" alt=\"\" loading=\"lazy\" srcset=\"https:\/\/franciscanos.org.br\/noticias\/wp-content\/uploads\/2020\/10\/acolitos_missa-6-300x300.jpg 300w, https:\/\/franciscanos.org.br\/noticias\/wp-content\/uploads\/2020\/10\/acolitos_missa-6-100x100.jpg 100w\" sizes=\"(max-width: 300px) 100vw, 300px\" \/><\/a>\n\t\t\t<\/dt><\/dl><br style=\"clear: both\" \/><dl class='gallery-item'>\n\t\t\t<dt class='gallery-icon landscape'>\n\t\t\t\t<a href='https:\/\/franciscanos.org.br\/noticias\/wp-content\/uploads\/2020\/10\/acolitos_missa-7.jpg'><img width=\"300\" height=\"300\" src=\"https:\/\/franciscanos.org.br\/noticias\/wp-content\/uploads\/2020\/10\/acolitos_missa-7-300x300.jpg\" class=\"attachment-thumbnail size-thumbnail\" alt=\"\" loading=\"lazy\" srcset=\"https:\/\/franciscanos.org.br\/noticias\/wp-content\/uploads\/2020\/10\/acolitos_missa-7-300x300.jpg 300w, https:\/\/franciscanos.org.br\/noticias\/wp-content\/uploads\/2020\/10\/acolitos_missa-7-100x100.jpg 100w\" sizes=\"(max-width: 300px) 100vw, 300px\" \/><\/a>\n\t\t\t<\/dt><\/dl><dl class='gallery-item'>\n\t\t\t<dt class='gallery-icon landscape'>\n\t\t\t\t<a href='https:\/\/franciscanos.org.br\/noticias\/wp-content\/uploads\/2020\/10\/acolitos_missa-8.jpg'><img width=\"300\" height=\"300\" src=\"https:\/\/franciscanos.org.br\/noticias\/wp-content\/uploads\/2020\/10\/acolitos_missa-8-300x300.jpg\" class=\"attachment-thumbnail size-thumbnail\" alt=\"\" loading=\"lazy\" srcset=\"https:\/\/franciscanos.org.br\/noticias\/wp-content\/uploads\/2020\/10\/acolitos_missa-8-300x300.jpg 300w, https:\/\/franciscanos.org.br\/noticias\/wp-content\/uploads\/2020\/10\/acolitos_missa-8-100x100.jpg 100w\" sizes=\"(max-width: 300px) 100vw, 300px\" \/><\/a>\n\t\t\t<\/dt><\/dl><dl class='gallery-item'>\n\t\t\t<dt class='gallery-icon landscape'>\n\t\t\t\t<a href='https:\/\/franciscanos.org.br\/noticias\/wp-content\/uploads\/2020\/10\/acolitos_missa-9.jpg'><img width=\"300\" height=\"300\" src=\"https:\/\/franciscanos.org.br\/noticias\/wp-content\/uploads\/2020\/10\/acolitos_missa-9-300x300.jpg\" class=\"attachment-thumbnail size-thumbnail\" alt=\"\" loading=\"lazy\" srcset=\"https:\/\/franciscanos.org.br\/noticias\/wp-content\/uploads\/2020\/10\/acolitos_missa-9-300x300.jpg 300w, https:\/\/franciscanos.org.br\/noticias\/wp-content\/uploads\/2020\/10\/acolitos_missa-9-100x100.jpg 100w\" sizes=\"(max-width: 300px) 100vw, 300px\" \/><\/a>\n\t\t\t<\/dt><\/dl><dl class='gallery-item'>\n\t\t\t<dt class='gallery-icon landscape'>\n\t\t\t\t<a href='https:\/\/franciscanos.org.br\/noticias\/wp-content\/uploads\/2020\/10\/acolitos_missa-10.jpg'><img width=\"300\" height=\"300\" src=\"https:\/\/franciscanos.org.br\/noticias\/wp-content\/uploads\/2020\/10\/acolitos_missa-10-300x300.jpg\" class=\"attachment-thumbnail size-thumbnail\" alt=\"\" loading=\"lazy\" srcset=\"https:\/\/franciscanos.org.br\/noticias\/wp-content\/uploads\/2020\/10\/acolitos_missa-10-300x300.jpg 300w, https:\/\/franciscanos.org.br\/noticias\/wp-content\/uploads\/2020\/10\/acolitos_missa-10-100x100.jpg 100w\" sizes=\"(max-width: 300px) 100vw, 300px\" \/><\/a>\n\t\t\t<\/dt><\/dl><dl class='gallery-item'>\n\t\t\t<dt class='gallery-icon landscape'>\n\t\t\t\t<a href='https:\/\/franciscanos.org.br\/noticias\/wp-content\/uploads\/2020\/10\/acolitos_missa-11.jpg'><img width=\"300\" height=\"300\" src=\"https:\/\/franciscanos.org.br\/noticias\/wp-content\/uploads\/2020\/10\/acolitos_missa-11-300x300.jpg\" class=\"attachment-thumbnail size-thumbnail\" alt=\"\" loading=\"lazy\" srcset=\"https:\/\/franciscanos.org.br\/noticias\/wp-content\/uploads\/2020\/10\/acolitos_missa-11-300x300.jpg 300w, https:\/\/franciscanos.org.br\/noticias\/wp-content\/uploads\/2020\/10\/acolitos_missa-11-100x100.jpg 100w\" sizes=\"(max-width: 300px) 100vw, 300px\" \/><\/a>\n\t\t\t<\/dt><\/dl><br style=\"clear: both\" \/><dl class='gallery-item'>\n\t\t\t<dt class='gallery-icon landscape'>\n\t\t\t\t<a href='https:\/\/franciscanos.org.br\/noticias\/wp-content\/uploads\/2020\/10\/acolitos_missa-12.jpg'><img width=\"300\" height=\"300\" src=\"https:\/\/franciscanos.org.br\/noticias\/wp-content\/uploads\/2020\/10\/acolitos_missa-12-300x300.jpg\" class=\"attachment-thumbnail size-thumbnail\" alt=\"\" loading=\"lazy\" srcset=\"https:\/\/franciscanos.org.br\/noticias\/wp-content\/uploads\/2020\/10\/acolitos_missa-12-300x300.jpg 300w, https:\/\/franciscanos.org.br\/noticias\/wp-content\/uploads\/2020\/10\/acolitos_missa-12-100x100.jpg 100w\" sizes=\"(max-width: 300px) 100vw, 300px\" \/><\/a>\n\t\t\t<\/dt><\/dl><dl class='gallery-item'>\n\t\t\t<dt class='gallery-icon landscape'>\n\t\t\t\t<a href='https:\/\/franciscanos.org.br\/noticias\/wp-content\/uploads\/2020\/10\/acolitos_missa-13.jpg'><img width=\"300\" height=\"300\" src=\"https:\/\/franciscanos.org.br\/noticias\/wp-content\/uploads\/2020\/10\/acolitos_missa-13-300x300.jpg\" class=\"attachment-thumbnail size-thumbnail\" alt=\"\" loading=\"lazy\" srcset=\"https:\/\/franciscanos.org.br\/noticias\/wp-content\/uploads\/2020\/10\/acolitos_missa-13-300x300.jpg 300w, https:\/\/franciscanos.org.br\/noticias\/wp-content\/uploads\/2020\/10\/acolitos_missa-13-100x100.jpg 100w\" sizes=\"(max-width: 300px) 100vw, 300px\" \/><\/a>\n\t\t\t<\/dt><\/dl><dl class='gallery-item'>\n\t\t\t<dt class='gallery-icon landscape'>\n\t\t\t\t<a href='https:\/\/franciscanos.org.br\/noticias\/wp-content\/uploads\/2020\/10\/acolitos_missa-14.jpg'><img width=\"300\" height=\"300\" src=\"https:\/\/franciscanos.org.br\/noticias\/wp-content\/uploads\/2020\/10\/acolitos_missa-14-300x300.jpg\" class=\"attachment-thumbnail size-thumbnail\" alt=\"\" loading=\"lazy\" srcset=\"https:\/\/franciscanos.org.br\/noticias\/wp-content\/uploads\/2020\/10\/acolitos_missa-14-300x300.jpg 300w, https:\/\/franciscanos.org.br\/noticias\/wp-content\/uploads\/2020\/10\/acolitos_missa-14-100x100.jpg 100w\" sizes=\"(max-width: 300px) 100vw, 300px\" \/><\/a>\n\t\t\t<\/dt><\/dl><dl class='gallery-item'>\n\t\t\t<dt class='gallery-icon landscape'>\n\t\t\t\t<a href='https:\/\/franciscanos.org.br\/noticias\/wp-content\/uploads\/2020\/10\/acolitos_missa-15.jpg'><img width=\"300\" height=\"300\" src=\"https:\/\/franciscanos.org.br\/noticias\/wp-content\/uploads\/2020\/10\/acolitos_missa-15-300x300.jpg\" class=\"attachment-thumbnail size-thumbnail\" alt=\"\" loading=\"lazy\" srcset=\"https:\/\/franciscanos.org.br\/noticias\/wp-content\/uploads\/2020\/10\/acolitos_missa-15-300x300.jpg 300w, https:\/\/franciscanos.org.br\/noticias\/wp-content\/uploads\/2020\/10\/acolitos_missa-15-100x100.jpg 100w\" sizes=\"(max-width: 300px) 100vw, 300px\" \/><\/a>\n\t\t\t<\/dt><\/dl><dl class='gallery-item'>\n\t\t\t<dt class='gallery-icon landscape'>\n\t\t\t\t<a href='https:\/\/franciscanos.org.br\/noticias\/wp-content\/uploads\/2020\/10\/acolitos_missa-16.jpg'><img width=\"300\" height=\"300\" src=\"https:\/\/franciscanos.org.br\/noticias\/wp-content\/uploads\/2020\/10\/acolitos_missa-16-300x300.jpg\" class=\"attachment-thumbnail size-thumbnail\" alt=\"\" loading=\"lazy\" srcset=\"https:\/\/franciscanos.org.br\/noticias\/wp-content\/uploads\/2020\/10\/acolitos_missa-16-300x300.jpg 300w, https:\/\/franciscanos.org.br\/noticias\/wp-content\/uploads\/2020\/10\/acolitos_missa-16-100x100.jpg 100w\" sizes=\"(max-width: 300px) 100vw, 300px\" \/><\/a>\n\t\t\t<\/dt><\/dl><br style=\"clear: both\" \/>\n\t\t<\/div>\n\n","protected":false},"excerpt":{"rendered":"<p>Celebra\u00e7\u00e3o de Institui\u00e7\u00e3o de Ac\u00f3litos<\/p>\n","protected":false},"author":5,"featured_media":228824,"comment_status":"open","ping_status":"open","sticky":false,"template":"","format":"standard","meta":[],"categories":[1],"tags":[1770,190,604],"acf":[],"yoast_head":"<!-- This site is optimized with the Yoast SEO plugin v19.2 - https:\/\/yoast.com\/wordpress\/plugins\/seo\/ -->\n<title>Frei Medella lembra aos ac\u00f3litos o exemplo do bom samaritano\u00a0 - Not\u00edcias - Franciscanos<\/title>\n<meta name=\"robots\" content=\"index, follow, max-snippet:-1, max-image-preview:large, max-video-preview:-1\" \/>\n<link rel=\"canonical\" href=\"https:\/\/franciscanos.org.br\/noticias\/frei-medella-lembra-aos-acolitos-o-exemplo-do-bom-samaritano.html\" \/>\n<meta property=\"og:locale\" content=\"pt_BR\" \/>\n<meta property=\"og:type\" content=\"article\" \/>\n<meta property=\"og:title\" content=\"Frei Medella lembra aos ac\u00f3litos o exemplo do bom samaritano\u00a0 - Not\u00edcias - Franciscanos\" \/>\n<meta property=\"og:description\" content=\"Celebra\u00e7\u00e3o de Institui\u00e7\u00e3o de Ac\u00f3litos\" \/>\n<meta property=\"og:url\" content=\"https:\/\/franciscanos.org.br\/noticias\/frei-medella-lembra-aos-acolitos-o-exemplo-do-bom-samaritano.html\" \/>\n<meta property=\"og:site_name\" content=\"Not\u00edcias - Franciscanos\" \/>\n<meta property=\"article:published_time\" content=\"2020-10-17T14:47:50+00:00\" \/>\n<meta property=\"article:modified_time\" content=\"2022-05-19T12:27:53+00:00\" \/>\n<meta property=\"og:image\" content=\"https:\/\/franciscanos.org.br\/noticias\/wp-content\/uploads\/2020\/10\/acolito_01d.jpg\" \/>\n\t<meta property=\"og:image:width\" content=\"800\" \/>\n\t<meta property=\"og:image:height\" content=\"600\" \/>\n\t<meta property=\"og:image:type\" content=\"image\/jpeg\" \/>\n<meta name=\"author\" content=\"freiaugusto\" \/>\n<meta name=\"twitter:card\" content=\"summary_large_image\" \/>\n<meta name=\"twitter:label1\" content=\"Escrito por\" \/>\n\t<meta name=\"twitter:data1\" content=\"freiaugusto\" \/>\n\t<meta name=\"twitter:label2\" content=\"Est. tempo de leitura\" \/>\n\t<meta name=\"twitter:data2\" content=\"6 minutos\" \/>\n<script type=\"application\/ld+json\" class=\"yoast-schema-graph\">{\"@context\":\"https:\/\/schema.org\",\"@graph\":[{\"@type\":\"WebSite\",\"@id\":\"https:\/\/franciscanos.org.br\/noticias\/#website\",\"url\":\"https:\/\/franciscanos.org.br\/noticias\/\",\"name\":\"Not\u00edcias - Franciscanos\",\"description\":\"Prov\u00edncia Franciscana da Imaculada Concei\u00e7\u00e3o do Brasil - Ordem dos Frades Menores - OFM\",\"potentialAction\":[{\"@type\":\"SearchAction\",\"target\":{\"@type\":\"EntryPoint\",\"urlTemplate\":\"https:\/\/franciscanos.org.br\/noticias\/?s={search_term_string}\"},\"query-input\":\"required name=search_term_string\"}],\"inLanguage\":\"pt-BR\"},{\"@type\":\"ImageObject\",\"inLanguage\":\"pt-BR\",\"@id\":\"https:\/\/franciscanos.org.br\/noticias\/frei-medella-lembra-aos-acolitos-o-exemplo-do-bom-samaritano.html#primaryimage\",\"url\":\"https:\/\/franciscanos.org.br\/noticias\/wp-content\/uploads\/2020\/10\/acolito_01d.jpg\",\"contentUrl\":\"https:\/\/franciscanos.org.br\/noticias\/wp-content\/uploads\/2020\/10\/acolito_01d.jpg\",\"width\":800,\"height\":600},{\"@type\":\"WebPage\",\"@id\":\"https:\/\/franciscanos.org.br\/noticias\/frei-medella-lembra-aos-acolitos-o-exemplo-do-bom-samaritano.html#webpage\",\"url\":\"https:\/\/franciscanos.org.br\/noticias\/frei-medella-lembra-aos-acolitos-o-exemplo-do-bom-samaritano.html\",\"name\":\"Frei Medella lembra aos ac\u00f3litos o exemplo do bom samaritano\u00a0 - Not\u00edcias - Franciscanos\",\"isPartOf\":{\"@id\":\"https:\/\/franciscanos.org.br\/noticias\/#website\"},\"primaryImageOfPage\":{\"@id\":\"https:\/\/franciscanos.org.br\/noticias\/frei-medella-lembra-aos-acolitos-o-exemplo-do-bom-samaritano.html#primaryimage\"},\"datePublished\":\"2020-10-17T14:47:50+00:00\",\"dateModified\":\"2022-05-19T12:27:53+00:00\",\"author\":{\"@id\":\"https:\/\/franciscanos.org.br\/noticias\/#\/schema\/person\/37f88f0d111cd5358b12a6556a99eb91\"},\"breadcrumb\":{\"@id\":\"https:\/\/franciscanos.org.br\/noticias\/frei-medella-lembra-aos-acolitos-o-exemplo-do-bom-samaritano.html#breadcrumb\"},\"inLanguage\":\"pt-BR\",\"potentialAction\":[{\"@type\":\"ReadAction\",\"target\":[\"https:\/\/franciscanos.org.br\/noticias\/frei-medella-lembra-aos-acolitos-o-exemplo-do-bom-samaritano.html\"]}]},{\"@type\":\"BreadcrumbList\",\"@id\":\"https:\/\/franciscanos.org.br\/noticias\/frei-medella-lembra-aos-acolitos-o-exemplo-do-bom-samaritano.html#breadcrumb\",\"itemListElement\":[{\"@type\":\"ListItem\",\"position\":1,\"name\":\"Home\",\"item\":\"https:\/\/franciscanos.org.br\/noticias\"},{\"@type\":\"ListItem\",\"position\":2,\"name\":\"Frei Medella lembra aos ac\u00f3litos o exemplo do bom samaritano\u00a0\"}]},{\"@type\":\"Person\",\"@id\":\"https:\/\/franciscanos.org.br\/noticias\/#\/schema\/person\/37f88f0d111cd5358b12a6556a99eb91\",\"name\":\"freiaugusto\",\"image\":{\"@type\":\"ImageObject\",\"inLanguage\":\"pt-BR\",\"@id\":\"https:\/\/franciscanos.org.br\/noticias\/#\/schema\/person\/image\/\",\"url\":\"https:\/\/secure.gravatar.com\/avatar\/9840b940e621801b24f3e6b059efb4b7?s=96&d=mm&r=g\",\"contentUrl\":\"https:\/\/secure.gravatar.com\/avatar\/9840b940e621801b24f3e6b059efb4b7?s=96&d=mm&r=g\",\"caption\":\"freiaugusto\"},\"url\":\"https:\/\/franciscanos.org.br\/noticias\/author\/freiaugusto\"}]}<\/script>\n<!-- \/ Yoast SEO plugin. -->","yoast_head_json":{"title":"Frei Medella lembra aos ac\u00f3litos o exemplo do bom samaritano\u00a0 - Not\u00edcias - Franciscanos","robots":{"index":"index","follow":"follow","max-snippet":"max-snippet:-1","max-image-preview":"max-image-preview:large","max-video-preview":"max-video-preview:-1"},"canonical":"https:\/\/franciscanos.org.br\/noticias\/frei-medella-lembra-aos-acolitos-o-exemplo-do-bom-samaritano.html","og_locale":"pt_BR","og_type":"article","og_title":"Frei Medella lembra aos ac\u00f3litos o exemplo do bom samaritano\u00a0 - Not\u00edcias - Franciscanos","og_description":"Celebra\u00e7\u00e3o de Institui\u00e7\u00e3o de Ac\u00f3litos","og_url":"https:\/\/franciscanos.org.br\/noticias\/frei-medella-lembra-aos-acolitos-o-exemplo-do-bom-samaritano.html","og_site_name":"Not\u00edcias - Franciscanos","article_published_time":"2020-10-17T14:47:50+00:00","article_modified_time":"2022-05-19T12:27:53+00:00","og_image":[{"width":800,"height":600,"url":"https:\/\/franciscanos.org.br\/noticias\/wp-content\/uploads\/2020\/10\/acolito_01d.jpg","type":"image\/jpeg"}],"author":"freiaugusto","twitter_card":"summary_large_image","twitter_misc":{"Escrito por":"freiaugusto","Est. tempo de leitura":"6 minutos"},"schema":{"@context":"https:\/\/schema.org","@graph":[{"@type":"WebSite","@id":"https:\/\/franciscanos.org.br\/noticias\/#website","url":"https:\/\/franciscanos.org.br\/noticias\/","name":"Not\u00edcias - Franciscanos","description":"Prov\u00edncia Franciscana da Imaculada Concei\u00e7\u00e3o do Brasil - Ordem dos Frades Menores - OFM","potentialAction":[{"@type":"SearchAction","target":{"@type":"EntryPoint","urlTemplate":"https:\/\/franciscanos.org.br\/noticias\/?s={search_term_string}"},"query-input":"required name=search_term_string"}],"inLanguage":"pt-BR"},{"@type":"ImageObject","inLanguage":"pt-BR","@id":"https:\/\/franciscanos.org.br\/noticias\/frei-medella-lembra-aos-acolitos-o-exemplo-do-bom-samaritano.html#primaryimage","url":"https:\/\/franciscanos.org.br\/noticias\/wp-content\/uploads\/2020\/10\/acolito_01d.jpg","contentUrl":"https:\/\/franciscanos.org.br\/noticias\/wp-content\/uploads\/2020\/10\/acolito_01d.jpg","width":800,"height":600},{"@type":"WebPage","@id":"https:\/\/franciscanos.org.br\/noticias\/frei-medella-lembra-aos-acolitos-o-exemplo-do-bom-samaritano.html#webpage","url":"https:\/\/franciscanos.org.br\/noticias\/frei-medella-lembra-aos-acolitos-o-exemplo-do-bom-samaritano.html","name":"Frei Medella lembra aos ac\u00f3litos o exemplo do bom samaritano\u00a0 - Not\u00edcias - Franciscanos","isPartOf":{"@id":"https:\/\/franciscanos.org.br\/noticias\/#website"},"primaryImageOfPage":{"@id":"https:\/\/franciscanos.org.br\/noticias\/frei-medella-lembra-aos-acolitos-o-exemplo-do-bom-samaritano.html#primaryimage"},"datePublished":"2020-10-17T14:47:50+00:00","dateModified":"2022-05-19T12:27:53+00:00","author":{"@id":"https:\/\/franciscanos.org.br\/noticias\/#\/schema\/person\/37f88f0d111cd5358b12a6556a99eb91"},"breadcrumb":{"@id":"https:\/\/franciscanos.org.br\/noticias\/frei-medella-lembra-aos-acolitos-o-exemplo-do-bom-samaritano.html#breadcrumb"},"inLanguage":"pt-BR","potentialAction":[{"@type":"ReadAction","target":["https:\/\/franciscanos.org.br\/noticias\/frei-medella-lembra-aos-acolitos-o-exemplo-do-bom-samaritano.html"]}]},{"@type":"BreadcrumbList","@id":"https:\/\/franciscanos.org.br\/noticias\/frei-medella-lembra-aos-acolitos-o-exemplo-do-bom-samaritano.html#breadcrumb","itemListElement":[{"@type":"ListItem","position":1,"name":"Home","item":"https:\/\/franciscanos.org.br\/noticias"},{"@type":"ListItem","position":2,"name":"Frei Medella lembra aos ac\u00f3litos o exemplo do bom samaritano\u00a0"}]},{"@type":"Person","@id":"https:\/\/franciscanos.org.br\/noticias\/#\/schema\/person\/37f88f0d111cd5358b12a6556a99eb91","name":"freiaugusto","image":{"@type":"ImageObject","inLanguage":"pt-BR","@id":"https:\/\/franciscanos.org.br\/noticias\/#\/schema\/person\/image\/","url":"https:\/\/secure.gravatar.com\/avatar\/9840b940e621801b24f3e6b059efb4b7?s=96&d=mm&r=g","contentUrl":"https:\/\/secure.gravatar.com\/avatar\/9840b940e621801b24f3e6b059efb4b7?s=96&d=mm&r=g","caption":"freiaugusto"},"url":"https:\/\/franciscanos.org.br\/noticias\/author\/freiaugusto"}]}},"_links":{"self":[{"href":"https:\/\/franciscanos.org.br\/noticias\/wp-json\/wp\/v2\/posts\/228823"}],"collection":[{"href":"https:\/\/franciscanos.org.br\/noticias\/wp-json\/wp\/v2\/posts"}],"about":[{"href":"https:\/\/franciscanos.org.br\/noticias\/wp-json\/wp\/v2\/types\/post"}],"author":[{"embeddable":true,"href":"https:\/\/franciscanos.org.br\/noticias\/wp-json\/wp\/v2\/users\/5"}],"replies":[{"embeddable":true,"href":"https:\/\/franciscanos.org.br\/noticias\/wp-json\/wp\/v2\/comments?post=228823"}],"version-history":[{"count":4,"href":"https:\/\/franciscanos.org.br\/noticias\/wp-json\/wp\/v2\/posts\/228823\/revisions"}],"predecessor-version":[{"id":237946,"href":"https:\/\/franciscanos.org.br\/noticias\/wp-json\/wp\/v2\/posts\/228823\/revisions\/237946"}],"wp:featuredmedia":[{"embeddable":true,"href":"https:\/\/franciscanos.org.br\/noticias\/wp-json\/wp\/v2\/media\/228824"}],"wp:attachment":[{"href":"https:\/\/franciscanos.org.br\/noticias\/wp-json\/wp\/v2\/media?parent=228823"}],"wp:term":[{"taxonomy":"category","embeddable":true,"href":"https:\/\/franciscanos.org.br\/noticias\/wp-json\/wp\/v2\/categories?post=228823"},{"taxonomy":"post_tag","embeddable":true,"href":"https:\/\/franciscanos.org.br\/noticias\/wp-json\/wp\/v2\/tags?post=228823"}],"curies":[{"name":"wp","href":"https:\/\/api.w.org\/{rel}","templated":true}]}}