{"id":228796,"date":"2020-10-16T07:00:19","date_gmt":"2020-10-16T10:00:19","guid":{"rendered":"https:\/\/franciscanos.org.br\/noticias\/?p=228796"},"modified":"2020-10-16T07:03:36","modified_gmt":"2020-10-16T10:03:36","slug":"covid-19-a-mae-terra-contra-ataca-a-humanidade-lancamento-desta-semana","status":"publish","type":"post","link":"https:\/\/franciscanos.org.br\/noticias\/covid-19-a-mae-terra-contra-ataca-a-humanidade-lancamento-desta-semana.html","title":{"rendered":"&#8220;Covid-19: a M\u00e3e Terra contra-ataca a Humanidade&#8221;, lan\u00e7amento desta semana"},"content":{"rendered":"<p><img loading=\"lazy\" src=\"https:\/\/franciscanos.org.br\/noticias\/wp-content\/uploads\/2020\/10\/Vozes-840.jpg\" alt=\"\" width=\"840\" height=\"454\" \/><\/p>\n<h3><strong>COVID-19: A M\u00c3E TERRA CONTRA-ATACA<\/strong><\/h3>\n<p>Neste livro, Leonardo Boff tenta entender o porqu\u00ea e como a humanidade est\u00e1 sendo atacada por um v\u00edrus mortal. Como o homem est\u00e1 lindando com tudo o que est\u00e1 acontecendo, e como a natureza est\u00e1 tentando passar uma mensagem de socorro.<\/p>\n<p>Leonardo acredita que sairemos mais fortes, com novos h\u00e1bitos, criando rela\u00e7\u00f5es de respeito e de mais cuidado um com o outro. Neste livro, o autor n\u00e3o se atem somente a coment\u00e1rios voltados ao coronav\u00edrus. Boff procura despertar a consci\u00eancia ecol\u00f3gica.<\/p>\n<p>A doen\u00e7a que, atualmente, assola a humanidade est\u00e1 definindo, segundo o autor, um novo rumo para a humanidade, e devemos prestar aten\u00e7\u00e3o nos sinais que a natureza est\u00e1 nos enviando.<\/p>\n<p>Neste texto o autor desenvolve a tese de que o coronav\u00edrus \u00e9 um contra-ataque da Terra as agress\u00f5es que vem sofrendo por danos causados pelo homem.<\/p>\n<p>O autor acredita que mesmo com todo o mal j\u00e1 causado pela humanidade contra a natureza, ainda h\u00e1 tempo de reverter a situa\u00e7\u00e3o, e nos salvar de um apocalipse ecol\u00f3gico.<\/p>\n<p style=\"padding-left: 40px;\"><strong>Resumo:<br \/>\n<\/strong>O autor Leonardo Boff fala neste livro sobre a doen\u00e7a que, atualmente, assola a humanidade, e que est\u00e1 definindo, um novo rumo para nossa hist\u00f3ria. O coronav\u00edrus \u00e9 um contra-ataque da Terra as agress\u00f5es que vem sofrendo por danos causados pelo homem, mas o autor acredita que ainda h\u00e1 tempo.<\/p>\n<hr \/>\n<h3>DICION\u00c1RIO DE HIST\u00d3RIA DAS RELIGI\u00d5ES NA ANTIGUIDADE E MEDIEVO<\/h3>\n<p>Este dicion\u00e1rio possui 137 verbetes redigidos por 43 pesquisadores e prop\u00f5e ao leitor questionar, e se situar historicamente para entender evolu\u00e7\u00f5es e debates. Em alguns momentos os verbetes se mostram como um ensaio de monografia que introduz o assunto. Cada verbete trar\u00e1 a oportunidade de se aproximar de novos temas. O leitor encontrar\u00e1 um extenso material cheio de informa\u00e7\u00f5es e novas id\u00e9ias.<\/p>\n<p>O Estudo de Hist\u00f3ria das Religi\u00f5es trazem uma linha do tempo do s\u00e9culo XIX e demonstram id\u00e9ias e pr\u00e1ticas religiosas. O objetivo desta obra \u00e9 a organiza\u00e7\u00e3o hist\u00f3rica sobre as principais formas de religi\u00f5es presentes na Antiguidade e Medievo, com foco na Eur\u00e1dia.<\/p>\n<p>Esta obra abordar\u00e1 conceitos e termos usados para se estudar religi\u00e3o, de uma forma mais convencional. Al\u00e9m disso, este dicion\u00e1rio trar\u00e1 as diferentes faces de cren\u00e7as religiosas populares e eruditas. Passando pelos mitos, folclores e simbolismo presente em diferentes religi\u00f5es.<\/p>\n<p>Com o objetivo de ajudar na compreens\u00e3o do leitor, este dicion\u00e1rio teve termos e voc\u00e1bulos antigos e medievais traduzidos e\/ou adaptados ao portugu\u00eas moderno. Com o intuito de colaborar na dissemina\u00e7\u00e3o de religi\u00f5es que j\u00e1 desapareceram e outras pouco conhecidas este dicion\u00e1rio trar\u00e1 diferentes pontos de vista sobre a religi\u00e3o no mundo moderno.<\/p>\n<p style=\"padding-left: 40px;\"><strong>Resumo:<\/strong><br \/>\nO Estudo de Hist\u00f3ria das Religi\u00f5es trazem uma linha do tempo do s\u00e9culo XIX e demonstram id\u00e9ias e pr\u00e1ticas religiosas. Com o intuito de colaborar na dissemina\u00e7\u00e3o de religi\u00f5es que j\u00e1 desapareceram e outras pouco conhecidas este dicion\u00e1rio trar\u00e1 diferentes pontos de vista sobre a religi\u00e3o no mundo moderno.<\/p>\n<hr \/>\n<h3><strong>RESSURREI\u00c7\u00c3O COMO ANTECIPA\u00c7\u00c3O MESSI\u00c2NICA<\/strong><\/h3>\n<p>Neste livro o te\u00f3logo, Carlos Mensoza-\u00c1lvarez busca novas defini\u00e7\u00f5es para a ressurrei\u00e7\u00e3o. Para o autor a for\u00e7a do capitalismo, e seu necropoder, est\u00e3o retirando da humanidade \u00e0 habilidade de encontrar o amor verdadeiro e que resista ao reino da morte.<\/p>\n<p>Mensoza-\u00c1lvarez tenta entender o sil\u00eancio de Deus em meio a uma constante situa\u00e7\u00e3o de tristeza e guerra na qual o homem vive. O autor nos introduz um tipo de teologia pol\u00edtica. A viv\u00eancia em meio ao caos e batalhas, guiados pelo capitalismo e lucro, aumentando a impunidade e o mal na sociedade.<\/p>\n<p>Neste tipo de teologia abordada pelo autor, o objetivo \u00e9 desvendar como o discurso teol\u00f3gico se encaixa com o colapso das na\u00e7\u00f5es. Esta obra critica de maneira profunda como o capitalismo neoliberal destorce a vis\u00e3o de mundo, em que vida s\u00e3o descart\u00e1veis.<\/p>\n<p>Este livro visa ampliar o conceito de ressurrei\u00e7\u00e3o para al\u00e9m pessoas crucificadas pelo poder do capitalismo. Crer na ressurrei\u00e7\u00e3o, de acordo com o autor \u00e9 ter uma nova vida, com esperan\u00e7a e dignidade.<\/p>\n<p style=\"padding-left: 40px;\"><strong>Resumo:<\/strong><br \/>\nNeste livro o te\u00f3logo, Carlos Mensoza-\u00c1lvarez, mostra como a for\u00e7a do capitalismo, e seu necropoder, est\u00e3o retirando da humanidade \u00e0 habilidade de encontrar o amor verdadeiro e que resista ao reino da morte. Crer na ressurrei\u00e7\u00e3o, de acordo com o autor \u00e9 ter uma nova vida, com esperan\u00e7a e dignidade.<\/p>\n","protected":false},"excerpt":{"rendered":"<p>Editora Vozes<\/p>\n","protected":false},"author":7,"featured_media":228818,"comment_status":"open","ping_status":"open","sticky":false,"template":"","format":"standard","meta":[],"categories":[1],"tags":[238],"acf":[],"yoast_head":"<!-- This site is optimized with the Yoast SEO plugin v19.2 - https:\/\/yoast.com\/wordpress\/plugins\/seo\/ -->\n<title>&quot;Covid-19: a M\u00e3e Terra contra-ataca a Humanidade&quot;, lan\u00e7amento desta semana - Not\u00edcias - Franciscanos<\/title>\n<meta name=\"robots\" content=\"index, follow, max-snippet:-1, max-image-preview:large, max-video-preview:-1\" \/>\n<link rel=\"canonical\" href=\"https:\/\/franciscanos.org.br\/noticias\/covid-19-a-mae-terra-contra-ataca-a-humanidade-lancamento-desta-semana.html\" \/>\n<meta property=\"og:locale\" content=\"pt_BR\" \/>\n<meta property=\"og:type\" content=\"article\" \/>\n<meta property=\"og:title\" content=\"&quot;Covid-19: a M\u00e3e Terra contra-ataca a Humanidade&quot;, lan\u00e7amento desta semana - Not\u00edcias - Franciscanos\" \/>\n<meta property=\"og:description\" content=\"Editora Vozes\" \/>\n<meta property=\"og:url\" content=\"https:\/\/franciscanos.org.br\/noticias\/covid-19-a-mae-terra-contra-ataca-a-humanidade-lancamento-desta-semana.html\" \/>\n<meta property=\"og:site_name\" content=\"Not\u00edcias - Franciscanos\" \/>\n<meta property=\"article:published_time\" content=\"2020-10-16T10:00:19+00:00\" \/>\n<meta property=\"article:modified_time\" content=\"2020-10-16T10:03:36+00:00\" \/>\n<meta property=\"og:image\" content=\"https:\/\/franciscanos.org.br\/noticias\/wp-content\/uploads\/2020\/10\/boff_dd.png\" \/>\n\t<meta property=\"og:image:width\" content=\"800\" \/>\n\t<meta property=\"og:image:height\" content=\"599\" \/>\n\t<meta property=\"og:image:type\" content=\"image\/png\" \/>\n<meta name=\"author\" content=\"jovenal\" \/>\n<meta name=\"twitter:card\" content=\"summary_large_image\" \/>\n<meta name=\"twitter:label1\" content=\"Escrito por\" \/>\n\t<meta name=\"twitter:data1\" content=\"jovenal\" \/>\n\t<meta name=\"twitter:label2\" content=\"Est. tempo de leitura\" \/>\n\t<meta name=\"twitter:data2\" content=\"4 minutos\" \/>\n<script type=\"application\/ld+json\" class=\"yoast-schema-graph\">{\"@context\":\"https:\/\/schema.org\",\"@graph\":[{\"@type\":\"WebSite\",\"@id\":\"https:\/\/franciscanos.org.br\/noticias\/#website\",\"url\":\"https:\/\/franciscanos.org.br\/noticias\/\",\"name\":\"Not\u00edcias - Franciscanos\",\"description\":\"Prov\u00edncia Franciscana da Imaculada Concei\u00e7\u00e3o do Brasil - Ordem dos Frades Menores - OFM\",\"potentialAction\":[{\"@type\":\"SearchAction\",\"target\":{\"@type\":\"EntryPoint\",\"urlTemplate\":\"https:\/\/franciscanos.org.br\/noticias\/?s={search_term_string}\"},\"query-input\":\"required name=search_term_string\"}],\"inLanguage\":\"pt-BR\"},{\"@type\":\"ImageObject\",\"inLanguage\":\"pt-BR\",\"@id\":\"https:\/\/franciscanos.org.br\/noticias\/covid-19-a-mae-terra-contra-ataca-a-humanidade-lancamento-desta-semana.html#primaryimage\",\"url\":\"https:\/\/franciscanos.org.br\/noticias\/wp-content\/uploads\/2020\/10\/boff_dd.png\",\"contentUrl\":\"https:\/\/franciscanos.org.br\/noticias\/wp-content\/uploads\/2020\/10\/boff_dd.png\",\"width\":800,\"height\":599},{\"@type\":\"WebPage\",\"@id\":\"https:\/\/franciscanos.org.br\/noticias\/covid-19-a-mae-terra-contra-ataca-a-humanidade-lancamento-desta-semana.html#webpage\",\"url\":\"https:\/\/franciscanos.org.br\/noticias\/covid-19-a-mae-terra-contra-ataca-a-humanidade-lancamento-desta-semana.html\",\"name\":\"\\\"Covid-19: a M\u00e3e Terra contra-ataca a Humanidade\\\", lan\u00e7amento desta semana - Not\u00edcias - Franciscanos\",\"isPartOf\":{\"@id\":\"https:\/\/franciscanos.org.br\/noticias\/#website\"},\"primaryImageOfPage\":{\"@id\":\"https:\/\/franciscanos.org.br\/noticias\/covid-19-a-mae-terra-contra-ataca-a-humanidade-lancamento-desta-semana.html#primaryimage\"},\"datePublished\":\"2020-10-16T10:00:19+00:00\",\"dateModified\":\"2020-10-16T10:03:36+00:00\",\"author\":{\"@id\":\"https:\/\/franciscanos.org.br\/noticias\/#\/schema\/person\/c3a26b08313dd1772495ce300ab257cc\"},\"breadcrumb\":{\"@id\":\"https:\/\/franciscanos.org.br\/noticias\/covid-19-a-mae-terra-contra-ataca-a-humanidade-lancamento-desta-semana.html#breadcrumb\"},\"inLanguage\":\"pt-BR\",\"potentialAction\":[{\"@type\":\"ReadAction\",\"target\":[\"https:\/\/franciscanos.org.br\/noticias\/covid-19-a-mae-terra-contra-ataca-a-humanidade-lancamento-desta-semana.html\"]}]},{\"@type\":\"BreadcrumbList\",\"@id\":\"https:\/\/franciscanos.org.br\/noticias\/covid-19-a-mae-terra-contra-ataca-a-humanidade-lancamento-desta-semana.html#breadcrumb\",\"itemListElement\":[{\"@type\":\"ListItem\",\"position\":1,\"name\":\"Home\",\"item\":\"https:\/\/franciscanos.org.br\/noticias\"},{\"@type\":\"ListItem\",\"position\":2,\"name\":\"&#8220;Covid-19: a M\u00e3e Terra contra-ataca a Humanidade&#8221;, lan\u00e7amento desta semana\"}]},{\"@type\":\"Person\",\"@id\":\"https:\/\/franciscanos.org.br\/noticias\/#\/schema\/person\/c3a26b08313dd1772495ce300ab257cc\",\"name\":\"jovenal\",\"image\":{\"@type\":\"ImageObject\",\"inLanguage\":\"pt-BR\",\"@id\":\"https:\/\/franciscanos.org.br\/noticias\/#\/schema\/person\/image\/\",\"url\":\"https:\/\/secure.gravatar.com\/avatar\/e94509f531086e2eaf97e72f29ea00f9?s=96&d=mm&r=g\",\"contentUrl\":\"https:\/\/secure.gravatar.com\/avatar\/e94509f531086e2eaf97e72f29ea00f9?s=96&d=mm&r=g\",\"caption\":\"jovenal\"},\"url\":\"https:\/\/franciscanos.org.br\/noticias\/author\/jovenal\"}]}<\/script>\n<!-- \/ Yoast SEO plugin. -->","yoast_head_json":{"title":"\"Covid-19: a M\u00e3e Terra contra-ataca a Humanidade\", lan\u00e7amento desta semana - Not\u00edcias - Franciscanos","robots":{"index":"index","follow":"follow","max-snippet":"max-snippet:-1","max-image-preview":"max-image-preview:large","max-video-preview":"max-video-preview:-1"},"canonical":"https:\/\/franciscanos.org.br\/noticias\/covid-19-a-mae-terra-contra-ataca-a-humanidade-lancamento-desta-semana.html","og_locale":"pt_BR","og_type":"article","og_title":"\"Covid-19: a M\u00e3e Terra contra-ataca a Humanidade\", lan\u00e7amento desta semana - Not\u00edcias - Franciscanos","og_description":"Editora Vozes","og_url":"https:\/\/franciscanos.org.br\/noticias\/covid-19-a-mae-terra-contra-ataca-a-humanidade-lancamento-desta-semana.html","og_site_name":"Not\u00edcias - Franciscanos","article_published_time":"2020-10-16T10:00:19+00:00","article_modified_time":"2020-10-16T10:03:36+00:00","og_image":[{"width":800,"height":599,"url":"https:\/\/franciscanos.org.br\/noticias\/wp-content\/uploads\/2020\/10\/boff_dd.png","type":"image\/png"}],"author":"jovenal","twitter_card":"summary_large_image","twitter_misc":{"Escrito por":"jovenal","Est. tempo de leitura":"4 minutos"},"schema":{"@context":"https:\/\/schema.org","@graph":[{"@type":"WebSite","@id":"https:\/\/franciscanos.org.br\/noticias\/#website","url":"https:\/\/franciscanos.org.br\/noticias\/","name":"Not\u00edcias - Franciscanos","description":"Prov\u00edncia Franciscana da Imaculada Concei\u00e7\u00e3o do Brasil - Ordem dos Frades Menores - OFM","potentialAction":[{"@type":"SearchAction","target":{"@type":"EntryPoint","urlTemplate":"https:\/\/franciscanos.org.br\/noticias\/?s={search_term_string}"},"query-input":"required name=search_term_string"}],"inLanguage":"pt-BR"},{"@type":"ImageObject","inLanguage":"pt-BR","@id":"https:\/\/franciscanos.org.br\/noticias\/covid-19-a-mae-terra-contra-ataca-a-humanidade-lancamento-desta-semana.html#primaryimage","url":"https:\/\/franciscanos.org.br\/noticias\/wp-content\/uploads\/2020\/10\/boff_dd.png","contentUrl":"https:\/\/franciscanos.org.br\/noticias\/wp-content\/uploads\/2020\/10\/boff_dd.png","width":800,"height":599},{"@type":"WebPage","@id":"https:\/\/franciscanos.org.br\/noticias\/covid-19-a-mae-terra-contra-ataca-a-humanidade-lancamento-desta-semana.html#webpage","url":"https:\/\/franciscanos.org.br\/noticias\/covid-19-a-mae-terra-contra-ataca-a-humanidade-lancamento-desta-semana.html","name":"\"Covid-19: a M\u00e3e Terra contra-ataca a Humanidade\", lan\u00e7amento desta semana - Not\u00edcias - Franciscanos","isPartOf":{"@id":"https:\/\/franciscanos.org.br\/noticias\/#website"},"primaryImageOfPage":{"@id":"https:\/\/franciscanos.org.br\/noticias\/covid-19-a-mae-terra-contra-ataca-a-humanidade-lancamento-desta-semana.html#primaryimage"},"datePublished":"2020-10-16T10:00:19+00:00","dateModified":"2020-10-16T10:03:36+00:00","author":{"@id":"https:\/\/franciscanos.org.br\/noticias\/#\/schema\/person\/c3a26b08313dd1772495ce300ab257cc"},"breadcrumb":{"@id":"https:\/\/franciscanos.org.br\/noticias\/covid-19-a-mae-terra-contra-ataca-a-humanidade-lancamento-desta-semana.html#breadcrumb"},"inLanguage":"pt-BR","potentialAction":[{"@type":"ReadAction","target":["https:\/\/franciscanos.org.br\/noticias\/covid-19-a-mae-terra-contra-ataca-a-humanidade-lancamento-desta-semana.html"]}]},{"@type":"BreadcrumbList","@id":"https:\/\/franciscanos.org.br\/noticias\/covid-19-a-mae-terra-contra-ataca-a-humanidade-lancamento-desta-semana.html#breadcrumb","itemListElement":[{"@type":"ListItem","position":1,"name":"Home","item":"https:\/\/franciscanos.org.br\/noticias"},{"@type":"ListItem","position":2,"name":"&#8220;Covid-19: a M\u00e3e Terra contra-ataca a Humanidade&#8221;, lan\u00e7amento desta semana"}]},{"@type":"Person","@id":"https:\/\/franciscanos.org.br\/noticias\/#\/schema\/person\/c3a26b08313dd1772495ce300ab257cc","name":"jovenal","image":{"@type":"ImageObject","inLanguage":"pt-BR","@id":"https:\/\/franciscanos.org.br\/noticias\/#\/schema\/person\/image\/","url":"https:\/\/secure.gravatar.com\/avatar\/e94509f531086e2eaf97e72f29ea00f9?s=96&d=mm&r=g","contentUrl":"https:\/\/secure.gravatar.com\/avatar\/e94509f531086e2eaf97e72f29ea00f9?s=96&d=mm&r=g","caption":"jovenal"},"url":"https:\/\/franciscanos.org.br\/noticias\/author\/jovenal"}]}},"_links":{"self":[{"href":"https:\/\/franciscanos.org.br\/noticias\/wp-json\/wp\/v2\/posts\/228796"}],"collection":[{"href":"https:\/\/franciscanos.org.br\/noticias\/wp-json\/wp\/v2\/posts"}],"about":[{"href":"https:\/\/franciscanos.org.br\/noticias\/wp-json\/wp\/v2\/types\/post"}],"author":[{"embeddable":true,"href":"https:\/\/franciscanos.org.br\/noticias\/wp-json\/wp\/v2\/users\/7"}],"replies":[{"embeddable":true,"href":"https:\/\/franciscanos.org.br\/noticias\/wp-json\/wp\/v2\/comments?post=228796"}],"version-history":[{"count":8,"href":"https:\/\/franciscanos.org.br\/noticias\/wp-json\/wp\/v2\/posts\/228796\/revisions"}],"predecessor-version":[{"id":228817,"href":"https:\/\/franciscanos.org.br\/noticias\/wp-json\/wp\/v2\/posts\/228796\/revisions\/228817"}],"wp:featuredmedia":[{"embeddable":true,"href":"https:\/\/franciscanos.org.br\/noticias\/wp-json\/wp\/v2\/media\/228818"}],"wp:attachment":[{"href":"https:\/\/franciscanos.org.br\/noticias\/wp-json\/wp\/v2\/media?parent=228796"}],"wp:term":[{"taxonomy":"category","embeddable":true,"href":"https:\/\/franciscanos.org.br\/noticias\/wp-json\/wp\/v2\/categories?post=228796"},{"taxonomy":"post_tag","embeddable":true,"href":"https:\/\/franciscanos.org.br\/noticias\/wp-json\/wp\/v2\/tags?post=228796"}],"curies":[{"name":"wp","href":"https:\/\/api.w.org\/{rel}","templated":true}]}}