{"id":228767,"date":"2020-10-13T06:52:58","date_gmt":"2020-10-13T09:52:58","guid":{"rendered":"https:\/\/franciscanos.org.br\/noticias\/?p=228767"},"modified":"2020-11-08T11:23:31","modified_gmt":"2020-11-08T14:23:31","slug":"fratelli-tutti-uma-reflexao-com-enfoque-franciscano","status":"publish","type":"post","link":"https:\/\/franciscanos.org.br\/noticias\/fratelli-tutti-uma-reflexao-com-enfoque-franciscano.html","title":{"rendered":"\u201cFratelli Tutti\u201d, uma reflex\u00e3o com enfoque franciscano"},"content":{"rendered":"<p><img loading=\"lazy\" class=\"alignnone wp-image-228775 size-full\" src=\"https:\/\/franciscanos.org.br\/noticias\/wp-content\/uploads\/2020\/10\/fratellitutti_1200x600.jpg\" alt=\"\" width=\"1200\" height=\"641\" srcset=\"https:\/\/franciscanos.org.br\/noticias\/wp-content\/uploads\/2020\/10\/fratellitutti_1200x600.jpg 1200w, https:\/\/franciscanos.org.br\/noticias\/wp-content\/uploads\/2020\/10\/fratellitutti_1200x600-450x240.jpg 450w, https:\/\/franciscanos.org.br\/noticias\/wp-content\/uploads\/2020\/10\/fratellitutti_1200x600-1024x547.jpg 1024w, https:\/\/franciscanos.org.br\/noticias\/wp-content\/uploads\/2020\/10\/fratellitutti_1200x600-768x410.jpg 768w, https:\/\/franciscanos.org.br\/noticias\/wp-content\/uploads\/2020\/10\/fratellitutti_1200x600-150x80.jpg 150w\" sizes=\"(max-width: 1200px) 100vw, 1200px\" \/><\/p>\n<p><strong>Frei Augusto Luiz Gabriel<\/strong><\/p>\n<p><strong>Petr\u00f3polis (RJ) \u2013 <\/strong>Nos \u00faltimos dias, \u201cos olhos do mundo\u201d voltaram-se para Assis, na It\u00e1lia, ber\u00e7o da Ordem dos Frades Menores. Ao mesmo tempo em que a Fam\u00edlia Franciscana celebrava o dia de seu fundador, S\u00e3o Francisco de Assis, a Igreja, na pessoa do Papa Francisco, lan\u00e7ava uma nova Enc\u00edclica inspirada no Santo de Assis, a j\u00e1 conhecida \u2018Fratelli Tutti\u2019, que quer dizer: \u2018Somos todos irm\u00e3os\u2019.<\/p>\n<p>Dois \u2018Franciscos\u201d juntos lan\u00e7am uma verdadeira proposta de fraternidade que merece ser lida, relida, meditada e aplicada. E \u00e9 por isso que os frades franciscanos do Convento do Sagrado Cora\u00e7\u00e3o de Jesus de Petr\u00f3polis (RJ) e a Tv Franciscanos da Prov\u00edncia da Imaculada Concei\u00e7\u00e3o do Brasil, lan\u00e7am nesta ter\u00e7a-feira (13\/10), a s\u00e9rie \u201cFratelli Tutti\u201d, uma reflex\u00e3o sobre a Enc\u00edclica do Papa Francisco com enfoque franciscano. Em dez epis\u00f3dios, os v\u00eddeos apresentar\u00e3o alguns pontos de toda a recente Enc\u00edclica do Sumo Pont\u00edfice, oferecendo tamb\u00e9m pensamentos e hist\u00f3rias do Santo de Assis. Al\u00e9m disso, cada epis\u00f3dio terminar\u00e1 com uma ora\u00e7\u00e3o! <span style=\"color: #000000;\"><strong>Os epis\u00f3dios v\u00e3o ao ar toda segunda, quarta e sexta, \u00e0s 8 horas.<\/strong><\/span><\/p>\n<p>O texto da Enc\u00edclica mostra o Papa Francisco, parafraseando\u00a0o <em>Poverello<\/em> em v\u00e1rios momentos. No t\u00edtulo, por exemplo, o Papa recupera o elemento da fraternidade\u00a0como valor central das rela\u00e7\u00f5es, n\u00e3o somente entre os humanos, mas entre todas as demais esp\u00e9cies e o planeta. Nesse sentido, o documento \u00e9, ao mesmo tempo, o testemunho de um mundo ferido e uma l\u00facida proposi\u00e7\u00e3o de novos caminhos, que tem como pano de fundo o amor e o cuidado aos mais vulner\u00e1veis.<\/p>\n<p>A Casa Comum, profetizada na <em>Laudato Si<\/em>\u2019, exige uma nova fraternidade que a habite e a construa. Isso, no entanto, s\u00f3 ser\u00e1 poss\u00edvel \u2013 segundo Francisco &#8211; \u201cse se aceita o grande princ\u00edpio dos direitos que brotam do simples fato de possuir a inalien\u00e1vel dignidade humana\u201d. A paz real e duradoura \u2013 diz ele \u2013 s\u00f3 \u00e9 poss\u00edvel \u201ca partir de uma \u00e9tica global de solidariedade e coopera\u00e7\u00e3o ao servi\u00e7o de um futuro modelado pela interdepend\u00eancia e a corresponsabilidade na fam\u00edlia humana inteira\u201d.<\/p>\n<p>Segundo o Papa Francisco, o t\u00edtulo da sua Enc\u00edclica prov\u00e9m da mensagem de Jesus que anima a todos a reconhecerem nos irm\u00e3os e irm\u00e3s a fraternidade universal e assim viver na Casa Comum que o Pai os confiou. \u201cEsta Carta Enc\u00edclica, sobre a fraternidade e a amizade social, tem por t\u00edtulo a express\u00e3o que S\u00e3o Francisco de Assis usava para se dirigir a todos para lhes propor uma forma de vida com sabor do Evangelho (FT 1). S\u00e3o Francisco propunha uma \u2018fraternidade aberta que permite reconhecer, valorizar e amar cada pessoa, para al\u00e9m do contexto f\u00edsico, para l\u00e1 do lugar do mundo onde tenha nascido ou viva\u2019 (FT1)\u201d.<\/p>\n<p>Francisco de Assis serviu de exemplo para o Papa porque semeou a paz por onde passou. Tinha um cora\u00e7\u00e3o grande e achava que o caminho certo era o de viver e partilhar o amor de Deus, despertando o sonho de uma sociedade justa e fraterna.<\/p>\n<p>A l\u00f3gica fraterna do novo caminho que a enc\u00edclica insiste \u00e9:\u00a0 \u201cO \u00e1rduo esfor\u00e7o por superar o que nos divide, sem perder a identidade de cada um, pressup\u00f5e que em todos permane\u00e7a vivo um sentimento basilar de perten\u00e7a\u201d (FT 230). Os firmes la\u00e7os familiares e fraternos sempre superam as brigas por meio do di\u00e1logo e da reconcilia\u00e7\u00e3o. Vale lembrar que, como diz o Papa Francisco, paz n\u00e3o \u00e9 apenas aus\u00eancia de guerras, mas \u00e9 o empenho pela dignidade e protagonismo de todos e todas. Francisco de Assis soube encarnar a op\u00e7\u00e3o pelos pobres fazendo-se um com eles.<\/p>\n<p>Voc\u00ea \u00e9 convidado a trilhar com os frades este caminho de reflex\u00e3o e estudo da nova Enc\u00edclica do Papa Francisco. Assista abaixo a apresenta\u00e7\u00e3o da s\u00e9rie e o primeiro epis\u00f3dio!<\/p>\n<p><iframe loading=\"lazy\" src=\"https:\/\/www.youtube.com\/embed\/Qq9UKSp6QoA\" width=\"100%\" height=\"480\" frameborder=\"0\" allowfullscreen=\"allowfullscreen\"><span data-mce-type=\"bookmark\" style=\"display: inline-block; width: 0px; overflow: hidden; line-height: 0;\" class=\"mce_SELRES_start\">\ufeff<\/span><\/iframe><\/p>\n<p><iframe loading=\"lazy\" src=\"https:\/\/www.youtube.com\/embed\/MbIz-EilUrQ\" width=\"100%\" height=\"480\" frameborder=\"0\" allowfullscreen=\"allowfullscreen\"><span data-mce-type=\"bookmark\" style=\"display: inline-block; width: 0px; overflow: hidden; line-height: 0;\" class=\"mce_SELRES_start\">\ufeff<\/span><\/iframe><\/p>\n","protected":false},"excerpt":{"rendered":"<p>Nova s\u00e9rie da TV Franciscanos<\/p>\n","protected":false},"author":5,"featured_media":228770,"comment_status":"open","ping_status":"open","sticky":false,"template":"","format":"standard","meta":[],"categories":[1],"tags":[1765,190,604],"acf":[],"yoast_head":"<!-- This site is optimized with the Yoast SEO plugin v19.2 - https:\/\/yoast.com\/wordpress\/plugins\/seo\/ -->\n<title>\u201cFratelli Tutti\u201d, uma reflex\u00e3o com enfoque franciscano - Not\u00edcias - Franciscanos<\/title>\n<meta name=\"robots\" content=\"index, follow, max-snippet:-1, max-image-preview:large, max-video-preview:-1\" \/>\n<link rel=\"canonical\" href=\"https:\/\/franciscanos.org.br\/noticias\/fratelli-tutti-uma-reflexao-com-enfoque-franciscano.html\" \/>\n<meta property=\"og:locale\" content=\"pt_BR\" \/>\n<meta property=\"og:type\" content=\"article\" \/>\n<meta property=\"og:title\" content=\"\u201cFratelli Tutti\u201d, uma reflex\u00e3o com enfoque franciscano - Not\u00edcias - Franciscanos\" \/>\n<meta property=\"og:description\" content=\"Nova s\u00e9rie da TV Franciscanos\" \/>\n<meta property=\"og:url\" content=\"https:\/\/franciscanos.org.br\/noticias\/fratelli-tutti-uma-reflexao-com-enfoque-franciscano.html\" \/>\n<meta property=\"og:site_name\" content=\"Not\u00edcias - Franciscanos\" \/>\n<meta property=\"article:published_time\" content=\"2020-10-13T09:52:58+00:00\" \/>\n<meta property=\"article:modified_time\" content=\"2020-11-08T14:23:31+00:00\" \/>\n<meta property=\"og:image\" content=\"https:\/\/franciscanos.org.br\/noticias\/wp-content\/uploads\/2020\/10\/fratellitutti_800x600.jpg\" \/>\n\t<meta property=\"og:image:width\" content=\"800\" \/>\n\t<meta property=\"og:image:height\" content=\"600\" \/>\n\t<meta property=\"og:image:type\" content=\"image\/jpeg\" \/>\n<meta name=\"author\" content=\"freiaugusto\" \/>\n<meta name=\"twitter:card\" content=\"summary_large_image\" \/>\n<meta name=\"twitter:label1\" content=\"Escrito por\" \/>\n\t<meta name=\"twitter:data1\" content=\"freiaugusto\" \/>\n\t<meta name=\"twitter:label2\" content=\"Est. tempo de leitura\" \/>\n\t<meta name=\"twitter:data2\" content=\"3 minutos\" \/>\n<script type=\"application\/ld+json\" class=\"yoast-schema-graph\">{\"@context\":\"https:\/\/schema.org\",\"@graph\":[{\"@type\":\"WebSite\",\"@id\":\"https:\/\/franciscanos.org.br\/noticias\/#website\",\"url\":\"https:\/\/franciscanos.org.br\/noticias\/\",\"name\":\"Not\u00edcias - Franciscanos\",\"description\":\"Prov\u00edncia Franciscana da Imaculada Concei\u00e7\u00e3o do Brasil - Ordem dos Frades Menores - OFM\",\"potentialAction\":[{\"@type\":\"SearchAction\",\"target\":{\"@type\":\"EntryPoint\",\"urlTemplate\":\"https:\/\/franciscanos.org.br\/noticias\/?s={search_term_string}\"},\"query-input\":\"required name=search_term_string\"}],\"inLanguage\":\"pt-BR\"},{\"@type\":\"ImageObject\",\"inLanguage\":\"pt-BR\",\"@id\":\"https:\/\/franciscanos.org.br\/noticias\/fratelli-tutti-uma-reflexao-com-enfoque-franciscano.html#primaryimage\",\"url\":\"https:\/\/franciscanos.org.br\/noticias\/wp-content\/uploads\/2020\/10\/fratellitutti_800x600.jpg\",\"contentUrl\":\"https:\/\/franciscanos.org.br\/noticias\/wp-content\/uploads\/2020\/10\/fratellitutti_800x600.jpg\",\"width\":800,\"height\":600},{\"@type\":\"WebPage\",\"@id\":\"https:\/\/franciscanos.org.br\/noticias\/fratelli-tutti-uma-reflexao-com-enfoque-franciscano.html#webpage\",\"url\":\"https:\/\/franciscanos.org.br\/noticias\/fratelli-tutti-uma-reflexao-com-enfoque-franciscano.html\",\"name\":\"\u201cFratelli Tutti\u201d, uma reflex\u00e3o com enfoque franciscano - Not\u00edcias - Franciscanos\",\"isPartOf\":{\"@id\":\"https:\/\/franciscanos.org.br\/noticias\/#website\"},\"primaryImageOfPage\":{\"@id\":\"https:\/\/franciscanos.org.br\/noticias\/fratelli-tutti-uma-reflexao-com-enfoque-franciscano.html#primaryimage\"},\"datePublished\":\"2020-10-13T09:52:58+00:00\",\"dateModified\":\"2020-11-08T14:23:31+00:00\",\"author\":{\"@id\":\"https:\/\/franciscanos.org.br\/noticias\/#\/schema\/person\/37f88f0d111cd5358b12a6556a99eb91\"},\"breadcrumb\":{\"@id\":\"https:\/\/franciscanos.org.br\/noticias\/fratelli-tutti-uma-reflexao-com-enfoque-franciscano.html#breadcrumb\"},\"inLanguage\":\"pt-BR\",\"potentialAction\":[{\"@type\":\"ReadAction\",\"target\":[\"https:\/\/franciscanos.org.br\/noticias\/fratelli-tutti-uma-reflexao-com-enfoque-franciscano.html\"]}]},{\"@type\":\"BreadcrumbList\",\"@id\":\"https:\/\/franciscanos.org.br\/noticias\/fratelli-tutti-uma-reflexao-com-enfoque-franciscano.html#breadcrumb\",\"itemListElement\":[{\"@type\":\"ListItem\",\"position\":1,\"name\":\"Home\",\"item\":\"https:\/\/franciscanos.org.br\/noticias\"},{\"@type\":\"ListItem\",\"position\":2,\"name\":\"\u201cFratelli Tutti\u201d, uma reflex\u00e3o com enfoque franciscano\"}]},{\"@type\":\"Person\",\"@id\":\"https:\/\/franciscanos.org.br\/noticias\/#\/schema\/person\/37f88f0d111cd5358b12a6556a99eb91\",\"name\":\"freiaugusto\",\"image\":{\"@type\":\"ImageObject\",\"inLanguage\":\"pt-BR\",\"@id\":\"https:\/\/franciscanos.org.br\/noticias\/#\/schema\/person\/image\/\",\"url\":\"https:\/\/secure.gravatar.com\/avatar\/9840b940e621801b24f3e6b059efb4b7?s=96&d=mm&r=g\",\"contentUrl\":\"https:\/\/secure.gravatar.com\/avatar\/9840b940e621801b24f3e6b059efb4b7?s=96&d=mm&r=g\",\"caption\":\"freiaugusto\"},\"url\":\"https:\/\/franciscanos.org.br\/noticias\/author\/freiaugusto\"}]}<\/script>\n<!-- \/ Yoast SEO plugin. -->","yoast_head_json":{"title":"\u201cFratelli Tutti\u201d, uma reflex\u00e3o com enfoque franciscano - Not\u00edcias - Franciscanos","robots":{"index":"index","follow":"follow","max-snippet":"max-snippet:-1","max-image-preview":"max-image-preview:large","max-video-preview":"max-video-preview:-1"},"canonical":"https:\/\/franciscanos.org.br\/noticias\/fratelli-tutti-uma-reflexao-com-enfoque-franciscano.html","og_locale":"pt_BR","og_type":"article","og_title":"\u201cFratelli Tutti\u201d, uma reflex\u00e3o com enfoque franciscano - Not\u00edcias - Franciscanos","og_description":"Nova s\u00e9rie da TV Franciscanos","og_url":"https:\/\/franciscanos.org.br\/noticias\/fratelli-tutti-uma-reflexao-com-enfoque-franciscano.html","og_site_name":"Not\u00edcias - Franciscanos","article_published_time":"2020-10-13T09:52:58+00:00","article_modified_time":"2020-11-08T14:23:31+00:00","og_image":[{"width":800,"height":600,"url":"https:\/\/franciscanos.org.br\/noticias\/wp-content\/uploads\/2020\/10\/fratellitutti_800x600.jpg","type":"image\/jpeg"}],"author":"freiaugusto","twitter_card":"summary_large_image","twitter_misc":{"Escrito por":"freiaugusto","Est. tempo de leitura":"3 minutos"},"schema":{"@context":"https:\/\/schema.org","@graph":[{"@type":"WebSite","@id":"https:\/\/franciscanos.org.br\/noticias\/#website","url":"https:\/\/franciscanos.org.br\/noticias\/","name":"Not\u00edcias - Franciscanos","description":"Prov\u00edncia Franciscana da Imaculada Concei\u00e7\u00e3o do Brasil - Ordem dos Frades Menores - OFM","potentialAction":[{"@type":"SearchAction","target":{"@type":"EntryPoint","urlTemplate":"https:\/\/franciscanos.org.br\/noticias\/?s={search_term_string}"},"query-input":"required name=search_term_string"}],"inLanguage":"pt-BR"},{"@type":"ImageObject","inLanguage":"pt-BR","@id":"https:\/\/franciscanos.org.br\/noticias\/fratelli-tutti-uma-reflexao-com-enfoque-franciscano.html#primaryimage","url":"https:\/\/franciscanos.org.br\/noticias\/wp-content\/uploads\/2020\/10\/fratellitutti_800x600.jpg","contentUrl":"https:\/\/franciscanos.org.br\/noticias\/wp-content\/uploads\/2020\/10\/fratellitutti_800x600.jpg","width":800,"height":600},{"@type":"WebPage","@id":"https:\/\/franciscanos.org.br\/noticias\/fratelli-tutti-uma-reflexao-com-enfoque-franciscano.html#webpage","url":"https:\/\/franciscanos.org.br\/noticias\/fratelli-tutti-uma-reflexao-com-enfoque-franciscano.html","name":"\u201cFratelli Tutti\u201d, uma reflex\u00e3o com enfoque franciscano - Not\u00edcias - Franciscanos","isPartOf":{"@id":"https:\/\/franciscanos.org.br\/noticias\/#website"},"primaryImageOfPage":{"@id":"https:\/\/franciscanos.org.br\/noticias\/fratelli-tutti-uma-reflexao-com-enfoque-franciscano.html#primaryimage"},"datePublished":"2020-10-13T09:52:58+00:00","dateModified":"2020-11-08T14:23:31+00:00","author":{"@id":"https:\/\/franciscanos.org.br\/noticias\/#\/schema\/person\/37f88f0d111cd5358b12a6556a99eb91"},"breadcrumb":{"@id":"https:\/\/franciscanos.org.br\/noticias\/fratelli-tutti-uma-reflexao-com-enfoque-franciscano.html#breadcrumb"},"inLanguage":"pt-BR","potentialAction":[{"@type":"ReadAction","target":["https:\/\/franciscanos.org.br\/noticias\/fratelli-tutti-uma-reflexao-com-enfoque-franciscano.html"]}]},{"@type":"BreadcrumbList","@id":"https:\/\/franciscanos.org.br\/noticias\/fratelli-tutti-uma-reflexao-com-enfoque-franciscano.html#breadcrumb","itemListElement":[{"@type":"ListItem","position":1,"name":"Home","item":"https:\/\/franciscanos.org.br\/noticias"},{"@type":"ListItem","position":2,"name":"\u201cFratelli Tutti\u201d, uma reflex\u00e3o com enfoque franciscano"}]},{"@type":"Person","@id":"https:\/\/franciscanos.org.br\/noticias\/#\/schema\/person\/37f88f0d111cd5358b12a6556a99eb91","name":"freiaugusto","image":{"@type":"ImageObject","inLanguage":"pt-BR","@id":"https:\/\/franciscanos.org.br\/noticias\/#\/schema\/person\/image\/","url":"https:\/\/secure.gravatar.com\/avatar\/9840b940e621801b24f3e6b059efb4b7?s=96&d=mm&r=g","contentUrl":"https:\/\/secure.gravatar.com\/avatar\/9840b940e621801b24f3e6b059efb4b7?s=96&d=mm&r=g","caption":"freiaugusto"},"url":"https:\/\/franciscanos.org.br\/noticias\/author\/freiaugusto"}]}},"_links":{"self":[{"href":"https:\/\/franciscanos.org.br\/noticias\/wp-json\/wp\/v2\/posts\/228767"}],"collection":[{"href":"https:\/\/franciscanos.org.br\/noticias\/wp-json\/wp\/v2\/posts"}],"about":[{"href":"https:\/\/franciscanos.org.br\/noticias\/wp-json\/wp\/v2\/types\/post"}],"author":[{"embeddable":true,"href":"https:\/\/franciscanos.org.br\/noticias\/wp-json\/wp\/v2\/users\/5"}],"replies":[{"embeddable":true,"href":"https:\/\/franciscanos.org.br\/noticias\/wp-json\/wp\/v2\/comments?post=228767"}],"version-history":[{"count":11,"href":"https:\/\/franciscanos.org.br\/noticias\/wp-json\/wp\/v2\/posts\/228767\/revisions"}],"predecessor-version":[{"id":228783,"href":"https:\/\/franciscanos.org.br\/noticias\/wp-json\/wp\/v2\/posts\/228767\/revisions\/228783"}],"wp:featuredmedia":[{"embeddable":true,"href":"https:\/\/franciscanos.org.br\/noticias\/wp-json\/wp\/v2\/media\/228770"}],"wp:attachment":[{"href":"https:\/\/franciscanos.org.br\/noticias\/wp-json\/wp\/v2\/media?parent=228767"}],"wp:term":[{"taxonomy":"category","embeddable":true,"href":"https:\/\/franciscanos.org.br\/noticias\/wp-json\/wp\/v2\/categories?post=228767"},{"taxonomy":"post_tag","embeddable":true,"href":"https:\/\/franciscanos.org.br\/noticias\/wp-json\/wp\/v2\/tags?post=228767"}],"curies":[{"name":"wp","href":"https:\/\/api.w.org\/{rel}","templated":true}]}}