{"id":228738,"date":"2020-10-11T16:20:06","date_gmt":"2020-10-11T19:20:06","guid":{"rendered":"https:\/\/franciscanos.org.br\/noticias\/?p=228738"},"modified":"2020-10-11T17:40:05","modified_gmt":"2020-10-11T20:40:05","slug":"celebracao-de-acao-de-gracas-marca-i-congresso-online-da-federacao-dos-meninos-cantores-do-brasil","status":"publish","type":"post","link":"https:\/\/franciscanos.org.br\/noticias\/celebracao-de-acao-de-gracas-marca-i-congresso-online-da-federacao-dos-meninos-cantores-do-brasil.html","title":{"rendered":"Celebra\u00e7\u00e3o de A\u00e7\u00e3o de Gra\u00e7as marca \u201cI Congresso Online\u201d da Federa\u00e7\u00e3o dos Meninos Cantores do Brasil"},"content":{"rendered":"<p><img loading=\"lazy\" class=\"alignnone wp-image-228739 size-full\" src=\"https:\/\/franciscanos.org.br\/noticias\/wp-content\/uploads\/2020\/10\/congresso_111020.jpg\" alt=\"\" width=\"1200\" height=\"700\" srcset=\"https:\/\/franciscanos.org.br\/noticias\/wp-content\/uploads\/2020\/10\/congresso_111020.jpg 1200w, https:\/\/franciscanos.org.br\/noticias\/wp-content\/uploads\/2020\/10\/congresso_111020-450x263.jpg 450w, https:\/\/franciscanos.org.br\/noticias\/wp-content\/uploads\/2020\/10\/congresso_111020-1024x597.jpg 1024w, https:\/\/franciscanos.org.br\/noticias\/wp-content\/uploads\/2020\/10\/congresso_111020-768x448.jpg 768w, https:\/\/franciscanos.org.br\/noticias\/wp-content\/uploads\/2020\/10\/congresso_111020-150x88.jpg 150w\" sizes=\"(max-width: 1200px) 100vw, 1200px\" \/><\/p>\n<p><strong>Frei Augusto Luiz Gabriel<\/strong><\/p>\n<p><strong>Petr\u00f3polis (RJ) \u2013<\/strong> \u201cO \u2018I Congresso <em>Online Pueri<\/em> Cantores\u2019 \u00e9 um evento realizado pela internet com objetivo de motivar, incentivar e dar esperan\u00e7a aos corais de meninos, meninas e de jovens de todo o Brasil e do mundo, que devido \u00e0 pandemia est\u00e3o com seus coralistas em casa e impedidos de continuar sua miss\u00e3o de evangelizar e de cantar os louvores a Deus atrav\u00e9s da m\u00fasica e do canto na liturgia\u201d. Foi com essas palavras que o celebrante, Frei Marcos Ant\u00f4nio de Andrade, iniciou a Celebra\u00e7\u00e3o Eucar\u00edstica em A\u00e7\u00e3o de Gra\u00e7as pela Federa\u00e7\u00e3o dos Meninos Cantores do Brasil, que come\u00e7ou \u00e0s 10 horas deste domingo (11\/10).<\/p>\n<p>No coment\u00e1rio inicial, o maestro do Instituto dos Canarinhos de Petr\u00f3polis (IMCP), Marco Aur\u00e9lio Lischt, saudou todos os coros participantes do \u201cI Congresso <em>Online Pueri<\/em> Cantores\u201d da Federa\u00e7\u00e3o, s\u00e3o eles: Coral dos Canarinhos de Petr\u00f3polis (RJ), Coral de Prat\u00e1polis (MG), Coral Mater Verbi (MG), Coral Carpe Diem (SC), Coral Pequenos Cantores de C\u00e1ssia (MG), Coral Pequenos Cantores de Passos (MG), Coral Canarinhos de Itabirito (MG), Meninos Cantores de Campinas (SP), Coral Arautos do Grande Rei (SC), Coral Meninos Cantores de Novo Hamburgo (RS), Coral Meninos Cantores de Nova Erechim (SC), Coral Mater Eclesiae (MG) e o Coral Canarinhos de Campo Largo (PR). Acolheu especialmente a Delega\u00e7\u00e3o da Rep\u00fablica Democr\u00e1tica do Congo que tamb\u00e9m est\u00e1 participando do \u201cI Congresso Online\u201d. A celebra\u00e7\u00e3o foi transmitida ao vivo e em cadeia pela R\u00e1dio Imperial de Petr\u00f3polis, pelo Facebook da Par\u00f3quia do Sagrado e do Instituto dos Meninos Cantores de Petr\u00f3polis e tamb\u00e9m atrav\u00e9s do canal do <em>YouTube Pueri<\/em> Cantores do Brasil.<\/p>\n<p>O Coral dos Canarinhos de Petr\u00f3polis \u00e9 o coro mais antigo do pa\u00eds e desde 1942 canta na Missa das 10 horas na Igreja do Sagrado Cora\u00e7\u00e3o de Jesus. Dedica-se ao an\u00fancio do Reino por meio da arte e da m\u00fasica e anuncia a todas as na\u00e7\u00f5es a alegria e a beleza da P\u00e1scoa de Jesus Cristo. Neste ano, devido \u00e0s restri\u00e7\u00f5es sanit\u00e1rias, os frades do Tempo da Teologia do Convento Franciscano do Sagrado assumiram este compromisso, e sob a reg\u00eancia de Marco Aur\u00e9lio, continuam evangelizando atrav\u00e9s da m\u00fasica. \u201cNestes tempos de pandemia, agrade\u00e7o a disponibilidade dos frades que est\u00e3o nos ajudando a rezar e elevar nossos louvores a Deus\u201d, destacou o celebrante.<\/p>\n<p><img loading=\"lazy\" class=\"alignnone wp-image-228741 size-full\" src=\"https:\/\/franciscanos.org.br\/noticias\/wp-content\/uploads\/2020\/10\/congresso_111020_2.jpg\" alt=\"\" width=\"1200\" height=\"700\" srcset=\"https:\/\/franciscanos.org.br\/noticias\/wp-content\/uploads\/2020\/10\/congresso_111020_2.jpg 1200w, https:\/\/franciscanos.org.br\/noticias\/wp-content\/uploads\/2020\/10\/congresso_111020_2-450x263.jpg 450w, https:\/\/franciscanos.org.br\/noticias\/wp-content\/uploads\/2020\/10\/congresso_111020_2-1024x597.jpg 1024w, https:\/\/franciscanos.org.br\/noticias\/wp-content\/uploads\/2020\/10\/congresso_111020_2-768x448.jpg 768w, https:\/\/franciscanos.org.br\/noticias\/wp-content\/uploads\/2020\/10\/congresso_111020_2-150x88.jpg 150w\" sizes=\"(max-width: 1200px) 100vw, 1200px\" \/><\/p>\n<p>Frei Marcos Andrade come\u00e7ou sua reflex\u00e3o dirigindo-se a todos os corais da Federa\u00e7\u00e3o do Brasil. \u201cNa pessoa do presidente Messias Donizete Faleiros, quero dizer a todos os coros dos meninos e das meninas para que continuem firmes. Estamos esperando voc\u00eas de volta para nos ajudarem a cantar e louvar o nosso Deus em nossas celebra\u00e7\u00f5es. Mantenham firmes a esperan\u00e7a e a f\u00e9 porque tudo isso vai passar\u201d, disse o frade. \u201cA eucaristia \u00e9 sempre sinal de esperan\u00e7a e \u00e9 essa a nossa mensagem no dia de hoje\u201d, acrescentou.<\/p>\n<p>Sobre a liturgia do 28\u00ba Domingo do Tempo Comum, Frei Marcos refletiu sobre o banquete narrado no Evangelho de Mateus (22, 1-14). Para ele, o banquete significa o encontro fraterno, o \u00e1gape de irm\u00e3os e irm\u00e3s e o encontro do amor. \u201cIsto concretamente para n\u00f3s \u00e9 a eucaristia\u201d, sublinhou. \u201cCada domingo viemos comer e beber da Palavra de Deus e da refei\u00e7\u00e3o sagrada do seu Corpo e do seu Sangue. \u00c9 isso que Jesus nos recorda hoje, quando compara o Reino dos C\u00e9us com o Rei que preparou uma grande festa para o casamento de seu Filho\u201d, revelou.<\/p>\n<p>Para Frei Marcos, o Rei pede aos empregados que convidem para a festa os chefes dos sacerdotes e aos anci\u00e3os do povo, mas eles n\u00e3o quiseram ir. Ent\u00e3o o Rei diz aos empregados para convidarem aqueles que est\u00e3o nas encruzilhadas do caminhos: os pobres, prostitutas, ricos, enfim, a todos. \u201cMuitas vezes somos n\u00f3s que estamos nas encruzilhadas da vida e n\u00e3o ouvimos o convite, querendo cuidar apenas das nossas ocupa\u00e7\u00f5es\u201d, ressaltou.<\/p>\n<p>Segundo Frei Marcos, para participarmos do banquete precisamos estar revestidos para a festa. Revestidos de for\u00e7a, como afirma S\u00e3o Paulo na segunda leitura. \u201cNo Batismo recebemos este traje que \u00e9 a veste branca e \u00e9 com essa veste que n\u00f3s devemos participar do banquete. Em cada celebra\u00e7\u00e3o queremos nos revestir de Jesus Cristo, dos seus gestos concretos, palp\u00e1veis, vis\u00edveis, toc\u00e1veis\u201d, explanou.<\/p>\n<p><img loading=\"lazy\" class=\"alignnone wp-image-228740 size-full\" src=\"https:\/\/franciscanos.org.br\/noticias\/wp-content\/uploads\/2020\/10\/congresso_111020_1.jpg\" alt=\"\" width=\"1200\" height=\"700\" srcset=\"https:\/\/franciscanos.org.br\/noticias\/wp-content\/uploads\/2020\/10\/congresso_111020_1.jpg 1200w, https:\/\/franciscanos.org.br\/noticias\/wp-content\/uploads\/2020\/10\/congresso_111020_1-450x263.jpg 450w, https:\/\/franciscanos.org.br\/noticias\/wp-content\/uploads\/2020\/10\/congresso_111020_1-1024x597.jpg 1024w, https:\/\/franciscanos.org.br\/noticias\/wp-content\/uploads\/2020\/10\/congresso_111020_1-768x448.jpg 768w, https:\/\/franciscanos.org.br\/noticias\/wp-content\/uploads\/2020\/10\/congresso_111020_1-150x88.jpg 150w\" sizes=\"(max-width: 1200px) 100vw, 1200px\" \/><\/p>\n<p>\u201cCada vez que estendemos as m\u00e3os, partilhamos os bens, sentimentos, cada vez que damos esperan\u00e7a ao pr\u00f3ximo, estamos nos revestindo de Cristo ressuscitado. E hoje estamos aqui nesta festa, para buscarmos for\u00e7as em Cristo. Nos alimentamos de sua palavra e de seu Corpo e Sangue. Que possamos assumir a miss\u00e3o que Deus deu a cada um de n\u00f3s. Que estejamos sempre atentos para ouvir o convite do Senhor para participarmos do seu banquete e da sua festa que \u00e9 a eucaristia. No Reino de Deus n\u00e3o haver\u00e1 mais fome, dor e doen\u00e7a, mas, haver\u00e1 sempre a sua presen\u00e7a viva em nosso meio\u201d, concluiu.<\/p>\n<p>Ap\u00f3s a comunh\u00e3o, Frei Marcos fez mem\u00f3ria dos fundadores da Federa\u00e7\u00e3o Nacional, que foi criada em 1967 pelo Frei Leto Bienias e Pe. Jos\u00e9 Maria Wiesniesvsky. Destacou tamb\u00e9m a import\u00e2ncia e condu\u00e7\u00e3o por muitos anos do do franciscano e m\u00fasico Frei Jos\u00e9 Luiz Prim. Lembrou do regente Teodolino Jos\u00e9 de Souza, conhecido como Th\u00e9o, do Coral dos Canarinhos de Campo Largo (PR), que neste ano faleceu v\u00edtima da Covid-19.<\/p>\n<p>\u201cQue Maria nossa m\u00e3e interceda a Deus por cada um de n\u00f3s, por todos os coros da Federa\u00e7\u00e3o, nos concedendo esperan\u00e7a e for\u00e7a, para continuarmos nossa miss\u00e3o revestidos de Cristo\u201d. Logo em seguida, convidou o coro dos frades a entoar um c\u00e2ntico em louvor a Maria. \u201cContinuemos conectados pelo cora\u00e7\u00e3o. Contem com nossa ora\u00e7\u00e3o e apoio. Se Deus quiser, em breve estaremos novamente todos juntos\u201d, disse o celebrante encerrando a celebra\u00e7\u00e3o com a solene b\u00ean\u00e7\u00e3o final.<\/p>\n<p style=\"text-align: center;\"><strong>VEJA MAIS IMAGENS DA CELEBRA\u00c7\u00c3O<\/strong><\/p>\n\n\t\t<style type=\"text\/css\">\n\t\t\t#gallery-1 {\n\t\t\t\tmargin: auto;\n\t\t\t}\n\t\t\t#gallery-1 .gallery-item {\n\t\t\t\tfloat: left;\n\t\t\t\tmargin-top: 10px;\n\t\t\t\ttext-align: center;\n\t\t\t\twidth: 25%;\n\t\t\t}\n\t\t\t#gallery-1 img {\n\t\t\t\tborder: 2px solid #cfcfcf;\n\t\t\t}\n\t\t\t#gallery-1 .gallery-caption {\n\t\t\t\tmargin-left: 0;\n\t\t\t}\n\t\t\t\/* see gallery_shortcode() in wp-includes\/media.php *\/\n\t\t<\/style>\n\t\t<div id='gallery-1' class='gallery galleryid-228738 gallery-columns-4 gallery-size-medium'><dl class='gallery-item'>\n\t\t\t<dt class='gallery-icon landscape'>\n\t\t\t\t<a href='https:\/\/franciscanos.org.br\/noticias\/wp-content\/uploads\/2020\/10\/congresso_101020-1.jpg'><img width=\"450\" height=\"300\" src=\"https:\/\/franciscanos.org.br\/noticias\/wp-content\/uploads\/2020\/10\/congresso_101020-1-450x300.jpg\" class=\"attachment-medium size-medium\" alt=\"\" loading=\"lazy\" srcset=\"https:\/\/franciscanos.org.br\/noticias\/wp-content\/uploads\/2020\/10\/congresso_101020-1-450x300.jpg 450w, https:\/\/franciscanos.org.br\/noticias\/wp-content\/uploads\/2020\/10\/congresso_101020-1-768x512.jpg 768w, https:\/\/franciscanos.org.br\/noticias\/wp-content\/uploads\/2020\/10\/congresso_101020-1-150x100.jpg 150w, https:\/\/franciscanos.org.br\/noticias\/wp-content\/uploads\/2020\/10\/congresso_101020-1.jpg 1024w\" sizes=\"(max-width: 450px) 100vw, 450px\" \/><\/a>\n\t\t\t<\/dt><\/dl><dl class='gallery-item'>\n\t\t\t<dt class='gallery-icon landscape'>\n\t\t\t\t<a href='https:\/\/franciscanos.org.br\/noticias\/wp-content\/uploads\/2020\/10\/congresso_101020-2.jpg'><img width=\"450\" height=\"300\" src=\"https:\/\/franciscanos.org.br\/noticias\/wp-content\/uploads\/2020\/10\/congresso_101020-2-450x300.jpg\" class=\"attachment-medium size-medium\" alt=\"\" loading=\"lazy\" srcset=\"https:\/\/franciscanos.org.br\/noticias\/wp-content\/uploads\/2020\/10\/congresso_101020-2-450x300.jpg 450w, https:\/\/franciscanos.org.br\/noticias\/wp-content\/uploads\/2020\/10\/congresso_101020-2-768x512.jpg 768w, https:\/\/franciscanos.org.br\/noticias\/wp-content\/uploads\/2020\/10\/congresso_101020-2-150x100.jpg 150w, https:\/\/franciscanos.org.br\/noticias\/wp-content\/uploads\/2020\/10\/congresso_101020-2.jpg 1024w\" sizes=\"(max-width: 450px) 100vw, 450px\" \/><\/a>\n\t\t\t<\/dt><\/dl><dl class='gallery-item'>\n\t\t\t<dt class='gallery-icon landscape'>\n\t\t\t\t<a href='https:\/\/franciscanos.org.br\/noticias\/wp-content\/uploads\/2020\/10\/congresso_101020-3.jpg'><img width=\"450\" height=\"300\" src=\"https:\/\/franciscanos.org.br\/noticias\/wp-content\/uploads\/2020\/10\/congresso_101020-3-450x300.jpg\" class=\"attachment-medium size-medium\" alt=\"\" loading=\"lazy\" srcset=\"https:\/\/franciscanos.org.br\/noticias\/wp-content\/uploads\/2020\/10\/congresso_101020-3-450x300.jpg 450w, https:\/\/franciscanos.org.br\/noticias\/wp-content\/uploads\/2020\/10\/congresso_101020-3-768x512.jpg 768w, https:\/\/franciscanos.org.br\/noticias\/wp-content\/uploads\/2020\/10\/congresso_101020-3-150x100.jpg 150w, https:\/\/franciscanos.org.br\/noticias\/wp-content\/uploads\/2020\/10\/congresso_101020-3.jpg 1024w\" sizes=\"(max-width: 450px) 100vw, 450px\" \/><\/a>\n\t\t\t<\/dt><\/dl><dl class='gallery-item'>\n\t\t\t<dt class='gallery-icon landscape'>\n\t\t\t\t<a href='https:\/\/franciscanos.org.br\/noticias\/wp-content\/uploads\/2020\/10\/congresso_101020-5.jpg'><img width=\"450\" height=\"300\" src=\"https:\/\/franciscanos.org.br\/noticias\/wp-content\/uploads\/2020\/10\/congresso_101020-5-450x300.jpg\" class=\"attachment-medium size-medium\" alt=\"\" loading=\"lazy\" srcset=\"https:\/\/franciscanos.org.br\/noticias\/wp-content\/uploads\/2020\/10\/congresso_101020-5-450x300.jpg 450w, https:\/\/franciscanos.org.br\/noticias\/wp-content\/uploads\/2020\/10\/congresso_101020-5-768x512.jpg 768w, https:\/\/franciscanos.org.br\/noticias\/wp-content\/uploads\/2020\/10\/congresso_101020-5-150x100.jpg 150w, https:\/\/franciscanos.org.br\/noticias\/wp-content\/uploads\/2020\/10\/congresso_101020-5.jpg 1024w\" sizes=\"(max-width: 450px) 100vw, 450px\" \/><\/a>\n\t\t\t<\/dt><\/dl><br style=\"clear: both\" \/><dl class='gallery-item'>\n\t\t\t<dt class='gallery-icon landscape'>\n\t\t\t\t<a href='https:\/\/franciscanos.org.br\/noticias\/wp-content\/uploads\/2020\/10\/congresso_101020-6.jpg'><img width=\"450\" height=\"300\" src=\"https:\/\/franciscanos.org.br\/noticias\/wp-content\/uploads\/2020\/10\/congresso_101020-6-450x300.jpg\" class=\"attachment-medium size-medium\" alt=\"\" loading=\"lazy\" srcset=\"https:\/\/franciscanos.org.br\/noticias\/wp-content\/uploads\/2020\/10\/congresso_101020-6-450x300.jpg 450w, https:\/\/franciscanos.org.br\/noticias\/wp-content\/uploads\/2020\/10\/congresso_101020-6-768x512.jpg 768w, https:\/\/franciscanos.org.br\/noticias\/wp-content\/uploads\/2020\/10\/congresso_101020-6-150x100.jpg 150w, https:\/\/franciscanos.org.br\/noticias\/wp-content\/uploads\/2020\/10\/congresso_101020-6.jpg 1024w\" sizes=\"(max-width: 450px) 100vw, 450px\" \/><\/a>\n\t\t\t<\/dt><\/dl><dl class='gallery-item'>\n\t\t\t<dt class='gallery-icon landscape'>\n\t\t\t\t<a href='https:\/\/franciscanos.org.br\/noticias\/wp-content\/uploads\/2020\/10\/congresso_101020-7.jpg'><img width=\"450\" height=\"300\" src=\"https:\/\/franciscanos.org.br\/noticias\/wp-content\/uploads\/2020\/10\/congresso_101020-7-450x300.jpg\" class=\"attachment-medium size-medium\" alt=\"\" loading=\"lazy\" srcset=\"https:\/\/franciscanos.org.br\/noticias\/wp-content\/uploads\/2020\/10\/congresso_101020-7-450x300.jpg 450w, https:\/\/franciscanos.org.br\/noticias\/wp-content\/uploads\/2020\/10\/congresso_101020-7-768x512.jpg 768w, https:\/\/franciscanos.org.br\/noticias\/wp-content\/uploads\/2020\/10\/congresso_101020-7-150x100.jpg 150w, https:\/\/franciscanos.org.br\/noticias\/wp-content\/uploads\/2020\/10\/congresso_101020-7.jpg 1024w\" sizes=\"(max-width: 450px) 100vw, 450px\" \/><\/a>\n\t\t\t<\/dt><\/dl><dl class='gallery-item'>\n\t\t\t<dt class='gallery-icon landscape'>\n\t\t\t\t<a href='https:\/\/franciscanos.org.br\/noticias\/wp-content\/uploads\/2020\/10\/congresso_101020-8.jpg'><img width=\"450\" height=\"300\" src=\"https:\/\/franciscanos.org.br\/noticias\/wp-content\/uploads\/2020\/10\/congresso_101020-8-450x300.jpg\" class=\"attachment-medium size-medium\" alt=\"\" loading=\"lazy\" srcset=\"https:\/\/franciscanos.org.br\/noticias\/wp-content\/uploads\/2020\/10\/congresso_101020-8-450x300.jpg 450w, https:\/\/franciscanos.org.br\/noticias\/wp-content\/uploads\/2020\/10\/congresso_101020-8-768x512.jpg 768w, https:\/\/franciscanos.org.br\/noticias\/wp-content\/uploads\/2020\/10\/congresso_101020-8-150x100.jpg 150w, https:\/\/franciscanos.org.br\/noticias\/wp-content\/uploads\/2020\/10\/congresso_101020-8.jpg 1024w\" sizes=\"(max-width: 450px) 100vw, 450px\" \/><\/a>\n\t\t\t<\/dt><\/dl><dl class='gallery-item'>\n\t\t\t<dt class='gallery-icon landscape'>\n\t\t\t\t<a href='https:\/\/franciscanos.org.br\/noticias\/wp-content\/uploads\/2020\/10\/congresso_101020-9.jpg'><img width=\"450\" height=\"300\" src=\"https:\/\/franciscanos.org.br\/noticias\/wp-content\/uploads\/2020\/10\/congresso_101020-9-450x300.jpg\" class=\"attachment-medium size-medium\" alt=\"\" loading=\"lazy\" srcset=\"https:\/\/franciscanos.org.br\/noticias\/wp-content\/uploads\/2020\/10\/congresso_101020-9-450x300.jpg 450w, https:\/\/franciscanos.org.br\/noticias\/wp-content\/uploads\/2020\/10\/congresso_101020-9-768x512.jpg 768w, https:\/\/franciscanos.org.br\/noticias\/wp-content\/uploads\/2020\/10\/congresso_101020-9-150x100.jpg 150w, https:\/\/franciscanos.org.br\/noticias\/wp-content\/uploads\/2020\/10\/congresso_101020-9.jpg 1024w\" sizes=\"(max-width: 450px) 100vw, 450px\" \/><\/a>\n\t\t\t<\/dt><\/dl><br style=\"clear: both\" \/><dl class='gallery-item'>\n\t\t\t<dt class='gallery-icon landscape'>\n\t\t\t\t<a href='https:\/\/franciscanos.org.br\/noticias\/wp-content\/uploads\/2020\/10\/congresso_101020-11.jpg'><img width=\"450\" height=\"300\" src=\"https:\/\/franciscanos.org.br\/noticias\/wp-content\/uploads\/2020\/10\/congresso_101020-11-450x300.jpg\" class=\"attachment-medium size-medium\" alt=\"\" loading=\"lazy\" srcset=\"https:\/\/franciscanos.org.br\/noticias\/wp-content\/uploads\/2020\/10\/congresso_101020-11-450x300.jpg 450w, https:\/\/franciscanos.org.br\/noticias\/wp-content\/uploads\/2020\/10\/congresso_101020-11-768x512.jpg 768w, https:\/\/franciscanos.org.br\/noticias\/wp-content\/uploads\/2020\/10\/congresso_101020-11-150x100.jpg 150w, https:\/\/franciscanos.org.br\/noticias\/wp-content\/uploads\/2020\/10\/congresso_101020-11.jpg 1024w\" sizes=\"(max-width: 450px) 100vw, 450px\" \/><\/a>\n\t\t\t<\/dt><\/dl><dl class='gallery-item'>\n\t\t\t<dt class='gallery-icon landscape'>\n\t\t\t\t<a href='https:\/\/franciscanos.org.br\/noticias\/wp-content\/uploads\/2020\/10\/congresso_101020-12.jpg'><img width=\"450\" height=\"300\" src=\"https:\/\/franciscanos.org.br\/noticias\/wp-content\/uploads\/2020\/10\/congresso_101020-12-450x300.jpg\" class=\"attachment-medium size-medium\" alt=\"\" loading=\"lazy\" srcset=\"https:\/\/franciscanos.org.br\/noticias\/wp-content\/uploads\/2020\/10\/congresso_101020-12-450x300.jpg 450w, https:\/\/franciscanos.org.br\/noticias\/wp-content\/uploads\/2020\/10\/congresso_101020-12-768x512.jpg 768w, https:\/\/franciscanos.org.br\/noticias\/wp-content\/uploads\/2020\/10\/congresso_101020-12-150x100.jpg 150w, https:\/\/franciscanos.org.br\/noticias\/wp-content\/uploads\/2020\/10\/congresso_101020-12.jpg 1024w\" sizes=\"(max-width: 450px) 100vw, 450px\" \/><\/a>\n\t\t\t<\/dt><\/dl><dl class='gallery-item'>\n\t\t\t<dt class='gallery-icon landscape'>\n\t\t\t\t<a href='https:\/\/franciscanos.org.br\/noticias\/wp-content\/uploads\/2020\/10\/congresso_101020-13.jpg'><img width=\"450\" height=\"300\" src=\"https:\/\/franciscanos.org.br\/noticias\/wp-content\/uploads\/2020\/10\/congresso_101020-13-450x300.jpg\" class=\"attachment-medium size-medium\" alt=\"\" loading=\"lazy\" srcset=\"https:\/\/franciscanos.org.br\/noticias\/wp-content\/uploads\/2020\/10\/congresso_101020-13-450x300.jpg 450w, https:\/\/franciscanos.org.br\/noticias\/wp-content\/uploads\/2020\/10\/congresso_101020-13-768x512.jpg 768w, https:\/\/franciscanos.org.br\/noticias\/wp-content\/uploads\/2020\/10\/congresso_101020-13-150x100.jpg 150w, https:\/\/franciscanos.org.br\/noticias\/wp-content\/uploads\/2020\/10\/congresso_101020-13.jpg 1024w\" sizes=\"(max-width: 450px) 100vw, 450px\" \/><\/a>\n\t\t\t<\/dt><\/dl><dl class='gallery-item'>\n\t\t\t<dt class='gallery-icon landscape'>\n\t\t\t\t<a href='https:\/\/franciscanos.org.br\/noticias\/wp-content\/uploads\/2020\/10\/congresso_101020-15.jpg'><img width=\"450\" height=\"300\" src=\"https:\/\/franciscanos.org.br\/noticias\/wp-content\/uploads\/2020\/10\/congresso_101020-15-450x300.jpg\" class=\"attachment-medium size-medium\" alt=\"\" loading=\"lazy\" srcset=\"https:\/\/franciscanos.org.br\/noticias\/wp-content\/uploads\/2020\/10\/congresso_101020-15-450x300.jpg 450w, https:\/\/franciscanos.org.br\/noticias\/wp-content\/uploads\/2020\/10\/congresso_101020-15-768x512.jpg 768w, https:\/\/franciscanos.org.br\/noticias\/wp-content\/uploads\/2020\/10\/congresso_101020-15-150x100.jpg 150w, https:\/\/franciscanos.org.br\/noticias\/wp-content\/uploads\/2020\/10\/congresso_101020-15.jpg 1024w\" sizes=\"(max-width: 450px) 100vw, 450px\" \/><\/a>\n\t\t\t<\/dt><\/dl><br style=\"clear: both\" \/>\n\t\t<\/div>\n\n","protected":false},"excerpt":{"rendered":"<p>I Congresso Online Pueri Cantores<\/p>\n","protected":false},"author":5,"featured_media":228742,"comment_status":"open","ping_status":"open","sticky":false,"template":"","format":"standard","meta":[],"categories":[1],"tags":[1378,1766,190,604],"acf":[],"yoast_head":"<!-- This site is optimized with the Yoast SEO plugin v19.2 - https:\/\/yoast.com\/wordpress\/plugins\/seo\/ -->\n<title>Celebra\u00e7\u00e3o de A\u00e7\u00e3o de Gra\u00e7as marca \u201cI Congresso Online\u201d da Federa\u00e7\u00e3o dos Meninos Cantores do Brasil - Not\u00edcias - Franciscanos<\/title>\n<meta name=\"robots\" content=\"index, follow, max-snippet:-1, max-image-preview:large, max-video-preview:-1\" \/>\n<link rel=\"canonical\" href=\"https:\/\/franciscanos.org.br\/noticias\/celebracao-de-acao-de-gracas-marca-i-congresso-online-da-federacao-dos-meninos-cantores-do-brasil.html\" \/>\n<meta property=\"og:locale\" content=\"pt_BR\" \/>\n<meta property=\"og:type\" content=\"article\" \/>\n<meta property=\"og:title\" content=\"Celebra\u00e7\u00e3o de A\u00e7\u00e3o de Gra\u00e7as marca \u201cI Congresso Online\u201d da Federa\u00e7\u00e3o dos Meninos Cantores do Brasil - Not\u00edcias - Franciscanos\" \/>\n<meta property=\"og:description\" content=\"I Congresso Online Pueri Cantores\" \/>\n<meta property=\"og:url\" content=\"https:\/\/franciscanos.org.br\/noticias\/celebracao-de-acao-de-gracas-marca-i-congresso-online-da-federacao-dos-meninos-cantores-do-brasil.html\" \/>\n<meta property=\"og:site_name\" content=\"Not\u00edcias - Franciscanos\" \/>\n<meta property=\"article:published_time\" content=\"2020-10-11T19:20:06+00:00\" \/>\n<meta property=\"article:modified_time\" content=\"2020-10-11T20:40:05+00:00\" \/>\n<meta property=\"og:image\" content=\"https:\/\/franciscanos.org.br\/noticias\/wp-content\/uploads\/2020\/10\/congresso_111020_3.jpg\" \/>\n\t<meta property=\"og:image:width\" content=\"800\" \/>\n\t<meta property=\"og:image:height\" content=\"600\" \/>\n\t<meta property=\"og:image:type\" content=\"image\/jpeg\" \/>\n<meta name=\"author\" content=\"freiaugusto\" \/>\n<meta name=\"twitter:card\" content=\"summary_large_image\" \/>\n<meta name=\"twitter:label1\" content=\"Escrito por\" \/>\n\t<meta name=\"twitter:data1\" content=\"freiaugusto\" \/>\n\t<meta name=\"twitter:label2\" content=\"Est. tempo de leitura\" \/>\n\t<meta name=\"twitter:data2\" content=\"5 minutos\" \/>\n<script type=\"application\/ld+json\" class=\"yoast-schema-graph\">{\"@context\":\"https:\/\/schema.org\",\"@graph\":[{\"@type\":\"WebSite\",\"@id\":\"https:\/\/franciscanos.org.br\/noticias\/#website\",\"url\":\"https:\/\/franciscanos.org.br\/noticias\/\",\"name\":\"Not\u00edcias - Franciscanos\",\"description\":\"Prov\u00edncia Franciscana da Imaculada Concei\u00e7\u00e3o do Brasil - Ordem dos Frades Menores - OFM\",\"potentialAction\":[{\"@type\":\"SearchAction\",\"target\":{\"@type\":\"EntryPoint\",\"urlTemplate\":\"https:\/\/franciscanos.org.br\/noticias\/?s={search_term_string}\"},\"query-input\":\"required name=search_term_string\"}],\"inLanguage\":\"pt-BR\"},{\"@type\":\"ImageObject\",\"inLanguage\":\"pt-BR\",\"@id\":\"https:\/\/franciscanos.org.br\/noticias\/celebracao-de-acao-de-gracas-marca-i-congresso-online-da-federacao-dos-meninos-cantores-do-brasil.html#primaryimage\",\"url\":\"https:\/\/franciscanos.org.br\/noticias\/wp-content\/uploads\/2020\/10\/congresso_111020_3.jpg\",\"contentUrl\":\"https:\/\/franciscanos.org.br\/noticias\/wp-content\/uploads\/2020\/10\/congresso_111020_3.jpg\",\"width\":800,\"height\":600},{\"@type\":\"WebPage\",\"@id\":\"https:\/\/franciscanos.org.br\/noticias\/celebracao-de-acao-de-gracas-marca-i-congresso-online-da-federacao-dos-meninos-cantores-do-brasil.html#webpage\",\"url\":\"https:\/\/franciscanos.org.br\/noticias\/celebracao-de-acao-de-gracas-marca-i-congresso-online-da-federacao-dos-meninos-cantores-do-brasil.html\",\"name\":\"Celebra\u00e7\u00e3o de A\u00e7\u00e3o de Gra\u00e7as marca \u201cI Congresso Online\u201d da Federa\u00e7\u00e3o dos Meninos Cantores do Brasil - Not\u00edcias - Franciscanos\",\"isPartOf\":{\"@id\":\"https:\/\/franciscanos.org.br\/noticias\/#website\"},\"primaryImageOfPage\":{\"@id\":\"https:\/\/franciscanos.org.br\/noticias\/celebracao-de-acao-de-gracas-marca-i-congresso-online-da-federacao-dos-meninos-cantores-do-brasil.html#primaryimage\"},\"datePublished\":\"2020-10-11T19:20:06+00:00\",\"dateModified\":\"2020-10-11T20:40:05+00:00\",\"author\":{\"@id\":\"https:\/\/franciscanos.org.br\/noticias\/#\/schema\/person\/37f88f0d111cd5358b12a6556a99eb91\"},\"breadcrumb\":{\"@id\":\"https:\/\/franciscanos.org.br\/noticias\/celebracao-de-acao-de-gracas-marca-i-congresso-online-da-federacao-dos-meninos-cantores-do-brasil.html#breadcrumb\"},\"inLanguage\":\"pt-BR\",\"potentialAction\":[{\"@type\":\"ReadAction\",\"target\":[\"https:\/\/franciscanos.org.br\/noticias\/celebracao-de-acao-de-gracas-marca-i-congresso-online-da-federacao-dos-meninos-cantores-do-brasil.html\"]}]},{\"@type\":\"BreadcrumbList\",\"@id\":\"https:\/\/franciscanos.org.br\/noticias\/celebracao-de-acao-de-gracas-marca-i-congresso-online-da-federacao-dos-meninos-cantores-do-brasil.html#breadcrumb\",\"itemListElement\":[{\"@type\":\"ListItem\",\"position\":1,\"name\":\"Home\",\"item\":\"https:\/\/franciscanos.org.br\/noticias\"},{\"@type\":\"ListItem\",\"position\":2,\"name\":\"Celebra\u00e7\u00e3o de A\u00e7\u00e3o de Gra\u00e7as marca \u201cI Congresso Online\u201d da Federa\u00e7\u00e3o dos Meninos Cantores do Brasil\"}]},{\"@type\":\"Person\",\"@id\":\"https:\/\/franciscanos.org.br\/noticias\/#\/schema\/person\/37f88f0d111cd5358b12a6556a99eb91\",\"name\":\"freiaugusto\",\"image\":{\"@type\":\"ImageObject\",\"inLanguage\":\"pt-BR\",\"@id\":\"https:\/\/franciscanos.org.br\/noticias\/#\/schema\/person\/image\/\",\"url\":\"https:\/\/secure.gravatar.com\/avatar\/9840b940e621801b24f3e6b059efb4b7?s=96&d=mm&r=g\",\"contentUrl\":\"https:\/\/secure.gravatar.com\/avatar\/9840b940e621801b24f3e6b059efb4b7?s=96&d=mm&r=g\",\"caption\":\"freiaugusto\"},\"url\":\"https:\/\/franciscanos.org.br\/noticias\/author\/freiaugusto\"}]}<\/script>\n<!-- \/ Yoast SEO plugin. -->","yoast_head_json":{"title":"Celebra\u00e7\u00e3o de A\u00e7\u00e3o de Gra\u00e7as marca \u201cI Congresso Online\u201d da Federa\u00e7\u00e3o dos Meninos Cantores do Brasil - Not\u00edcias - Franciscanos","robots":{"index":"index","follow":"follow","max-snippet":"max-snippet:-1","max-image-preview":"max-image-preview:large","max-video-preview":"max-video-preview:-1"},"canonical":"https:\/\/franciscanos.org.br\/noticias\/celebracao-de-acao-de-gracas-marca-i-congresso-online-da-federacao-dos-meninos-cantores-do-brasil.html","og_locale":"pt_BR","og_type":"article","og_title":"Celebra\u00e7\u00e3o de A\u00e7\u00e3o de Gra\u00e7as marca \u201cI Congresso Online\u201d da Federa\u00e7\u00e3o dos Meninos Cantores do Brasil - Not\u00edcias - Franciscanos","og_description":"I Congresso Online Pueri Cantores","og_url":"https:\/\/franciscanos.org.br\/noticias\/celebracao-de-acao-de-gracas-marca-i-congresso-online-da-federacao-dos-meninos-cantores-do-brasil.html","og_site_name":"Not\u00edcias - Franciscanos","article_published_time":"2020-10-11T19:20:06+00:00","article_modified_time":"2020-10-11T20:40:05+00:00","og_image":[{"width":800,"height":600,"url":"https:\/\/franciscanos.org.br\/noticias\/wp-content\/uploads\/2020\/10\/congresso_111020_3.jpg","type":"image\/jpeg"}],"author":"freiaugusto","twitter_card":"summary_large_image","twitter_misc":{"Escrito por":"freiaugusto","Est. tempo de leitura":"5 minutos"},"schema":{"@context":"https:\/\/schema.org","@graph":[{"@type":"WebSite","@id":"https:\/\/franciscanos.org.br\/noticias\/#website","url":"https:\/\/franciscanos.org.br\/noticias\/","name":"Not\u00edcias - Franciscanos","description":"Prov\u00edncia Franciscana da Imaculada Concei\u00e7\u00e3o do Brasil - Ordem dos Frades Menores - OFM","potentialAction":[{"@type":"SearchAction","target":{"@type":"EntryPoint","urlTemplate":"https:\/\/franciscanos.org.br\/noticias\/?s={search_term_string}"},"query-input":"required name=search_term_string"}],"inLanguage":"pt-BR"},{"@type":"ImageObject","inLanguage":"pt-BR","@id":"https:\/\/franciscanos.org.br\/noticias\/celebracao-de-acao-de-gracas-marca-i-congresso-online-da-federacao-dos-meninos-cantores-do-brasil.html#primaryimage","url":"https:\/\/franciscanos.org.br\/noticias\/wp-content\/uploads\/2020\/10\/congresso_111020_3.jpg","contentUrl":"https:\/\/franciscanos.org.br\/noticias\/wp-content\/uploads\/2020\/10\/congresso_111020_3.jpg","width":800,"height":600},{"@type":"WebPage","@id":"https:\/\/franciscanos.org.br\/noticias\/celebracao-de-acao-de-gracas-marca-i-congresso-online-da-federacao-dos-meninos-cantores-do-brasil.html#webpage","url":"https:\/\/franciscanos.org.br\/noticias\/celebracao-de-acao-de-gracas-marca-i-congresso-online-da-federacao-dos-meninos-cantores-do-brasil.html","name":"Celebra\u00e7\u00e3o de A\u00e7\u00e3o de Gra\u00e7as marca \u201cI Congresso Online\u201d da Federa\u00e7\u00e3o dos Meninos Cantores do Brasil - Not\u00edcias - Franciscanos","isPartOf":{"@id":"https:\/\/franciscanos.org.br\/noticias\/#website"},"primaryImageOfPage":{"@id":"https:\/\/franciscanos.org.br\/noticias\/celebracao-de-acao-de-gracas-marca-i-congresso-online-da-federacao-dos-meninos-cantores-do-brasil.html#primaryimage"},"datePublished":"2020-10-11T19:20:06+00:00","dateModified":"2020-10-11T20:40:05+00:00","author":{"@id":"https:\/\/franciscanos.org.br\/noticias\/#\/schema\/person\/37f88f0d111cd5358b12a6556a99eb91"},"breadcrumb":{"@id":"https:\/\/franciscanos.org.br\/noticias\/celebracao-de-acao-de-gracas-marca-i-congresso-online-da-federacao-dos-meninos-cantores-do-brasil.html#breadcrumb"},"inLanguage":"pt-BR","potentialAction":[{"@type":"ReadAction","target":["https:\/\/franciscanos.org.br\/noticias\/celebracao-de-acao-de-gracas-marca-i-congresso-online-da-federacao-dos-meninos-cantores-do-brasil.html"]}]},{"@type":"BreadcrumbList","@id":"https:\/\/franciscanos.org.br\/noticias\/celebracao-de-acao-de-gracas-marca-i-congresso-online-da-federacao-dos-meninos-cantores-do-brasil.html#breadcrumb","itemListElement":[{"@type":"ListItem","position":1,"name":"Home","item":"https:\/\/franciscanos.org.br\/noticias"},{"@type":"ListItem","position":2,"name":"Celebra\u00e7\u00e3o de A\u00e7\u00e3o de Gra\u00e7as marca \u201cI Congresso Online\u201d da Federa\u00e7\u00e3o dos Meninos Cantores do Brasil"}]},{"@type":"Person","@id":"https:\/\/franciscanos.org.br\/noticias\/#\/schema\/person\/37f88f0d111cd5358b12a6556a99eb91","name":"freiaugusto","image":{"@type":"ImageObject","inLanguage":"pt-BR","@id":"https:\/\/franciscanos.org.br\/noticias\/#\/schema\/person\/image\/","url":"https:\/\/secure.gravatar.com\/avatar\/9840b940e621801b24f3e6b059efb4b7?s=96&d=mm&r=g","contentUrl":"https:\/\/secure.gravatar.com\/avatar\/9840b940e621801b24f3e6b059efb4b7?s=96&d=mm&r=g","caption":"freiaugusto"},"url":"https:\/\/franciscanos.org.br\/noticias\/author\/freiaugusto"}]}},"_links":{"self":[{"href":"https:\/\/franciscanos.org.br\/noticias\/wp-json\/wp\/v2\/posts\/228738"}],"collection":[{"href":"https:\/\/franciscanos.org.br\/noticias\/wp-json\/wp\/v2\/posts"}],"about":[{"href":"https:\/\/franciscanos.org.br\/noticias\/wp-json\/wp\/v2\/types\/post"}],"author":[{"embeddable":true,"href":"https:\/\/franciscanos.org.br\/noticias\/wp-json\/wp\/v2\/users\/5"}],"replies":[{"embeddable":true,"href":"https:\/\/franciscanos.org.br\/noticias\/wp-json\/wp\/v2\/comments?post=228738"}],"version-history":[{"count":8,"href":"https:\/\/franciscanos.org.br\/noticias\/wp-json\/wp\/v2\/posts\/228738\/revisions"}],"predecessor-version":[{"id":228766,"href":"https:\/\/franciscanos.org.br\/noticias\/wp-json\/wp\/v2\/posts\/228738\/revisions\/228766"}],"wp:featuredmedia":[{"embeddable":true,"href":"https:\/\/franciscanos.org.br\/noticias\/wp-json\/wp\/v2\/media\/228742"}],"wp:attachment":[{"href":"https:\/\/franciscanos.org.br\/noticias\/wp-json\/wp\/v2\/media?parent=228738"}],"wp:term":[{"taxonomy":"category","embeddable":true,"href":"https:\/\/franciscanos.org.br\/noticias\/wp-json\/wp\/v2\/categories?post=228738"},{"taxonomy":"post_tag","embeddable":true,"href":"https:\/\/franciscanos.org.br\/noticias\/wp-json\/wp\/v2\/tags?post=228738"}],"curies":[{"name":"wp","href":"https:\/\/api.w.org\/{rel}","templated":true}]}}