{"id":228728,"date":"2020-10-11T08:13:17","date_gmt":"2020-10-11T11:13:17","guid":{"rendered":"https:\/\/franciscanos.org.br\/noticias\/?p=228728"},"modified":"2020-10-11T09:36:19","modified_gmt":"2020-10-11T12:36:19","slug":"papa-o-evangelho-nao-e-reservado-a-poucos-eleitos-deus-prepara-seu-banquete-para-todos","status":"publish","type":"post","link":"https:\/\/franciscanos.org.br\/noticias\/papa-o-evangelho-nao-e-reservado-a-poucos-eleitos-deus-prepara-seu-banquete-para-todos.html","title":{"rendered":"Papa: o Evangelho n\u00e3o \u00e9 reservado a poucos eleitos, Deus prepara seu banquete para todos"},"content":{"rendered":"<div id=\"attachment_228734\" style=\"width: 900px\" class=\"wp-caption alignnone\"><img aria-describedby=\"caption-attachment-228734\" loading=\"lazy\" class=\"wp-image-228734 size-full\" src=\"https:\/\/franciscanos.org.br\/noticias\/wp-content\/uploads\/2020\/10\/angelus_11.jpg\" alt=\"\" width=\"890\" height=\"592\" srcset=\"https:\/\/franciscanos.org.br\/noticias\/wp-content\/uploads\/2020\/10\/angelus_11.jpg 890w, https:\/\/franciscanos.org.br\/noticias\/wp-content\/uploads\/2020\/10\/angelus_11-450x299.jpg 450w, https:\/\/franciscanos.org.br\/noticias\/wp-content\/uploads\/2020\/10\/angelus_11-768x511.jpg 768w, https:\/\/franciscanos.org.br\/noticias\/wp-content\/uploads\/2020\/10\/angelus_11-150x100.jpg 150w\" sizes=\"(max-width: 890px) 100vw, 890px\" \/><p id=\"caption-attachment-228734\" class=\"wp-caption-text\">\u00a0 \u00a0 \u00a0 \u00a0 \u00a0 \u00a0 \u00a0 \u00a0 \u00a0 \u00a0 \u00a0 \u00a0 \u00a0 \u00a0 \u00a0 \u00a0 \u00a0 \u00a0 \u00a0 \u00a0 \u00a0 \u00a0 \u00a0 \u00a0 \u00a0 \u00a0 \u00a0 \u00a0 \u00a0 \u00a0 \u00a0 \u00a0 \u00a0 \u00a0 \u00a0 \u00a0 \u00a0 \u00a0 \u00a0 \u00a0 \u00a0 \u00a0 \u00a0 \u00a0 \u00a0 \u00a0 \u00a0 \u00a0 \u00a0 \u00a0 \u00a0 \u00a0 \u00a0 \u00a0 \u00a0 \u00a0 \u00a0 \u00a0 \u00a0 \u00a0 \u00a0 \u00a0 \u00a0 \u00a0 \u00a0 \u00a0 \u00a0 \u00a0 \u00a0<em> \u00a0 Imagem: Vatican Media<\/em><\/p><\/div>\n<p><strong>Cidade do Vaticano<\/strong> &#8211; \u201cO Evangelho n\u00e3o \u00e9 reservado a poucos eleitos. Tamb\u00e9m aqueles que est\u00e3o \u00e0 margem\u201d, os \u201crejeitados e desprezados pela sociedade, s\u00e3o considerados por Deus dignos do seu amor. Para todos Ele prepara seu banquete: justos e pecadores, bons e maus, inteligentes e incultos.\u201d<\/p>\n<p>A par\u00e1bola do banquete nupcial descrita no Evangelho de S\u00e3o Mateus, proposto para este XXVIII Domingo do Tempo Comum, inspirou a reflex\u00e3o do Papa Francisco no Angelus, que recordou, que \u201cn\u00e3o basta aceitar o convite para seguir o Senhor, \u00e9 preciso estar dispon\u00edvel para um caminho de convers\u00e3o, que muda o cora\u00e7\u00e3o. A veste da miseric\u00f3rdia, que Deus nos oferece incessantemente, \u00e9 um dom gratuito do seu amor, \u00e9 gra\u00e7a. E requer ser acolhido com estupor e alegria.\u201d<\/p>\n<p>Dirigindo-se aos presentes na Pra\u00e7a S\u00e3o Pedro em um domingo chuvoso, o Papa come\u00e7ou explicando que com a par\u00e1bola, \u201cJesus tra\u00e7a o projeto que Deus concebeu para a humanidade. O rei que &#8220;preparou a festa de casamento do seu filho&#8221; \u00e9 a imagem do Pai que organizou para toda a fam\u00edlia humana uma maravilhosa festa de amor e comunh\u00e3o ao redor de seu Filho unig\u00eanito\u201d.<\/p>\n<p>Ele manda seus servos chamarem os convidados que, por estarem ocupados com outros afazeres, recusam o convite, &#8220;n\u00e3o querem ir \u00e0 festa&#8221;, da mesma forma que n\u00f3s muitas vezes fazemos, ao darmos prefer\u00eancia \u201caos nossos interesses e coisas materiais em vez do Senhor que nos chama\u201d.<\/p>\n<p>\u201cMas o rei da par\u00e1bola n\u00e3o quer que a sala fique vazia, porque deseja doar os tesouros de seu reino\u201d &#8211; explica o Papa &#8211; e diz aos seus servos para irem \u00e0s encruzilhadas dos caminhos para convidar aqueles que encontrarem.<\/p>\n<p>\u201c\u00c9 assim que Deus se comporta: quando ele \u00e9 recusado, em vez de desistir, reprop\u00f5e e convida a chamar todos aqueles que est\u00e3o na encruzilhada dos caminhos, sem excluir ningu\u00e9m. Ningu\u00e9m \u00e9 exclu\u00eddo da casa de Deus\u201d<\/p>\n<p>\u00c9 para essa humanidade das encruzilhadas \u2013 enfatiza o Pont\u00edfice &#8211; que o rei da par\u00e1bola envia seus servos, \u201cna certeza de encontrar pessoas dispostas a sentarem-se \u00e0 mesa. Assim, a sala de banquetes enche-se de &#8220;exclu\u00eddos&#8221;, aqueles que est\u00e3o &#8220;fora&#8221;, daqueles que nunca pareceram dignos de participar de uma festa, de um banquete de casamento. Antes pelo contr\u00e1rio, o rei diz aos mensageiros&#8221; para chamarem todos, &#8220;bons e maus, todos. Deus chama tamb\u00e9m os maus (..). Jesus, Deus n\u00e3o tem medo de nosso alma ferida de tanta maldade, porque nos ama, nos convida&#8221;:<\/p>\n<p>\u201cE a Igreja precisamente \u00e9 chamada a ir at\u00e9 as encruzilhadas de hoje, isto \u00e9, \u00e0s periferias geogr\u00e1ficas e existenciais da humanidade, aqueles lugares \u00e0 margem, aquelas situa\u00e7\u00f5es em que se encontram acampados e vivem migalhas de humanidade sem esperan\u00e7a. Trata-se de n\u00e3o se acomodar nas formas c\u00f4modas e usuais de evangeliza\u00e7\u00e3o e de testemunho da caridade, mas de abrir a todos as portas do nosso cora\u00e7\u00e3o e das nossas comunidades, porque o Evangelho n\u00e3o \u00e9 reservado a poucos eleitos. Tamb\u00e9m aqueles que est\u00e3o \u00e0 margem marginalizados, mesmo aqueles que s\u00e3o rejeitados, aqueles desprezados pela sociedade, s\u00e3o considerados por Deus dignos do seu amor. Para todos Ele prepara seu banquete: justos e pecadores, bons e maus, inteligentes e incultos.\u201d<\/p>\n<p>Neste contexto, Francisco fala de seu telefonema ao padre J\u00falio Lancelotti na tarde de s\u00e1bado, ele que trabalha com o Povo da Rua:<\/p>\n<p>\u201cOntem \u00e0 tarde, consegui telefonar para um padre italiano idoso, mission\u00e1rio da juventude no Brasil, mas sempre trabalhando com os exclu\u00eddos, com os pobres. E vive essa velhice em paz: &#8220;queimou&#8221; a sua vida com os pobres. Esta \u00e9 a nossa M\u00e3e Igreja, este \u00e9 o mensageiro de Deus que vai \u00e0s encruzilhadas dos caminhos.\u201d<\/p>\n<p>Todavia \u2013 continuou o Papa \u2013 o Senhor coloca uma condi\u00e7\u00e3o: usar o traje de festa, uma \u201cesp\u00e9cie de capa que cada convidado recebia de presente na entrada, pois &#8220;as pessoas iam como estavam vestidas, como podiam se vestir, n\u00e3o usavam roupas de gala.\u201d Mas ao entrar na sala repleta e saudar os \u201cconvidados de \u00faltimo hora\u201d, o rei observa que um deles est\u00e1 sem as vestes. Como rejeitou o presente gratuito, \u201cse auto excluiu. Assim, n\u00e3o restou ao rei que jog\u00e1-lo fora. Mas, &#8220;por qu\u00ea?&#8221;:<\/p>\n<p>\u201cPorque n\u00e3o aceitava o dom. Porque o chamado de Jesus \u00e9 um dom. \u00c9 um presente, \u00e9 uma gra\u00e7a. Este homem aceitou o convite, mas decidiu que n\u00e3o significava nada para ele: era uma pessoa autossuficiente, que n\u00e3o tinha o desejo de mudar ou de deixar que o Senhor o mudasse. O traje de festa &#8211; aquele manto que \u00e9 um dom, um presente &#8211; simboliza a miseric\u00f3rdia que Deus nos d\u00e1 gratuitamente. A gra\u00e7a. O convite de Deus que te leva \u00e0 festa, \u00e9 uma gra\u00e7a. Sem a gra\u00e7a tu n\u00e3o podes dar um passo na vida crist\u00e3. Tudo \u00e9 gra\u00e7a. N\u00e3o basta aceitar o convite para seguir o Senhor, \u00e9 preciso estar dispon\u00edvel para um caminho de convers\u00e3o, que muda o cora\u00e7\u00e3o. A veste da miseric\u00f3rdia, que Deus nos oferece incessantemente, \u00e9 um dom gratuito do seu amor, \u00e9 precisamente a gra\u00e7a. E requer ser acolhido com estupor e alegria: &#8220;Obrigado Senhor por me ter dado este dom&#8221;.\u201d<\/p>\n<p>Que Maria Sant\u00edssima \u2013 pediu o Francisco ao concluir &#8211; nos ajude a imitar os servos da par\u00e1bola do Evangelho, no sair de nossos esquemas e de nossas vis\u00f5es estreitas, anunciando a todos que o Senhor nos convida ao seu banquete, para nos oferecer a gra\u00e7a que salva, para dar-nos o dom.<\/p>\n<hr \/>\n<p><em>Fonte: Vatican News (texto de Jackson Erpen)<\/em><\/p>\n","protected":false},"excerpt":{"rendered":"<p>Angelus<\/p>\n","protected":false},"author":3,"featured_media":228736,"comment_status":"open","ping_status":"open","sticky":false,"template":"","format":"standard","meta":[],"categories":[1428],"tags":[403],"acf":[],"yoast_head":"<!-- This site is optimized with the Yoast SEO plugin v19.2 - https:\/\/yoast.com\/wordpress\/plugins\/seo\/ -->\n<title>Papa: o Evangelho n\u00e3o \u00e9 reservado a poucos eleitos, Deus prepara seu banquete para todos - Not\u00edcias - Franciscanos<\/title>\n<meta name=\"robots\" content=\"index, follow, max-snippet:-1, max-image-preview:large, max-video-preview:-1\" \/>\n<link rel=\"canonical\" href=\"https:\/\/franciscanos.org.br\/noticias\/papa-o-evangelho-nao-e-reservado-a-poucos-eleitos-deus-prepara-seu-banquete-para-todos.html\" \/>\n<meta property=\"og:locale\" content=\"pt_BR\" \/>\n<meta property=\"og:type\" content=\"article\" \/>\n<meta property=\"og:title\" content=\"Papa: o Evangelho n\u00e3o \u00e9 reservado a poucos eleitos, Deus prepara seu banquete para todos - Not\u00edcias - Franciscanos\" \/>\n<meta property=\"og:description\" content=\"Angelus\" \/>\n<meta property=\"og:url\" content=\"https:\/\/franciscanos.org.br\/noticias\/papa-o-evangelho-nao-e-reservado-a-poucos-eleitos-deus-prepara-seu-banquete-para-todos.html\" \/>\n<meta property=\"og:site_name\" content=\"Not\u00edcias - Franciscanos\" \/>\n<meta property=\"article:published_time\" content=\"2020-10-11T11:13:17+00:00\" \/>\n<meta property=\"article:modified_time\" content=\"2020-10-11T12:36:19+00:00\" \/>\n<meta property=\"og:image\" content=\"https:\/\/franciscanos.org.br\/noticias\/wp-content\/uploads\/2020\/10\/angelus_11_d.jpg\" \/>\n\t<meta property=\"og:image:width\" content=\"800\" \/>\n\t<meta property=\"og:image:height\" content=\"599\" \/>\n\t<meta property=\"og:image:type\" content=\"image\/jpeg\" \/>\n<meta name=\"author\" content=\"moacir\" \/>\n<meta name=\"twitter:card\" content=\"summary_large_image\" \/>\n<meta name=\"twitter:label1\" content=\"Escrito por\" \/>\n\t<meta name=\"twitter:data1\" content=\"moacir\" \/>\n\t<meta name=\"twitter:label2\" content=\"Est. tempo de leitura\" \/>\n\t<meta name=\"twitter:data2\" content=\"5 minutos\" \/>\n<script type=\"application\/ld+json\" class=\"yoast-schema-graph\">{\"@context\":\"https:\/\/schema.org\",\"@graph\":[{\"@type\":\"WebSite\",\"@id\":\"https:\/\/franciscanos.org.br\/noticias\/#website\",\"url\":\"https:\/\/franciscanos.org.br\/noticias\/\",\"name\":\"Not\u00edcias - Franciscanos\",\"description\":\"Prov\u00edncia Franciscana da Imaculada Concei\u00e7\u00e3o do Brasil - Ordem dos Frades Menores - OFM\",\"potentialAction\":[{\"@type\":\"SearchAction\",\"target\":{\"@type\":\"EntryPoint\",\"urlTemplate\":\"https:\/\/franciscanos.org.br\/noticias\/?s={search_term_string}\"},\"query-input\":\"required name=search_term_string\"}],\"inLanguage\":\"pt-BR\"},{\"@type\":\"ImageObject\",\"inLanguage\":\"pt-BR\",\"@id\":\"https:\/\/franciscanos.org.br\/noticias\/papa-o-evangelho-nao-e-reservado-a-poucos-eleitos-deus-prepara-seu-banquete-para-todos.html#primaryimage\",\"url\":\"https:\/\/franciscanos.org.br\/noticias\/wp-content\/uploads\/2020\/10\/angelus_11_d.jpg\",\"contentUrl\":\"https:\/\/franciscanos.org.br\/noticias\/wp-content\/uploads\/2020\/10\/angelus_11_d.jpg\",\"width\":800,\"height\":599},{\"@type\":\"WebPage\",\"@id\":\"https:\/\/franciscanos.org.br\/noticias\/papa-o-evangelho-nao-e-reservado-a-poucos-eleitos-deus-prepara-seu-banquete-para-todos.html#webpage\",\"url\":\"https:\/\/franciscanos.org.br\/noticias\/papa-o-evangelho-nao-e-reservado-a-poucos-eleitos-deus-prepara-seu-banquete-para-todos.html\",\"name\":\"Papa: o Evangelho n\u00e3o \u00e9 reservado a poucos eleitos, Deus prepara seu banquete para todos - Not\u00edcias - Franciscanos\",\"isPartOf\":{\"@id\":\"https:\/\/franciscanos.org.br\/noticias\/#website\"},\"primaryImageOfPage\":{\"@id\":\"https:\/\/franciscanos.org.br\/noticias\/papa-o-evangelho-nao-e-reservado-a-poucos-eleitos-deus-prepara-seu-banquete-para-todos.html#primaryimage\"},\"datePublished\":\"2020-10-11T11:13:17+00:00\",\"dateModified\":\"2020-10-11T12:36:19+00:00\",\"author\":{\"@id\":\"https:\/\/franciscanos.org.br\/noticias\/#\/schema\/person\/b5c8cba458c330ccff548b056e95a5d4\"},\"breadcrumb\":{\"@id\":\"https:\/\/franciscanos.org.br\/noticias\/papa-o-evangelho-nao-e-reservado-a-poucos-eleitos-deus-prepara-seu-banquete-para-todos.html#breadcrumb\"},\"inLanguage\":\"pt-BR\",\"potentialAction\":[{\"@type\":\"ReadAction\",\"target\":[\"https:\/\/franciscanos.org.br\/noticias\/papa-o-evangelho-nao-e-reservado-a-poucos-eleitos-deus-prepara-seu-banquete-para-todos.html\"]}]},{\"@type\":\"BreadcrumbList\",\"@id\":\"https:\/\/franciscanos.org.br\/noticias\/papa-o-evangelho-nao-e-reservado-a-poucos-eleitos-deus-prepara-seu-banquete-para-todos.html#breadcrumb\",\"itemListElement\":[{\"@type\":\"ListItem\",\"position\":1,\"name\":\"Home\",\"item\":\"https:\/\/franciscanos.org.br\/noticias\"},{\"@type\":\"ListItem\",\"position\":2,\"name\":\"Papa: o Evangelho n\u00e3o \u00e9 reservado a poucos eleitos, Deus prepara seu banquete para todos\"}]},{\"@type\":\"Person\",\"@id\":\"https:\/\/franciscanos.org.br\/noticias\/#\/schema\/person\/b5c8cba458c330ccff548b056e95a5d4\",\"name\":\"moacir\",\"image\":{\"@type\":\"ImageObject\",\"inLanguage\":\"pt-BR\",\"@id\":\"https:\/\/franciscanos.org.br\/noticias\/#\/schema\/person\/image\/\",\"url\":\"https:\/\/secure.gravatar.com\/avatar\/d08aa2ce4c8dd416d4479aa8536fcf64?s=96&d=mm&r=g\",\"contentUrl\":\"https:\/\/secure.gravatar.com\/avatar\/d08aa2ce4c8dd416d4479aa8536fcf64?s=96&d=mm&r=g\",\"caption\":\"moacir\"},\"url\":\"https:\/\/franciscanos.org.br\/noticias\/author\/moacir\"}]}<\/script>\n<!-- \/ Yoast SEO plugin. -->","yoast_head_json":{"title":"Papa: o Evangelho n\u00e3o \u00e9 reservado a poucos eleitos, Deus prepara seu banquete para todos - Not\u00edcias - Franciscanos","robots":{"index":"index","follow":"follow","max-snippet":"max-snippet:-1","max-image-preview":"max-image-preview:large","max-video-preview":"max-video-preview:-1"},"canonical":"https:\/\/franciscanos.org.br\/noticias\/papa-o-evangelho-nao-e-reservado-a-poucos-eleitos-deus-prepara-seu-banquete-para-todos.html","og_locale":"pt_BR","og_type":"article","og_title":"Papa: o Evangelho n\u00e3o \u00e9 reservado a poucos eleitos, Deus prepara seu banquete para todos - Not\u00edcias - Franciscanos","og_description":"Angelus","og_url":"https:\/\/franciscanos.org.br\/noticias\/papa-o-evangelho-nao-e-reservado-a-poucos-eleitos-deus-prepara-seu-banquete-para-todos.html","og_site_name":"Not\u00edcias - Franciscanos","article_published_time":"2020-10-11T11:13:17+00:00","article_modified_time":"2020-10-11T12:36:19+00:00","og_image":[{"width":800,"height":599,"url":"https:\/\/franciscanos.org.br\/noticias\/wp-content\/uploads\/2020\/10\/angelus_11_d.jpg","type":"image\/jpeg"}],"author":"moacir","twitter_card":"summary_large_image","twitter_misc":{"Escrito por":"moacir","Est. tempo de leitura":"5 minutos"},"schema":{"@context":"https:\/\/schema.org","@graph":[{"@type":"WebSite","@id":"https:\/\/franciscanos.org.br\/noticias\/#website","url":"https:\/\/franciscanos.org.br\/noticias\/","name":"Not\u00edcias - Franciscanos","description":"Prov\u00edncia Franciscana da Imaculada Concei\u00e7\u00e3o do Brasil - Ordem dos Frades Menores - OFM","potentialAction":[{"@type":"SearchAction","target":{"@type":"EntryPoint","urlTemplate":"https:\/\/franciscanos.org.br\/noticias\/?s={search_term_string}"},"query-input":"required name=search_term_string"}],"inLanguage":"pt-BR"},{"@type":"ImageObject","inLanguage":"pt-BR","@id":"https:\/\/franciscanos.org.br\/noticias\/papa-o-evangelho-nao-e-reservado-a-poucos-eleitos-deus-prepara-seu-banquete-para-todos.html#primaryimage","url":"https:\/\/franciscanos.org.br\/noticias\/wp-content\/uploads\/2020\/10\/angelus_11_d.jpg","contentUrl":"https:\/\/franciscanos.org.br\/noticias\/wp-content\/uploads\/2020\/10\/angelus_11_d.jpg","width":800,"height":599},{"@type":"WebPage","@id":"https:\/\/franciscanos.org.br\/noticias\/papa-o-evangelho-nao-e-reservado-a-poucos-eleitos-deus-prepara-seu-banquete-para-todos.html#webpage","url":"https:\/\/franciscanos.org.br\/noticias\/papa-o-evangelho-nao-e-reservado-a-poucos-eleitos-deus-prepara-seu-banquete-para-todos.html","name":"Papa: o Evangelho n\u00e3o \u00e9 reservado a poucos eleitos, Deus prepara seu banquete para todos - Not\u00edcias - Franciscanos","isPartOf":{"@id":"https:\/\/franciscanos.org.br\/noticias\/#website"},"primaryImageOfPage":{"@id":"https:\/\/franciscanos.org.br\/noticias\/papa-o-evangelho-nao-e-reservado-a-poucos-eleitos-deus-prepara-seu-banquete-para-todos.html#primaryimage"},"datePublished":"2020-10-11T11:13:17+00:00","dateModified":"2020-10-11T12:36:19+00:00","author":{"@id":"https:\/\/franciscanos.org.br\/noticias\/#\/schema\/person\/b5c8cba458c330ccff548b056e95a5d4"},"breadcrumb":{"@id":"https:\/\/franciscanos.org.br\/noticias\/papa-o-evangelho-nao-e-reservado-a-poucos-eleitos-deus-prepara-seu-banquete-para-todos.html#breadcrumb"},"inLanguage":"pt-BR","potentialAction":[{"@type":"ReadAction","target":["https:\/\/franciscanos.org.br\/noticias\/papa-o-evangelho-nao-e-reservado-a-poucos-eleitos-deus-prepara-seu-banquete-para-todos.html"]}]},{"@type":"BreadcrumbList","@id":"https:\/\/franciscanos.org.br\/noticias\/papa-o-evangelho-nao-e-reservado-a-poucos-eleitos-deus-prepara-seu-banquete-para-todos.html#breadcrumb","itemListElement":[{"@type":"ListItem","position":1,"name":"Home","item":"https:\/\/franciscanos.org.br\/noticias"},{"@type":"ListItem","position":2,"name":"Papa: o Evangelho n\u00e3o \u00e9 reservado a poucos eleitos, Deus prepara seu banquete para todos"}]},{"@type":"Person","@id":"https:\/\/franciscanos.org.br\/noticias\/#\/schema\/person\/b5c8cba458c330ccff548b056e95a5d4","name":"moacir","image":{"@type":"ImageObject","inLanguage":"pt-BR","@id":"https:\/\/franciscanos.org.br\/noticias\/#\/schema\/person\/image\/","url":"https:\/\/secure.gravatar.com\/avatar\/d08aa2ce4c8dd416d4479aa8536fcf64?s=96&d=mm&r=g","contentUrl":"https:\/\/secure.gravatar.com\/avatar\/d08aa2ce4c8dd416d4479aa8536fcf64?s=96&d=mm&r=g","caption":"moacir"},"url":"https:\/\/franciscanos.org.br\/noticias\/author\/moacir"}]}},"_links":{"self":[{"href":"https:\/\/franciscanos.org.br\/noticias\/wp-json\/wp\/v2\/posts\/228728"}],"collection":[{"href":"https:\/\/franciscanos.org.br\/noticias\/wp-json\/wp\/v2\/posts"}],"about":[{"href":"https:\/\/franciscanos.org.br\/noticias\/wp-json\/wp\/v2\/types\/post"}],"author":[{"embeddable":true,"href":"https:\/\/franciscanos.org.br\/noticias\/wp-json\/wp\/v2\/users\/3"}],"replies":[{"embeddable":true,"href":"https:\/\/franciscanos.org.br\/noticias\/wp-json\/wp\/v2\/comments?post=228728"}],"version-history":[{"count":3,"href":"https:\/\/franciscanos.org.br\/noticias\/wp-json\/wp\/v2\/posts\/228728\/revisions"}],"predecessor-version":[{"id":228737,"href":"https:\/\/franciscanos.org.br\/noticias\/wp-json\/wp\/v2\/posts\/228728\/revisions\/228737"}],"wp:featuredmedia":[{"embeddable":true,"href":"https:\/\/franciscanos.org.br\/noticias\/wp-json\/wp\/v2\/media\/228736"}],"wp:attachment":[{"href":"https:\/\/franciscanos.org.br\/noticias\/wp-json\/wp\/v2\/media?parent=228728"}],"wp:term":[{"taxonomy":"category","embeddable":true,"href":"https:\/\/franciscanos.org.br\/noticias\/wp-json\/wp\/v2\/categories?post=228728"},{"taxonomy":"post_tag","embeddable":true,"href":"https:\/\/franciscanos.org.br\/noticias\/wp-json\/wp\/v2\/tags?post=228728"}],"curies":[{"name":"wp","href":"https:\/\/api.w.org\/{rel}","templated":true}]}}