{"id":228713,"date":"2020-10-09T10:59:29","date_gmt":"2020-10-09T13:59:29","guid":{"rendered":"https:\/\/franciscanos.org.br\/noticias\/?p=228713"},"modified":"2020-10-09T11:04:01","modified_gmt":"2020-10-09T14:04:01","slug":"canarinhos-lanca-campanha-para-arrecadar-verba-e-compartilhar-memorias","status":"publish","type":"post","link":"https:\/\/franciscanos.org.br\/noticias\/canarinhos-lanca-campanha-para-arrecadar-verba-e-compartilhar-memorias.html","title":{"rendered":"Coral dos Canarinhos lan\u00e7a campanha para arrecadar verba e compartilhar mem\u00f3rias"},"content":{"rendered":"<p style=\"font-weight: 400;\"><img loading=\"lazy\" class=\"alignnone wp-image-228714 size-full\" src=\"https:\/\/franciscanos.org.br\/noticias\/wp-content\/uploads\/2020\/10\/canarinhos_02.jpg\" alt=\"\" width=\"890\" height=\"570\" srcset=\"https:\/\/franciscanos.org.br\/noticias\/wp-content\/uploads\/2020\/10\/canarinhos_02.jpg 890w, https:\/\/franciscanos.org.br\/noticias\/wp-content\/uploads\/2020\/10\/canarinhos_02-450x288.jpg 450w, https:\/\/franciscanos.org.br\/noticias\/wp-content\/uploads\/2020\/10\/canarinhos_02-768x492.jpg 768w, https:\/\/franciscanos.org.br\/noticias\/wp-content\/uploads\/2020\/10\/canarinhos_02-150x96.jpg 150w\" sizes=\"(max-width: 890px) 100vw, 890px\" \/><\/p>\n<h3 style=\"font-weight: 400;\"><em>Instituto dos Meninos Cantores coloca \u00e0 venda famosos banquinhos de madeira<\/em><\/h3>\n<p style=\"font-weight: 400;\">Durante 30 anos, de 1978 a 2009, centenas de meninos que fizeram parte do Coral dos Canarinhos de Petr\u00f3polis utilizaram banquinhos de madeira nos ensaios. Os assentos que ficaram famosos entre os m\u00fasicos e passaram a fazer parte do acervo da institui\u00e7\u00e3o agora est\u00e3o \u00e0 venda para auxiliar a manuten\u00e7\u00e3o da estrutura do Instituto dos Meninos Cantores de Petr\u00f3polis (IMCP), que est\u00e1 com as atividades parcialmente suspensas em virtude da pandemia do coronav\u00edrus.<\/p>\n<p style=\"font-weight: 400;\">A gestora do Instituto, Rose de Mello explica que mesmo neste momento de pandemia, quando as apresenta\u00e7\u00f5es foram todas adiadas ou canceladas, o trabalho de educa\u00e7\u00e3o musical continua sendo realizado de forma online, com crian\u00e7as e jovens da comunidade petropolitana oriundos das escolas municipais, estaduais e particulares. \u201cPara a manuten\u00e7\u00e3o deste trabalho, a institui\u00e7\u00e3o tem custos operacionais que precisam ser honrados. Pensando no que poder\u00edamos fazer, nos veio a ideia de vender nossos banquinhos cheios de hist\u00f3ria, de m\u00fasica, de recorda\u00e7\u00f5es, que fizeram parte da vida de v\u00e1rios cantores e receberam a visita de v\u00e1rias pessoas do Brasil e do mundo. Queremos ent\u00e3o dividir parte desta hist\u00f3ria com quem adquirir os banquinhos que tamb\u00e9m podem ser usados como mesinha e\/ou artigo de decora\u00e7\u00e3o\u201d, declarou Rose.<\/p>\n<p style=\"font-weight: 400;\">Os banquinhos vendidos receber\u00e3o um certificado de autenticidade que vai\u00a0comprovar\u00a0que ele fez parte do patrim\u00f4nio do Instituto dos Meninos Cantores de Petr\u00f3polis. Os bancos possuem 42cm de altura, 45cm de largura e 33cm de profundidade, est\u00e3o sendo vendidos a R$130 cada e o pagamento dever\u00e1 ser feito na conta corrente do Instituto dos Meninos Cantores de Petr\u00f3polis Banco Santander, Ag. 3242, CC 13-000891-7,\u00a0CNPJ 31.164.007\/0001-72. A retirada deste patrim\u00f4nio dever\u00e1 ser feita na sede do Instituto dos Meninos Cantores de Petr\u00f3polis, situada \u00e0\u00a0Rua Santos Dumont, 355 \u2013 centro, atrav\u00e9s de agendamento pelo telefone (24) 98124 5356.<\/p>\n<div id=\"attachment_228715\" style=\"width: 900px\" class=\"wp-caption alignnone\"><img aria-describedby=\"caption-attachment-228715\" loading=\"lazy\" class=\"wp-image-228715 size-full\" src=\"https:\/\/franciscanos.org.br\/noticias\/wp-content\/uploads\/2020\/10\/canarinhos_01.jpg\" alt=\"\" width=\"890\" height=\"532\" srcset=\"https:\/\/franciscanos.org.br\/noticias\/wp-content\/uploads\/2020\/10\/canarinhos_01.jpg 890w, https:\/\/franciscanos.org.br\/noticias\/wp-content\/uploads\/2020\/10\/canarinhos_01-450x269.jpg 450w, https:\/\/franciscanos.org.br\/noticias\/wp-content\/uploads\/2020\/10\/canarinhos_01-768x459.jpg 768w, https:\/\/franciscanos.org.br\/noticias\/wp-content\/uploads\/2020\/10\/canarinhos_01-150x90.jpg 150w\" sizes=\"(max-width: 890px) 100vw, 890px\" \/><p id=\"caption-attachment-228715\" class=\"wp-caption-text\"><em>Inaugura\u00e7\u00e3o extra-oficial da sala de ensaios &#8211; mar\u00e7o 1980<\/em><\/p><\/div>\n<p style=\"font-weight: 400;\">\n","protected":false},"excerpt":{"rendered":"<p>Coral dos Canarinhos de Petr\u00f3polis<\/p>\n","protected":false},"author":3,"featured_media":228719,"comment_status":"open","ping_status":"open","sticky":false,"template":"","format":"standard","meta":[],"categories":[1],"tags":[1378],"acf":[],"yoast_head":"<!-- This site is optimized with the Yoast SEO plugin v19.2 - https:\/\/yoast.com\/wordpress\/plugins\/seo\/ -->\n<title>Coral dos Canarinhos lan\u00e7a campanha para arrecadar verba e compartilhar mem\u00f3rias - Not\u00edcias - Franciscanos<\/title>\n<meta name=\"robots\" content=\"index, follow, max-snippet:-1, max-image-preview:large, max-video-preview:-1\" \/>\n<link rel=\"canonical\" href=\"https:\/\/franciscanos.org.br\/noticias\/canarinhos-lanca-campanha-para-arrecadar-verba-e-compartilhar-memorias.html\" \/>\n<meta property=\"og:locale\" content=\"pt_BR\" \/>\n<meta property=\"og:type\" content=\"article\" \/>\n<meta property=\"og:title\" content=\"Coral dos Canarinhos lan\u00e7a campanha para arrecadar verba e compartilhar mem\u00f3rias - Not\u00edcias - Franciscanos\" \/>\n<meta property=\"og:description\" content=\"Coral dos Canarinhos de Petr\u00f3polis\" \/>\n<meta property=\"og:url\" content=\"https:\/\/franciscanos.org.br\/noticias\/canarinhos-lanca-campanha-para-arrecadar-verba-e-compartilhar-memorias.html\" \/>\n<meta property=\"og:site_name\" content=\"Not\u00edcias - Franciscanos\" \/>\n<meta property=\"article:published_time\" content=\"2020-10-09T13:59:29+00:00\" \/>\n<meta property=\"article:modified_time\" content=\"2020-10-09T14:04:01+00:00\" \/>\n<meta property=\"og:image\" content=\"https:\/\/franciscanos.org.br\/noticias\/wp-content\/uploads\/2020\/10\/canarinhos_02d.jpg\" \/>\n\t<meta property=\"og:image:width\" content=\"800\" \/>\n\t<meta property=\"og:image:height\" content=\"600\" \/>\n\t<meta property=\"og:image:type\" content=\"image\/jpeg\" \/>\n<meta name=\"author\" content=\"moacir\" \/>\n<meta name=\"twitter:card\" content=\"summary_large_image\" \/>\n<meta name=\"twitter:label1\" content=\"Escrito por\" \/>\n\t<meta name=\"twitter:data1\" content=\"moacir\" \/>\n\t<meta name=\"twitter:label2\" content=\"Est. tempo de leitura\" \/>\n\t<meta name=\"twitter:data2\" content=\"2 minutos\" \/>\n<script type=\"application\/ld+json\" class=\"yoast-schema-graph\">{\"@context\":\"https:\/\/schema.org\",\"@graph\":[{\"@type\":\"WebSite\",\"@id\":\"https:\/\/franciscanos.org.br\/noticias\/#website\",\"url\":\"https:\/\/franciscanos.org.br\/noticias\/\",\"name\":\"Not\u00edcias - Franciscanos\",\"description\":\"Prov\u00edncia Franciscana da Imaculada Concei\u00e7\u00e3o do Brasil - Ordem dos Frades Menores - OFM\",\"potentialAction\":[{\"@type\":\"SearchAction\",\"target\":{\"@type\":\"EntryPoint\",\"urlTemplate\":\"https:\/\/franciscanos.org.br\/noticias\/?s={search_term_string}\"},\"query-input\":\"required name=search_term_string\"}],\"inLanguage\":\"pt-BR\"},{\"@type\":\"ImageObject\",\"inLanguage\":\"pt-BR\",\"@id\":\"https:\/\/franciscanos.org.br\/noticias\/canarinhos-lanca-campanha-para-arrecadar-verba-e-compartilhar-memorias.html#primaryimage\",\"url\":\"https:\/\/franciscanos.org.br\/noticias\/wp-content\/uploads\/2020\/10\/canarinhos_02d.jpg\",\"contentUrl\":\"https:\/\/franciscanos.org.br\/noticias\/wp-content\/uploads\/2020\/10\/canarinhos_02d.jpg\",\"width\":800,\"height\":600},{\"@type\":\"WebPage\",\"@id\":\"https:\/\/franciscanos.org.br\/noticias\/canarinhos-lanca-campanha-para-arrecadar-verba-e-compartilhar-memorias.html#webpage\",\"url\":\"https:\/\/franciscanos.org.br\/noticias\/canarinhos-lanca-campanha-para-arrecadar-verba-e-compartilhar-memorias.html\",\"name\":\"Coral dos Canarinhos lan\u00e7a campanha para arrecadar verba e compartilhar mem\u00f3rias - Not\u00edcias - Franciscanos\",\"isPartOf\":{\"@id\":\"https:\/\/franciscanos.org.br\/noticias\/#website\"},\"primaryImageOfPage\":{\"@id\":\"https:\/\/franciscanos.org.br\/noticias\/canarinhos-lanca-campanha-para-arrecadar-verba-e-compartilhar-memorias.html#primaryimage\"},\"datePublished\":\"2020-10-09T13:59:29+00:00\",\"dateModified\":\"2020-10-09T14:04:01+00:00\",\"author\":{\"@id\":\"https:\/\/franciscanos.org.br\/noticias\/#\/schema\/person\/b5c8cba458c330ccff548b056e95a5d4\"},\"breadcrumb\":{\"@id\":\"https:\/\/franciscanos.org.br\/noticias\/canarinhos-lanca-campanha-para-arrecadar-verba-e-compartilhar-memorias.html#breadcrumb\"},\"inLanguage\":\"pt-BR\",\"potentialAction\":[{\"@type\":\"ReadAction\",\"target\":[\"https:\/\/franciscanos.org.br\/noticias\/canarinhos-lanca-campanha-para-arrecadar-verba-e-compartilhar-memorias.html\"]}]},{\"@type\":\"BreadcrumbList\",\"@id\":\"https:\/\/franciscanos.org.br\/noticias\/canarinhos-lanca-campanha-para-arrecadar-verba-e-compartilhar-memorias.html#breadcrumb\",\"itemListElement\":[{\"@type\":\"ListItem\",\"position\":1,\"name\":\"Home\",\"item\":\"https:\/\/franciscanos.org.br\/noticias\"},{\"@type\":\"ListItem\",\"position\":2,\"name\":\"Coral dos Canarinhos lan\u00e7a campanha para arrecadar verba e compartilhar mem\u00f3rias\"}]},{\"@type\":\"Person\",\"@id\":\"https:\/\/franciscanos.org.br\/noticias\/#\/schema\/person\/b5c8cba458c330ccff548b056e95a5d4\",\"name\":\"moacir\",\"image\":{\"@type\":\"ImageObject\",\"inLanguage\":\"pt-BR\",\"@id\":\"https:\/\/franciscanos.org.br\/noticias\/#\/schema\/person\/image\/\",\"url\":\"https:\/\/secure.gravatar.com\/avatar\/d08aa2ce4c8dd416d4479aa8536fcf64?s=96&d=mm&r=g\",\"contentUrl\":\"https:\/\/secure.gravatar.com\/avatar\/d08aa2ce4c8dd416d4479aa8536fcf64?s=96&d=mm&r=g\",\"caption\":\"moacir\"},\"url\":\"https:\/\/franciscanos.org.br\/noticias\/author\/moacir\"}]}<\/script>\n<!-- \/ Yoast SEO plugin. -->","yoast_head_json":{"title":"Coral dos Canarinhos lan\u00e7a campanha para arrecadar verba e compartilhar mem\u00f3rias - Not\u00edcias - Franciscanos","robots":{"index":"index","follow":"follow","max-snippet":"max-snippet:-1","max-image-preview":"max-image-preview:large","max-video-preview":"max-video-preview:-1"},"canonical":"https:\/\/franciscanos.org.br\/noticias\/canarinhos-lanca-campanha-para-arrecadar-verba-e-compartilhar-memorias.html","og_locale":"pt_BR","og_type":"article","og_title":"Coral dos Canarinhos lan\u00e7a campanha para arrecadar verba e compartilhar mem\u00f3rias - Not\u00edcias - Franciscanos","og_description":"Coral dos Canarinhos de Petr\u00f3polis","og_url":"https:\/\/franciscanos.org.br\/noticias\/canarinhos-lanca-campanha-para-arrecadar-verba-e-compartilhar-memorias.html","og_site_name":"Not\u00edcias - Franciscanos","article_published_time":"2020-10-09T13:59:29+00:00","article_modified_time":"2020-10-09T14:04:01+00:00","og_image":[{"width":800,"height":600,"url":"https:\/\/franciscanos.org.br\/noticias\/wp-content\/uploads\/2020\/10\/canarinhos_02d.jpg","type":"image\/jpeg"}],"author":"moacir","twitter_card":"summary_large_image","twitter_misc":{"Escrito por":"moacir","Est. tempo de leitura":"2 minutos"},"schema":{"@context":"https:\/\/schema.org","@graph":[{"@type":"WebSite","@id":"https:\/\/franciscanos.org.br\/noticias\/#website","url":"https:\/\/franciscanos.org.br\/noticias\/","name":"Not\u00edcias - Franciscanos","description":"Prov\u00edncia Franciscana da Imaculada Concei\u00e7\u00e3o do Brasil - Ordem dos Frades Menores - OFM","potentialAction":[{"@type":"SearchAction","target":{"@type":"EntryPoint","urlTemplate":"https:\/\/franciscanos.org.br\/noticias\/?s={search_term_string}"},"query-input":"required name=search_term_string"}],"inLanguage":"pt-BR"},{"@type":"ImageObject","inLanguage":"pt-BR","@id":"https:\/\/franciscanos.org.br\/noticias\/canarinhos-lanca-campanha-para-arrecadar-verba-e-compartilhar-memorias.html#primaryimage","url":"https:\/\/franciscanos.org.br\/noticias\/wp-content\/uploads\/2020\/10\/canarinhos_02d.jpg","contentUrl":"https:\/\/franciscanos.org.br\/noticias\/wp-content\/uploads\/2020\/10\/canarinhos_02d.jpg","width":800,"height":600},{"@type":"WebPage","@id":"https:\/\/franciscanos.org.br\/noticias\/canarinhos-lanca-campanha-para-arrecadar-verba-e-compartilhar-memorias.html#webpage","url":"https:\/\/franciscanos.org.br\/noticias\/canarinhos-lanca-campanha-para-arrecadar-verba-e-compartilhar-memorias.html","name":"Coral dos Canarinhos lan\u00e7a campanha para arrecadar verba e compartilhar mem\u00f3rias - Not\u00edcias - Franciscanos","isPartOf":{"@id":"https:\/\/franciscanos.org.br\/noticias\/#website"},"primaryImageOfPage":{"@id":"https:\/\/franciscanos.org.br\/noticias\/canarinhos-lanca-campanha-para-arrecadar-verba-e-compartilhar-memorias.html#primaryimage"},"datePublished":"2020-10-09T13:59:29+00:00","dateModified":"2020-10-09T14:04:01+00:00","author":{"@id":"https:\/\/franciscanos.org.br\/noticias\/#\/schema\/person\/b5c8cba458c330ccff548b056e95a5d4"},"breadcrumb":{"@id":"https:\/\/franciscanos.org.br\/noticias\/canarinhos-lanca-campanha-para-arrecadar-verba-e-compartilhar-memorias.html#breadcrumb"},"inLanguage":"pt-BR","potentialAction":[{"@type":"ReadAction","target":["https:\/\/franciscanos.org.br\/noticias\/canarinhos-lanca-campanha-para-arrecadar-verba-e-compartilhar-memorias.html"]}]},{"@type":"BreadcrumbList","@id":"https:\/\/franciscanos.org.br\/noticias\/canarinhos-lanca-campanha-para-arrecadar-verba-e-compartilhar-memorias.html#breadcrumb","itemListElement":[{"@type":"ListItem","position":1,"name":"Home","item":"https:\/\/franciscanos.org.br\/noticias"},{"@type":"ListItem","position":2,"name":"Coral dos Canarinhos lan\u00e7a campanha para arrecadar verba e compartilhar mem\u00f3rias"}]},{"@type":"Person","@id":"https:\/\/franciscanos.org.br\/noticias\/#\/schema\/person\/b5c8cba458c330ccff548b056e95a5d4","name":"moacir","image":{"@type":"ImageObject","inLanguage":"pt-BR","@id":"https:\/\/franciscanos.org.br\/noticias\/#\/schema\/person\/image\/","url":"https:\/\/secure.gravatar.com\/avatar\/d08aa2ce4c8dd416d4479aa8536fcf64?s=96&d=mm&r=g","contentUrl":"https:\/\/secure.gravatar.com\/avatar\/d08aa2ce4c8dd416d4479aa8536fcf64?s=96&d=mm&r=g","caption":"moacir"},"url":"https:\/\/franciscanos.org.br\/noticias\/author\/moacir"}]}},"_links":{"self":[{"href":"https:\/\/franciscanos.org.br\/noticias\/wp-json\/wp\/v2\/posts\/228713"}],"collection":[{"href":"https:\/\/franciscanos.org.br\/noticias\/wp-json\/wp\/v2\/posts"}],"about":[{"href":"https:\/\/franciscanos.org.br\/noticias\/wp-json\/wp\/v2\/types\/post"}],"author":[{"embeddable":true,"href":"https:\/\/franciscanos.org.br\/noticias\/wp-json\/wp\/v2\/users\/3"}],"replies":[{"embeddable":true,"href":"https:\/\/franciscanos.org.br\/noticias\/wp-json\/wp\/v2\/comments?post=228713"}],"version-history":[{"count":3,"href":"https:\/\/franciscanos.org.br\/noticias\/wp-json\/wp\/v2\/posts\/228713\/revisions"}],"predecessor-version":[{"id":228718,"href":"https:\/\/franciscanos.org.br\/noticias\/wp-json\/wp\/v2\/posts\/228713\/revisions\/228718"}],"wp:featuredmedia":[{"embeddable":true,"href":"https:\/\/franciscanos.org.br\/noticias\/wp-json\/wp\/v2\/media\/228719"}],"wp:attachment":[{"href":"https:\/\/franciscanos.org.br\/noticias\/wp-json\/wp\/v2\/media?parent=228713"}],"wp:term":[{"taxonomy":"category","embeddable":true,"href":"https:\/\/franciscanos.org.br\/noticias\/wp-json\/wp\/v2\/categories?post=228713"},{"taxonomy":"post_tag","embeddable":true,"href":"https:\/\/franciscanos.org.br\/noticias\/wp-json\/wp\/v2\/tags?post=228713"}],"curies":[{"name":"wp","href":"https:\/\/api.w.org\/{rel}","templated":true}]}}