{"id":228706,"date":"2020-10-08T13:39:19","date_gmt":"2020-10-08T16:39:19","guid":{"rendered":"https:\/\/franciscanos.org.br\/noticias\/?p=228706"},"modified":"2020-10-08T13:39:19","modified_gmt":"2020-10-08T16:39:19","slug":"vozes-promove-encontros-com-francisco-e-clara-de-assis","status":"publish","type":"post","link":"https:\/\/franciscanos.org.br\/noticias\/vozes-promove-encontros-com-francisco-e-clara-de-assis.html","title":{"rendered":"Vozes promove \u201cencontros com Francisco e Clara de Assis\u201d"},"content":{"rendered":"<p><img loading=\"lazy\" class=\"size-full wp-image-228707 alignnone\" src=\"https:\/\/franciscanos.org.br\/noticias\/wp-content\/uploads\/2020\/10\/vozes_0810.jpg\" alt=\"\" width=\"1200\" height=\"662\" srcset=\"https:\/\/franciscanos.org.br\/noticias\/wp-content\/uploads\/2020\/10\/vozes_0810.jpg 1200w, https:\/\/franciscanos.org.br\/noticias\/wp-content\/uploads\/2020\/10\/vozes_0810-450x248.jpg 450w, https:\/\/franciscanos.org.br\/noticias\/wp-content\/uploads\/2020\/10\/vozes_0810-1024x565.jpg 1024w, https:\/\/franciscanos.org.br\/noticias\/wp-content\/uploads\/2020\/10\/vozes_0810-768x424.jpg 768w, https:\/\/franciscanos.org.br\/noticias\/wp-content\/uploads\/2020\/10\/vozes_0810-150x83.jpg 150w\" sizes=\"(max-width: 1200px) 100vw, 1200px\" \/><\/p>\n<p>A Semana Franciscana promovida pela Editora Vozes, com o apoio da Prov\u00edncia Franciscana da Imaculada Concei\u00e7\u00e3o e da Confer\u00eancia da Fam\u00edlia Franciscana do Brasil, terminou ontem (7\/10), depois de quatro dias de forma\u00e7\u00e3o e espiritualidade franciscana no formato de <em>lives.<\/em> &#8220;\u00c9 assim, como nesses dias, juntos, conversando, trocando ideias, ouvindo com aten\u00e7\u00e3o e interesse, que n\u00f3s vamos construir esse mundo novo da fraternidade, da solidariedade e da paz, sonhado por Cristo, sonhado por Francisco e por que n\u00e3o sonhado por n\u00f3s?&#8221;, resumiu o mediador Frei Gustavo Medella, que \u00e9 o Vig\u00e1rio Provincial e Secret\u00e1rio para a Evangeliza\u00e7\u00e3o da Prov\u00edncia da Imaculada. Na dire\u00e7\u00e3o do evento, pela Vozes, esteve Nat\u00e1lia Fran\u00e7a.<\/p>\n<p>Os encontros, sempre \u00e0s 18 horas, foram abertos no domingo, dia de S\u00e3o Francisco de Assis, com a presen\u00e7a e anima\u00e7\u00e3o lit\u00fargica das Irm\u00e3s Clarissas de An\u00e1polis (GO), de Frei Fid\u00eancio Vanb\u00f6emmel, moderador da Forma\u00e7\u00e3o Permanente da Prov\u00edncia; e a Irm\u00e3 Cleusa Aparecida Neves, CFA, presidenta do Conselho Diretor da CFFB; e Moema Miranda, irm\u00e3 leiga franciscana, professora da disciplina Conflitos Socioambientais do Instituto Teol\u00f3gico Franciscano (ITF) de Petr\u00f3polis (RJ), antrop\u00f3loga e participante do \u00faltimo S\u00ednodo para a Amaz\u00f4nia.<\/p>\n<p>Frei Fid\u00eancio fez uma apresenta\u00e7\u00e3o do grande personagem do dia, S\u00e3o Francisco de Assis, com o tema: &#8220;Muito prazer, Francisco!&#8221;, ressalvando: &#8220;Falar de S\u00e3o Francisco, ou apresentar S\u00e3o Francisco, em 10 minutos \u00e9 muita ousadia, mas vamos tentar&#8221;.<\/p>\n<p>Frei Fid\u00eancio fez uma s\u00edntese da vida deste santo, que inspirou e inspira o Papa Francisco. &#8220;Francisco \u00e9 uma personalidade t\u00e3o rica, um homem t\u00e3o marcante, que talvez agora pud\u00e9ssemos perguntar aquilo que Frei Masseo um dia perguntou: \u2018Por que a ti, Francisco? Por que todo mundo corre atr\u00e1s de voc\u00ea? Todo mundo quer te ver, quer te ouvir? Creio que Francisco, para os homens de todas as \u00e9pocas, sempre tem uma mensagem. Ele n\u00e3o \u00e9 um homem de 800 anos, mas um homem que est\u00e1 sempre \u00e0 nossa frente. Caminha \u00e0 nossa frente e atravessa toda a hist\u00f3ria, porque baseou sua vida no Evangelho&#8221;, explicou Frei Fid\u00eancio.<\/p>\n<p><img loading=\"lazy\" class=\"alignnone wp-image-228708 size-full\" src=\"https:\/\/franciscanos.org.br\/noticias\/wp-content\/uploads\/2020\/10\/vozes_08_2.jpg\" alt=\"\" width=\"1200\" height=\"530\" srcset=\"https:\/\/franciscanos.org.br\/noticias\/wp-content\/uploads\/2020\/10\/vozes_08_2.jpg 1200w, https:\/\/franciscanos.org.br\/noticias\/wp-content\/uploads\/2020\/10\/vozes_08_2-450x199.jpg 450w, https:\/\/franciscanos.org.br\/noticias\/wp-content\/uploads\/2020\/10\/vozes_08_2-1024x452.jpg 1024w, https:\/\/franciscanos.org.br\/noticias\/wp-content\/uploads\/2020\/10\/vozes_08_2-768x339.jpg 768w, https:\/\/franciscanos.org.br\/noticias\/wp-content\/uploads\/2020\/10\/vozes_08_2-150x66.jpg 150w\" sizes=\"(max-width: 1200px) 100vw, 1200px\" \/><\/p>\n<p>Ir. Cleusa lembrou que Francisco se fez fam\u00edlia. &#8220;A experi\u00eancia que ele fez, primeiramente sozinho e depois com seus companheiros, tornava-se cada vez mais conhecida e despertava um grande interesse nas outras pessoas. Francisco n\u00e3o vive sozinho. Francisco faz-se fam\u00edlia gradativamente&#8221;, explica, destacando o homem da fraternidade.<\/p>\n<p>Segundo Moema Miranda, na hist\u00f3ria do mundo, nesses 800 anos, nunca a mensagem de S\u00e3o Francisco foi t\u00e3o atual, t\u00e3o importante, t\u00e3o inovadora. &#8220;S\u00e3o Francisco \u00e9 um caminho para todos e todas n\u00f3s para encontrarmos a harmonia e a fraternidade universal, da qual ele mesmo foi o primeiro propagador&#8221;, disse, lembrando os tempos sombrios que vivemos com a crise ambiental e a pandemia. &#8220;Nesse momento de dor, devemos perguntar como S\u00e3o Francisco: o que eu posso fazer de melhor? Qual \u00e9 a melhor mensagem que posso dar para o mundo, a partir da minha experi\u00eancia? Porque se estou sofrendo, sentindo dor, tenho medo, meus irm\u00e3os e irm\u00e3s tamb\u00e9m t\u00eam. Ent\u00e3o, ao inv\u00e9s de focar na minha dor, eu posso focar no que eu tenho de amor, de generosidade, de bondade para compartilhar&#8221;, ensinou.<\/p>\n<div id=\"attachment_228709\" style=\"width: 460px\" class=\"wp-caption alignleft\"><img aria-describedby=\"caption-attachment-228709\" loading=\"lazy\" class=\"wp-image-228709 size-medium\" src=\"https:\/\/franciscanos.org.br\/noticias\/wp-content\/uploads\/2020\/10\/vozes_03-450x359.jpg\" alt=\"\" width=\"450\" height=\"359\" srcset=\"https:\/\/franciscanos.org.br\/noticias\/wp-content\/uploads\/2020\/10\/vozes_03-450x359.jpg 450w, https:\/\/franciscanos.org.br\/noticias\/wp-content\/uploads\/2020\/10\/vozes_03-1024x816.jpg 1024w, https:\/\/franciscanos.org.br\/noticias\/wp-content\/uploads\/2020\/10\/vozes_03-768x612.jpg 768w, https:\/\/franciscanos.org.br\/noticias\/wp-content\/uploads\/2020\/10\/vozes_03-150x120.jpg 150w, https:\/\/franciscanos.org.br\/noticias\/wp-content\/uploads\/2020\/10\/vozes_03.jpg 1182w\" sizes=\"(max-width: 450px) 100vw, 450px\" \/><p id=\"caption-attachment-228709\" class=\"wp-caption-text\"><em>Frei Jos\u00e9 Ant\u00f3nio Correia Pereira<\/em><\/p><\/div>\n<p>O amor cort\u00eas-cavaleiresco foi o tema de Frei Vitorio Mazzuco, mestre em Teologia Espiritual, pela Pontificia Universita Antonianum, em Roma, que foi tirado do seu livro \u201cFrancisco de Assis e o modelo de amor cort\u00eas-calaleiresco\u201d, editado pela Editora Vozes.<\/p>\n<p>Frei Vitorio destacou os valores da cavalaria na Idade M\u00e9dia, tempo que, segundo ele, revela uma n\u00edtida cultura de amor e originalidade. &#8220;Francisco n\u00e3o foi cavaleiro por inicia\u00e7\u00e3o, mas por inspira\u00e7\u00e3o&#8221;, explicou. Segundo o autor, cavaleiro \u00e9 o representante de uma liberdade absoluta que se entrega a uma causa. Tem a coragem de arriscar a sua vida por algo muito grande na medida em que a causa exige. &#8220;A civiliza\u00e7\u00e3o medieval gerou para n\u00f3s um tipo forte como Francisco de Assis&#8221;, disse.<\/p>\n<p>No terceiro dia da semana, Frei Gustavo Medella destacou que o bate-papo seria al\u00e9m-mar, em terras portuguesas. O frade portugu\u00eas, Frei Jos\u00e9 Ant\u00f3nio Correia Pereira, falou sobre\u00a0 &#8220;Santa Clara: \u00e9poca, carisma e espiritualidade&#8221;, que \u00e9 o t\u00edtulo de um livro seu publicado pela Vozes.<\/p>\n<p>Frei Jos\u00e9 lembrou que o caminho de Clara foi um &#8220;caminho pr\u00f3prio e pessoal&#8221;. &#8220;\u00c0s vezes, ela \u00e9 estudada nas obras de Francisco, mas ela tem vida pr\u00f3pria. Durante muito tempo era a plantinha escondida na sombra da grande planta S\u00e3o Francisco&#8221;, explicou. Segundo ele, Clara percorreu o caminho do movimento franciscano como as outras Ordens, mas o fez com sua identidade.<\/p>\n<p>&nbsp;<\/p>\n<p>No quarto dia (7\/10), Frei Ederson Queiroz, OFMCap, ex-presidente da CFFB;\u00a0 Jos\u00e9 Douglas Soares, Secretario Fraterno Nacional da JUFRA do Brasil; e Irm\u00e3 Cleusa Aparecida Neves, CFA, presidenta do Conselho Diretor da CFFB falaram sobre a\u00a0 espiritualidade Franciscana. Frei Medella perguntou: Como S\u00e3o Francisco e Santa Clara surgiram na sua vida?<\/p>\n<p>Ir. Cleusa contou que foi despertando na voca\u00e7\u00e3o vendo o trabalho das Irm\u00e3s Franciscanas de Nossa Senhora do Amparo. &#8220;O que muito me chamava a aten\u00e7\u00e3o foi a coragem de Francisco e Clara romperem com a fam\u00edlia. S\u00e3o Francisco abandona tudo e vai viver pobremente. Opta por uma vida na simplicidade e pobreza. Santa Clara j\u00e1 tinha uma din\u00e2mica de visitar os pobres, e depois enfrenta a fam\u00edlia para seguir Francisco&#8221;, disse Ir. Cleuza.<\/p>\n<p><img loading=\"lazy\" class=\"alignnone wp-image-228710 size-full\" src=\"https:\/\/franciscanos.org.br\/noticias\/wp-content\/uploads\/2020\/10\/vozes_08_1.jpg\" alt=\"\" width=\"1200\" height=\"675\" srcset=\"https:\/\/franciscanos.org.br\/noticias\/wp-content\/uploads\/2020\/10\/vozes_08_1.jpg 1200w, https:\/\/franciscanos.org.br\/noticias\/wp-content\/uploads\/2020\/10\/vozes_08_1-450x253.jpg 450w, https:\/\/franciscanos.org.br\/noticias\/wp-content\/uploads\/2020\/10\/vozes_08_1-1024x576.jpg 1024w, https:\/\/franciscanos.org.br\/noticias\/wp-content\/uploads\/2020\/10\/vozes_08_1-768x432.jpg 768w, https:\/\/franciscanos.org.br\/noticias\/wp-content\/uploads\/2020\/10\/vozes_08_1-150x84.jpg 150w\" sizes=\"(max-width: 1200px) 100vw, 1200px\" \/><\/p>\n<p>Segundo Douglas, no ensino fundamental estudou no Col\u00e9gio das Irm\u00e3s Franciscanas do Bom Conselho. &#8220;Toda a minha viv\u00eancia franciscana foi pautada por elas. No terceiro ano do Ensino M\u00e9dio, uma colega de classe me convidou para conhecer a Juventude Franciscana. A gente ouvia falar tanto de Jufra, mas tinha aquele receio. Depois de diversos convites, numa quinta-feira, lembro at\u00e9 hoje, resolvi conhecer essa fraternidade na minha cidade. Franciscano e Clara apareceu atrav\u00e9s daqueles jovens. A\u00ed fui conhecendo mais profundamente a viv\u00eancia radical do Evangelho de Francisco e a firmeza de Clara para seguir Francisco. E se passaram dez anos e, como a juventude tem um prazo de idade, em 1916, eu disse &#8216;sim&#8217; para Ordem Franciscana Secular e aqui estou tamb\u00e9m servindo a Juventude Franciscana&#8221;, explicou Douglas.<\/p>\n<p>Segundo Frei \u00c9derson, quando era coroinha, nasceu o desejo de ser padre. &#8220;N\u00e3o tinha a menor no\u00e7\u00e3o do que era ser franciscano na \u00e9poca&#8221;, disse, mas a chegada dos Frades Capuchinhos para as Santas Miss\u00f5es come\u00e7ou a mudar seu entendimento, at\u00e9 que um colega seu o levou para conhecer um convento capuchinho. &#8220;A forma como Frei Fl\u00e1vio Trindade nos acolheu foi t\u00e3o fraterna que, naquela hora, tive a certeza: \u00e9 isso que quero!&#8221;. J\u00e1 Santa Clara demorou um pouco mais para conhecer. \u201cS\u00f3 em 2012, no 8\u00ba centen\u00e1rio de Santa Clara, quando fui nomeado para uma Comiss\u00e3o Preparat\u00f3ria deste Jubileu, aproximei-me de Clara de Assis. N\u00e3o s\u00f3 me aproximei mas me apaixonei por Clara&#8221;, completou.<\/p>\n","protected":false},"excerpt":{"rendered":"<p>Semana Franciscana<\/p>\n","protected":false},"author":3,"featured_media":228711,"comment_status":"open","ping_status":"open","sticky":false,"template":"","format":"standard","meta":[],"categories":[1],"tags":[238],"acf":[],"yoast_head":"<!-- This site is optimized with the Yoast SEO plugin v19.2 - https:\/\/yoast.com\/wordpress\/plugins\/seo\/ -->\n<title>Vozes promove \u201cencontros com Francisco e Clara de Assis\u201d - Not\u00edcias - Franciscanos<\/title>\n<meta name=\"robots\" content=\"index, follow, max-snippet:-1, max-image-preview:large, max-video-preview:-1\" \/>\n<link rel=\"canonical\" href=\"https:\/\/franciscanos.org.br\/noticias\/vozes-promove-encontros-com-francisco-e-clara-de-assis.html\" \/>\n<meta property=\"og:locale\" content=\"pt_BR\" \/>\n<meta property=\"og:type\" content=\"article\" \/>\n<meta property=\"og:title\" content=\"Vozes promove \u201cencontros com Francisco e Clara de Assis\u201d - Not\u00edcias - Franciscanos\" \/>\n<meta property=\"og:description\" content=\"Semana Franciscana\" \/>\n<meta property=\"og:url\" content=\"https:\/\/franciscanos.org.br\/noticias\/vozes-promove-encontros-com-francisco-e-clara-de-assis.html\" \/>\n<meta property=\"og:site_name\" content=\"Not\u00edcias - Franciscanos\" \/>\n<meta property=\"article:published_time\" content=\"2020-10-08T16:39:19+00:00\" \/>\n<meta property=\"og:image\" content=\"https:\/\/franciscanos.org.br\/noticias\/wp-content\/uploads\/2020\/10\/clarissas_08.jpg\" \/>\n\t<meta property=\"og:image:width\" content=\"800\" \/>\n\t<meta property=\"og:image:height\" content=\"600\" \/>\n\t<meta property=\"og:image:type\" content=\"image\/jpeg\" \/>\n<meta name=\"author\" content=\"moacir\" \/>\n<meta name=\"twitter:card\" content=\"summary_large_image\" \/>\n<meta name=\"twitter:label1\" content=\"Escrito por\" \/>\n\t<meta name=\"twitter:data1\" content=\"moacir\" \/>\n\t<meta name=\"twitter:label2\" content=\"Est. tempo de leitura\" \/>\n\t<meta name=\"twitter:data2\" content=\"6 minutos\" \/>\n<script type=\"application\/ld+json\" class=\"yoast-schema-graph\">{\"@context\":\"https:\/\/schema.org\",\"@graph\":[{\"@type\":\"WebSite\",\"@id\":\"https:\/\/franciscanos.org.br\/noticias\/#website\",\"url\":\"https:\/\/franciscanos.org.br\/noticias\/\",\"name\":\"Not\u00edcias - Franciscanos\",\"description\":\"Prov\u00edncia Franciscana da Imaculada Concei\u00e7\u00e3o do Brasil - Ordem dos Frades Menores - OFM\",\"potentialAction\":[{\"@type\":\"SearchAction\",\"target\":{\"@type\":\"EntryPoint\",\"urlTemplate\":\"https:\/\/franciscanos.org.br\/noticias\/?s={search_term_string}\"},\"query-input\":\"required name=search_term_string\"}],\"inLanguage\":\"pt-BR\"},{\"@type\":\"ImageObject\",\"inLanguage\":\"pt-BR\",\"@id\":\"https:\/\/franciscanos.org.br\/noticias\/vozes-promove-encontros-com-francisco-e-clara-de-assis.html#primaryimage\",\"url\":\"https:\/\/franciscanos.org.br\/noticias\/wp-content\/uploads\/2020\/10\/clarissas_08.jpg\",\"contentUrl\":\"https:\/\/franciscanos.org.br\/noticias\/wp-content\/uploads\/2020\/10\/clarissas_08.jpg\",\"width\":800,\"height\":600},{\"@type\":\"WebPage\",\"@id\":\"https:\/\/franciscanos.org.br\/noticias\/vozes-promove-encontros-com-francisco-e-clara-de-assis.html#webpage\",\"url\":\"https:\/\/franciscanos.org.br\/noticias\/vozes-promove-encontros-com-francisco-e-clara-de-assis.html\",\"name\":\"Vozes promove \u201cencontros com Francisco e Clara de Assis\u201d - Not\u00edcias - Franciscanos\",\"isPartOf\":{\"@id\":\"https:\/\/franciscanos.org.br\/noticias\/#website\"},\"primaryImageOfPage\":{\"@id\":\"https:\/\/franciscanos.org.br\/noticias\/vozes-promove-encontros-com-francisco-e-clara-de-assis.html#primaryimage\"},\"datePublished\":\"2020-10-08T16:39:19+00:00\",\"dateModified\":\"2020-10-08T16:39:19+00:00\",\"author\":{\"@id\":\"https:\/\/franciscanos.org.br\/noticias\/#\/schema\/person\/b5c8cba458c330ccff548b056e95a5d4\"},\"breadcrumb\":{\"@id\":\"https:\/\/franciscanos.org.br\/noticias\/vozes-promove-encontros-com-francisco-e-clara-de-assis.html#breadcrumb\"},\"inLanguage\":\"pt-BR\",\"potentialAction\":[{\"@type\":\"ReadAction\",\"target\":[\"https:\/\/franciscanos.org.br\/noticias\/vozes-promove-encontros-com-francisco-e-clara-de-assis.html\"]}]},{\"@type\":\"BreadcrumbList\",\"@id\":\"https:\/\/franciscanos.org.br\/noticias\/vozes-promove-encontros-com-francisco-e-clara-de-assis.html#breadcrumb\",\"itemListElement\":[{\"@type\":\"ListItem\",\"position\":1,\"name\":\"Home\",\"item\":\"https:\/\/franciscanos.org.br\/noticias\"},{\"@type\":\"ListItem\",\"position\":2,\"name\":\"Vozes promove \u201cencontros com Francisco e Clara de Assis\u201d\"}]},{\"@type\":\"Person\",\"@id\":\"https:\/\/franciscanos.org.br\/noticias\/#\/schema\/person\/b5c8cba458c330ccff548b056e95a5d4\",\"name\":\"moacir\",\"image\":{\"@type\":\"ImageObject\",\"inLanguage\":\"pt-BR\",\"@id\":\"https:\/\/franciscanos.org.br\/noticias\/#\/schema\/person\/image\/\",\"url\":\"https:\/\/secure.gravatar.com\/avatar\/d08aa2ce4c8dd416d4479aa8536fcf64?s=96&d=mm&r=g\",\"contentUrl\":\"https:\/\/secure.gravatar.com\/avatar\/d08aa2ce4c8dd416d4479aa8536fcf64?s=96&d=mm&r=g\",\"caption\":\"moacir\"},\"url\":\"https:\/\/franciscanos.org.br\/noticias\/author\/moacir\"}]}<\/script>\n<!-- \/ Yoast SEO plugin. -->","yoast_head_json":{"title":"Vozes promove \u201cencontros com Francisco e Clara de Assis\u201d - Not\u00edcias - Franciscanos","robots":{"index":"index","follow":"follow","max-snippet":"max-snippet:-1","max-image-preview":"max-image-preview:large","max-video-preview":"max-video-preview:-1"},"canonical":"https:\/\/franciscanos.org.br\/noticias\/vozes-promove-encontros-com-francisco-e-clara-de-assis.html","og_locale":"pt_BR","og_type":"article","og_title":"Vozes promove \u201cencontros com Francisco e Clara de Assis\u201d - Not\u00edcias - Franciscanos","og_description":"Semana Franciscana","og_url":"https:\/\/franciscanos.org.br\/noticias\/vozes-promove-encontros-com-francisco-e-clara-de-assis.html","og_site_name":"Not\u00edcias - Franciscanos","article_published_time":"2020-10-08T16:39:19+00:00","og_image":[{"width":800,"height":600,"url":"https:\/\/franciscanos.org.br\/noticias\/wp-content\/uploads\/2020\/10\/clarissas_08.jpg","type":"image\/jpeg"}],"author":"moacir","twitter_card":"summary_large_image","twitter_misc":{"Escrito por":"moacir","Est. tempo de leitura":"6 minutos"},"schema":{"@context":"https:\/\/schema.org","@graph":[{"@type":"WebSite","@id":"https:\/\/franciscanos.org.br\/noticias\/#website","url":"https:\/\/franciscanos.org.br\/noticias\/","name":"Not\u00edcias - Franciscanos","description":"Prov\u00edncia Franciscana da Imaculada Concei\u00e7\u00e3o do Brasil - Ordem dos Frades Menores - OFM","potentialAction":[{"@type":"SearchAction","target":{"@type":"EntryPoint","urlTemplate":"https:\/\/franciscanos.org.br\/noticias\/?s={search_term_string}"},"query-input":"required name=search_term_string"}],"inLanguage":"pt-BR"},{"@type":"ImageObject","inLanguage":"pt-BR","@id":"https:\/\/franciscanos.org.br\/noticias\/vozes-promove-encontros-com-francisco-e-clara-de-assis.html#primaryimage","url":"https:\/\/franciscanos.org.br\/noticias\/wp-content\/uploads\/2020\/10\/clarissas_08.jpg","contentUrl":"https:\/\/franciscanos.org.br\/noticias\/wp-content\/uploads\/2020\/10\/clarissas_08.jpg","width":800,"height":600},{"@type":"WebPage","@id":"https:\/\/franciscanos.org.br\/noticias\/vozes-promove-encontros-com-francisco-e-clara-de-assis.html#webpage","url":"https:\/\/franciscanos.org.br\/noticias\/vozes-promove-encontros-com-francisco-e-clara-de-assis.html","name":"Vozes promove \u201cencontros com Francisco e Clara de Assis\u201d - Not\u00edcias - Franciscanos","isPartOf":{"@id":"https:\/\/franciscanos.org.br\/noticias\/#website"},"primaryImageOfPage":{"@id":"https:\/\/franciscanos.org.br\/noticias\/vozes-promove-encontros-com-francisco-e-clara-de-assis.html#primaryimage"},"datePublished":"2020-10-08T16:39:19+00:00","dateModified":"2020-10-08T16:39:19+00:00","author":{"@id":"https:\/\/franciscanos.org.br\/noticias\/#\/schema\/person\/b5c8cba458c330ccff548b056e95a5d4"},"breadcrumb":{"@id":"https:\/\/franciscanos.org.br\/noticias\/vozes-promove-encontros-com-francisco-e-clara-de-assis.html#breadcrumb"},"inLanguage":"pt-BR","potentialAction":[{"@type":"ReadAction","target":["https:\/\/franciscanos.org.br\/noticias\/vozes-promove-encontros-com-francisco-e-clara-de-assis.html"]}]},{"@type":"BreadcrumbList","@id":"https:\/\/franciscanos.org.br\/noticias\/vozes-promove-encontros-com-francisco-e-clara-de-assis.html#breadcrumb","itemListElement":[{"@type":"ListItem","position":1,"name":"Home","item":"https:\/\/franciscanos.org.br\/noticias"},{"@type":"ListItem","position":2,"name":"Vozes promove \u201cencontros com Francisco e Clara de Assis\u201d"}]},{"@type":"Person","@id":"https:\/\/franciscanos.org.br\/noticias\/#\/schema\/person\/b5c8cba458c330ccff548b056e95a5d4","name":"moacir","image":{"@type":"ImageObject","inLanguage":"pt-BR","@id":"https:\/\/franciscanos.org.br\/noticias\/#\/schema\/person\/image\/","url":"https:\/\/secure.gravatar.com\/avatar\/d08aa2ce4c8dd416d4479aa8536fcf64?s=96&d=mm&r=g","contentUrl":"https:\/\/secure.gravatar.com\/avatar\/d08aa2ce4c8dd416d4479aa8536fcf64?s=96&d=mm&r=g","caption":"moacir"},"url":"https:\/\/franciscanos.org.br\/noticias\/author\/moacir"}]}},"_links":{"self":[{"href":"https:\/\/franciscanos.org.br\/noticias\/wp-json\/wp\/v2\/posts\/228706"}],"collection":[{"href":"https:\/\/franciscanos.org.br\/noticias\/wp-json\/wp\/v2\/posts"}],"about":[{"href":"https:\/\/franciscanos.org.br\/noticias\/wp-json\/wp\/v2\/types\/post"}],"author":[{"embeddable":true,"href":"https:\/\/franciscanos.org.br\/noticias\/wp-json\/wp\/v2\/users\/3"}],"replies":[{"embeddable":true,"href":"https:\/\/franciscanos.org.br\/noticias\/wp-json\/wp\/v2\/comments?post=228706"}],"version-history":[{"count":1,"href":"https:\/\/franciscanos.org.br\/noticias\/wp-json\/wp\/v2\/posts\/228706\/revisions"}],"predecessor-version":[{"id":228712,"href":"https:\/\/franciscanos.org.br\/noticias\/wp-json\/wp\/v2\/posts\/228706\/revisions\/228712"}],"wp:featuredmedia":[{"embeddable":true,"href":"https:\/\/franciscanos.org.br\/noticias\/wp-json\/wp\/v2\/media\/228711"}],"wp:attachment":[{"href":"https:\/\/franciscanos.org.br\/noticias\/wp-json\/wp\/v2\/media?parent=228706"}],"wp:term":[{"taxonomy":"category","embeddable":true,"href":"https:\/\/franciscanos.org.br\/noticias\/wp-json\/wp\/v2\/categories?post=228706"},{"taxonomy":"post_tag","embeddable":true,"href":"https:\/\/franciscanos.org.br\/noticias\/wp-json\/wp\/v2\/tags?post=228706"}],"curies":[{"name":"wp","href":"https:\/\/api.w.org\/{rel}","templated":true}]}}