{"id":228698,"date":"2020-10-07T07:13:35","date_gmt":"2020-10-07T10:13:35","guid":{"rendered":"https:\/\/franciscanos.org.br\/noticias\/?p=228698"},"modified":"2020-10-07T07:16:19","modified_gmt":"2020-10-07T10:16:19","slug":"papa-precisamos-de-cristaos-corajosos-que-saibam-dizer-isto-nao-deve-ser-feito","status":"publish","type":"post","link":"https:\/\/franciscanos.org.br\/noticias\/papa-precisamos-de-cristaos-corajosos-que-saibam-dizer-isto-nao-deve-ser-feito.html","title":{"rendered":"Papa: precisamos de crist\u00e3os corajosos que saibam dizer \u201cisto n\u00e3o deve ser feito\u201d"},"content":{"rendered":"<div id=\"attachment_228699\" style=\"width: 900px\" class=\"wp-caption alignnone\"><img aria-describedby=\"caption-attachment-228699\" loading=\"lazy\" class=\"wp-image-228699 size-full\" src=\"https:\/\/franciscanos.org.br\/noticias\/wp-content\/uploads\/2020\/10\/audiencia_0710.jpg\" alt=\"\" width=\"890\" height=\"593\" srcset=\"https:\/\/franciscanos.org.br\/noticias\/wp-content\/uploads\/2020\/10\/audiencia_0710.jpg 890w, https:\/\/franciscanos.org.br\/noticias\/wp-content\/uploads\/2020\/10\/audiencia_0710-450x300.jpg 450w, https:\/\/franciscanos.org.br\/noticias\/wp-content\/uploads\/2020\/10\/audiencia_0710-768x512.jpg 768w, https:\/\/franciscanos.org.br\/noticias\/wp-content\/uploads\/2020\/10\/audiencia_0710-150x100.jpg 150w\" sizes=\"(max-width: 890px) 100vw, 890px\" \/><p id=\"caption-attachment-228699\" class=\"wp-caption-text\">\u00a0 \u00a0 \u00a0 \u00a0 \u00a0 \u00a0 \u00a0 \u00a0 \u00a0 \u00a0 \u00a0 \u00a0 \u00a0 \u00a0 \u00a0 \u00a0 \u00a0 \u00a0 \u00a0 \u00a0 \u00a0 \u00a0 \u00a0 \u00a0 \u00a0 \u00a0 \u00a0 \u00a0 \u00a0 \u00a0 \u00a0 \u00a0 \u00a0 \u00a0 \u00a0 \u00a0 \u00a0 \u00a0 \u00a0 \u00a0 \u00a0 \u00a0 \u00a0 \u00a0 \u00a0 \u00a0 \u00a0 \u00a0 \u00a0 \u00a0 \u00a0 \u00a0 \u00a0 \u00a0 \u00a0 \u00a0 \u00a0 \u00a0 \u00a0 \u00a0 \u00a0 \u00a0 \u00a0 \u00a0 \u00a0 \u00a0 \u00a0 \u00a0 \u00a0 \u00a0 \u00a0 \u00a0 \u00a0<em> Imagens: Vatican Medi<\/em>a<\/p><\/div>\n<p><strong>Cidade do Vaticano<\/strong> &#8211; \u201cA ora\u00e7\u00e3o de Elias\u201d foi o tema da catequese do Papa Francisco na Audi\u00eancia Geral desta quarta-feira (07\/10), realizada na Sala Paulo VI, por causa da chuva que come\u00e7ou a cair cedo na Cidade Eterna. O Pont\u00edfice retomou as catequeses sobre o tema da ora\u00e7\u00e3o, interrompidas para dar espa\u00e7o ao ciclo de catequeses dedicado ao cuidado da cria\u00e7\u00e3o. \u201cConhe\u00e7amos um dos personagens mais fascinantes de toda a Sagrada Escritura: o profeta Elias&#8221;, disse o Papa. &#8220;Ele vai al\u00e9m dos limites do seu tempo e podemos ver a sua presen\u00e7a tamb\u00e9m em alguns epis\u00f3dios do Evangelho. Ele aparece ao lado de Jesus, junto com Mois\u00e9s, no momento da Transfigura\u00e7\u00e3o. O pr\u00f3prio Jesus refere-se \u00e0 sua figura para dar cr\u00e9dito ao testemunho de Jo\u00e3o Batista\u201d, sublinhou Francisco.<\/p>\n<table border=\"0\" width=\"450\" cellspacing=\"3\" cellpadding=\"3\" align=\"right\">\n<tbody>\n<tr>\n<td bgcolor=\"#CCCCCC\"><iframe loading=\"lazy\" src=\"https:\/\/www.youtube.com\/embed\/6bahbk4jfJA\" width=\"560\" height=\"315\" frameborder=\"0\" allowfullscreen=\"allowfullscreen\"><\/iframe><\/p>\n<h4>Papa repete antiga tradi\u00e7\u00e3o de beijar as m\u00e3os de sacerdotes rec\u00e9m-ordenados<\/h4>\n<p>Antes da catequese na Audi\u00eancia Geral, enquanto saudava os fi\u00e9is, o Papa Francisco realizou um gesto tradicional: beijou as m\u00e3os de alguns sacerdotes rec\u00e9m-ordenados. Trata-se de um gesto humilde que tem origem nos tempos de Jesus, quando os pais levavam seus filhos at\u00e9 Ele para que Lhe beijassem as m\u00e3os e recebessem Sua b\u00ean\u00e7\u00e3o. Este h\u00e1bito depois passou aos ap\u00f3stolos e prossegue hoje com seus sucessores, isto \u00e9, os sacerdotes: ao final da ordena\u00e7\u00e3o, os fi\u00e9is se aproximam dos novos presb\u00edteros e beijam suas m\u00e3os porque acabam de ser consagrados. Na Audi\u00eancia Geral, o Papa beijou as m\u00e3os de cinco sacerdotes ordenados s\u00e1bado passado em Roma pelo cardeal-vig\u00e1rio De Donatis na Bas\u00edlica de S\u00e3o Jo\u00e3o de Latr\u00e3o e outros cinco sacerdotes oriundos da Rep\u00fablica Tcheca. O Pont\u00edfice tamb\u00e9m saudou os capel\u00e3es carcer\u00e1rios que celebraram 25 anos de ordena\u00e7\u00e3o.<\/td>\n<\/tr>\n<\/tbody>\n<\/table>\n<p>O Papa frisou que \u201ca Escritura apresenta Elias como um homem de f\u00e9 cristalina: no seu pr\u00f3prio nome, que poderia significar \u201cJav\u00e9 \u00e9 Deus\u201d, est\u00e1 inclu\u00eddo o segredo da sua miss\u00e3o. Ele ser\u00e1 assim para o resto de sua vida: um homem integ\u00e9rrimo, incapaz de compromissos mesquinhos. O seu s\u00edmbolo \u00e9 o fogo, a imagem do poder purificador de Deus. Ser\u00e1 o primeiro a ser posto \u00e0 prova e permanecer\u00e1 fiel. Ele \u00e9 o exemplo de todas as pessoas de f\u00e9 que passam por tenta\u00e7\u00f5es e sofrimentos, mas n\u00e3o deixam de viver \u00e0 altura do ideal para o qual nasceram\u201d.<\/p>\n<p>A ora\u00e7\u00e3o \u00e9 a linfa que alimenta constantemente a sua exist\u00eancia. Por esta raz\u00e3o, \u00e9 um dos personagens mais queridos \u00e0 tradi\u00e7\u00e3o mon\u00e1stica, de tal forma que alguns o elegeram padre espiritual da vida consagrada a Deus. Elias \u00e9 o homem de Deus, que se levanta como defensor da primazia do Alt\u00edssimo. No entanto, tamb\u00e9m ele \u00e9 obrigado a enfrentar as pr\u00f3prias fragilidades. \u00c9 dif\u00edcil dizer quais experi\u00eancias lhe foram mais \u00fateis: se a derrota dos falsos profetas no Monte Carmelo, ou a perplexidade em que constata que ele \u00abn\u00e3o \u00e9 melhor do que os seus pais\u00bb.<\/p>\n<p><strong>A ora\u00e7\u00e3o \u00e9 deixar-se conduzir por Deus<\/strong><br \/>\nSegundo Francisco, na alma de quem reza, o sentido da pr\u00f3pria debilidade \u00e9 mais precioso do que momentos de exalta\u00e7\u00e3o, quando parece que a vida \u00e9 uma cavalgada de vit\u00f3rias e sucessos\u201d, e acrescentou: Na ora\u00e7\u00e3o acontece sempre isso. Momentos de ora\u00e7\u00e3o que nos puxam para cima, nos enche de entusiasmo, e momentos de ora\u00e7\u00e3o de dor, aridez e prova\u00e7\u00f5es. A ora\u00e7\u00e3o \u00e9 assim: deixar-se conduzir por Deus e deixar-se tamb\u00e9m golpear, pelas situa\u00e7\u00f5es ruins e at\u00e9 mesmo pelas tenta\u00e7\u00f5es. Esta realidade que a ora\u00e7\u00e3o \u00e9 assim se encontra em muitas outras voca\u00e7\u00f5es b\u00edblicas, tamb\u00e9m no Novo Testamento; pensemos, por exemplo, em S\u00e3o Pedro e S\u00e3o Paulo, a vida deles era assim: momentos de exulta\u00e7\u00e3o e momentos de abaixamento, de sofrimentos.<\/p>\n<p>\u201cElias \u00e9 o homem de vida contemplativa e, ao mesmo tempo, de vida ativa, preocupado com os acontecimentos do seu tempo, capaz de se lan\u00e7ar contra o rei e a rainha, depois que eles mandaram matar Nabot para tomar posse da sua vinha\u201d, disse ainda o Pont\u00edfice.<\/p>\n<p><strong><img loading=\"lazy\" class=\"alignleft wp-image-228700\" src=\"https:\/\/franciscanos.org.br\/noticias\/wp-content\/uploads\/2020\/10\/audiencia_0710_1.jpg\" alt=\"\" width=\"400\" height=\"585\" srcset=\"https:\/\/franciscanos.org.br\/noticias\/wp-content\/uploads\/2020\/10\/audiencia_0710_1.jpg 533w, https:\/\/franciscanos.org.br\/noticias\/wp-content\/uploads\/2020\/10\/audiencia_0710_1-308x450.jpg 308w, https:\/\/franciscanos.org.br\/noticias\/wp-content\/uploads\/2020\/10\/audiencia_0710_1-150x220.jpg 150w\" sizes=\"(max-width: 400px) 100vw, 400px\" \/>Precisamos do esp\u00edrito de Elias<\/strong><br \/>\nQuanto precisamos de fi\u00e9is, de crist\u00e3os zelosos que agem diante de pessoas que t\u00eam responsabilidade gerencial com a coragem de Elias, para dizer: \u201cIsto n\u00e3o deve ser feito! Isto \u00e9 um assassinato\u201d! Precisamos do esp\u00edrito de Elias.<\/p>\n<p>Elias nos mostra, deste modo, \u201cque n\u00e3o deve haver dicotomia na vida de quem reza, n\u00e3o h\u00e1 diferen\u00e7a: se est\u00e1 perante o Senhor e se vai ao encontro dos irm\u00e3os para os quais Ele envia&#8221;. \u201cA ora\u00e7\u00e3o n\u00e3o \u00e9 um fechar-se com o senhor, para maquiar a alma. N\u00e3o, isto n\u00e3o \u00e9 ora\u00e7\u00e3o. Isto \u00e9 fingir de rezar. A ora\u00e7\u00e3o \u00e9 um confronto com Deus e um deixar-se enviar para servir aos irm\u00e3os. A prova da ora\u00e7\u00e3o \u00e9 o amor concreto pelo pr\u00f3ximo\u201d, disse.<\/p>\n<p>&#8220;E vice-versa: os fi\u00e9is agem no mundo depois de, primeiro, terem silenciado e rezado; caso contr\u00e1rio, a sua a\u00e7\u00e3o \u00e9 impulsiva, desprovida de discernimento, \u00e9 uma corrida ofegante sem meta. Quando os fi\u00e9is fazem assim, cometem muitas injusti\u00e7as, porque n\u00e3o foram primeiro diante do Senhor para rezar, discernir o que devem fazer\u201d.<\/p>\n<p><strong>Regressar a Deus com a ora\u00e7\u00e3o<\/strong><br \/>\nO Papa disse ainda que \u201cas p\u00e1ginas da B\u00edblia sugerem que tamb\u00e9m a f\u00e9 de Elias progrediu: ele cresceu na ora\u00e7\u00e3o, refinou-a pouco a pouco. Para ele, o rosto de Deus tornou-se mais n\u00edtido ao longo do caminho, at\u00e9 atingir o seu \u00e1pice naquela experi\u00eancia extraordin\u00e1ria, quando Deus se manifestou a Elias no monte. Ele se manifesta n\u00e3o na tempestade impetuosa, n\u00e3o no tremor de terra nem no fogo devorador, mas no \u00abmurm\u00fario de uma brisa suave\u00bb. Ou melhor, uma tradu\u00e7\u00e3o que reflete bem essa experi\u00eancia: em um fio de sil\u00eancio sonoro. \u00c9 assim que Deus se manifesta a Elias\u201d.<\/p>\n<p>\u00c9 com este sinal humilde que Deus se comunica com Elias, que naquele momento \u00e9 um profeta fugitivo que perdeu a paz. Deus vai ao encontro de um homem cansado, de um homem que pensava ter falhado em todas as frentes, e com aquela brisa suave, com aquele fio de sil\u00eancio sonoro, traz de volta a calma e a paz ao seu cora\u00e7\u00e3o.<\/p>\n<p>\u201cEsta \u00e9 a vicissitude de Elias, mas parece escrita para todos n\u00f3s\u201d, disse ainda Francisco. \u201cEm certas noites podemos sentir-nos in\u00fateis e solit\u00e1rios. \u00c9 ent\u00e3o que a ora\u00e7\u00e3o vir\u00e1 e bater\u00e1 \u00e0 porta do nosso cora\u00e7\u00e3o. Todos n\u00f3s podemos tocar uma orla do manto de Elias. E mesmo que tiv\u00e9ssemos feito algo de errado, ou se nos sent\u00edssemos amea\u00e7ados e apavorados, regressando a Deus com a ora\u00e7\u00e3o, voltar\u00e3o tamb\u00e9m como que por milagre a serenidade e a paz. Isto \u00e9 o que nos ensina o exemplo de Elias\u201d, concluiu o Papa.<\/p>\n<hr \/>\n<p><em>Fonte: Vatican News (texto Mariangela Jaguraba)<\/em><\/p>\n","protected":false},"excerpt":{"rendered":"<p>Audi\u00eancia Geral<\/p>\n","protected":false},"author":3,"featured_media":228701,"comment_status":"open","ping_status":"open","sticky":false,"template":"","format":"standard","meta":[],"categories":[1428],"tags":[487],"acf":[],"yoast_head":"<!-- This site is optimized with the Yoast SEO plugin v19.2 - https:\/\/yoast.com\/wordpress\/plugins\/seo\/ -->\n<title>Papa: precisamos de crist\u00e3os corajosos que saibam dizer \u201cisto n\u00e3o deve ser feito\u201d - Not\u00edcias - Franciscanos<\/title>\n<meta name=\"robots\" content=\"index, follow, max-snippet:-1, max-image-preview:large, max-video-preview:-1\" \/>\n<link rel=\"canonical\" href=\"https:\/\/franciscanos.org.br\/noticias\/papa-precisamos-de-cristaos-corajosos-que-saibam-dizer-isto-nao-deve-ser-feito.html\" \/>\n<meta property=\"og:locale\" content=\"pt_BR\" \/>\n<meta property=\"og:type\" content=\"article\" \/>\n<meta property=\"og:title\" content=\"Papa: precisamos de crist\u00e3os corajosos que saibam dizer \u201cisto n\u00e3o deve ser feito\u201d - Not\u00edcias - Franciscanos\" \/>\n<meta property=\"og:description\" content=\"Audi\u00eancia Geral\" \/>\n<meta property=\"og:url\" content=\"https:\/\/franciscanos.org.br\/noticias\/papa-precisamos-de-cristaos-corajosos-que-saibam-dizer-isto-nao-deve-ser-feito.html\" \/>\n<meta property=\"og:site_name\" content=\"Not\u00edcias - Franciscanos\" \/>\n<meta property=\"article:published_time\" content=\"2020-10-07T10:13:35+00:00\" \/>\n<meta property=\"article:modified_time\" content=\"2020-10-07T10:16:19+00:00\" \/>\n<meta property=\"og:image\" content=\"https:\/\/franciscanos.org.br\/noticias\/wp-content\/uploads\/2020\/10\/audiencia_0710d.jpg\" \/>\n\t<meta property=\"og:image:width\" content=\"800\" \/>\n\t<meta property=\"og:image:height\" content=\"601\" \/>\n\t<meta property=\"og:image:type\" content=\"image\/jpeg\" \/>\n<meta name=\"author\" content=\"moacir\" \/>\n<meta name=\"twitter:card\" content=\"summary_large_image\" \/>\n<meta name=\"twitter:label1\" content=\"Escrito por\" \/>\n\t<meta name=\"twitter:data1\" content=\"moacir\" \/>\n\t<meta name=\"twitter:label2\" content=\"Est. tempo de leitura\" \/>\n\t<meta name=\"twitter:data2\" content=\"6 minutos\" \/>\n<script type=\"application\/ld+json\" class=\"yoast-schema-graph\">{\"@context\":\"https:\/\/schema.org\",\"@graph\":[{\"@type\":\"WebSite\",\"@id\":\"https:\/\/franciscanos.org.br\/noticias\/#website\",\"url\":\"https:\/\/franciscanos.org.br\/noticias\/\",\"name\":\"Not\u00edcias - Franciscanos\",\"description\":\"Prov\u00edncia Franciscana da Imaculada Concei\u00e7\u00e3o do Brasil - Ordem dos Frades Menores - OFM\",\"potentialAction\":[{\"@type\":\"SearchAction\",\"target\":{\"@type\":\"EntryPoint\",\"urlTemplate\":\"https:\/\/franciscanos.org.br\/noticias\/?s={search_term_string}\"},\"query-input\":\"required name=search_term_string\"}],\"inLanguage\":\"pt-BR\"},{\"@type\":\"ImageObject\",\"inLanguage\":\"pt-BR\",\"@id\":\"https:\/\/franciscanos.org.br\/noticias\/papa-precisamos-de-cristaos-corajosos-que-saibam-dizer-isto-nao-deve-ser-feito.html#primaryimage\",\"url\":\"https:\/\/franciscanos.org.br\/noticias\/wp-content\/uploads\/2020\/10\/audiencia_0710d.jpg\",\"contentUrl\":\"https:\/\/franciscanos.org.br\/noticias\/wp-content\/uploads\/2020\/10\/audiencia_0710d.jpg\",\"width\":800,\"height\":601},{\"@type\":\"WebPage\",\"@id\":\"https:\/\/franciscanos.org.br\/noticias\/papa-precisamos-de-cristaos-corajosos-que-saibam-dizer-isto-nao-deve-ser-feito.html#webpage\",\"url\":\"https:\/\/franciscanos.org.br\/noticias\/papa-precisamos-de-cristaos-corajosos-que-saibam-dizer-isto-nao-deve-ser-feito.html\",\"name\":\"Papa: precisamos de crist\u00e3os corajosos que saibam dizer \u201cisto n\u00e3o deve ser feito\u201d - Not\u00edcias - Franciscanos\",\"isPartOf\":{\"@id\":\"https:\/\/franciscanos.org.br\/noticias\/#website\"},\"primaryImageOfPage\":{\"@id\":\"https:\/\/franciscanos.org.br\/noticias\/papa-precisamos-de-cristaos-corajosos-que-saibam-dizer-isto-nao-deve-ser-feito.html#primaryimage\"},\"datePublished\":\"2020-10-07T10:13:35+00:00\",\"dateModified\":\"2020-10-07T10:16:19+00:00\",\"author\":{\"@id\":\"https:\/\/franciscanos.org.br\/noticias\/#\/schema\/person\/b5c8cba458c330ccff548b056e95a5d4\"},\"breadcrumb\":{\"@id\":\"https:\/\/franciscanos.org.br\/noticias\/papa-precisamos-de-cristaos-corajosos-que-saibam-dizer-isto-nao-deve-ser-feito.html#breadcrumb\"},\"inLanguage\":\"pt-BR\",\"potentialAction\":[{\"@type\":\"ReadAction\",\"target\":[\"https:\/\/franciscanos.org.br\/noticias\/papa-precisamos-de-cristaos-corajosos-que-saibam-dizer-isto-nao-deve-ser-feito.html\"]}]},{\"@type\":\"BreadcrumbList\",\"@id\":\"https:\/\/franciscanos.org.br\/noticias\/papa-precisamos-de-cristaos-corajosos-que-saibam-dizer-isto-nao-deve-ser-feito.html#breadcrumb\",\"itemListElement\":[{\"@type\":\"ListItem\",\"position\":1,\"name\":\"Home\",\"item\":\"https:\/\/franciscanos.org.br\/noticias\"},{\"@type\":\"ListItem\",\"position\":2,\"name\":\"Papa: precisamos de crist\u00e3os corajosos que saibam dizer \u201cisto n\u00e3o deve ser feito\u201d\"}]},{\"@type\":\"Person\",\"@id\":\"https:\/\/franciscanos.org.br\/noticias\/#\/schema\/person\/b5c8cba458c330ccff548b056e95a5d4\",\"name\":\"moacir\",\"image\":{\"@type\":\"ImageObject\",\"inLanguage\":\"pt-BR\",\"@id\":\"https:\/\/franciscanos.org.br\/noticias\/#\/schema\/person\/image\/\",\"url\":\"https:\/\/secure.gravatar.com\/avatar\/d08aa2ce4c8dd416d4479aa8536fcf64?s=96&d=mm&r=g\",\"contentUrl\":\"https:\/\/secure.gravatar.com\/avatar\/d08aa2ce4c8dd416d4479aa8536fcf64?s=96&d=mm&r=g\",\"caption\":\"moacir\"},\"url\":\"https:\/\/franciscanos.org.br\/noticias\/author\/moacir\"}]}<\/script>\n<!-- \/ Yoast SEO plugin. -->","yoast_head_json":{"title":"Papa: precisamos de crist\u00e3os corajosos que saibam dizer \u201cisto n\u00e3o deve ser feito\u201d - Not\u00edcias - Franciscanos","robots":{"index":"index","follow":"follow","max-snippet":"max-snippet:-1","max-image-preview":"max-image-preview:large","max-video-preview":"max-video-preview:-1"},"canonical":"https:\/\/franciscanos.org.br\/noticias\/papa-precisamos-de-cristaos-corajosos-que-saibam-dizer-isto-nao-deve-ser-feito.html","og_locale":"pt_BR","og_type":"article","og_title":"Papa: precisamos de crist\u00e3os corajosos que saibam dizer \u201cisto n\u00e3o deve ser feito\u201d - Not\u00edcias - Franciscanos","og_description":"Audi\u00eancia Geral","og_url":"https:\/\/franciscanos.org.br\/noticias\/papa-precisamos-de-cristaos-corajosos-que-saibam-dizer-isto-nao-deve-ser-feito.html","og_site_name":"Not\u00edcias - Franciscanos","article_published_time":"2020-10-07T10:13:35+00:00","article_modified_time":"2020-10-07T10:16:19+00:00","og_image":[{"width":800,"height":601,"url":"https:\/\/franciscanos.org.br\/noticias\/wp-content\/uploads\/2020\/10\/audiencia_0710d.jpg","type":"image\/jpeg"}],"author":"moacir","twitter_card":"summary_large_image","twitter_misc":{"Escrito por":"moacir","Est. tempo de leitura":"6 minutos"},"schema":{"@context":"https:\/\/schema.org","@graph":[{"@type":"WebSite","@id":"https:\/\/franciscanos.org.br\/noticias\/#website","url":"https:\/\/franciscanos.org.br\/noticias\/","name":"Not\u00edcias - Franciscanos","description":"Prov\u00edncia Franciscana da Imaculada Concei\u00e7\u00e3o do Brasil - Ordem dos Frades Menores - OFM","potentialAction":[{"@type":"SearchAction","target":{"@type":"EntryPoint","urlTemplate":"https:\/\/franciscanos.org.br\/noticias\/?s={search_term_string}"},"query-input":"required name=search_term_string"}],"inLanguage":"pt-BR"},{"@type":"ImageObject","inLanguage":"pt-BR","@id":"https:\/\/franciscanos.org.br\/noticias\/papa-precisamos-de-cristaos-corajosos-que-saibam-dizer-isto-nao-deve-ser-feito.html#primaryimage","url":"https:\/\/franciscanos.org.br\/noticias\/wp-content\/uploads\/2020\/10\/audiencia_0710d.jpg","contentUrl":"https:\/\/franciscanos.org.br\/noticias\/wp-content\/uploads\/2020\/10\/audiencia_0710d.jpg","width":800,"height":601},{"@type":"WebPage","@id":"https:\/\/franciscanos.org.br\/noticias\/papa-precisamos-de-cristaos-corajosos-que-saibam-dizer-isto-nao-deve-ser-feito.html#webpage","url":"https:\/\/franciscanos.org.br\/noticias\/papa-precisamos-de-cristaos-corajosos-que-saibam-dizer-isto-nao-deve-ser-feito.html","name":"Papa: precisamos de crist\u00e3os corajosos que saibam dizer \u201cisto n\u00e3o deve ser feito\u201d - Not\u00edcias - Franciscanos","isPartOf":{"@id":"https:\/\/franciscanos.org.br\/noticias\/#website"},"primaryImageOfPage":{"@id":"https:\/\/franciscanos.org.br\/noticias\/papa-precisamos-de-cristaos-corajosos-que-saibam-dizer-isto-nao-deve-ser-feito.html#primaryimage"},"datePublished":"2020-10-07T10:13:35+00:00","dateModified":"2020-10-07T10:16:19+00:00","author":{"@id":"https:\/\/franciscanos.org.br\/noticias\/#\/schema\/person\/b5c8cba458c330ccff548b056e95a5d4"},"breadcrumb":{"@id":"https:\/\/franciscanos.org.br\/noticias\/papa-precisamos-de-cristaos-corajosos-que-saibam-dizer-isto-nao-deve-ser-feito.html#breadcrumb"},"inLanguage":"pt-BR","potentialAction":[{"@type":"ReadAction","target":["https:\/\/franciscanos.org.br\/noticias\/papa-precisamos-de-cristaos-corajosos-que-saibam-dizer-isto-nao-deve-ser-feito.html"]}]},{"@type":"BreadcrumbList","@id":"https:\/\/franciscanos.org.br\/noticias\/papa-precisamos-de-cristaos-corajosos-que-saibam-dizer-isto-nao-deve-ser-feito.html#breadcrumb","itemListElement":[{"@type":"ListItem","position":1,"name":"Home","item":"https:\/\/franciscanos.org.br\/noticias"},{"@type":"ListItem","position":2,"name":"Papa: precisamos de crist\u00e3os corajosos que saibam dizer \u201cisto n\u00e3o deve ser feito\u201d"}]},{"@type":"Person","@id":"https:\/\/franciscanos.org.br\/noticias\/#\/schema\/person\/b5c8cba458c330ccff548b056e95a5d4","name":"moacir","image":{"@type":"ImageObject","inLanguage":"pt-BR","@id":"https:\/\/franciscanos.org.br\/noticias\/#\/schema\/person\/image\/","url":"https:\/\/secure.gravatar.com\/avatar\/d08aa2ce4c8dd416d4479aa8536fcf64?s=96&d=mm&r=g","contentUrl":"https:\/\/secure.gravatar.com\/avatar\/d08aa2ce4c8dd416d4479aa8536fcf64?s=96&d=mm&r=g","caption":"moacir"},"url":"https:\/\/franciscanos.org.br\/noticias\/author\/moacir"}]}},"_links":{"self":[{"href":"https:\/\/franciscanos.org.br\/noticias\/wp-json\/wp\/v2\/posts\/228698"}],"collection":[{"href":"https:\/\/franciscanos.org.br\/noticias\/wp-json\/wp\/v2\/posts"}],"about":[{"href":"https:\/\/franciscanos.org.br\/noticias\/wp-json\/wp\/v2\/types\/post"}],"author":[{"embeddable":true,"href":"https:\/\/franciscanos.org.br\/noticias\/wp-json\/wp\/v2\/users\/3"}],"replies":[{"embeddable":true,"href":"https:\/\/franciscanos.org.br\/noticias\/wp-json\/wp\/v2\/comments?post=228698"}],"version-history":[{"count":4,"href":"https:\/\/franciscanos.org.br\/noticias\/wp-json\/wp\/v2\/posts\/228698\/revisions"}],"predecessor-version":[{"id":228705,"href":"https:\/\/franciscanos.org.br\/noticias\/wp-json\/wp\/v2\/posts\/228698\/revisions\/228705"}],"wp:featuredmedia":[{"embeddable":true,"href":"https:\/\/franciscanos.org.br\/noticias\/wp-json\/wp\/v2\/media\/228701"}],"wp:attachment":[{"href":"https:\/\/franciscanos.org.br\/noticias\/wp-json\/wp\/v2\/media?parent=228698"}],"wp:term":[{"taxonomy":"category","embeddable":true,"href":"https:\/\/franciscanos.org.br\/noticias\/wp-json\/wp\/v2\/categories?post=228698"},{"taxonomy":"post_tag","embeddable":true,"href":"https:\/\/franciscanos.org.br\/noticias\/wp-json\/wp\/v2\/tags?post=228698"}],"curies":[{"name":"wp","href":"https:\/\/api.w.org\/{rel}","templated":true}]}}