{"id":228677,"date":"2020-10-05T13:15:42","date_gmt":"2020-10-05T16:15:42","guid":{"rendered":"https:\/\/franciscanos.org.br\/noticias\/?p=228677"},"modified":"2020-10-05T13:20:36","modified_gmt":"2020-10-05T16:20:36","slug":"frei-cesar-temos-mais-um-santo-junto-de-deus-intercedendo-por-nos","status":"publish","type":"post","link":"https:\/\/franciscanos.org.br\/noticias\/frei-cesar-temos-mais-um-santo-junto-de-deus-intercedendo-por-nos.html","title":{"rendered":"Frei C\u00e9sar: &#8220;Temos mais um santo junto de Deus intercedendo por n\u00f3s&#8221;"},"content":{"rendered":"<p><img loading=\"lazy\" class=\"size-full wp-image-228678 alignnone\" src=\"https:\/\/franciscanos.org.br\/noticias\/wp-content\/uploads\/2020\/10\/berri_04.jpg\" alt=\"\" width=\"1280\" height=\"720\" srcset=\"https:\/\/franciscanos.org.br\/noticias\/wp-content\/uploads\/2020\/10\/berri_04.jpg 1280w, https:\/\/franciscanos.org.br\/noticias\/wp-content\/uploads\/2020\/10\/berri_04-450x253.jpg 450w, https:\/\/franciscanos.org.br\/noticias\/wp-content\/uploads\/2020\/10\/berri_04-1024x576.jpg 1024w, https:\/\/franciscanos.org.br\/noticias\/wp-content\/uploads\/2020\/10\/berri_04-768x432.jpg 768w, https:\/\/franciscanos.org.br\/noticias\/wp-content\/uploads\/2020\/10\/berri_04-150x84.jpg 150w\" sizes=\"(max-width: 1280px) 100vw, 1280px\" \/><\/p>\n<p>&#8220;A gente queria ter ele um pouquinho mais, tocar mais nele, sentir sua presen\u00e7a, conversar com ele. Mas ele se mostra presente de uma forma mais intensa. Ele \u00e9 nosso intercessor junto de Deus. Temos mais um santo junto de Deus intercedendo por n\u00f3s&#8221;. Foi com essas palavras que o Ministro Provincial, Frei C\u00e9sar K\u00fclkamp, consolou uma cidade e at\u00e9 uma regi\u00e3o em como\u00e7\u00e3o durante a Missa de Corpo Presente de Frei Policarpo Berri, que come\u00e7ou \u00e0s 10 horas desta segunda-feira (5\/10). Duas horas depois, o frade franciscano foi sepultado na lateral da Matriz de S\u00e3o Pedro Ap\u00f3stolo, em Pato Branco (PR). Familiares de Rodeio, frades da regi\u00e3o e de Santa Catarina estiveram presentes na Celebra\u00e7\u00e3o Eucar\u00edstica, al\u00e9m das principais autoridades municipais.<\/p>\n<p>Frei Policarpo faleceu ontem, 4 de outubro, dia de S\u00e3o Francisco de Assis, aos 96 anos. A Prefeitura de Pato Branco decretou luto oficial de sete dias na cidade, &#8220;em sinal de respeito pela vida e dedica\u00e7\u00e3o de Frei Policarpo Berri&#8221; e a administra\u00e7\u00e3o municipal declarou feriado municipal at\u00e9 ao meio-dia de hoje. Os servi\u00e7os essenciais da Prefeitura, como o Departamento de Tr\u00e2nsito, Departamento de Obras, Secretaria Municipal de Sa\u00fade, Limpeza P\u00fablica, Casa Abrigo Esperan\u00e7a e Horto Florestal, tiveram seus hor\u00e1rios readequados.<\/p>\n<p>O povo fez longas filas para poder se despedir do frade que marcou esta cidade. &#8220;Desde ontem, quando cheguei aqui, vindo justamente da terra natal de Frei Policarpo, onde estava passando as festividades de S\u00e3o Francisco junto ao nosso Noviciado, pude perceber a grande como\u00e7\u00e3o, a grande quantidade de pessoas&#8221;, expressou Frei C\u00e9sar na sua homilia.<\/p>\n<p>Frei C\u00e9sar contou que a primeira not\u00edcia que viu da morte de Frei Policarpo foi do bispo diocesano de Palmas-Francisco Beltr\u00e3o, Dom Edgar Xavier Ertl, que destacava que Frei Policarpo escolheu um dia muito especial, o dia da sua voca\u00e7\u00e3o franciscana. &#8220;O dia que n\u00f3s celebramos a morte de S\u00e3o Francisco de Assis. No final do ano passado, Frei Policarpo completou 75 anos de frade menor. Essa coincid\u00eancia n\u00e3o \u00e9 por acaso, e certamente n\u00e3o \u00e9 por acaso essa celebra\u00e7\u00e3o tomada por este sentimento que desde ontem se quis para esta despedida de Frei Policarpo, como sendo momento de gratid\u00e3o&#8221;, disse.<\/p>\n<div id=\"attachment_228679\" style=\"width: 1290px\" class=\"wp-caption alignnone\"><img aria-describedby=\"caption-attachment-228679\" loading=\"lazy\" class=\"wp-image-228679 size-full\" src=\"https:\/\/franciscanos.org.br\/noticias\/wp-content\/uploads\/2020\/10\/berri_02.jpg\" alt=\"\" width=\"1280\" height=\"716\" srcset=\"https:\/\/franciscanos.org.br\/noticias\/wp-content\/uploads\/2020\/10\/berri_02.jpg 1280w, https:\/\/franciscanos.org.br\/noticias\/wp-content\/uploads\/2020\/10\/berri_02-450x252.jpg 450w, https:\/\/franciscanos.org.br\/noticias\/wp-content\/uploads\/2020\/10\/berri_02-1024x573.jpg 1024w, https:\/\/franciscanos.org.br\/noticias\/wp-content\/uploads\/2020\/10\/berri_02-768x430.jpg 768w, https:\/\/franciscanos.org.br\/noticias\/wp-content\/uploads\/2020\/10\/berri_02-150x84.jpg 150w\" sizes=\"(max-width: 1280px) 100vw, 1280px\" \/><p id=\"caption-attachment-228679\" class=\"wp-caption-text\"><em>A despedida dos familiares e dos seus confrades no final da Celebra\u00e7\u00e3o Eucar\u00edstica <\/em><\/p><\/div>\n<p>&#8220;N\u00f3s podemos chorar por essa despedida mas n\u00f3s temos muito mais motivos para render gra\u00e7as a Deus por esta longa vida e por essa presen\u00e7a t\u00e3o fecunda do Frei Policarpo nas nossas vidas, especialmente aqui nesta regi\u00e3o&#8221;, ressaltou. Segundo o Ministro Provincial, Frei Policarpo n\u00e3o passava despercebido em qualquer lugar, embora ele n\u00e3o gostasse de chamar a aten\u00e7\u00e3o. &#8220;Seu jeito simples, discreto, de verdadeiro franciscano, era sempre de uma presen\u00e7a s\u00f3bria, simples, sem muitos arroubos, sem muitos acontecimentos, mas o que chamava aten\u00e7\u00e3o na sua vida era justamente essa fidelidade em torno n\u00e3o da pessoa dele, mas daquilo que precisava ser feito. E, assim, ele viveu a sua voca\u00e7\u00e3o&#8221;, acrescentou Frei C\u00e9sar.<\/p>\n<p>O Ministro Provincial recordou que, quando celebrou h\u00e1 dois meses o jubileu de 70 anos de sacerd\u00f3cio de Frei Policarpo, devido \u00e0s circunst\u00e2ncias por causa da pandemia, foi anunciado naquela ocasi\u00e3o que a festa externa maior desta data seria celebrada no dia de S\u00e3o Francisco de Assis, dia de sua voca\u00e7\u00e3o. &#8220;E no dia de ontem, ele escolheu celebrar esse sacerd\u00f3cio de forma plena, devolvendo a Deus esse dom que o chamou para servir como sacerdote e como frade menor. Ent\u00e3o, n\u00f3s queremos, hoje, celebrar junto com Frei Policarpo por essa sua escolha, agradecer a Deus por esse dom t\u00e3o grande que ele nos concedeu. E a sua inspira\u00e7\u00e3o em S\u00e3o Francisco de Assis tamb\u00e9m tem um pensamento que diz que a gente n\u00e3o deve apenas falar e celebrar os santos, mas a gente deve se comprometer&#8221;, ressaltou.<\/p>\n<p>&#8220;N\u00e3o basta da nossa parte cantar as gl\u00f3rias que os santos praticaram, dizia S\u00e3o Francisco, justamente num pequeno texto que o Papa Francisco escolheu para aquela Carta Enc\u00edclica que ele assinou no dia 3, junto ao t\u00famulo de S\u00e3o Francisco, em Assis, na It\u00e1lia. &#8216;Irm\u00e3os todos&#8217; \u00e9 o t\u00edtulo dessa enc\u00edclica, muito bonita que fala sobre a fraternidade e a amizade social como nossa voca\u00e7\u00e3o universal. Todos n\u00f3s somos filhos e filhas de Deus e, por isso, tamb\u00e9m n\u00e3o podemos deixar que nenhuma pessoa passe despercebida de nossas vidas. \u00c9 preciso empenhar-se pela dignidade, pela melhor condi\u00e7\u00e3o a cada ser humano, porque ele \u00e9 nosso irm\u00e3o. N\u00e3o importa a proced\u00eancia, n\u00e3o importa a ra\u00e7a, n\u00e3o importa a religi\u00e3o, n\u00e3o importa o modo de pensar, cada pessoa, cada ser humano \u00e9 nosso irm\u00e3o. \u00c9 uma ideia de fraternidade universal. \u00c9 isso que pede o Papa Francisco, inspirado em S\u00e3o Francisco de Assis, e foi justamente isso que Frei Policarpo procurou fazer. Sempre com os olhos atentos a quem precisava dele. E por isso tantas coisas foram surgindo. Se algu\u00e9m estava doente, Frei Policarpo estava de prontid\u00e3o; se algu\u00e9m precisava de aux\u00edlio, qualquer que fosse, material ou presencial, ali estava o Frei Policarpo; se algu\u00e9m precisava de uma aten\u00e7\u00e3o espiritual, se algu\u00e9m estava perturbado com alguma coisa, a b\u00ean\u00e7\u00e3o de Frei Policarpo transformava&#8221;, observou Frei C\u00e9sar.<\/p>\n<p>Segundo o Ministro Provincial, um dos pensamentos que chamaram muito a sua aten\u00e7\u00e3o, escrito por Frei Policarpo, foi sobre a import\u00e2ncia que dava \u00e0s b\u00ean\u00e7\u00e3os, mas sempre compreendendo que quem d\u00e1 a b\u00ean\u00e7\u00e3o \u00e9 Deus. &#8220;Frei Policarpo dava a sua b\u00ean\u00e7\u00e3o muito rapidamente, mas ningu\u00e9m se incomodava. Todos ficavam consolados com sua b\u00ean\u00e7\u00e3o e os mais diversos anseios eram atendidos, porque Deus \u00e9 quem agia. E com isso Frei Policarpo nos ensina que todos n\u00f3s precisamos ser canais da b\u00ean\u00e7\u00e3o de Deus, como ele procurou ser na sua simplicidade, na sua humildade, mas acima de tudo na sua fidelidade. Nesse olhar atento, fez com que tanta coisa fosse constru\u00edda, acontecesse. Isso foi bastante destacado esses dias. Mas o importante \u00e9 que cada um de n\u00f3s descubra a capacidade de ter essa aten\u00e7\u00e3o a quem mais estiver precisando de n\u00f3s. Isso que a palavra de Deus pede tamb\u00e9m hoje de cada um de n\u00f3s&#8221;, disse, referindo-se ao Evangelho das Bem-aventuran\u00e7as.<\/p>\n<div id=\"attachment_228680\" style=\"width: 1290px\" class=\"wp-caption alignnone\"><img aria-describedby=\"caption-attachment-228680\" loading=\"lazy\" class=\"wp-image-228680 size-full\" src=\"https:\/\/franciscanos.org.br\/noticias\/wp-content\/uploads\/2020\/10\/berri_01.jpg\" alt=\"\" width=\"1280\" height=\"719\" srcset=\"https:\/\/franciscanos.org.br\/noticias\/wp-content\/uploads\/2020\/10\/berri_01.jpg 1280w, https:\/\/franciscanos.org.br\/noticias\/wp-content\/uploads\/2020\/10\/berri_01-450x253.jpg 450w, https:\/\/franciscanos.org.br\/noticias\/wp-content\/uploads\/2020\/10\/berri_01-1024x575.jpg 1024w, https:\/\/franciscanos.org.br\/noticias\/wp-content\/uploads\/2020\/10\/berri_01-768x431.jpg 768w, https:\/\/franciscanos.org.br\/noticias\/wp-content\/uploads\/2020\/10\/berri_01-150x84.jpg 150w\" sizes=\"(max-width: 1280px) 100vw, 1280px\" \/><p id=\"caption-attachment-228680\" class=\"wp-caption-text\"><em>O momento do sepultamento do corpo de Frei Policarpo Berri na lateral da Matriz de Pato Branco<\/em><\/p><\/div>\n<p>&#8220;Mas, acima de tudo, o que o Cristo est\u00e1 nos dizendo \u00e9 que essas bem-aventuran\u00e7as devem ser realizadas por cada um de n\u00f3s. Se algu\u00e9m est\u00e1 aflito, eu devo consol\u00e1-lo; se \u00e9 algu\u00e9m \u00e9 pobre e tem necessidade, eu devo ser o seu amparo; se algu\u00e9m est\u00e1 doente, eu devo ser o seu cuidado. Cada um de n\u00f3s. Sabemos que estas realiza\u00e7\u00f5es ou bem-aventuran\u00e7as, elas s\u00e3o plenas junto de Deus. \u00c9 ele quem promete o c\u00eantuplo e todas as gra\u00e7as. Mas ao mesmo tempo \u00e9 ele quem nos envia para realizar essas mesmas gra\u00e7as, para que elas aconte\u00e7am atrav\u00e9s das nossas m\u00e3os e dos nossos cora\u00e7\u00f5es. Pelo nosso afeto, e pela nossa a\u00e7\u00e3o&#8221;, explicou.<\/p>\n<p>Segundo Frei C\u00e9sar, foi justamente isso que o Frei Policarpo fez. &#8220;Por isso hoje podemos dizer e agradecer tamb\u00e9m a Deus porque o Frei Policarpo foi um sacramento vivo das bem-aventuran\u00e7as. Ele foi algu\u00e9m que estava atento. Ele n\u00e3o se preocupou se ele estava doente, se ela estava pobre, se ele estava aflito, mas ele procurou ser esta a\u00e7\u00e3o de Deus. Fazer da sua vida e da sua voca\u00e7\u00e3o franciscana e sacerdotal esse canal da b\u00ean\u00e7\u00e3o e da bem-aventuran\u00e7a de Deus&#8221;, emendou.<\/p>\n<p>&#8220;Que n\u00f3s, hoje, possamos render gra\u00e7as, celebrar em a\u00e7\u00e3o de gra\u00e7as. Porque Frei Policarpo foi esse sacramento e assim tamb\u00e9m na sua morte serena, no dia de S\u00e3o Francisco de Assis, ele consola o nosso pranto, d\u00e1 sentido, significado, \u00e0 sua pr\u00f3pria morte e nos recorda o bonito sacramento que foi a sua vida. Ele acolhe l\u00e1, junto de Deus, o nosso pranto, a nossa tristeza, que de alguma forma tamb\u00e9m est\u00e1 presente, toca o nosso cora\u00e7\u00e3o, porque a gente queria ter ele um pouquinho mais: tocar mais nele, sentir sua presen\u00e7a, conversar com ele. Mas ele se mostra presente de uma forma mais intensa. Ele \u00e9 nosso intercessor junto de Deus. Temos mais um santo junto de Deus intercedendo por n\u00f3s. Por isso, todas as multid\u00f5es que o procuravam todos os dias, podem continuar rogando a Frei Policarpo, podem continuar pedindo o seu amparo, o seu consolo, a sua b\u00ean\u00e7\u00e3o. N\u00f3s podemos continuar pedindo a sua presen\u00e7a entre n\u00f3s, para que possamos tamb\u00e9m responder com um pouquinho mais de simplicidade, de humildade, mas com profunda fidelidade, a nossa voca\u00e7\u00e3o crist\u00e3, franciscana, sacerdotal&#8221;, desejou.<\/p>\n<div id=\"attachment_228681\" style=\"width: 460px\" class=\"wp-caption alignleft\"><img aria-describedby=\"caption-attachment-228681\" loading=\"lazy\" class=\"wp-image-228681 size-medium\" src=\"https:\/\/franciscanos.org.br\/noticias\/wp-content\/uploads\/2020\/10\/berri_03-450x335.jpg\" alt=\"\" width=\"450\" height=\"335\" srcset=\"https:\/\/franciscanos.org.br\/noticias\/wp-content\/uploads\/2020\/10\/berri_03-450x335.jpg 450w, https:\/\/franciscanos.org.br\/noticias\/wp-content\/uploads\/2020\/10\/berri_03-150x112.jpg 150w, https:\/\/franciscanos.org.br\/noticias\/wp-content\/uploads\/2020\/10\/berri_03.jpg 500w\" sizes=\"(max-width: 450px) 100vw, 450px\" \/><p id=\"caption-attachment-228681\" class=\"wp-caption-text\">O prefeito de Pato Branco, Augustinho Zucchi<\/p><\/div>\n<p>O prefeito de Pato Branco, Augustinho Zucchi, confessou que era um momento comovente para a cidade. &#8220;Talvez a gente possa recordar o que Frei Policarpo falava: &#8216;no momento da morte vamos celebrar a vida&#8217;.<\/p>\n<p>Ele cumprimentou os familiares: &#8220;Voc\u00eas n\u00e3o imaginam o valor que Frei Policarpo significa para n\u00f3s!&#8221;.<\/p>\n<p>O governador do Paran\u00e1, Ratinho Junior, tamb\u00e9m lamentou a morte de Frei Policarpo. &#8220;Foi como franciscano que ele dedicou 70 anos da sua vida ao sacerd\u00f3cio, maior parte desse tempo em Pato Branco. Foram 64 anos atendendo e aben\u00e7oando a popula\u00e7\u00e3o do sudoeste paranaense&#8221;, disse o governador.<\/p>\n<p>Frei Policarpo, que \u00e9 natural de Rodeio (SC), completou 96 anos de vida neste ano. Sua vida caminhada vocacional come\u00e7ou aos 11 anos no Semin\u00e1rio de Rio Negro, no Paran\u00e1. In\u00e1cio, seu nome de batismo, tornou-se novi\u00e7o aos 19 anos, em sua cidade natal, ingressando na Ordem dos Frades Menores no dia 20 de dezembro de 1943. Em seguida, estudou Filosofia em Curitiba (PR) e Teologia em Petr\u00f3polis (RJ). Fez a Profiss\u00e3o Solene no dia 21 de dezembro de 1947 e foi ordenado sacerdote no dia 25 de julho de 1950, passando a ser chamado de Frei Policarpo. O frade \u00e9 um dos 11 filhos de Mel\u00e2nia e F\u00e9lix Berri. Depois de uma breve passagem pela cidade de Niter\u00f3i, no Rio de Janeiro, foi transferido para a cidade de Francisco Beltr\u00e3o (PR). E depois, com 32 anos de idade, em 1956, mudou-se para Pato Branco, onde permaneceu por 64 anos.<\/p>\n<p>Frei Policarpo foi tamb\u00e9m um dos idealizadores da Rede Celinauta de Comunica\u00e7\u00e3o, e batalhou pela aquisi\u00e7\u00e3o da r\u00e1dio FM e pela concess\u00e3o do canal de televis\u00e3o da rede. Com sua participa\u00e7\u00e3o, hoje a rede Celinauta \u00e9 o maior grupo de comunica\u00e7\u00e3o sob a coordena\u00e7\u00e3o da Prov\u00edncia Franciscana da Imaculada Concei\u00e7\u00e3o no pa\u00eds, e \u00e9 composta pelas r\u00e1dios Celinauta AM e Movimento FM e pela TV Sudoeste.<\/p>\n<hr \/>\n<p><em>Moacir Beggo com TV Sudoeste (imagens captura de tela)<\/em><\/p>\n","protected":false},"excerpt":{"rendered":"<p>Falecimento<\/p>\n","protected":false},"author":3,"featured_media":228682,"comment_status":"open","ping_status":"open","sticky":false,"template":"","format":"standard","meta":[],"categories":[1],"tags":[1160],"acf":[],"yoast_head":"<!-- This site is optimized with the Yoast SEO plugin v19.2 - https:\/\/yoast.com\/wordpress\/plugins\/seo\/ -->\n<title>Frei C\u00e9sar: &quot;Temos mais um santo junto de Deus intercedendo por n\u00f3s&quot; - Not\u00edcias - Franciscanos<\/title>\n<meta name=\"robots\" content=\"index, follow, max-snippet:-1, max-image-preview:large, max-video-preview:-1\" \/>\n<link rel=\"canonical\" href=\"https:\/\/franciscanos.org.br\/noticias\/frei-cesar-temos-mais-um-santo-junto-de-deus-intercedendo-por-nos.html\" \/>\n<meta property=\"og:locale\" content=\"pt_BR\" \/>\n<meta property=\"og:type\" content=\"article\" \/>\n<meta property=\"og:title\" content=\"Frei C\u00e9sar: &quot;Temos mais um santo junto de Deus intercedendo por n\u00f3s&quot; - Not\u00edcias - Franciscanos\" \/>\n<meta property=\"og:description\" content=\"Falecimento\" \/>\n<meta property=\"og:url\" content=\"https:\/\/franciscanos.org.br\/noticias\/frei-cesar-temos-mais-um-santo-junto-de-deus-intercedendo-por-nos.html\" \/>\n<meta property=\"og:site_name\" content=\"Not\u00edcias - Franciscanos\" \/>\n<meta property=\"article:published_time\" content=\"2020-10-05T16:15:42+00:00\" \/>\n<meta property=\"article:modified_time\" content=\"2020-10-05T16:20:36+00:00\" \/>\n<meta property=\"og:image\" content=\"https:\/\/franciscanos.org.br\/noticias\/wp-content\/uploads\/2020\/10\/berri_01d.jpg\" \/>\n\t<meta property=\"og:image:width\" content=\"800\" \/>\n\t<meta property=\"og:image:height\" content=\"600\" \/>\n\t<meta property=\"og:image:type\" content=\"image\/jpeg\" \/>\n<meta name=\"author\" content=\"moacir\" \/>\n<meta name=\"twitter:card\" content=\"summary_large_image\" \/>\n<meta name=\"twitter:label1\" content=\"Escrito por\" \/>\n\t<meta name=\"twitter:data1\" content=\"moacir\" \/>\n\t<meta name=\"twitter:label2\" content=\"Est. tempo de leitura\" \/>\n\t<meta name=\"twitter:data2\" content=\"10 minutos\" \/>\n<script type=\"application\/ld+json\" class=\"yoast-schema-graph\">{\"@context\":\"https:\/\/schema.org\",\"@graph\":[{\"@type\":\"WebSite\",\"@id\":\"https:\/\/franciscanos.org.br\/noticias\/#website\",\"url\":\"https:\/\/franciscanos.org.br\/noticias\/\",\"name\":\"Not\u00edcias - Franciscanos\",\"description\":\"Prov\u00edncia Franciscana da Imaculada Concei\u00e7\u00e3o do Brasil - Ordem dos Frades Menores - OFM\",\"potentialAction\":[{\"@type\":\"SearchAction\",\"target\":{\"@type\":\"EntryPoint\",\"urlTemplate\":\"https:\/\/franciscanos.org.br\/noticias\/?s={search_term_string}\"},\"query-input\":\"required name=search_term_string\"}],\"inLanguage\":\"pt-BR\"},{\"@type\":\"ImageObject\",\"inLanguage\":\"pt-BR\",\"@id\":\"https:\/\/franciscanos.org.br\/noticias\/frei-cesar-temos-mais-um-santo-junto-de-deus-intercedendo-por-nos.html#primaryimage\",\"url\":\"https:\/\/franciscanos.org.br\/noticias\/wp-content\/uploads\/2020\/10\/berri_01d.jpg\",\"contentUrl\":\"https:\/\/franciscanos.org.br\/noticias\/wp-content\/uploads\/2020\/10\/berri_01d.jpg\",\"width\":800,\"height\":600},{\"@type\":\"WebPage\",\"@id\":\"https:\/\/franciscanos.org.br\/noticias\/frei-cesar-temos-mais-um-santo-junto-de-deus-intercedendo-por-nos.html#webpage\",\"url\":\"https:\/\/franciscanos.org.br\/noticias\/frei-cesar-temos-mais-um-santo-junto-de-deus-intercedendo-por-nos.html\",\"name\":\"Frei C\u00e9sar: \\\"Temos mais um santo junto de Deus intercedendo por n\u00f3s\\\" - Not\u00edcias - Franciscanos\",\"isPartOf\":{\"@id\":\"https:\/\/franciscanos.org.br\/noticias\/#website\"},\"primaryImageOfPage\":{\"@id\":\"https:\/\/franciscanos.org.br\/noticias\/frei-cesar-temos-mais-um-santo-junto-de-deus-intercedendo-por-nos.html#primaryimage\"},\"datePublished\":\"2020-10-05T16:15:42+00:00\",\"dateModified\":\"2020-10-05T16:20:36+00:00\",\"author\":{\"@id\":\"https:\/\/franciscanos.org.br\/noticias\/#\/schema\/person\/b5c8cba458c330ccff548b056e95a5d4\"},\"breadcrumb\":{\"@id\":\"https:\/\/franciscanos.org.br\/noticias\/frei-cesar-temos-mais-um-santo-junto-de-deus-intercedendo-por-nos.html#breadcrumb\"},\"inLanguage\":\"pt-BR\",\"potentialAction\":[{\"@type\":\"ReadAction\",\"target\":[\"https:\/\/franciscanos.org.br\/noticias\/frei-cesar-temos-mais-um-santo-junto-de-deus-intercedendo-por-nos.html\"]}]},{\"@type\":\"BreadcrumbList\",\"@id\":\"https:\/\/franciscanos.org.br\/noticias\/frei-cesar-temos-mais-um-santo-junto-de-deus-intercedendo-por-nos.html#breadcrumb\",\"itemListElement\":[{\"@type\":\"ListItem\",\"position\":1,\"name\":\"Home\",\"item\":\"https:\/\/franciscanos.org.br\/noticias\"},{\"@type\":\"ListItem\",\"position\":2,\"name\":\"Frei C\u00e9sar: &#8220;Temos mais um santo junto de Deus intercedendo por n\u00f3s&#8221;\"}]},{\"@type\":\"Person\",\"@id\":\"https:\/\/franciscanos.org.br\/noticias\/#\/schema\/person\/b5c8cba458c330ccff548b056e95a5d4\",\"name\":\"moacir\",\"image\":{\"@type\":\"ImageObject\",\"inLanguage\":\"pt-BR\",\"@id\":\"https:\/\/franciscanos.org.br\/noticias\/#\/schema\/person\/image\/\",\"url\":\"https:\/\/secure.gravatar.com\/avatar\/d08aa2ce4c8dd416d4479aa8536fcf64?s=96&d=mm&r=g\",\"contentUrl\":\"https:\/\/secure.gravatar.com\/avatar\/d08aa2ce4c8dd416d4479aa8536fcf64?s=96&d=mm&r=g\",\"caption\":\"moacir\"},\"url\":\"https:\/\/franciscanos.org.br\/noticias\/author\/moacir\"}]}<\/script>\n<!-- \/ Yoast SEO plugin. -->","yoast_head_json":{"title":"Frei C\u00e9sar: \"Temos mais um santo junto de Deus intercedendo por n\u00f3s\" - Not\u00edcias - Franciscanos","robots":{"index":"index","follow":"follow","max-snippet":"max-snippet:-1","max-image-preview":"max-image-preview:large","max-video-preview":"max-video-preview:-1"},"canonical":"https:\/\/franciscanos.org.br\/noticias\/frei-cesar-temos-mais-um-santo-junto-de-deus-intercedendo-por-nos.html","og_locale":"pt_BR","og_type":"article","og_title":"Frei C\u00e9sar: \"Temos mais um santo junto de Deus intercedendo por n\u00f3s\" - Not\u00edcias - Franciscanos","og_description":"Falecimento","og_url":"https:\/\/franciscanos.org.br\/noticias\/frei-cesar-temos-mais-um-santo-junto-de-deus-intercedendo-por-nos.html","og_site_name":"Not\u00edcias - Franciscanos","article_published_time":"2020-10-05T16:15:42+00:00","article_modified_time":"2020-10-05T16:20:36+00:00","og_image":[{"width":800,"height":600,"url":"https:\/\/franciscanos.org.br\/noticias\/wp-content\/uploads\/2020\/10\/berri_01d.jpg","type":"image\/jpeg"}],"author":"moacir","twitter_card":"summary_large_image","twitter_misc":{"Escrito por":"moacir","Est. tempo de leitura":"10 minutos"},"schema":{"@context":"https:\/\/schema.org","@graph":[{"@type":"WebSite","@id":"https:\/\/franciscanos.org.br\/noticias\/#website","url":"https:\/\/franciscanos.org.br\/noticias\/","name":"Not\u00edcias - Franciscanos","description":"Prov\u00edncia Franciscana da Imaculada Concei\u00e7\u00e3o do Brasil - Ordem dos Frades Menores - OFM","potentialAction":[{"@type":"SearchAction","target":{"@type":"EntryPoint","urlTemplate":"https:\/\/franciscanos.org.br\/noticias\/?s={search_term_string}"},"query-input":"required name=search_term_string"}],"inLanguage":"pt-BR"},{"@type":"ImageObject","inLanguage":"pt-BR","@id":"https:\/\/franciscanos.org.br\/noticias\/frei-cesar-temos-mais-um-santo-junto-de-deus-intercedendo-por-nos.html#primaryimage","url":"https:\/\/franciscanos.org.br\/noticias\/wp-content\/uploads\/2020\/10\/berri_01d.jpg","contentUrl":"https:\/\/franciscanos.org.br\/noticias\/wp-content\/uploads\/2020\/10\/berri_01d.jpg","width":800,"height":600},{"@type":"WebPage","@id":"https:\/\/franciscanos.org.br\/noticias\/frei-cesar-temos-mais-um-santo-junto-de-deus-intercedendo-por-nos.html#webpage","url":"https:\/\/franciscanos.org.br\/noticias\/frei-cesar-temos-mais-um-santo-junto-de-deus-intercedendo-por-nos.html","name":"Frei C\u00e9sar: \"Temos mais um santo junto de Deus intercedendo por n\u00f3s\" - Not\u00edcias - Franciscanos","isPartOf":{"@id":"https:\/\/franciscanos.org.br\/noticias\/#website"},"primaryImageOfPage":{"@id":"https:\/\/franciscanos.org.br\/noticias\/frei-cesar-temos-mais-um-santo-junto-de-deus-intercedendo-por-nos.html#primaryimage"},"datePublished":"2020-10-05T16:15:42+00:00","dateModified":"2020-10-05T16:20:36+00:00","author":{"@id":"https:\/\/franciscanos.org.br\/noticias\/#\/schema\/person\/b5c8cba458c330ccff548b056e95a5d4"},"breadcrumb":{"@id":"https:\/\/franciscanos.org.br\/noticias\/frei-cesar-temos-mais-um-santo-junto-de-deus-intercedendo-por-nos.html#breadcrumb"},"inLanguage":"pt-BR","potentialAction":[{"@type":"ReadAction","target":["https:\/\/franciscanos.org.br\/noticias\/frei-cesar-temos-mais-um-santo-junto-de-deus-intercedendo-por-nos.html"]}]},{"@type":"BreadcrumbList","@id":"https:\/\/franciscanos.org.br\/noticias\/frei-cesar-temos-mais-um-santo-junto-de-deus-intercedendo-por-nos.html#breadcrumb","itemListElement":[{"@type":"ListItem","position":1,"name":"Home","item":"https:\/\/franciscanos.org.br\/noticias"},{"@type":"ListItem","position":2,"name":"Frei C\u00e9sar: &#8220;Temos mais um santo junto de Deus intercedendo por n\u00f3s&#8221;"}]},{"@type":"Person","@id":"https:\/\/franciscanos.org.br\/noticias\/#\/schema\/person\/b5c8cba458c330ccff548b056e95a5d4","name":"moacir","image":{"@type":"ImageObject","inLanguage":"pt-BR","@id":"https:\/\/franciscanos.org.br\/noticias\/#\/schema\/person\/image\/","url":"https:\/\/secure.gravatar.com\/avatar\/d08aa2ce4c8dd416d4479aa8536fcf64?s=96&d=mm&r=g","contentUrl":"https:\/\/secure.gravatar.com\/avatar\/d08aa2ce4c8dd416d4479aa8536fcf64?s=96&d=mm&r=g","caption":"moacir"},"url":"https:\/\/franciscanos.org.br\/noticias\/author\/moacir"}]}},"_links":{"self":[{"href":"https:\/\/franciscanos.org.br\/noticias\/wp-json\/wp\/v2\/posts\/228677"}],"collection":[{"href":"https:\/\/franciscanos.org.br\/noticias\/wp-json\/wp\/v2\/posts"}],"about":[{"href":"https:\/\/franciscanos.org.br\/noticias\/wp-json\/wp\/v2\/types\/post"}],"author":[{"embeddable":true,"href":"https:\/\/franciscanos.org.br\/noticias\/wp-json\/wp\/v2\/users\/3"}],"replies":[{"embeddable":true,"href":"https:\/\/franciscanos.org.br\/noticias\/wp-json\/wp\/v2\/comments?post=228677"}],"version-history":[{"count":6,"href":"https:\/\/franciscanos.org.br\/noticias\/wp-json\/wp\/v2\/posts\/228677\/revisions"}],"predecessor-version":[{"id":228688,"href":"https:\/\/franciscanos.org.br\/noticias\/wp-json\/wp\/v2\/posts\/228677\/revisions\/228688"}],"wp:featuredmedia":[{"embeddable":true,"href":"https:\/\/franciscanos.org.br\/noticias\/wp-json\/wp\/v2\/media\/228682"}],"wp:attachment":[{"href":"https:\/\/franciscanos.org.br\/noticias\/wp-json\/wp\/v2\/media?parent=228677"}],"wp:term":[{"taxonomy":"category","embeddable":true,"href":"https:\/\/franciscanos.org.br\/noticias\/wp-json\/wp\/v2\/categories?post=228677"},{"taxonomy":"post_tag","embeddable":true,"href":"https:\/\/franciscanos.org.br\/noticias\/wp-json\/wp\/v2\/tags?post=228677"}],"curies":[{"name":"wp","href":"https:\/\/api.w.org\/{rel}","templated":true}]}}