{"id":228670,"date":"2020-10-05T06:56:27","date_gmt":"2020-10-05T09:56:27","guid":{"rendered":"https:\/\/franciscanos.org.br\/noticias\/?p=228670"},"modified":"2020-10-05T06:56:27","modified_gmt":"2020-10-05T09:56:27","slug":"festa-de-sao-francisco-de-assis-na-paroquia-sao-luiz-gonzaga-de-xaxim","status":"publish","type":"post","link":"https:\/\/franciscanos.org.br\/noticias\/festa-de-sao-francisco-de-assis-na-paroquia-sao-luiz-gonzaga-de-xaxim.html","title":{"rendered":"Festa de S\u00e3o Francisco de Assis na Par\u00f3quia S\u00e3o Luiz Gonzaga de Xaxim"},"content":{"rendered":"<p><img loading=\"lazy\" class=\"size-full wp-image-228671 alignnone\" src=\"https:\/\/franciscanos.org.br\/noticias\/wp-content\/uploads\/2020\/10\/xaxim_01.jpg\" alt=\"\" width=\"1280\" height=\"720\" srcset=\"https:\/\/franciscanos.org.br\/noticias\/wp-content\/uploads\/2020\/10\/xaxim_01.jpg 1280w, https:\/\/franciscanos.org.br\/noticias\/wp-content\/uploads\/2020\/10\/xaxim_01-450x253.jpg 450w, https:\/\/franciscanos.org.br\/noticias\/wp-content\/uploads\/2020\/10\/xaxim_01-1024x576.jpg 1024w, https:\/\/franciscanos.org.br\/noticias\/wp-content\/uploads\/2020\/10\/xaxim_01-768x432.jpg 768w, https:\/\/franciscanos.org.br\/noticias\/wp-content\/uploads\/2020\/10\/xaxim_01-150x84.jpg 150w\" sizes=\"(max-width: 1280px) 100vw, 1280px\" \/><\/p>\n<h3>Encena\u00e7\u00e3o do Tr\u00e2nsito de S\u00e3o Francisco marcou as festividades na noite do s\u00e1bado (03).<\/h3>\n<p>As comemora\u00e7\u00f5es a S\u00e3o Francisco de Assis, na Par\u00f3quia S\u00e3o Luiz Gonzaga, tiveram in\u00edcio no s\u00e1bado (03), \u00e0s 9h, com a b\u00ean\u00e7\u00e3o dos animais e abertura da Exposi\u00e7\u00e3o Fotogr\u00e1fica Mission\u00e1ria. Frei Gilson Kammer e Frei Vanderlei da Silva Neves realizaram a b\u00ean\u00e7\u00e3o em frente ao estacionamento da secretaria paroquial durante a manh\u00e3 e \u00e0 tarde. Cachorros, gatos, passarinhos, patos, jabuti e porquinho da \u00edndia foram aben\u00e7oados pelos freis.<\/p>\n<p>Na missa das 19h, os fi\u00e9is puderam assistir \u00e0 encena\u00e7\u00e3o do Tr\u00e2nsito de S\u00e3o Francisco. A celebra\u00e7\u00e3o teve a presen\u00e7a do p\u00e1roco Frei Gilson Kammer, do guardi\u00e3o Frei Vanderlei da Silva Neves e do vig\u00e1rio paroquial Frei Jacir Ant\u00f4nio Zolet. A Pastoral da Juventude foi respons\u00e1vel por apresentar aos que estavam na igreja, aos que acompanhavam pelo r\u00e1dio e pelas redes sociais da Par\u00f3quia, a hist\u00f3ria da morte de S\u00e3o Francisco de Assis. Durante 45 minutos de encena\u00e7\u00e3o, o povo de Deus p\u00f4de acompanhar os \u00faltimos momentos de vida de Francisco, a sua doen\u00e7a, a estigmatiza\u00e7\u00e3o, a partilha com os pobres e a preocupa\u00e7\u00e3o com o pr\u00f3ximo.<\/p>\n<p>No domingo (04), dia de S\u00e3o Francisco, a celebra\u00e7\u00e3o da manh\u00e3 foi presidida por Frei Jacir Ant\u00f4nio Zolet e concelebrada por Frei Gilson Kammer e Frei Vanderlei da Silva Neves. Na liturgia, uma equipe especial foi formada por jovens da Par\u00f3quia para homenagear S\u00e3o Francisco.<\/p>\n<p><img loading=\"lazy\" class=\"size-full wp-image-228672 alignnone\" src=\"https:\/\/franciscanos.org.br\/noticias\/wp-content\/uploads\/2020\/10\/xaxim_02.jpg\" alt=\"\" width=\"1280\" height=\"720\" srcset=\"https:\/\/franciscanos.org.br\/noticias\/wp-content\/uploads\/2020\/10\/xaxim_02.jpg 1280w, https:\/\/franciscanos.org.br\/noticias\/wp-content\/uploads\/2020\/10\/xaxim_02-450x253.jpg 450w, https:\/\/franciscanos.org.br\/noticias\/wp-content\/uploads\/2020\/10\/xaxim_02-1024x576.jpg 1024w, https:\/\/franciscanos.org.br\/noticias\/wp-content\/uploads\/2020\/10\/xaxim_02-768x432.jpg 768w, https:\/\/franciscanos.org.br\/noticias\/wp-content\/uploads\/2020\/10\/xaxim_02-150x84.jpg 150w\" sizes=\"(max-width: 1280px) 100vw, 1280px\" \/><\/p>\n<p>Em sua reflex\u00e3o, Frei Jacir relembrou a vida de Francisco e como ele era um exemplo de vida a ser seguido. O frade apresentou aos fi\u00e9is a pesquisa realizada antes de terminar o mil\u00eanio, em 1999, pela revista \u201cTimes\u201d que procurava saber qual a personalidade mais marcante e mais importante do mil\u00eanio. S\u00e3o Francisco ficou em primeiro lugar. Do ponto de vista da revista, que n\u00e3o \u00e9 do seguimento crist\u00e3, o resultado pode ser considerado surpreendente, sendo que a maioria dos concorrentes n\u00e3o era de personalidades religiosas. O t\u00edtulo de \u201cHomem do Mil\u00eanio\u201d era de S\u00e3o Francisco de Assis, o homem que escolheu a humildade e a pobreza como forma de vida.<\/p>\n<p>Frei Jacir, ent\u00e3o, perguntou aos presentes na missa: \u201cO que S\u00e3o Francisco fez para merecer esse t\u00edtulo?\u201d, e listou seis pontos como resposta:<\/p>\n<p>Ele decidiu abra\u00e7ar e beijar um leproso desfigurado, e o fez com todo amor. Desde ent\u00e3o passou a amar e a se sentir irm\u00e3o dos mendigos e marginalizados.<br \/>\nEle deixou a riqueza para viver na pobreza e se dizia o mais feliz dos homens por causa disso.<br \/>\nEle se sentia irm\u00e3o de tudo e de todos: homens, mulheres, animais, plantas, morte, vida, amor, dor, alegria. Tudo e todos eram seus irm\u00e3os amados e benvindos.<br \/>\nEle cantava louvores ao Senhor, sabendo-se criatura amada pelo Pai e salva por Jesus Cristo, a quem entregara sua vida.<br \/>\nEle anunciava o Evangelho em Assis apenas caminhando pelas ruas da cidade, sem dizer uma palavra, sabendo que bastava o seu exemplo.<br \/>\nEle fundou a Ordem dos Franciscanos, que pregavam e viviam a pobreza e n\u00e3o queriam nada mais do que uma vida simples e fraterna.<\/p>\n<p><img loading=\"lazy\" class=\"size-full wp-image-228673 alignnone\" src=\"https:\/\/franciscanos.org.br\/noticias\/wp-content\/uploads\/2020\/10\/xaxim_03.jpg\" alt=\"\" width=\"1280\" height=\"720\" srcset=\"https:\/\/franciscanos.org.br\/noticias\/wp-content\/uploads\/2020\/10\/xaxim_03.jpg 1280w, https:\/\/franciscanos.org.br\/noticias\/wp-content\/uploads\/2020\/10\/xaxim_03-450x253.jpg 450w, https:\/\/franciscanos.org.br\/noticias\/wp-content\/uploads\/2020\/10\/xaxim_03-1024x576.jpg 1024w, https:\/\/franciscanos.org.br\/noticias\/wp-content\/uploads\/2020\/10\/xaxim_03-768x432.jpg 768w, https:\/\/franciscanos.org.br\/noticias\/wp-content\/uploads\/2020\/10\/xaxim_03-150x84.jpg 150w\" sizes=\"(max-width: 1280px) 100vw, 1280px\" \/><\/p>\n<p>Ao final da celebra\u00e7\u00e3o antes da b\u00ean\u00e7\u00e3o, Frei Gilson convidou a todos para cantar o canto de S\u00e3o Francisco: \u201cA gente pode ser muito mais feliz, seguindo o exemplo de Francisco de Assis\u201d.<\/p>\n<p>Encerramento do m\u00eas dedicado as ora\u00e7\u00f5es do \u201cTempo da Cria\u00e7\u00e3o\u201d<\/p>\n<p>De 1\u00b0 de setembro a 04 de outubro as igrejas celebraram o \u201cTempo da Cria\u00e7\u00e3o\u201d que \u00e9 uma iniciativa ecum\u00eanica celebrada desde 1989. O Papa Francisco o fez pela Igreja Cat\u00f3lica Romana em 2015. Como forma de engajamento neste \u201cTempo da Cria\u00e7\u00e3o\u201d, a Par\u00f3quia S\u00e3o Luiz Gonzaga realizou durante o m\u00eas de setembro, todas as sextas-feiras, \u00e0s 18h30, uma missa na igreja Matriz em homenagem ao \u201cJubileu da Terra \u2013 Tempo da Cria\u00e7\u00e3o\u201d.<br \/>\nO paroquiano da comunidade do bairro Frei Bruno, Leocir Toffoli, estudioso da Enc\u00edclica Laudato Si\u2019, esteve \u00e0 frente das celebra\u00e7\u00f5es ajudando com o tema e a prepara\u00e7\u00e3o lit\u00fargica. Os temas como: \u201cO Maior Mandamento, Amar o Pr\u00f3ximo\u201d, \u201cProteger a \u00e1rea comum!\u201d e \u201cA D\u00e1diva da \u00c1gua\u201d foram celebrados na igreja Matriz.<\/p>\n<p>O encerramento do m\u00eas de ora\u00e7\u00e3o pelo Tempo da Cria\u00e7\u00e3o aconteceu na missa do domingo \u00e0 noite (04), o celebrante Frei Vanderlei recordou S\u00e3o Francisco. \u201cSomos convidados a voltar no tempo a pensar e sermos assim como S\u00e3o Francisco, um modelo de f\u00e9, exemplo de vida\u201d.<\/p>\n<p>Conforme o frade, a hist\u00f3ria conta que S\u00e3o Francisco tomou a Palavra de Deus como seu guia, que ela o encantou, e esse encantamento pode encantar a nossa vida. \u201cFrancisco nos ensina a como encontrar o caminho para a felicidade, e que ela pode estar nas pequenas coisas. Tudo passa, s\u00f3 n\u00e3o passa o amor de Deus\u201d, finalizou o Frei.<\/p>\n<hr \/>\n<p><em>Pela Pascom da Par\u00f3quia, Camila Mendo<\/em><\/p>\n<p><img loading=\"lazy\" class=\"alignleft size-full wp-image-228674\" src=\"https:\/\/franciscanos.org.br\/noticias\/wp-content\/uploads\/2020\/10\/xaxim_04.jpg\" alt=\"\" width=\"1280\" height=\"720\" srcset=\"https:\/\/franciscanos.org.br\/noticias\/wp-content\/uploads\/2020\/10\/xaxim_04.jpg 1280w, https:\/\/franciscanos.org.br\/noticias\/wp-content\/uploads\/2020\/10\/xaxim_04-450x253.jpg 450w, https:\/\/franciscanos.org.br\/noticias\/wp-content\/uploads\/2020\/10\/xaxim_04-1024x576.jpg 1024w, https:\/\/franciscanos.org.br\/noticias\/wp-content\/uploads\/2020\/10\/xaxim_04-768x432.jpg 768w, https:\/\/franciscanos.org.br\/noticias\/wp-content\/uploads\/2020\/10\/xaxim_04-150x84.jpg 150w\" sizes=\"(max-width: 1280px) 100vw, 1280px\" \/><\/p>\n","protected":false},"excerpt":{"rendered":"<p>Par\u00f3quia S\u00e3o Luiz Gonzaga<\/p>\n","protected":false},"author":3,"featured_media":228675,"comment_status":"open","ping_status":"open","sticky":false,"template":"","format":"standard","meta":[],"categories":[1],"tags":[1249,1583],"acf":[],"yoast_head":"<!-- This site is optimized with the Yoast SEO plugin v19.2 - https:\/\/yoast.com\/wordpress\/plugins\/seo\/ -->\n<title>Festa de S\u00e3o Francisco de Assis na Par\u00f3quia S\u00e3o Luiz Gonzaga de Xaxim - Not\u00edcias - Franciscanos<\/title>\n<meta name=\"robots\" content=\"index, follow, max-snippet:-1, max-image-preview:large, max-video-preview:-1\" \/>\n<link rel=\"canonical\" href=\"https:\/\/franciscanos.org.br\/noticias\/festa-de-sao-francisco-de-assis-na-paroquia-sao-luiz-gonzaga-de-xaxim.html\" \/>\n<meta property=\"og:locale\" content=\"pt_BR\" \/>\n<meta property=\"og:type\" content=\"article\" \/>\n<meta property=\"og:title\" content=\"Festa de S\u00e3o Francisco de Assis na Par\u00f3quia S\u00e3o Luiz Gonzaga de Xaxim - Not\u00edcias - Franciscanos\" \/>\n<meta property=\"og:description\" content=\"Par\u00f3quia S\u00e3o Luiz Gonzaga\" \/>\n<meta property=\"og:url\" content=\"https:\/\/franciscanos.org.br\/noticias\/festa-de-sao-francisco-de-assis-na-paroquia-sao-luiz-gonzaga-de-xaxim.html\" \/>\n<meta property=\"og:site_name\" content=\"Not\u00edcias - Franciscanos\" \/>\n<meta property=\"article:published_time\" content=\"2020-10-05T09:56:27+00:00\" \/>\n<meta property=\"og:image\" content=\"https:\/\/franciscanos.org.br\/noticias\/wp-content\/uploads\/2020\/10\/xaxim_01x.jpg\" \/>\n\t<meta property=\"og:image:width\" content=\"800\" \/>\n\t<meta property=\"og:image:height\" content=\"600\" \/>\n\t<meta property=\"og:image:type\" content=\"image\/jpeg\" \/>\n<meta name=\"author\" content=\"moacir\" \/>\n<meta name=\"twitter:card\" content=\"summary_large_image\" \/>\n<meta name=\"twitter:label1\" content=\"Escrito por\" \/>\n\t<meta name=\"twitter:data1\" content=\"moacir\" \/>\n\t<meta name=\"twitter:label2\" content=\"Est. tempo de leitura\" \/>\n\t<meta name=\"twitter:data2\" content=\"4 minutos\" \/>\n<script type=\"application\/ld+json\" class=\"yoast-schema-graph\">{\"@context\":\"https:\/\/schema.org\",\"@graph\":[{\"@type\":\"WebSite\",\"@id\":\"https:\/\/franciscanos.org.br\/noticias\/#website\",\"url\":\"https:\/\/franciscanos.org.br\/noticias\/\",\"name\":\"Not\u00edcias - Franciscanos\",\"description\":\"Prov\u00edncia Franciscana da Imaculada Concei\u00e7\u00e3o do Brasil - Ordem dos Frades Menores - OFM\",\"potentialAction\":[{\"@type\":\"SearchAction\",\"target\":{\"@type\":\"EntryPoint\",\"urlTemplate\":\"https:\/\/franciscanos.org.br\/noticias\/?s={search_term_string}\"},\"query-input\":\"required name=search_term_string\"}],\"inLanguage\":\"pt-BR\"},{\"@type\":\"ImageObject\",\"inLanguage\":\"pt-BR\",\"@id\":\"https:\/\/franciscanos.org.br\/noticias\/festa-de-sao-francisco-de-assis-na-paroquia-sao-luiz-gonzaga-de-xaxim.html#primaryimage\",\"url\":\"https:\/\/franciscanos.org.br\/noticias\/wp-content\/uploads\/2020\/10\/xaxim_01x.jpg\",\"contentUrl\":\"https:\/\/franciscanos.org.br\/noticias\/wp-content\/uploads\/2020\/10\/xaxim_01x.jpg\",\"width\":800,\"height\":600},{\"@type\":\"WebPage\",\"@id\":\"https:\/\/franciscanos.org.br\/noticias\/festa-de-sao-francisco-de-assis-na-paroquia-sao-luiz-gonzaga-de-xaxim.html#webpage\",\"url\":\"https:\/\/franciscanos.org.br\/noticias\/festa-de-sao-francisco-de-assis-na-paroquia-sao-luiz-gonzaga-de-xaxim.html\",\"name\":\"Festa de S\u00e3o Francisco de Assis na Par\u00f3quia S\u00e3o Luiz Gonzaga de Xaxim - Not\u00edcias - Franciscanos\",\"isPartOf\":{\"@id\":\"https:\/\/franciscanos.org.br\/noticias\/#website\"},\"primaryImageOfPage\":{\"@id\":\"https:\/\/franciscanos.org.br\/noticias\/festa-de-sao-francisco-de-assis-na-paroquia-sao-luiz-gonzaga-de-xaxim.html#primaryimage\"},\"datePublished\":\"2020-10-05T09:56:27+00:00\",\"dateModified\":\"2020-10-05T09:56:27+00:00\",\"author\":{\"@id\":\"https:\/\/franciscanos.org.br\/noticias\/#\/schema\/person\/b5c8cba458c330ccff548b056e95a5d4\"},\"breadcrumb\":{\"@id\":\"https:\/\/franciscanos.org.br\/noticias\/festa-de-sao-francisco-de-assis-na-paroquia-sao-luiz-gonzaga-de-xaxim.html#breadcrumb\"},\"inLanguage\":\"pt-BR\",\"potentialAction\":[{\"@type\":\"ReadAction\",\"target\":[\"https:\/\/franciscanos.org.br\/noticias\/festa-de-sao-francisco-de-assis-na-paroquia-sao-luiz-gonzaga-de-xaxim.html\"]}]},{\"@type\":\"BreadcrumbList\",\"@id\":\"https:\/\/franciscanos.org.br\/noticias\/festa-de-sao-francisco-de-assis-na-paroquia-sao-luiz-gonzaga-de-xaxim.html#breadcrumb\",\"itemListElement\":[{\"@type\":\"ListItem\",\"position\":1,\"name\":\"Home\",\"item\":\"https:\/\/franciscanos.org.br\/noticias\"},{\"@type\":\"ListItem\",\"position\":2,\"name\":\"Festa de S\u00e3o Francisco de Assis na Par\u00f3quia S\u00e3o Luiz Gonzaga de Xaxim\"}]},{\"@type\":\"Person\",\"@id\":\"https:\/\/franciscanos.org.br\/noticias\/#\/schema\/person\/b5c8cba458c330ccff548b056e95a5d4\",\"name\":\"moacir\",\"image\":{\"@type\":\"ImageObject\",\"inLanguage\":\"pt-BR\",\"@id\":\"https:\/\/franciscanos.org.br\/noticias\/#\/schema\/person\/image\/\",\"url\":\"https:\/\/secure.gravatar.com\/avatar\/d08aa2ce4c8dd416d4479aa8536fcf64?s=96&d=mm&r=g\",\"contentUrl\":\"https:\/\/secure.gravatar.com\/avatar\/d08aa2ce4c8dd416d4479aa8536fcf64?s=96&d=mm&r=g\",\"caption\":\"moacir\"},\"url\":\"https:\/\/franciscanos.org.br\/noticias\/author\/moacir\"}]}<\/script>\n<!-- \/ Yoast SEO plugin. -->","yoast_head_json":{"title":"Festa de S\u00e3o Francisco de Assis na Par\u00f3quia S\u00e3o Luiz Gonzaga de Xaxim - Not\u00edcias - Franciscanos","robots":{"index":"index","follow":"follow","max-snippet":"max-snippet:-1","max-image-preview":"max-image-preview:large","max-video-preview":"max-video-preview:-1"},"canonical":"https:\/\/franciscanos.org.br\/noticias\/festa-de-sao-francisco-de-assis-na-paroquia-sao-luiz-gonzaga-de-xaxim.html","og_locale":"pt_BR","og_type":"article","og_title":"Festa de S\u00e3o Francisco de Assis na Par\u00f3quia S\u00e3o Luiz Gonzaga de Xaxim - Not\u00edcias - Franciscanos","og_description":"Par\u00f3quia S\u00e3o Luiz Gonzaga","og_url":"https:\/\/franciscanos.org.br\/noticias\/festa-de-sao-francisco-de-assis-na-paroquia-sao-luiz-gonzaga-de-xaxim.html","og_site_name":"Not\u00edcias - Franciscanos","article_published_time":"2020-10-05T09:56:27+00:00","og_image":[{"width":800,"height":600,"url":"https:\/\/franciscanos.org.br\/noticias\/wp-content\/uploads\/2020\/10\/xaxim_01x.jpg","type":"image\/jpeg"}],"author":"moacir","twitter_card":"summary_large_image","twitter_misc":{"Escrito por":"moacir","Est. tempo de leitura":"4 minutos"},"schema":{"@context":"https:\/\/schema.org","@graph":[{"@type":"WebSite","@id":"https:\/\/franciscanos.org.br\/noticias\/#website","url":"https:\/\/franciscanos.org.br\/noticias\/","name":"Not\u00edcias - Franciscanos","description":"Prov\u00edncia Franciscana da Imaculada Concei\u00e7\u00e3o do Brasil - Ordem dos Frades Menores - OFM","potentialAction":[{"@type":"SearchAction","target":{"@type":"EntryPoint","urlTemplate":"https:\/\/franciscanos.org.br\/noticias\/?s={search_term_string}"},"query-input":"required name=search_term_string"}],"inLanguage":"pt-BR"},{"@type":"ImageObject","inLanguage":"pt-BR","@id":"https:\/\/franciscanos.org.br\/noticias\/festa-de-sao-francisco-de-assis-na-paroquia-sao-luiz-gonzaga-de-xaxim.html#primaryimage","url":"https:\/\/franciscanos.org.br\/noticias\/wp-content\/uploads\/2020\/10\/xaxim_01x.jpg","contentUrl":"https:\/\/franciscanos.org.br\/noticias\/wp-content\/uploads\/2020\/10\/xaxim_01x.jpg","width":800,"height":600},{"@type":"WebPage","@id":"https:\/\/franciscanos.org.br\/noticias\/festa-de-sao-francisco-de-assis-na-paroquia-sao-luiz-gonzaga-de-xaxim.html#webpage","url":"https:\/\/franciscanos.org.br\/noticias\/festa-de-sao-francisco-de-assis-na-paroquia-sao-luiz-gonzaga-de-xaxim.html","name":"Festa de S\u00e3o Francisco de Assis na Par\u00f3quia S\u00e3o Luiz Gonzaga de Xaxim - Not\u00edcias - Franciscanos","isPartOf":{"@id":"https:\/\/franciscanos.org.br\/noticias\/#website"},"primaryImageOfPage":{"@id":"https:\/\/franciscanos.org.br\/noticias\/festa-de-sao-francisco-de-assis-na-paroquia-sao-luiz-gonzaga-de-xaxim.html#primaryimage"},"datePublished":"2020-10-05T09:56:27+00:00","dateModified":"2020-10-05T09:56:27+00:00","author":{"@id":"https:\/\/franciscanos.org.br\/noticias\/#\/schema\/person\/b5c8cba458c330ccff548b056e95a5d4"},"breadcrumb":{"@id":"https:\/\/franciscanos.org.br\/noticias\/festa-de-sao-francisco-de-assis-na-paroquia-sao-luiz-gonzaga-de-xaxim.html#breadcrumb"},"inLanguage":"pt-BR","potentialAction":[{"@type":"ReadAction","target":["https:\/\/franciscanos.org.br\/noticias\/festa-de-sao-francisco-de-assis-na-paroquia-sao-luiz-gonzaga-de-xaxim.html"]}]},{"@type":"BreadcrumbList","@id":"https:\/\/franciscanos.org.br\/noticias\/festa-de-sao-francisco-de-assis-na-paroquia-sao-luiz-gonzaga-de-xaxim.html#breadcrumb","itemListElement":[{"@type":"ListItem","position":1,"name":"Home","item":"https:\/\/franciscanos.org.br\/noticias"},{"@type":"ListItem","position":2,"name":"Festa de S\u00e3o Francisco de Assis na Par\u00f3quia S\u00e3o Luiz Gonzaga de Xaxim"}]},{"@type":"Person","@id":"https:\/\/franciscanos.org.br\/noticias\/#\/schema\/person\/b5c8cba458c330ccff548b056e95a5d4","name":"moacir","image":{"@type":"ImageObject","inLanguage":"pt-BR","@id":"https:\/\/franciscanos.org.br\/noticias\/#\/schema\/person\/image\/","url":"https:\/\/secure.gravatar.com\/avatar\/d08aa2ce4c8dd416d4479aa8536fcf64?s=96&d=mm&r=g","contentUrl":"https:\/\/secure.gravatar.com\/avatar\/d08aa2ce4c8dd416d4479aa8536fcf64?s=96&d=mm&r=g","caption":"moacir"},"url":"https:\/\/franciscanos.org.br\/noticias\/author\/moacir"}]}},"_links":{"self":[{"href":"https:\/\/franciscanos.org.br\/noticias\/wp-json\/wp\/v2\/posts\/228670"}],"collection":[{"href":"https:\/\/franciscanos.org.br\/noticias\/wp-json\/wp\/v2\/posts"}],"about":[{"href":"https:\/\/franciscanos.org.br\/noticias\/wp-json\/wp\/v2\/types\/post"}],"author":[{"embeddable":true,"href":"https:\/\/franciscanos.org.br\/noticias\/wp-json\/wp\/v2\/users\/3"}],"replies":[{"embeddable":true,"href":"https:\/\/franciscanos.org.br\/noticias\/wp-json\/wp\/v2\/comments?post=228670"}],"version-history":[{"count":1,"href":"https:\/\/franciscanos.org.br\/noticias\/wp-json\/wp\/v2\/posts\/228670\/revisions"}],"predecessor-version":[{"id":228676,"href":"https:\/\/franciscanos.org.br\/noticias\/wp-json\/wp\/v2\/posts\/228670\/revisions\/228676"}],"wp:featuredmedia":[{"embeddable":true,"href":"https:\/\/franciscanos.org.br\/noticias\/wp-json\/wp\/v2\/media\/228675"}],"wp:attachment":[{"href":"https:\/\/franciscanos.org.br\/noticias\/wp-json\/wp\/v2\/media?parent=228670"}],"wp:term":[{"taxonomy":"category","embeddable":true,"href":"https:\/\/franciscanos.org.br\/noticias\/wp-json\/wp\/v2\/categories?post=228670"},{"taxonomy":"post_tag","embeddable":true,"href":"https:\/\/franciscanos.org.br\/noticias\/wp-json\/wp\/v2\/tags?post=228670"}],"curies":[{"name":"wp","href":"https:\/\/api.w.org\/{rel}","templated":true}]}}