{"id":228639,"date":"2020-10-04T18:36:29","date_gmt":"2020-10-04T21:36:29","guid":{"rendered":"https:\/\/franciscanos.org.br\/noticias\/?p=228639"},"modified":"2020-10-04T18:42:51","modified_gmt":"2020-10-04T21:42:51","slug":"frei-medella-que-francisco-nos-ajude-a-sonhar-sonhos-grandes-que-nos-levam-a-ser-pequenos","status":"publish","type":"post","link":"https:\/\/franciscanos.org.br\/noticias\/frei-medella-que-francisco-nos-ajude-a-sonhar-sonhos-grandes-que-nos-levam-a-ser-pequenos.html","title":{"rendered":"Frei Medella: &#8220;Francisco nos ensina a buscar os verdadeiros sonhos&#8221;"},"content":{"rendered":"<p><img loading=\"lazy\" class=\"alignnone size-full wp-image-228640\" src=\"https:\/\/franciscanos.org.br\/noticias\/wp-content\/uploads\/2020\/10\/vila_01.jpg\" alt=\"\" width=\"1280\" height=\"720\" srcset=\"https:\/\/franciscanos.org.br\/noticias\/wp-content\/uploads\/2020\/10\/vila_01.jpg 1280w, https:\/\/franciscanos.org.br\/noticias\/wp-content\/uploads\/2020\/10\/vila_01-450x253.jpg 450w, https:\/\/franciscanos.org.br\/noticias\/wp-content\/uploads\/2020\/10\/vila_01-1024x576.jpg 1024w, https:\/\/franciscanos.org.br\/noticias\/wp-content\/uploads\/2020\/10\/vila_01-768x432.jpg 768w, https:\/\/franciscanos.org.br\/noticias\/wp-content\/uploads\/2020\/10\/vila_01-150x84.jpg 150w\" sizes=\"(max-width: 1280px) 100vw, 1280px\" \/><\/p>\n<p><strong>Moacir Beggo<\/strong><\/p>\n<p><strong>\u00a0<\/strong><strong>S\u00e3o Paulo<\/strong> &#8211; O clima ameno nos \u00faltimos dias em S\u00e3o Paulo, depois de muito calor, ajudou nas festividades de S\u00e3o Francisco de Assis, na Par\u00f3quia da Vila Clementino, em S\u00e3o Paulo, onde tamb\u00e9m est\u00e1 a Sede da Prov\u00edncia Franciscana da Imaculada Concei\u00e7\u00e3o do Brasil. O Vig\u00e1rio Provincial Frei Gustavo Medella presidiu a Missa das 9 horas, tendo como concelebrante Frei Robson Scudela. Devido \u00e0s normas sanit\u00e1rias, o espa\u00e7o na igreja durante as celebra\u00e7\u00f5es foi limitado. Mesmo assim, muitas pessoas ficaram de fora esperando outros hor\u00e1rios de missas. Frei Medella representou o Ministro Provincial, Frei C\u00e9sar K\u00fclkamp, que est\u00e1 em viagem fraterna ao Noviciado Franciscano de Rodeio (SC).<\/p>\n<p>Muitos fi\u00e9is participaram das celebra\u00e7\u00f5es e um grande n\u00famero de pessoas fez fila para aben\u00e7oar seus animais de estima\u00e7\u00e3o. Por causa da pandemia, muitas atra\u00e7\u00f5es foram canceladas neste ano, como a feira de ado\u00e7\u00e3o de animais, o pastel de S\u00e3o Francisco e a feira de artigos religiosos. O p\u00e1roco Frei Valdecir Schwambach manteve o tradicional Bolo de S\u00e3o Francisco, com 1.100 medalhinhas aben\u00e7oadas do santo.<\/p>\n<p>Frei Medella disse que, neste dia festivo, nossos olhos e nosso cora\u00e7\u00e3o se voltam para a figura de S\u00e3o Francisco de Assis. Segundo ele, este homem que viveu na Idade M\u00e9dia, cuja mensagem se faz t\u00e3o pr\u00f3pria e atual para os nossos dias, serve de exemplo e inspira\u00e7\u00e3o para uma vida diferente, uma vida alternativa, mais qualificada diante de Deus e diante do Planeta.<\/p>\n<p>Frei Medella escolheu dois elementos presentes na vida de Francisco para encontrar poss\u00edveis ensinamentos hoje, &#8220;no aqui agora da nossa exist\u00eancia pessoal e comunit\u00e1ria&#8221;. S\u00e3o eles: os sonhos e a nudez.<\/p>\n<p><img loading=\"lazy\" class=\"alignnone size-full wp-image-228641\" src=\"https:\/\/franciscanos.org.br\/noticias\/wp-content\/uploads\/2020\/10\/vila_03.jpg\" alt=\"\" width=\"1280\" height=\"960\" srcset=\"https:\/\/franciscanos.org.br\/noticias\/wp-content\/uploads\/2020\/10\/vila_03.jpg 1280w, https:\/\/franciscanos.org.br\/noticias\/wp-content\/uploads\/2020\/10\/vila_03-450x338.jpg 450w, https:\/\/franciscanos.org.br\/noticias\/wp-content\/uploads\/2020\/10\/vila_03-1024x768.jpg 1024w, https:\/\/franciscanos.org.br\/noticias\/wp-content\/uploads\/2020\/10\/vila_03-768x576.jpg 768w, https:\/\/franciscanos.org.br\/noticias\/wp-content\/uploads\/2020\/10\/vila_03-150x113.jpg 150w, https:\/\/franciscanos.org.br\/noticias\/wp-content\/uploads\/2020\/10\/vila_03-600x450.jpg 600w\" sizes=\"(max-width: 1280px) 100vw, 1280px\" \/><\/p>\n<p>Os sonhos, segundo o frade, volta e meia \u00e9 poss\u00edvel encontrar nos textos dos bi\u00f3grafos e hagi\u00f3grafos de S\u00e3o Francisco. &#8220;Eu gostaria de deter-me sobre um, ainda antes de sua convers\u00e3o, quando a caminho de uma batalha, com o objetivo de se tornar um membro da nobreza, Francisco sonha com um suntuoso castelo, cheio de armas e escudos, todos eles marcados pela ins\u00edgnia da cruz. E neste sonho, ele ouve uma voz: &#8216;Francisco, o que \u00e9 mais importante: servir ao servo ou ao Senhor?&#8217; E ele, no sonho, chega \u00e0 conclus\u00e3o que \u00e9 melhor servir ao Senhor. E a\u00ed a voz disse: &#8216;Volta para a tua cidade, e l\u00e1 descobrir\u00e1s o que deves fazer&#8217;. Interessante como h\u00e1 a jun\u00e7\u00e3o desses dois elementos: a gl\u00f3ria, a suntuosidade, a ostenta\u00e7\u00e3o de um grande pr\u00e9dio, com armas poderosas, mas todas elas marcadas pela simplicidade da cruz. E Francisco, ent\u00e3o, reaprende a sonhar. Redireciona suas energias e seus sonhos para seguir a Nosso Senhor Jesus Cristo. Ele se descobre, profunda e incondicionalmente, amado por Deus e deseja fazer tudo o que est\u00e1 ao seu alcance para corresponder, dentro dos seus limites, a esse amor com o qual ele vive uma experi\u00eancia t\u00e3o pr\u00f3xima e t\u00e3o intensa. E deixa seus sonhos serem dirigidos pelo Senhor&#8221;, explica Frei Medella, acrescentando: &#8220;O sonho de abra\u00e7ar o leproso; de ir ao encontro das enfermidades mais dif\u00edceis da humanidade; o sonho de despojar-se de tudo, e com as m\u00e3os e o cora\u00e7\u00e3o livres poder seguir levando aquilo que de mais precioso tinha: o Evangelho de Nosso Senhor Jesus Cristo&#8221;.<\/p>\n<p>Trazendo para os tempos atuais, perguntou sobre nossos sonhos pessoais e comunit\u00e1rios? &#8220;Se meu sonho \u00e9 movido na dire\u00e7\u00e3o apenas de um consumo exacerbado, eu vou cair no vazio, eu n\u00e3o vou conseguir \u00eaxito na minha busca de uma realiza\u00e7\u00e3o plena. Se meu sonho \u00e9 eivado de ego\u00edsmo, se s\u00f3 penso eu mim, eu jamais vou conseguir enxergar no outro o irm\u00e3o com quem eu posso construir uma vida para al\u00e9m de la\u00e7os geogr\u00e1ficos, de sangue, de ra\u00e7a, de classe social&#8221;, classificou.<\/p>\n<p>&#8220;Poder\u00edamos nos perguntar: quais s\u00e3o os sonhos que movem o cora\u00e7\u00e3o, por exemplo, de algu\u00e9m que se disp\u00f5e atear fogo em florestas a fim de conseguir a terra para explora\u00e7\u00e3o especulativa e financeira? Com o que esses sonhos est\u00e3o conectados? Com que tipo de desejo, com que tipo de expectativa? O que sonha algu\u00e9m que se disp\u00f5e a corromper-se desviando recursos, por exemplo, que seriam usados para salvar vidas na crise da pandemia como estamos vivendo?<\/p>\n<p>S\u00e3o sonhos perversos, s\u00e3o sonhos de destrui\u00e7\u00e3o, de morte, que destroem aquele que sonha e aqueles que s\u00e3o atingidos pelas pr\u00e1ticas tenebrosas que esse tipo de sonho, verdadeiro pesadelo, inspira cora\u00e7\u00f5es enfraquecidos, pela autossufici\u00eancia, pelo ego\u00edsmo, pela dificuldade de amar&#8221;, expressou Frei Medella.<\/p>\n<p><img loading=\"lazy\" class=\"alignnone size-full wp-image-228642\" src=\"https:\/\/franciscanos.org.br\/noticias\/wp-content\/uploads\/2020\/10\/vila_02.jpg\" alt=\"\" width=\"1280\" height=\"1199\" srcset=\"https:\/\/franciscanos.org.br\/noticias\/wp-content\/uploads\/2020\/10\/vila_02.jpg 1280w, https:\/\/franciscanos.org.br\/noticias\/wp-content\/uploads\/2020\/10\/vila_02-450x422.jpg 450w, https:\/\/franciscanos.org.br\/noticias\/wp-content\/uploads\/2020\/10\/vila_02-1024x959.jpg 1024w, https:\/\/franciscanos.org.br\/noticias\/wp-content\/uploads\/2020\/10\/vila_02-768x719.jpg 768w, https:\/\/franciscanos.org.br\/noticias\/wp-content\/uploads\/2020\/10\/vila_02-150x141.jpg 150w\" sizes=\"(max-width: 1280px) 100vw, 1280px\" \/><\/p>\n<p>&#8220;Francisco nos ensina a buscar os verdadeiros sonhos. Francisco, gra\u00e7as a Deus, inspira esses sonhos em nosso pastor maior, o Papa Francisco, que na Enc\u00edclica <em>Laudato Si&#8217;<\/em>, lan\u00e7ada h\u00e1 cinco anos, partilha com a humanidade o grande sonho da fraternidade universal: o cuidado com a Casa Comum, com as pessoas, que s\u00e3o nossos irm\u00e3os, irm\u00e3s e que merecem ser respeitados e amados&#8221;, frisou.<\/p>\n<p>Frei Medella explicou que o Santo de Assis agora inspira o Papa com a enc\u00edclica lan\u00e7ada ontem (3\/10): o sonho da fraternidade humana. &#8220;A enc\u00edclica chama-se &#8216;Fratelli Tutti&#8217; (Todos irm\u00e3os e irm\u00e3s), buscando a constru\u00e7\u00e3o de uma sociedade onde haja o respeito, o carinho, o di\u00e1logo, a abertura, a promo\u00e7\u00e3o da vida, a defesa dos fracos e sofredores. Sonhos muito leg\u00edtimos e cheios de vigor evang\u00e9lico, que n\u00f3s, como crist\u00e3os, como seguidores, amantes e admiradores de S\u00e3o Francisco, somos convidados a sonhar e a construir juntos esse mundo diferente a partir daquilo que est\u00e1 ao nosso alcance, na porta de nossa casa&#8221;, exortou.<\/p>\n<div id=\"attachment_228645\" style=\"width: 510px\" class=\"wp-caption alignleft\"><img aria-describedby=\"caption-attachment-228645\" loading=\"lazy\" class=\"wp-image-228645 size-full\" src=\"https:\/\/franciscanos.org.br\/noticias\/wp-content\/uploads\/2020\/10\/vila_06.jpg\" alt=\"\" width=\"500\" height=\"667\" srcset=\"https:\/\/franciscanos.org.br\/noticias\/wp-content\/uploads\/2020\/10\/vila_06.jpg 500w, https:\/\/franciscanos.org.br\/noticias\/wp-content\/uploads\/2020\/10\/vila_06-337x450.jpg 337w, https:\/\/franciscanos.org.br\/noticias\/wp-content\/uploads\/2020\/10\/vila_06-150x200.jpg 150w\" sizes=\"(max-width: 500px) 100vw, 500px\" \/><p id=\"caption-attachment-228645\" class=\"wp-caption-text\">F<em>rei Je\u00e2 e a fila para a b\u00ean\u00e7\u00e3o dos animais<\/em><\/p><\/div>\n<p>O segundo elemento, segundo Frei Medella, \u00e9 a nudez. O frade lembra que, nas legendas do Santo, h\u00e1 dois epis\u00f3dios que Francisco fica nu. &#8220;Antes de falar da nudez, contudo, vamos falar da vestimenta de Francisco. Primeira veste dele era de roupas bem produzidas, coloridas, porque seu pai era um comerciante poderoso de Assis e que tinha uma boa condi\u00e7\u00e3o financeira. Provavelmente, se na \u00e9poca houvesse sites de celebridades, Francisco ocuparia as colunas sociais ostentando sua condi\u00e7\u00e3o&#8230;&#8221;, disse.<\/p>\n<p>&#8220;E, de repente, naquela convers\u00e3o, ele percebe que aquelas vestes o distanciavam do caminho da verdadeira realiza\u00e7\u00e3o. E a\u00ed, pressionado pelo pai e pela cidade diante do bispo, diante do todo mundo, ele, corajosamente, despe-se de tudo e fica totalmente nu, mostrando que seus sonhos passariam a caminhar numa outra dire\u00e7\u00e3o. Ele percebe que aquele caminho n\u00e3o \u00e9 o caminho que vai preench\u00ea-lo a partir de dentro, e a\u00ed assume a veste do campon\u00eas, que hoje, estilizadamente, \u00e9 o nosso h\u00e1bito franciscano: uma t\u00fanica, um cord\u00e3o e o capuz, porque caminhavam muito sob as intemp\u00e9ries&#8221;, explicou.<\/p>\n<p>Segundo Frei Medella, a segunda vez que Francisco fica nu \u00e9 pr\u00f3ximo \u00e0 sua morte, quando pede a seus confrades que o dispam completamente a fim de que nu seja deitado sobre terra nua, como quem recebendo o abra\u00e7o definitivo daquela a quem ele chamou de M\u00e3e e de irm\u00e3. &#8220;E a\u00ed, a nossa pergunta: do que estamos precisando nos despir hoje para sermos pessoas mais aut\u00eanticas, mais simples, mais fraternas, mais humanas, mais solid\u00e1rias? N\u00e3o devemos ter medo de depor todo o orgulho, preconceito, medo, fechamento em si, autossufici\u00eancia, ego\u00edsmo. Tiramos de n\u00f3s essas vestes para nos revestirmo-nos da simplicidade original da qual Deus nos chama, sem muito territ\u00f3rio para defender, sem muitas opini\u00f5es para impor aos outros, sem muitas respostas e mais perguntas e quest\u00f5es, com muita disposi\u00e7\u00e3o para escuta, para ouvir e compreender o outro na sua dor e conseguir abra\u00e7\u00e1-lo. Vestido de muita empatia e compreens\u00e3o, disposi\u00e7\u00e3o para amar e servir. Vestido de disposi\u00e7\u00e3o para colocar a m\u00e3o na massa e fazer a diferen\u00e7a&#8221;, ensinou.<\/p>\n<div id=\"attachment_228643\" style=\"width: 510px\" class=\"wp-caption alignright\"><img aria-describedby=\"caption-attachment-228643\" loading=\"lazy\" class=\"wp-image-228643 size-full\" src=\"https:\/\/franciscanos.org.br\/noticias\/wp-content\/uploads\/2020\/10\/vila_familia.jpg\" alt=\"\" width=\"500\" height=\"375\" srcset=\"https:\/\/franciscanos.org.br\/noticias\/wp-content\/uploads\/2020\/10\/vila_familia.jpg 500w, https:\/\/franciscanos.org.br\/noticias\/wp-content\/uploads\/2020\/10\/vila_familia-450x338.jpg 450w, https:\/\/franciscanos.org.br\/noticias\/wp-content\/uploads\/2020\/10\/vila_familia-150x113.jpg 150w\" sizes=\"(max-width: 500px) 100vw, 500px\" \/><p id=\"caption-attachment-228643\" class=\"wp-caption-text\"><em>Juliana, Pedrinho, Jo\u00e3o, Pedro e Maria<\/em><\/p><\/div>\n<p>&#8220;Que Francisco nos ajude a sonhar sonhos grandes que nos levam a ser pequenos, como foi Francisco, e conforme o Evangelho de hoje: Deus se revela aos pequenos e humildes. E vamos nos despir de tudo aquilo que nos afasta de Deus!&#8221;, pediu no final.<\/p>\n<p>A b\u00ean\u00e7\u00e3o dos animais foi feita no estacionamento ao lado do Sal\u00e3o Paroquial para dar distanciamento e seguran\u00e7a \u00e0s pessoas. Maria Carolina Crist\u00f3v\u00e3o de Proen\u00e7a Vieira e seus filhos Pedro e Jo\u00e3o trouxeram o Tobby, que, segundo eles, representa todos os animais que n\u00e3o puderam estar presentes. Junto com eles vieram a amiga Juliana e seu filho Pedro.<\/p>\n<div id=\"attachment_228644\" style=\"width: 510px\" class=\"wp-caption alignleft\"><img aria-describedby=\"caption-attachment-228644\" loading=\"lazy\" class=\"wp-image-228644 size-full\" src=\"https:\/\/franciscanos.org.br\/noticias\/wp-content\/uploads\/2020\/10\/vila_gatos.jpg\" alt=\"\" width=\"500\" height=\"375\" srcset=\"https:\/\/franciscanos.org.br\/noticias\/wp-content\/uploads\/2020\/10\/vila_gatos.jpg 500w, https:\/\/franciscanos.org.br\/noticias\/wp-content\/uploads\/2020\/10\/vila_gatos-450x338.jpg 450w, https:\/\/franciscanos.org.br\/noticias\/wp-content\/uploads\/2020\/10\/vila_gatos-150x113.jpg 150w\" sizes=\"(max-width: 500px) 100vw, 500px\" \/><p id=\"caption-attachment-228644\" class=\"wp-caption-text\"><em>Fabiana com Mingau (\u00e0 esquerda) e Z\u00e9lia com o Jo\u00e3o.<\/em><\/p><\/div>\n<p>O filho se adiantou em dizer que m\u00e3e \u00e9 uma amante dos animais. &#8220;Eu sempre gostei da natureza e de suas criaturas&#8221;, contou, explicando que n\u00e3o \u00e9 paroquiana, mas uma devota. &#8220;S\u00e3o Francisco sempre teve, de uma forma ou outra, na nossa vida. N\u00f3s particip\u00e1vamos h\u00e1 muito tempo no Santu\u00e1rio Santa Edwiges, onde tem as irm\u00e3s franciscanas&#8221;, disse. Segundo ela, numa das consultas m\u00e9dicas de seu filho no bairro, conheceram a Igreja S\u00e3o Francisco. &#8220;H\u00e1 duas semanas, meu filho falou que queria vir a esta igreja. Na quinta-feira, viemos ao m\u00e9dico e, depois na Missa, quando o padre falou que iria ter a festa de S\u00e3o Francisco. Ent\u00e3o, resolvemos vir e escolhemos um dos animais que temos para representar todos eles&#8221;, explicou Maria, que ser\u00e1 madrinha do filho de sua amiga.<\/p>\n<p>Quem fez sucesso entre a maioria canina foi a dupla: Mingau e Jo\u00e3o. Nem se importaram com os latidos. Tranquilamente, no colo de Z\u00e9lia e Fabiana da Silva, eles receberam a b\u00ean\u00e7\u00e3o na mais santa paz. Segundo Fabiana, a devo\u00e7\u00e3o a S\u00e3o Francisco come\u00e7ou quando ela descobriu que o Santo era o &#8220;Padroeiro dos Animais&#8221;. &#8220;Quando o Jo\u00e3o ficou doente, eu fiz uma promessa: enquanto eu vivesse, traria ele para tomar a b\u00ean\u00e7\u00e3o todos os anos&#8221;, disse. As duas s\u00e3o un\u00e2nimes em dizer que gostam dos caninos, mas a prefer\u00eancia \u00e9 pelos felinos. Mingau, pelo visto, estava adorando o passeio. Este \u00e9 o seu primeiro ano.<\/p>\n<hr \/>\n<p style=\"text-align: center;\"><strong>VEJA MAIS IMAGENS DA FESTA DO PADROEIRO DA VILA CLEMENTINO<\/strong><\/p>\n\n\t\t<style type=\"text\/css\">\n\t\t\t#gallery-1 {\n\t\t\t\tmargin: auto;\n\t\t\t}\n\t\t\t#gallery-1 .gallery-item {\n\t\t\t\tfloat: left;\n\t\t\t\tmargin-top: 10px;\n\t\t\t\ttext-align: center;\n\t\t\t\twidth: 20%;\n\t\t\t}\n\t\t\t#gallery-1 img {\n\t\t\t\tborder: 2px solid #cfcfcf;\n\t\t\t}\n\t\t\t#gallery-1 .gallery-caption {\n\t\t\t\tmargin-left: 0;\n\t\t\t}\n\t\t\t\/* see gallery_shortcode() in wp-includes\/media.php *\/\n\t\t<\/style>\n\t\t<div id='gallery-1' class='gallery galleryid-228639 gallery-columns-5 gallery-size-thumbnail'><dl class='gallery-item'>\n\t\t\t<dt class='gallery-icon landscape'>\n\t\t\t\t<a href='https:\/\/franciscanos.org.br\/noticias\/wp-content\/uploads\/2020\/10\/01-2.jpg'><img width=\"300\" height=\"300\" src=\"https:\/\/franciscanos.org.br\/noticias\/wp-content\/uploads\/2020\/10\/01-2-300x300.jpg\" class=\"attachment-thumbnail size-thumbnail\" alt=\"\" loading=\"lazy\" srcset=\"https:\/\/franciscanos.org.br\/noticias\/wp-content\/uploads\/2020\/10\/01-2-300x300.jpg 300w, https:\/\/franciscanos.org.br\/noticias\/wp-content\/uploads\/2020\/10\/01-2-100x100.jpg 100w\" sizes=\"(max-width: 300px) 100vw, 300px\" \/><\/a>\n\t\t\t<\/dt><\/dl><dl class='gallery-item'>\n\t\t\t<dt class='gallery-icon landscape'>\n\t\t\t\t<a href='https:\/\/franciscanos.org.br\/noticias\/wp-content\/uploads\/2020\/10\/02-2.jpg'><img width=\"300\" height=\"300\" src=\"https:\/\/franciscanos.org.br\/noticias\/wp-content\/uploads\/2020\/10\/02-2-300x300.jpg\" class=\"attachment-thumbnail size-thumbnail\" alt=\"\" loading=\"lazy\" srcset=\"https:\/\/franciscanos.org.br\/noticias\/wp-content\/uploads\/2020\/10\/02-2-300x300.jpg 300w, https:\/\/franciscanos.org.br\/noticias\/wp-content\/uploads\/2020\/10\/02-2-100x100.jpg 100w\" sizes=\"(max-width: 300px) 100vw, 300px\" \/><\/a>\n\t\t\t<\/dt><\/dl><dl class='gallery-item'>\n\t\t\t<dt class='gallery-icon landscape'>\n\t\t\t\t<a href='https:\/\/franciscanos.org.br\/noticias\/wp-content\/uploads\/2020\/10\/03-2.jpg'><img width=\"300\" height=\"300\" src=\"https:\/\/franciscanos.org.br\/noticias\/wp-content\/uploads\/2020\/10\/03-2-300x300.jpg\" class=\"attachment-thumbnail size-thumbnail\" alt=\"\" loading=\"lazy\" srcset=\"https:\/\/franciscanos.org.br\/noticias\/wp-content\/uploads\/2020\/10\/03-2-300x300.jpg 300w, https:\/\/franciscanos.org.br\/noticias\/wp-content\/uploads\/2020\/10\/03-2-100x100.jpg 100w\" sizes=\"(max-width: 300px) 100vw, 300px\" \/><\/a>\n\t\t\t<\/dt><\/dl><dl class='gallery-item'>\n\t\t\t<dt class='gallery-icon landscape'>\n\t\t\t\t<a href='https:\/\/franciscanos.org.br\/noticias\/wp-content\/uploads\/2020\/10\/04-2.jpg'><img width=\"300\" height=\"300\" src=\"https:\/\/franciscanos.org.br\/noticias\/wp-content\/uploads\/2020\/10\/04-2-300x300.jpg\" class=\"attachment-thumbnail size-thumbnail\" alt=\"\" loading=\"lazy\" srcset=\"https:\/\/franciscanos.org.br\/noticias\/wp-content\/uploads\/2020\/10\/04-2-300x300.jpg 300w, https:\/\/franciscanos.org.br\/noticias\/wp-content\/uploads\/2020\/10\/04-2-100x100.jpg 100w\" sizes=\"(max-width: 300px) 100vw, 300px\" \/><\/a>\n\t\t\t<\/dt><\/dl><dl class='gallery-item'>\n\t\t\t<dt class='gallery-icon landscape'>\n\t\t\t\t<a href='https:\/\/franciscanos.org.br\/noticias\/wp-content\/uploads\/2020\/10\/05-2.jpg'><img width=\"300\" height=\"300\" src=\"https:\/\/franciscanos.org.br\/noticias\/wp-content\/uploads\/2020\/10\/05-2-300x300.jpg\" class=\"attachment-thumbnail size-thumbnail\" alt=\"\" loading=\"lazy\" srcset=\"https:\/\/franciscanos.org.br\/noticias\/wp-content\/uploads\/2020\/10\/05-2-300x300.jpg 300w, https:\/\/franciscanos.org.br\/noticias\/wp-content\/uploads\/2020\/10\/05-2-100x100.jpg 100w\" sizes=\"(max-width: 300px) 100vw, 300px\" \/><\/a>\n\t\t\t<\/dt><\/dl><br style=\"clear: both\" \/><dl class='gallery-item'>\n\t\t\t<dt class='gallery-icon landscape'>\n\t\t\t\t<a href='https:\/\/franciscanos.org.br\/noticias\/wp-content\/uploads\/2020\/10\/06-2.jpg'><img width=\"300\" height=\"300\" src=\"https:\/\/franciscanos.org.br\/noticias\/wp-content\/uploads\/2020\/10\/06-2-300x300.jpg\" class=\"attachment-thumbnail size-thumbnail\" alt=\"\" loading=\"lazy\" srcset=\"https:\/\/franciscanos.org.br\/noticias\/wp-content\/uploads\/2020\/10\/06-2-300x300.jpg 300w, https:\/\/franciscanos.org.br\/noticias\/wp-content\/uploads\/2020\/10\/06-2-100x100.jpg 100w\" sizes=\"(max-width: 300px) 100vw, 300px\" \/><\/a>\n\t\t\t<\/dt><\/dl><dl class='gallery-item'>\n\t\t\t<dt class='gallery-icon landscape'>\n\t\t\t\t<a href='https:\/\/franciscanos.org.br\/noticias\/wp-content\/uploads\/2020\/10\/07-2.jpg'><img width=\"300\" height=\"300\" src=\"https:\/\/franciscanos.org.br\/noticias\/wp-content\/uploads\/2020\/10\/07-2-300x300.jpg\" class=\"attachment-thumbnail size-thumbnail\" alt=\"\" loading=\"lazy\" srcset=\"https:\/\/franciscanos.org.br\/noticias\/wp-content\/uploads\/2020\/10\/07-2-300x300.jpg 300w, https:\/\/franciscanos.org.br\/noticias\/wp-content\/uploads\/2020\/10\/07-2-100x100.jpg 100w\" sizes=\"(max-width: 300px) 100vw, 300px\" \/><\/a>\n\t\t\t<\/dt><\/dl><dl class='gallery-item'>\n\t\t\t<dt class='gallery-icon landscape'>\n\t\t\t\t<a href='https:\/\/franciscanos.org.br\/noticias\/wp-content\/uploads\/2020\/10\/08-2.jpg'><img width=\"300\" height=\"300\" src=\"https:\/\/franciscanos.org.br\/noticias\/wp-content\/uploads\/2020\/10\/08-2-300x300.jpg\" class=\"attachment-thumbnail size-thumbnail\" alt=\"\" loading=\"lazy\" srcset=\"https:\/\/franciscanos.org.br\/noticias\/wp-content\/uploads\/2020\/10\/08-2-300x300.jpg 300w, https:\/\/franciscanos.org.br\/noticias\/wp-content\/uploads\/2020\/10\/08-2-100x100.jpg 100w\" sizes=\"(max-width: 300px) 100vw, 300px\" \/><\/a>\n\t\t\t<\/dt><\/dl><dl class='gallery-item'>\n\t\t\t<dt class='gallery-icon landscape'>\n\t\t\t\t<a href='https:\/\/franciscanos.org.br\/noticias\/wp-content\/uploads\/2020\/10\/09-2.jpg'><img width=\"300\" height=\"300\" src=\"https:\/\/franciscanos.org.br\/noticias\/wp-content\/uploads\/2020\/10\/09-2-300x300.jpg\" class=\"attachment-thumbnail size-thumbnail\" alt=\"\" loading=\"lazy\" srcset=\"https:\/\/franciscanos.org.br\/noticias\/wp-content\/uploads\/2020\/10\/09-2-300x300.jpg 300w, https:\/\/franciscanos.org.br\/noticias\/wp-content\/uploads\/2020\/10\/09-2-100x100.jpg 100w\" sizes=\"(max-width: 300px) 100vw, 300px\" \/><\/a>\n\t\t\t<\/dt><\/dl><dl class='gallery-item'>\n\t\t\t<dt class='gallery-icon landscape'>\n\t\t\t\t<a href='https:\/\/franciscanos.org.br\/noticias\/wp-content\/uploads\/2020\/10\/11a.jpg'><img width=\"300\" height=\"300\" src=\"https:\/\/franciscanos.org.br\/noticias\/wp-content\/uploads\/2020\/10\/11a-300x300.jpg\" class=\"attachment-thumbnail size-thumbnail\" alt=\"\" loading=\"lazy\" srcset=\"https:\/\/franciscanos.org.br\/noticias\/wp-content\/uploads\/2020\/10\/11a-300x300.jpg 300w, https:\/\/franciscanos.org.br\/noticias\/wp-content\/uploads\/2020\/10\/11a-100x100.jpg 100w\" sizes=\"(max-width: 300px) 100vw, 300px\" \/><\/a>\n\t\t\t<\/dt><\/dl><br style=\"clear: both\" \/><dl class='gallery-item'>\n\t\t\t<dt class='gallery-icon landscape'>\n\t\t\t\t<a href='https:\/\/franciscanos.org.br\/noticias\/wp-content\/uploads\/2020\/10\/12-2.jpg'><img width=\"300\" height=\"300\" src=\"https:\/\/franciscanos.org.br\/noticias\/wp-content\/uploads\/2020\/10\/12-2-300x300.jpg\" class=\"attachment-thumbnail size-thumbnail\" alt=\"\" loading=\"lazy\" srcset=\"https:\/\/franciscanos.org.br\/noticias\/wp-content\/uploads\/2020\/10\/12-2-300x300.jpg 300w, https:\/\/franciscanos.org.br\/noticias\/wp-content\/uploads\/2020\/10\/12-2-100x100.jpg 100w\" sizes=\"(max-width: 300px) 100vw, 300px\" \/><\/a>\n\t\t\t<\/dt><\/dl><dl class='gallery-item'>\n\t\t\t<dt class='gallery-icon landscape'>\n\t\t\t\t<a href='https:\/\/franciscanos.org.br\/noticias\/wp-content\/uploads\/2020\/10\/13-2.jpg'><img width=\"300\" height=\"300\" src=\"https:\/\/franciscanos.org.br\/noticias\/wp-content\/uploads\/2020\/10\/13-2-300x300.jpg\" class=\"attachment-thumbnail size-thumbnail\" alt=\"\" loading=\"lazy\" srcset=\"https:\/\/franciscanos.org.br\/noticias\/wp-content\/uploads\/2020\/10\/13-2-300x300.jpg 300w, https:\/\/franciscanos.org.br\/noticias\/wp-content\/uploads\/2020\/10\/13-2-100x100.jpg 100w\" sizes=\"(max-width: 300px) 100vw, 300px\" \/><\/a>\n\t\t\t<\/dt><\/dl><dl class='gallery-item'>\n\t\t\t<dt class='gallery-icon landscape'>\n\t\t\t\t<a href='https:\/\/franciscanos.org.br\/noticias\/wp-content\/uploads\/2020\/10\/15-2.jpg'><img width=\"300\" height=\"300\" src=\"https:\/\/franciscanos.org.br\/noticias\/wp-content\/uploads\/2020\/10\/15-2-300x300.jpg\" class=\"attachment-thumbnail size-thumbnail\" alt=\"\" loading=\"lazy\" srcset=\"https:\/\/franciscanos.org.br\/noticias\/wp-content\/uploads\/2020\/10\/15-2-300x300.jpg 300w, https:\/\/franciscanos.org.br\/noticias\/wp-content\/uploads\/2020\/10\/15-2-100x100.jpg 100w\" sizes=\"(max-width: 300px) 100vw, 300px\" \/><\/a>\n\t\t\t<\/dt><\/dl><dl class='gallery-item'>\n\t\t\t<dt class='gallery-icon landscape'>\n\t\t\t\t<a href='https:\/\/franciscanos.org.br\/noticias\/wp-content\/uploads\/2020\/10\/16-1.jpg'><img width=\"300\" height=\"300\" src=\"https:\/\/franciscanos.org.br\/noticias\/wp-content\/uploads\/2020\/10\/16-1-300x300.jpg\" class=\"attachment-thumbnail size-thumbnail\" alt=\"\" loading=\"lazy\" srcset=\"https:\/\/franciscanos.org.br\/noticias\/wp-content\/uploads\/2020\/10\/16-1-300x300.jpg 300w, https:\/\/franciscanos.org.br\/noticias\/wp-content\/uploads\/2020\/10\/16-1-100x100.jpg 100w\" sizes=\"(max-width: 300px) 100vw, 300px\" \/><\/a>\n\t\t\t<\/dt><\/dl><dl class='gallery-item'>\n\t\t\t<dt class='gallery-icon landscape'>\n\t\t\t\t<a href='https:\/\/franciscanos.org.br\/noticias\/wp-content\/uploads\/2020\/10\/17-1.jpg'><img width=\"300\" height=\"300\" src=\"https:\/\/franciscanos.org.br\/noticias\/wp-content\/uploads\/2020\/10\/17-1-300x300.jpg\" class=\"attachment-thumbnail size-thumbnail\" alt=\"\" loading=\"lazy\" srcset=\"https:\/\/franciscanos.org.br\/noticias\/wp-content\/uploads\/2020\/10\/17-1-300x300.jpg 300w, https:\/\/franciscanos.org.br\/noticias\/wp-content\/uploads\/2020\/10\/17-1-100x100.jpg 100w\" sizes=\"(max-width: 300px) 100vw, 300px\" \/><\/a>\n\t\t\t<\/dt><\/dl><br style=\"clear: both\" \/>\n\t\t<\/div>\n\n","protected":false},"excerpt":{"rendered":"<p>Par\u00f3quia S\u00e3o Francisco de Assis da Vila Clementino<\/p>\n","protected":false},"author":3,"featured_media":228664,"comment_status":"open","ping_status":"open","sticky":false,"template":"","format":"standard","meta":[],"categories":[1],"tags":[1249,271],"acf":[],"yoast_head":"<!-- This site is optimized with the Yoast SEO plugin v19.2 - https:\/\/yoast.com\/wordpress\/plugins\/seo\/ -->\n<title>Frei Medella: &quot;Francisco nos ensina a buscar os verdadeiros sonhos&quot; - Not\u00edcias - Franciscanos<\/title>\n<meta name=\"robots\" content=\"index, follow, max-snippet:-1, max-image-preview:large, max-video-preview:-1\" \/>\n<link rel=\"canonical\" href=\"https:\/\/franciscanos.org.br\/noticias\/frei-medella-que-francisco-nos-ajude-a-sonhar-sonhos-grandes-que-nos-levam-a-ser-pequenos.html\" \/>\n<meta property=\"og:locale\" content=\"pt_BR\" \/>\n<meta property=\"og:type\" content=\"article\" \/>\n<meta property=\"og:title\" content=\"Frei Medella: &quot;Francisco nos ensina a buscar os verdadeiros sonhos&quot; - Not\u00edcias - Franciscanos\" \/>\n<meta property=\"og:description\" content=\"Par\u00f3quia S\u00e3o Francisco de Assis da Vila Clementino\" \/>\n<meta property=\"og:url\" content=\"https:\/\/franciscanos.org.br\/noticias\/frei-medella-que-francisco-nos-ajude-a-sonhar-sonhos-grandes-que-nos-levam-a-ser-pequenos.html\" \/>\n<meta property=\"og:site_name\" content=\"Not\u00edcias - Franciscanos\" \/>\n<meta property=\"article:published_time\" content=\"2020-10-04T21:36:29+00:00\" \/>\n<meta property=\"article:modified_time\" content=\"2020-10-04T21:42:51+00:00\" \/>\n<meta property=\"og:image\" content=\"https:\/\/franciscanos.org.br\/noticias\/wp-content\/uploads\/2020\/10\/vila_01d.jpg\" \/>\n\t<meta property=\"og:image:width\" content=\"800\" \/>\n\t<meta property=\"og:image:height\" content=\"600\" \/>\n\t<meta property=\"og:image:type\" content=\"image\/jpeg\" \/>\n<meta name=\"author\" content=\"moacir\" \/>\n<meta name=\"twitter:card\" content=\"summary_large_image\" \/>\n<meta name=\"twitter:label1\" content=\"Escrito por\" \/>\n\t<meta name=\"twitter:data1\" content=\"moacir\" \/>\n\t<meta name=\"twitter:label2\" content=\"Est. tempo de leitura\" \/>\n\t<meta name=\"twitter:data2\" content=\"9 minutos\" \/>\n<script type=\"application\/ld+json\" class=\"yoast-schema-graph\">{\"@context\":\"https:\/\/schema.org\",\"@graph\":[{\"@type\":\"WebSite\",\"@id\":\"https:\/\/franciscanos.org.br\/noticias\/#website\",\"url\":\"https:\/\/franciscanos.org.br\/noticias\/\",\"name\":\"Not\u00edcias - Franciscanos\",\"description\":\"Prov\u00edncia Franciscana da Imaculada Concei\u00e7\u00e3o do Brasil - Ordem dos Frades Menores - OFM\",\"potentialAction\":[{\"@type\":\"SearchAction\",\"target\":{\"@type\":\"EntryPoint\",\"urlTemplate\":\"https:\/\/franciscanos.org.br\/noticias\/?s={search_term_string}\"},\"query-input\":\"required name=search_term_string\"}],\"inLanguage\":\"pt-BR\"},{\"@type\":\"ImageObject\",\"inLanguage\":\"pt-BR\",\"@id\":\"https:\/\/franciscanos.org.br\/noticias\/frei-medella-que-francisco-nos-ajude-a-sonhar-sonhos-grandes-que-nos-levam-a-ser-pequenos.html#primaryimage\",\"url\":\"https:\/\/franciscanos.org.br\/noticias\/wp-content\/uploads\/2020\/10\/vila_01d.jpg\",\"contentUrl\":\"https:\/\/franciscanos.org.br\/noticias\/wp-content\/uploads\/2020\/10\/vila_01d.jpg\",\"width\":800,\"height\":600},{\"@type\":\"WebPage\",\"@id\":\"https:\/\/franciscanos.org.br\/noticias\/frei-medella-que-francisco-nos-ajude-a-sonhar-sonhos-grandes-que-nos-levam-a-ser-pequenos.html#webpage\",\"url\":\"https:\/\/franciscanos.org.br\/noticias\/frei-medella-que-francisco-nos-ajude-a-sonhar-sonhos-grandes-que-nos-levam-a-ser-pequenos.html\",\"name\":\"Frei Medella: \\\"Francisco nos ensina a buscar os verdadeiros sonhos\\\" - Not\u00edcias - Franciscanos\",\"isPartOf\":{\"@id\":\"https:\/\/franciscanos.org.br\/noticias\/#website\"},\"primaryImageOfPage\":{\"@id\":\"https:\/\/franciscanos.org.br\/noticias\/frei-medella-que-francisco-nos-ajude-a-sonhar-sonhos-grandes-que-nos-levam-a-ser-pequenos.html#primaryimage\"},\"datePublished\":\"2020-10-04T21:36:29+00:00\",\"dateModified\":\"2020-10-04T21:42:51+00:00\",\"author\":{\"@id\":\"https:\/\/franciscanos.org.br\/noticias\/#\/schema\/person\/b5c8cba458c330ccff548b056e95a5d4\"},\"breadcrumb\":{\"@id\":\"https:\/\/franciscanos.org.br\/noticias\/frei-medella-que-francisco-nos-ajude-a-sonhar-sonhos-grandes-que-nos-levam-a-ser-pequenos.html#breadcrumb\"},\"inLanguage\":\"pt-BR\",\"potentialAction\":[{\"@type\":\"ReadAction\",\"target\":[\"https:\/\/franciscanos.org.br\/noticias\/frei-medella-que-francisco-nos-ajude-a-sonhar-sonhos-grandes-que-nos-levam-a-ser-pequenos.html\"]}]},{\"@type\":\"BreadcrumbList\",\"@id\":\"https:\/\/franciscanos.org.br\/noticias\/frei-medella-que-francisco-nos-ajude-a-sonhar-sonhos-grandes-que-nos-levam-a-ser-pequenos.html#breadcrumb\",\"itemListElement\":[{\"@type\":\"ListItem\",\"position\":1,\"name\":\"Home\",\"item\":\"https:\/\/franciscanos.org.br\/noticias\"},{\"@type\":\"ListItem\",\"position\":2,\"name\":\"Frei Medella: &#8220;Francisco nos ensina a buscar os verdadeiros sonhos&#8221;\"}]},{\"@type\":\"Person\",\"@id\":\"https:\/\/franciscanos.org.br\/noticias\/#\/schema\/person\/b5c8cba458c330ccff548b056e95a5d4\",\"name\":\"moacir\",\"image\":{\"@type\":\"ImageObject\",\"inLanguage\":\"pt-BR\",\"@id\":\"https:\/\/franciscanos.org.br\/noticias\/#\/schema\/person\/image\/\",\"url\":\"https:\/\/secure.gravatar.com\/avatar\/d08aa2ce4c8dd416d4479aa8536fcf64?s=96&d=mm&r=g\",\"contentUrl\":\"https:\/\/secure.gravatar.com\/avatar\/d08aa2ce4c8dd416d4479aa8536fcf64?s=96&d=mm&r=g\",\"caption\":\"moacir\"},\"url\":\"https:\/\/franciscanos.org.br\/noticias\/author\/moacir\"}]}<\/script>\n<!-- \/ Yoast SEO plugin. -->","yoast_head_json":{"title":"Frei Medella: \"Francisco nos ensina a buscar os verdadeiros sonhos\" - Not\u00edcias - Franciscanos","robots":{"index":"index","follow":"follow","max-snippet":"max-snippet:-1","max-image-preview":"max-image-preview:large","max-video-preview":"max-video-preview:-1"},"canonical":"https:\/\/franciscanos.org.br\/noticias\/frei-medella-que-francisco-nos-ajude-a-sonhar-sonhos-grandes-que-nos-levam-a-ser-pequenos.html","og_locale":"pt_BR","og_type":"article","og_title":"Frei Medella: \"Francisco nos ensina a buscar os verdadeiros sonhos\" - Not\u00edcias - Franciscanos","og_description":"Par\u00f3quia S\u00e3o Francisco de Assis da Vila Clementino","og_url":"https:\/\/franciscanos.org.br\/noticias\/frei-medella-que-francisco-nos-ajude-a-sonhar-sonhos-grandes-que-nos-levam-a-ser-pequenos.html","og_site_name":"Not\u00edcias - Franciscanos","article_published_time":"2020-10-04T21:36:29+00:00","article_modified_time":"2020-10-04T21:42:51+00:00","og_image":[{"width":800,"height":600,"url":"https:\/\/franciscanos.org.br\/noticias\/wp-content\/uploads\/2020\/10\/vila_01d.jpg","type":"image\/jpeg"}],"author":"moacir","twitter_card":"summary_large_image","twitter_misc":{"Escrito por":"moacir","Est. tempo de leitura":"9 minutos"},"schema":{"@context":"https:\/\/schema.org","@graph":[{"@type":"WebSite","@id":"https:\/\/franciscanos.org.br\/noticias\/#website","url":"https:\/\/franciscanos.org.br\/noticias\/","name":"Not\u00edcias - Franciscanos","description":"Prov\u00edncia Franciscana da Imaculada Concei\u00e7\u00e3o do Brasil - Ordem dos Frades Menores - OFM","potentialAction":[{"@type":"SearchAction","target":{"@type":"EntryPoint","urlTemplate":"https:\/\/franciscanos.org.br\/noticias\/?s={search_term_string}"},"query-input":"required name=search_term_string"}],"inLanguage":"pt-BR"},{"@type":"ImageObject","inLanguage":"pt-BR","@id":"https:\/\/franciscanos.org.br\/noticias\/frei-medella-que-francisco-nos-ajude-a-sonhar-sonhos-grandes-que-nos-levam-a-ser-pequenos.html#primaryimage","url":"https:\/\/franciscanos.org.br\/noticias\/wp-content\/uploads\/2020\/10\/vila_01d.jpg","contentUrl":"https:\/\/franciscanos.org.br\/noticias\/wp-content\/uploads\/2020\/10\/vila_01d.jpg","width":800,"height":600},{"@type":"WebPage","@id":"https:\/\/franciscanos.org.br\/noticias\/frei-medella-que-francisco-nos-ajude-a-sonhar-sonhos-grandes-que-nos-levam-a-ser-pequenos.html#webpage","url":"https:\/\/franciscanos.org.br\/noticias\/frei-medella-que-francisco-nos-ajude-a-sonhar-sonhos-grandes-que-nos-levam-a-ser-pequenos.html","name":"Frei Medella: \"Francisco nos ensina a buscar os verdadeiros sonhos\" - Not\u00edcias - Franciscanos","isPartOf":{"@id":"https:\/\/franciscanos.org.br\/noticias\/#website"},"primaryImageOfPage":{"@id":"https:\/\/franciscanos.org.br\/noticias\/frei-medella-que-francisco-nos-ajude-a-sonhar-sonhos-grandes-que-nos-levam-a-ser-pequenos.html#primaryimage"},"datePublished":"2020-10-04T21:36:29+00:00","dateModified":"2020-10-04T21:42:51+00:00","author":{"@id":"https:\/\/franciscanos.org.br\/noticias\/#\/schema\/person\/b5c8cba458c330ccff548b056e95a5d4"},"breadcrumb":{"@id":"https:\/\/franciscanos.org.br\/noticias\/frei-medella-que-francisco-nos-ajude-a-sonhar-sonhos-grandes-que-nos-levam-a-ser-pequenos.html#breadcrumb"},"inLanguage":"pt-BR","potentialAction":[{"@type":"ReadAction","target":["https:\/\/franciscanos.org.br\/noticias\/frei-medella-que-francisco-nos-ajude-a-sonhar-sonhos-grandes-que-nos-levam-a-ser-pequenos.html"]}]},{"@type":"BreadcrumbList","@id":"https:\/\/franciscanos.org.br\/noticias\/frei-medella-que-francisco-nos-ajude-a-sonhar-sonhos-grandes-que-nos-levam-a-ser-pequenos.html#breadcrumb","itemListElement":[{"@type":"ListItem","position":1,"name":"Home","item":"https:\/\/franciscanos.org.br\/noticias"},{"@type":"ListItem","position":2,"name":"Frei Medella: &#8220;Francisco nos ensina a buscar os verdadeiros sonhos&#8221;"}]},{"@type":"Person","@id":"https:\/\/franciscanos.org.br\/noticias\/#\/schema\/person\/b5c8cba458c330ccff548b056e95a5d4","name":"moacir","image":{"@type":"ImageObject","inLanguage":"pt-BR","@id":"https:\/\/franciscanos.org.br\/noticias\/#\/schema\/person\/image\/","url":"https:\/\/secure.gravatar.com\/avatar\/d08aa2ce4c8dd416d4479aa8536fcf64?s=96&d=mm&r=g","contentUrl":"https:\/\/secure.gravatar.com\/avatar\/d08aa2ce4c8dd416d4479aa8536fcf64?s=96&d=mm&r=g","caption":"moacir"},"url":"https:\/\/franciscanos.org.br\/noticias\/author\/moacir"}]}},"_links":{"self":[{"href":"https:\/\/franciscanos.org.br\/noticias\/wp-json\/wp\/v2\/posts\/228639"}],"collection":[{"href":"https:\/\/franciscanos.org.br\/noticias\/wp-json\/wp\/v2\/posts"}],"about":[{"href":"https:\/\/franciscanos.org.br\/noticias\/wp-json\/wp\/v2\/types\/post"}],"author":[{"embeddable":true,"href":"https:\/\/franciscanos.org.br\/noticias\/wp-json\/wp\/v2\/users\/3"}],"replies":[{"embeddable":true,"href":"https:\/\/franciscanos.org.br\/noticias\/wp-json\/wp\/v2\/comments?post=228639"}],"version-history":[{"count":5,"href":"https:\/\/franciscanos.org.br\/noticias\/wp-json\/wp\/v2\/posts\/228639\/revisions"}],"predecessor-version":[{"id":228669,"href":"https:\/\/franciscanos.org.br\/noticias\/wp-json\/wp\/v2\/posts\/228639\/revisions\/228669"}],"wp:featuredmedia":[{"embeddable":true,"href":"https:\/\/franciscanos.org.br\/noticias\/wp-json\/wp\/v2\/media\/228664"}],"wp:attachment":[{"href":"https:\/\/franciscanos.org.br\/noticias\/wp-json\/wp\/v2\/media?parent=228639"}],"wp:term":[{"taxonomy":"category","embeddable":true,"href":"https:\/\/franciscanos.org.br\/noticias\/wp-json\/wp\/v2\/categories?post=228639"},{"taxonomy":"post_tag","embeddable":true,"href":"https:\/\/franciscanos.org.br\/noticias\/wp-json\/wp\/v2\/tags?post=228639"}],"curies":[{"name":"wp","href":"https:\/\/api.w.org\/{rel}","templated":true}]}}