{"id":228614,"date":"2020-10-04T16:04:38","date_gmt":"2020-10-04T19:04:38","guid":{"rendered":"https:\/\/franciscanos.org.br\/noticias\/?p=228614"},"modified":"2020-11-02T15:47:00","modified_gmt":"2020-11-02T18:47:00","slug":"dom-gregorio-sao-francisco-e-papa-francisco-somos-seus-irmaos","status":"publish","type":"post","link":"https:\/\/franciscanos.org.br\/noticias\/dom-gregorio-sao-francisco-e-papa-francisco-somos-seus-irmaos.html","title":{"rendered":"Dom Greg\u00f3rio: \u201cS\u00e3o Francisco e Papa Francisco, somos seus irm\u00e3os!\u201d"},"content":{"rendered":"<p><img loading=\"lazy\" class=\"alignnone size-full wp-image-228615\" src=\"https:\/\/franciscanos.org.br\/noticias\/wp-content\/uploads\/2020\/10\/petropolis_01.jpg\" alt=\"\" width=\"1280\" height=\"853\" srcset=\"https:\/\/franciscanos.org.br\/noticias\/wp-content\/uploads\/2020\/10\/petropolis_01.jpg 1280w, https:\/\/franciscanos.org.br\/noticias\/wp-content\/uploads\/2020\/10\/petropolis_01-450x300.jpg 450w, https:\/\/franciscanos.org.br\/noticias\/wp-content\/uploads\/2020\/10\/petropolis_01-1024x682.jpg 1024w, https:\/\/franciscanos.org.br\/noticias\/wp-content\/uploads\/2020\/10\/petropolis_01-768x512.jpg 768w, https:\/\/franciscanos.org.br\/noticias\/wp-content\/uploads\/2020\/10\/petropolis_01-150x100.jpg 150w\" sizes=\"(max-width: 1280px) 100vw, 1280px\" \/><\/p>\n<p><strong>Frei Augusto Luiz Gabriel<\/strong><\/p>\n<p><strong>Petr\u00f3polis (RJ) \u2013<\/strong> Terminou neste domingo, 4 de outubro, a Semana Franciscana na Par\u00f3quia e Convento do Sagrado Cora\u00e7\u00e3o de Jesus de Petr\u00f3polis (RJ). Desde o dia 27 de setembro, a comunidade local p\u00f4de vivenciar dias intensos de ora\u00e7\u00f5es, reflex\u00f5es e celebra\u00e7\u00f5es pelo dia de S\u00e3o Francisco de Assis.<\/p>\n<p>O bispo Dom Greg\u00f3rio Paix\u00e3o, OSB, da Diocese de Petr\u00f3polis (RJ), presidiu a solene Celebra\u00e7\u00e3o Eucar\u00edstica, \u00e0s 10 horas, contando com a\u00a0 participa\u00e7\u00e3o dos frades, religiosas franciscanas, membros da Ordem Franciscana Secular (OFS), fi\u00e9is, devotos e simpatizantes do Santo de Assis. A Santa Missa foi concelebrada pelo p\u00e1roco, Frei Jorge Paulo Schiavini, e pelo mestre dos frades que est\u00e3o no Tempo da Teologia, Frei Marcos Ant\u00f4nio de Andrade. Um coral dos frades estudantes, sob reg\u00eancia do experiente maestro, Marco Aur\u00e9lio Lischt, animou toda a solene celebra\u00e7\u00e3o com a Igreja lotada, cumprindo as ordens de seguran\u00e7a e distanciamento. A Santa Missa foi transmitida ao vivo e em cadeia pelas plataformas digitais da Par\u00f3quia do Sagrado, Diocese e Instituto dos Canarinhos de Petr\u00f3polis, como tamb\u00e9m pela Folhinha do Sagrado Cora\u00e7\u00e3o de Jesus, da Editora Vozes.<\/p>\n<p>Em sua homilia, Dom Greg\u00f3rio destacou aspectos da vida e hist\u00f3ria de S\u00e3o Francisco de Assis. Disse que todos os olhos est\u00e3o voltados para Assis neste dia 4 de outubro. \u201cHoje, celebramos a festa do Ser\u00e1fico Pai Francisco, mas, ao mesmo tempo um Papa, com o mesmo nome, vai at\u00e9 Assis para proclamar a sua nova Enc\u00edclica \u2018Somos todos irm\u00e3os\u2019, inspirada em S\u00e3o Francisco de Assis\u201d.<\/p>\n<p><img loading=\"lazy\" class=\"alignnone wp-image-228616 size-full\" src=\"https:\/\/franciscanos.org.br\/noticias\/wp-content\/uploads\/2020\/10\/petropolis_03.jpg\" alt=\"\" width=\"1280\" height=\"797\" srcset=\"https:\/\/franciscanos.org.br\/noticias\/wp-content\/uploads\/2020\/10\/petropolis_03.jpg 1280w, https:\/\/franciscanos.org.br\/noticias\/wp-content\/uploads\/2020\/10\/petropolis_03-450x280.jpg 450w, https:\/\/franciscanos.org.br\/noticias\/wp-content\/uploads\/2020\/10\/petropolis_03-1024x638.jpg 1024w, https:\/\/franciscanos.org.br\/noticias\/wp-content\/uploads\/2020\/10\/petropolis_03-768x478.jpg 768w, https:\/\/franciscanos.org.br\/noticias\/wp-content\/uploads\/2020\/10\/petropolis_03-150x93.jpg 150w\" sizes=\"(max-width: 1280px) 100vw, 1280px\" \/><\/p>\n<p>Para Dom Greg\u00f3rio, toda a humanidade precisa reconhecer a gra\u00e7a de que todos somos iguais. Enfatizou que o Papa foi at\u00e9 Assis e se inspirou em S\u00e3o Francisco porque v\u00ea nele a possibilidade de mudan\u00e7a e convers\u00e3o. \u201cFrancisco escolheu a Deus como Senhor e a terra como m\u00e3e e nos ensina pelas suas escolhas pessoais. Ele mesmo se auto-intitulava irm\u00e3o e chamava de frades seus irm\u00e3os. Foi capaz de viver para depois pregar\u201d, ressaltou.<\/p>\n<p>Segundo Dom Greg\u00f3rio, ao convidar toda humanidade para uma grande reflex\u00e3o, o Papa n\u00e3o deseja que n\u00f3s vivamos a teoria sobre a fraternidade humana, mas sim, que n\u00f3s pratiquemos esse ideal. \u201cO papa convida a todos para abrir o cora\u00e7\u00e3o e a boca para um di\u00e1logo fraterno e uma vida verdadeiramente nova\u201d, destacou o Bispo e fez refer\u00eancia ao epis\u00f3dio do encontro de S\u00e3o Francisco com o Sult\u00e3o, em tempos de guerra.<\/p>\n<p>\u201cQue o nosso testemunho seja sempre de Paz e de Bem. Somos todos irm\u00e3os! Que essa palavra mobilize toda a vida e transforme todo o mundo\u201d, ensinou. \u201cS\u00e3o Francisco e Papa Francisco, somos seus irm\u00e3os. Que essa gra\u00e7a inunde a nossa vida e o nosso cora\u00e7\u00e3o\u201d, concluiu.<\/p>\n<p><span style=\"font-weight: 400;\">Neste domingo, no per\u00edodo da manh\u00e3, os frades tamb\u00e9m realizaram a tradicional b\u00ean\u00e7\u00e3o dos animais. Al\u00e9m disso, a Par\u00f3quia do Sagrado ofereceu o &#8220;Almo\u00e7o Mineiro&#8221;, via &#8220;Drive Thru&#8221;. A iniciativa foi em prol da constru\u00e7\u00e3o da Igreja de Nossa Senhora Aparecida das Duchas, da Par\u00f3quia do Sagrado.<\/span><\/p>\n<p><img loading=\"lazy\" class=\"alignnone wp-image-228617 size-full\" src=\"https:\/\/franciscanos.org.br\/noticias\/wp-content\/uploads\/2020\/10\/petropolis_04.jpg\" alt=\"\" width=\"1280\" height=\"853\" srcset=\"https:\/\/franciscanos.org.br\/noticias\/wp-content\/uploads\/2020\/10\/petropolis_04.jpg 1280w, https:\/\/franciscanos.org.br\/noticias\/wp-content\/uploads\/2020\/10\/petropolis_04-450x300.jpg 450w, https:\/\/franciscanos.org.br\/noticias\/wp-content\/uploads\/2020\/10\/petropolis_04-1024x682.jpg 1024w, https:\/\/franciscanos.org.br\/noticias\/wp-content\/uploads\/2020\/10\/petropolis_04-768x512.jpg 768w, https:\/\/franciscanos.org.br\/noticias\/wp-content\/uploads\/2020\/10\/petropolis_04-150x100.jpg 150w\" sizes=\"(max-width: 1280px) 100vw, 1280px\" \/><\/p>\n<p><strong>TR\u00c2NSITO DE S\u00c3O FRANCISCO<\/strong><\/p>\n<p>No cair da tarde do dia 3 de outubro, a tradicional celebra\u00e7\u00e3o do <em>Transitus<\/em> de S\u00e3o Francisco, marcou a passagem do Santo de Assis para a vida eterna. A P\u00e1scoa de Francisco foi celebrada e vivida no c\u00e2ntico dos salmos e na medita\u00e7\u00e3o da Palavra de Deus que ele mesmo buscou com humildade e prontid\u00e3o durante toda a sua vida.<\/p>\n<p>\u201cA celebra\u00e7\u00e3o do tr\u00e2nsito de S\u00e3o Francisco de Assis, \u00e9 um costume tradicional da Ordem Franciscana, traz presente o mist\u00e9rio da vida, morte e da ressurrei\u00e7\u00e3o. Conhecedores desta realidade maravilhosa e, ao mesmo tempo, angustiante e cheia de esperan\u00e7a, estamos celebrando, a exemplo do Ser\u00e1fico Pai, o dom da vida e buscando aceitar a morte como irm\u00e3, caminho \u00fanico para a ressurrei\u00e7\u00e3o\u201d, destacou Frei Jorge Schiavini, em sua reflex\u00e3o.<\/p>\n<p>\u201cNesta noite,\u00a0 os anjos e a Trindade convidaram Francisco a ir at\u00e9 eles, dizendo: permanece conosco para sempre.\u00a0 E n\u00f3s rezamos com o salmista e com s\u00e3o Francisco: \u201cA v\u00f3s grito, Senhor, a v\u00f3s clamo e vos digo: \u2018Sois v\u00f3s meu abrigo, minha heran\u00e7a na terra dos vivos\u201d, concluiu.<\/p>\n<p><img loading=\"lazy\" class=\"alignnone wp-image-228618 size-full\" src=\"https:\/\/franciscanos.org.br\/noticias\/wp-content\/uploads\/2020\/10\/petropolis_02.jpg\" alt=\"\" width=\"1280\" height=\"746\" srcset=\"https:\/\/franciscanos.org.br\/noticias\/wp-content\/uploads\/2020\/10\/petropolis_02.jpg 1280w, https:\/\/franciscanos.org.br\/noticias\/wp-content\/uploads\/2020\/10\/petropolis_02-450x262.jpg 450w, https:\/\/franciscanos.org.br\/noticias\/wp-content\/uploads\/2020\/10\/petropolis_02-1024x597.jpg 1024w, https:\/\/franciscanos.org.br\/noticias\/wp-content\/uploads\/2020\/10\/petropolis_02-768x448.jpg 768w, https:\/\/franciscanos.org.br\/noticias\/wp-content\/uploads\/2020\/10\/petropolis_02-150x87.jpg 150w\" sizes=\"(max-width: 1280px) 100vw, 1280px\" \/><\/p>\n<p><strong><em>LIVE<\/em> FRANCISCANA<\/strong><\/p>\n<p>Na sexta-feira, 2 de outubro, toda Fraternidade do Sagrado esteve envolvida na realiza\u00e7\u00e3o da <em>live<\/em> franciscana. Uma noite que contou com muita m\u00fasica, intera\u00e7\u00e3o, devo\u00e7\u00e3o, espiritualidade, sorteios, arte e f\u00e9. A Par\u00f3quia do Sagrado foi anfitri\u00e3 e contou com a parceria da <a href=\"https:\/\/youtu.be\/NK5qRrHATB0\">TvFranciscanos<\/a> e de outras p\u00e1ginas e grupos no Facebook, que transmitiram em cadeia e ao vivo este especial.<\/p>\n<p>\u201cDesde crian\u00e7a sempre contemplei todas as cria\u00e7\u00f5es de Deus. Estou muito feliz por ter encontrado a TvFranciscanos que compartilha tanto amor e f\u00e9 com essa alegria contagiante atrav\u00e9s da #livefranciscana\u201d, disse Vanessa Fiorenza\u200b nos coment\u00e1rios.<\/p>\n<p>Entre os dias 30 de setembro a 2 de outubro, a programa\u00e7\u00e3o da Semana Franciscana tamb\u00e9m contemplou celebra\u00e7\u00f5es do Tr\u00edduo de S\u00e3o Francisco. As Missas foram presenciais, e tamb\u00e9m transmitidas pelo Facebook da Par\u00f3quia do Sagrado.<\/p>\n<hr \/>\n<p style=\"text-align: center;\"><strong>VEJA MAIS IMAGENS DA PAR\u00d3QUIA E CONVENTO DO SAGRADO CORA\u00c7\u00c3O DE JESUS DE PETR\u00d3POLIS<\/strong><\/p>\n\n\t\t<style type=\"text\/css\">\n\t\t\t#gallery-1 {\n\t\t\t\tmargin: auto;\n\t\t\t}\n\t\t\t#gallery-1 .gallery-item {\n\t\t\t\tfloat: left;\n\t\t\t\tmargin-top: 10px;\n\t\t\t\ttext-align: center;\n\t\t\t\twidth: 20%;\n\t\t\t}\n\t\t\t#gallery-1 img {\n\t\t\t\tborder: 2px solid #cfcfcf;\n\t\t\t}\n\t\t\t#gallery-1 .gallery-caption {\n\t\t\t\tmargin-left: 0;\n\t\t\t}\n\t\t\t\/* see gallery_shortcode() in wp-includes\/media.php *\/\n\t\t<\/style>\n\t\t<div id='gallery-1' class='gallery galleryid-228614 gallery-columns-5 gallery-size-thumbnail'><dl class='gallery-item'>\n\t\t\t<dt class='gallery-icon landscape'>\n\t\t\t\t<a href='https:\/\/franciscanos.org.br\/noticias\/wp-content\/uploads\/2020\/10\/01-1.jpg'><img width=\"300\" height=\"300\" src=\"https:\/\/franciscanos.org.br\/noticias\/wp-content\/uploads\/2020\/10\/01-1-300x300.jpg\" class=\"attachment-thumbnail size-thumbnail\" alt=\"\" loading=\"lazy\" srcset=\"https:\/\/franciscanos.org.br\/noticias\/wp-content\/uploads\/2020\/10\/01-1-300x300.jpg 300w, https:\/\/franciscanos.org.br\/noticias\/wp-content\/uploads\/2020\/10\/01-1-100x100.jpg 100w\" sizes=\"(max-width: 300px) 100vw, 300px\" \/><\/a>\n\t\t\t<\/dt><\/dl><dl class='gallery-item'>\n\t\t\t<dt class='gallery-icon landscape'>\n\t\t\t\t<a href='https:\/\/franciscanos.org.br\/noticias\/wp-content\/uploads\/2020\/10\/02-1.jpg'><img width=\"300\" height=\"300\" src=\"https:\/\/franciscanos.org.br\/noticias\/wp-content\/uploads\/2020\/10\/02-1-300x300.jpg\" class=\"attachment-thumbnail size-thumbnail\" alt=\"\" loading=\"lazy\" srcset=\"https:\/\/franciscanos.org.br\/noticias\/wp-content\/uploads\/2020\/10\/02-1-300x300.jpg 300w, https:\/\/franciscanos.org.br\/noticias\/wp-content\/uploads\/2020\/10\/02-1-100x100.jpg 100w\" sizes=\"(max-width: 300px) 100vw, 300px\" \/><\/a>\n\t\t\t<\/dt><\/dl><dl class='gallery-item'>\n\t\t\t<dt class='gallery-icon landscape'>\n\t\t\t\t<a href='https:\/\/franciscanos.org.br\/noticias\/wp-content\/uploads\/2020\/10\/03-1.jpg'><img width=\"300\" height=\"300\" src=\"https:\/\/franciscanos.org.br\/noticias\/wp-content\/uploads\/2020\/10\/03-1-300x300.jpg\" class=\"attachment-thumbnail size-thumbnail\" alt=\"\" loading=\"lazy\" srcset=\"https:\/\/franciscanos.org.br\/noticias\/wp-content\/uploads\/2020\/10\/03-1-300x300.jpg 300w, https:\/\/franciscanos.org.br\/noticias\/wp-content\/uploads\/2020\/10\/03-1-100x100.jpg 100w\" sizes=\"(max-width: 300px) 100vw, 300px\" \/><\/a>\n\t\t\t<\/dt><\/dl><dl class='gallery-item'>\n\t\t\t<dt class='gallery-icon landscape'>\n\t\t\t\t<a href='https:\/\/franciscanos.org.br\/noticias\/wp-content\/uploads\/2020\/10\/04-1.jpg'><img width=\"300\" height=\"300\" src=\"https:\/\/franciscanos.org.br\/noticias\/wp-content\/uploads\/2020\/10\/04-1-300x300.jpg\" class=\"attachment-thumbnail size-thumbnail\" alt=\"\" loading=\"lazy\" srcset=\"https:\/\/franciscanos.org.br\/noticias\/wp-content\/uploads\/2020\/10\/04-1-300x300.jpg 300w, https:\/\/franciscanos.org.br\/noticias\/wp-content\/uploads\/2020\/10\/04-1-100x100.jpg 100w\" sizes=\"(max-width: 300px) 100vw, 300px\" \/><\/a>\n\t\t\t<\/dt><\/dl><dl class='gallery-item'>\n\t\t\t<dt class='gallery-icon landscape'>\n\t\t\t\t<a href='https:\/\/franciscanos.org.br\/noticias\/wp-content\/uploads\/2020\/10\/04a.jpg'><img width=\"300\" height=\"300\" src=\"https:\/\/franciscanos.org.br\/noticias\/wp-content\/uploads\/2020\/10\/04a-300x300.jpg\" class=\"attachment-thumbnail size-thumbnail\" alt=\"\" loading=\"lazy\" srcset=\"https:\/\/franciscanos.org.br\/noticias\/wp-content\/uploads\/2020\/10\/04a-300x300.jpg 300w, https:\/\/franciscanos.org.br\/noticias\/wp-content\/uploads\/2020\/10\/04a-100x100.jpg 100w\" sizes=\"(max-width: 300px) 100vw, 300px\" \/><\/a>\n\t\t\t<\/dt><\/dl><br style=\"clear: both\" \/><dl class='gallery-item'>\n\t\t\t<dt class='gallery-icon landscape'>\n\t\t\t\t<a href='https:\/\/franciscanos.org.br\/noticias\/wp-content\/uploads\/2020\/10\/05-1.jpg'><img width=\"300\" height=\"300\" src=\"https:\/\/franciscanos.org.br\/noticias\/wp-content\/uploads\/2020\/10\/05-1-300x300.jpg\" class=\"attachment-thumbnail size-thumbnail\" alt=\"\" loading=\"lazy\" srcset=\"https:\/\/franciscanos.org.br\/noticias\/wp-content\/uploads\/2020\/10\/05-1-300x300.jpg 300w, https:\/\/franciscanos.org.br\/noticias\/wp-content\/uploads\/2020\/10\/05-1-100x100.jpg 100w\" sizes=\"(max-width: 300px) 100vw, 300px\" \/><\/a>\n\t\t\t<\/dt><\/dl><dl class='gallery-item'>\n\t\t\t<dt class='gallery-icon landscape'>\n\t\t\t\t<a href='https:\/\/franciscanos.org.br\/noticias\/wp-content\/uploads\/2020\/10\/06-1.jpg'><img width=\"300\" height=\"300\" src=\"https:\/\/franciscanos.org.br\/noticias\/wp-content\/uploads\/2020\/10\/06-1-300x300.jpg\" class=\"attachment-thumbnail size-thumbnail\" alt=\"\" loading=\"lazy\" srcset=\"https:\/\/franciscanos.org.br\/noticias\/wp-content\/uploads\/2020\/10\/06-1-300x300.jpg 300w, https:\/\/franciscanos.org.br\/noticias\/wp-content\/uploads\/2020\/10\/06-1-100x100.jpg 100w\" sizes=\"(max-width: 300px) 100vw, 300px\" \/><\/a>\n\t\t\t<\/dt><\/dl><dl class='gallery-item'>\n\t\t\t<dt class='gallery-icon landscape'>\n\t\t\t\t<a href='https:\/\/franciscanos.org.br\/noticias\/wp-content\/uploads\/2020\/10\/07-1.jpg'><img width=\"300\" height=\"300\" src=\"https:\/\/franciscanos.org.br\/noticias\/wp-content\/uploads\/2020\/10\/07-1-300x300.jpg\" class=\"attachment-thumbnail size-thumbnail\" alt=\"\" loading=\"lazy\" srcset=\"https:\/\/franciscanos.org.br\/noticias\/wp-content\/uploads\/2020\/10\/07-1-300x300.jpg 300w, https:\/\/franciscanos.org.br\/noticias\/wp-content\/uploads\/2020\/10\/07-1-100x100.jpg 100w\" sizes=\"(max-width: 300px) 100vw, 300px\" \/><\/a>\n\t\t\t<\/dt><\/dl><dl class='gallery-item'>\n\t\t\t<dt class='gallery-icon landscape'>\n\t\t\t\t<a href='https:\/\/franciscanos.org.br\/noticias\/wp-content\/uploads\/2020\/10\/08-1.jpg'><img width=\"300\" height=\"300\" src=\"https:\/\/franciscanos.org.br\/noticias\/wp-content\/uploads\/2020\/10\/08-1-300x300.jpg\" class=\"attachment-thumbnail size-thumbnail\" alt=\"\" loading=\"lazy\" srcset=\"https:\/\/franciscanos.org.br\/noticias\/wp-content\/uploads\/2020\/10\/08-1-300x300.jpg 300w, https:\/\/franciscanos.org.br\/noticias\/wp-content\/uploads\/2020\/10\/08-1-100x100.jpg 100w\" sizes=\"(max-width: 300px) 100vw, 300px\" \/><\/a>\n\t\t\t<\/dt><\/dl><dl class='gallery-item'>\n\t\t\t<dt class='gallery-icon landscape'>\n\t\t\t\t<a href='https:\/\/franciscanos.org.br\/noticias\/wp-content\/uploads\/2020\/10\/09-1.jpg'><img width=\"300\" height=\"300\" src=\"https:\/\/franciscanos.org.br\/noticias\/wp-content\/uploads\/2020\/10\/09-1-300x300.jpg\" class=\"attachment-thumbnail size-thumbnail\" alt=\"\" loading=\"lazy\" srcset=\"https:\/\/franciscanos.org.br\/noticias\/wp-content\/uploads\/2020\/10\/09-1-300x300.jpg 300w, https:\/\/franciscanos.org.br\/noticias\/wp-content\/uploads\/2020\/10\/09-1-100x100.jpg 100w\" sizes=\"(max-width: 300px) 100vw, 300px\" \/><\/a>\n\t\t\t<\/dt><\/dl><br style=\"clear: both\" \/><dl class='gallery-item'>\n\t\t\t<dt class='gallery-icon landscape'>\n\t\t\t\t<a href='https:\/\/franciscanos.org.br\/noticias\/wp-content\/uploads\/2020\/10\/10-1.jpg'><img width=\"300\" height=\"300\" src=\"https:\/\/franciscanos.org.br\/noticias\/wp-content\/uploads\/2020\/10\/10-1-300x300.jpg\" class=\"attachment-thumbnail size-thumbnail\" alt=\"\" loading=\"lazy\" srcset=\"https:\/\/franciscanos.org.br\/noticias\/wp-content\/uploads\/2020\/10\/10-1-300x300.jpg 300w, https:\/\/franciscanos.org.br\/noticias\/wp-content\/uploads\/2020\/10\/10-1-100x100.jpg 100w\" sizes=\"(max-width: 300px) 100vw, 300px\" \/><\/a>\n\t\t\t<\/dt><\/dl><dl class='gallery-item'>\n\t\t\t<dt class='gallery-icon landscape'>\n\t\t\t\t<a href='https:\/\/franciscanos.org.br\/noticias\/wp-content\/uploads\/2020\/10\/11-1.jpg'><img width=\"300\" height=\"300\" src=\"https:\/\/franciscanos.org.br\/noticias\/wp-content\/uploads\/2020\/10\/11-1-300x300.jpg\" class=\"attachment-thumbnail size-thumbnail\" alt=\"\" loading=\"lazy\" srcset=\"https:\/\/franciscanos.org.br\/noticias\/wp-content\/uploads\/2020\/10\/11-1-300x300.jpg 300w, https:\/\/franciscanos.org.br\/noticias\/wp-content\/uploads\/2020\/10\/11-1-100x100.jpg 100w\" sizes=\"(max-width: 300px) 100vw, 300px\" \/><\/a>\n\t\t\t<\/dt><\/dl><dl class='gallery-item'>\n\t\t\t<dt class='gallery-icon landscape'>\n\t\t\t\t<a href='https:\/\/franciscanos.org.br\/noticias\/wp-content\/uploads\/2020\/10\/12-1.jpg'><img width=\"300\" height=\"300\" src=\"https:\/\/franciscanos.org.br\/noticias\/wp-content\/uploads\/2020\/10\/12-1-300x300.jpg\" class=\"attachment-thumbnail size-thumbnail\" alt=\"\" loading=\"lazy\" srcset=\"https:\/\/franciscanos.org.br\/noticias\/wp-content\/uploads\/2020\/10\/12-1-300x300.jpg 300w, https:\/\/franciscanos.org.br\/noticias\/wp-content\/uploads\/2020\/10\/12-1-100x100.jpg 100w\" sizes=\"(max-width: 300px) 100vw, 300px\" \/><\/a>\n\t\t\t<\/dt><\/dl><dl class='gallery-item'>\n\t\t\t<dt class='gallery-icon landscape'>\n\t\t\t\t<a href='https:\/\/franciscanos.org.br\/noticias\/wp-content\/uploads\/2020\/10\/13-1.jpg'><img width=\"300\" height=\"300\" src=\"https:\/\/franciscanos.org.br\/noticias\/wp-content\/uploads\/2020\/10\/13-1-300x300.jpg\" class=\"attachment-thumbnail size-thumbnail\" alt=\"\" loading=\"lazy\" srcset=\"https:\/\/franciscanos.org.br\/noticias\/wp-content\/uploads\/2020\/10\/13-1-300x300.jpg 300w, https:\/\/franciscanos.org.br\/noticias\/wp-content\/uploads\/2020\/10\/13-1-100x100.jpg 100w\" sizes=\"(max-width: 300px) 100vw, 300px\" \/><\/a>\n\t\t\t<\/dt><\/dl><dl class='gallery-item'>\n\t\t\t<dt class='gallery-icon landscape'>\n\t\t\t\t<a href='https:\/\/franciscanos.org.br\/noticias\/wp-content\/uploads\/2020\/10\/15-1.jpg'><img width=\"300\" height=\"300\" src=\"https:\/\/franciscanos.org.br\/noticias\/wp-content\/uploads\/2020\/10\/15-1-300x300.jpg\" class=\"attachment-thumbnail size-thumbnail\" alt=\"\" loading=\"lazy\" srcset=\"https:\/\/franciscanos.org.br\/noticias\/wp-content\/uploads\/2020\/10\/15-1-300x300.jpg 300w, https:\/\/franciscanos.org.br\/noticias\/wp-content\/uploads\/2020\/10\/15-1-100x100.jpg 100w\" sizes=\"(max-width: 300px) 100vw, 300px\" \/><\/a>\n\t\t\t<\/dt><\/dl><br style=\"clear: both\" \/>\n\t\t<\/div>\n\n","protected":false},"excerpt":{"rendered":"<p>Par\u00f3quia e Convento Sagrado Cora\u00e7\u00e3o de Jesus de Petr\u00f3polis (RJ)<\/p>\n","protected":false},"author":5,"featured_media":228635,"comment_status":"open","ping_status":"open","sticky":false,"template":"","format":"standard","meta":[],"categories":[1],"tags":[1766,190,1249],"acf":[],"yoast_head":"<!-- This site is optimized with the Yoast SEO plugin v19.2 - https:\/\/yoast.com\/wordpress\/plugins\/seo\/ -->\n<title>Dom Greg\u00f3rio: \u201cS\u00e3o Francisco e Papa Francisco, somos seus irm\u00e3os!\u201d - Not\u00edcias - Franciscanos<\/title>\n<meta name=\"robots\" content=\"index, follow, max-snippet:-1, max-image-preview:large, max-video-preview:-1\" \/>\n<link rel=\"canonical\" href=\"https:\/\/franciscanos.org.br\/noticias\/dom-gregorio-sao-francisco-e-papa-francisco-somos-seus-irmaos.html\" \/>\n<meta property=\"og:locale\" content=\"pt_BR\" \/>\n<meta property=\"og:type\" content=\"article\" \/>\n<meta property=\"og:title\" content=\"Dom Greg\u00f3rio: \u201cS\u00e3o Francisco e Papa Francisco, somos seus irm\u00e3os!\u201d - Not\u00edcias - Franciscanos\" \/>\n<meta property=\"og:description\" content=\"Par\u00f3quia e Convento Sagrado Cora\u00e7\u00e3o de Jesus de Petr\u00f3polis (RJ)\" \/>\n<meta property=\"og:url\" content=\"https:\/\/franciscanos.org.br\/noticias\/dom-gregorio-sao-francisco-e-papa-francisco-somos-seus-irmaos.html\" \/>\n<meta property=\"og:site_name\" content=\"Not\u00edcias - Franciscanos\" \/>\n<meta property=\"article:published_time\" content=\"2020-10-04T19:04:38+00:00\" \/>\n<meta property=\"article:modified_time\" content=\"2020-11-02T18:47:00+00:00\" \/>\n<meta property=\"og:image\" content=\"https:\/\/franciscanos.org.br\/noticias\/wp-content\/uploads\/2020\/10\/petropolis_d.jpg\" \/>\n\t<meta property=\"og:image:width\" content=\"800\" \/>\n\t<meta property=\"og:image:height\" content=\"600\" \/>\n\t<meta property=\"og:image:type\" content=\"image\/jpeg\" \/>\n<meta name=\"author\" content=\"freiaugusto\" \/>\n<meta name=\"twitter:card\" content=\"summary_large_image\" \/>\n<meta name=\"twitter:label1\" content=\"Escrito por\" \/>\n\t<meta name=\"twitter:data1\" content=\"freiaugusto\" \/>\n\t<meta name=\"twitter:label2\" content=\"Est. tempo de leitura\" \/>\n\t<meta name=\"twitter:data2\" content=\"5 minutos\" \/>\n<script type=\"application\/ld+json\" class=\"yoast-schema-graph\">{\"@context\":\"https:\/\/schema.org\",\"@graph\":[{\"@type\":\"WebSite\",\"@id\":\"https:\/\/franciscanos.org.br\/noticias\/#website\",\"url\":\"https:\/\/franciscanos.org.br\/noticias\/\",\"name\":\"Not\u00edcias - Franciscanos\",\"description\":\"Prov\u00edncia Franciscana da Imaculada Concei\u00e7\u00e3o do Brasil - Ordem dos Frades Menores - OFM\",\"potentialAction\":[{\"@type\":\"SearchAction\",\"target\":{\"@type\":\"EntryPoint\",\"urlTemplate\":\"https:\/\/franciscanos.org.br\/noticias\/?s={search_term_string}\"},\"query-input\":\"required name=search_term_string\"}],\"inLanguage\":\"pt-BR\"},{\"@type\":\"ImageObject\",\"inLanguage\":\"pt-BR\",\"@id\":\"https:\/\/franciscanos.org.br\/noticias\/dom-gregorio-sao-francisco-e-papa-francisco-somos-seus-irmaos.html#primaryimage\",\"url\":\"https:\/\/franciscanos.org.br\/noticias\/wp-content\/uploads\/2020\/10\/petropolis_d.jpg\",\"contentUrl\":\"https:\/\/franciscanos.org.br\/noticias\/wp-content\/uploads\/2020\/10\/petropolis_d.jpg\",\"width\":800,\"height\":600},{\"@type\":\"WebPage\",\"@id\":\"https:\/\/franciscanos.org.br\/noticias\/dom-gregorio-sao-francisco-e-papa-francisco-somos-seus-irmaos.html#webpage\",\"url\":\"https:\/\/franciscanos.org.br\/noticias\/dom-gregorio-sao-francisco-e-papa-francisco-somos-seus-irmaos.html\",\"name\":\"Dom Greg\u00f3rio: \u201cS\u00e3o Francisco e Papa Francisco, somos seus irm\u00e3os!\u201d - Not\u00edcias - Franciscanos\",\"isPartOf\":{\"@id\":\"https:\/\/franciscanos.org.br\/noticias\/#website\"},\"primaryImageOfPage\":{\"@id\":\"https:\/\/franciscanos.org.br\/noticias\/dom-gregorio-sao-francisco-e-papa-francisco-somos-seus-irmaos.html#primaryimage\"},\"datePublished\":\"2020-10-04T19:04:38+00:00\",\"dateModified\":\"2020-11-02T18:47:00+00:00\",\"author\":{\"@id\":\"https:\/\/franciscanos.org.br\/noticias\/#\/schema\/person\/37f88f0d111cd5358b12a6556a99eb91\"},\"breadcrumb\":{\"@id\":\"https:\/\/franciscanos.org.br\/noticias\/dom-gregorio-sao-francisco-e-papa-francisco-somos-seus-irmaos.html#breadcrumb\"},\"inLanguage\":\"pt-BR\",\"potentialAction\":[{\"@type\":\"ReadAction\",\"target\":[\"https:\/\/franciscanos.org.br\/noticias\/dom-gregorio-sao-francisco-e-papa-francisco-somos-seus-irmaos.html\"]}]},{\"@type\":\"BreadcrumbList\",\"@id\":\"https:\/\/franciscanos.org.br\/noticias\/dom-gregorio-sao-francisco-e-papa-francisco-somos-seus-irmaos.html#breadcrumb\",\"itemListElement\":[{\"@type\":\"ListItem\",\"position\":1,\"name\":\"Home\",\"item\":\"https:\/\/franciscanos.org.br\/noticias\"},{\"@type\":\"ListItem\",\"position\":2,\"name\":\"Dom Greg\u00f3rio: \u201cS\u00e3o Francisco e Papa Francisco, somos seus irm\u00e3os!\u201d\"}]},{\"@type\":\"Person\",\"@id\":\"https:\/\/franciscanos.org.br\/noticias\/#\/schema\/person\/37f88f0d111cd5358b12a6556a99eb91\",\"name\":\"freiaugusto\",\"image\":{\"@type\":\"ImageObject\",\"inLanguage\":\"pt-BR\",\"@id\":\"https:\/\/franciscanos.org.br\/noticias\/#\/schema\/person\/image\/\",\"url\":\"https:\/\/secure.gravatar.com\/avatar\/9840b940e621801b24f3e6b059efb4b7?s=96&d=mm&r=g\",\"contentUrl\":\"https:\/\/secure.gravatar.com\/avatar\/9840b940e621801b24f3e6b059efb4b7?s=96&d=mm&r=g\",\"caption\":\"freiaugusto\"},\"url\":\"https:\/\/franciscanos.org.br\/noticias\/author\/freiaugusto\"}]}<\/script>\n<!-- \/ Yoast SEO plugin. -->","yoast_head_json":{"title":"Dom Greg\u00f3rio: \u201cS\u00e3o Francisco e Papa Francisco, somos seus irm\u00e3os!\u201d - Not\u00edcias - Franciscanos","robots":{"index":"index","follow":"follow","max-snippet":"max-snippet:-1","max-image-preview":"max-image-preview:large","max-video-preview":"max-video-preview:-1"},"canonical":"https:\/\/franciscanos.org.br\/noticias\/dom-gregorio-sao-francisco-e-papa-francisco-somos-seus-irmaos.html","og_locale":"pt_BR","og_type":"article","og_title":"Dom Greg\u00f3rio: \u201cS\u00e3o Francisco e Papa Francisco, somos seus irm\u00e3os!\u201d - Not\u00edcias - Franciscanos","og_description":"Par\u00f3quia e Convento Sagrado Cora\u00e7\u00e3o de Jesus de Petr\u00f3polis (RJ)","og_url":"https:\/\/franciscanos.org.br\/noticias\/dom-gregorio-sao-francisco-e-papa-francisco-somos-seus-irmaos.html","og_site_name":"Not\u00edcias - Franciscanos","article_published_time":"2020-10-04T19:04:38+00:00","article_modified_time":"2020-11-02T18:47:00+00:00","og_image":[{"width":800,"height":600,"url":"https:\/\/franciscanos.org.br\/noticias\/wp-content\/uploads\/2020\/10\/petropolis_d.jpg","type":"image\/jpeg"}],"author":"freiaugusto","twitter_card":"summary_large_image","twitter_misc":{"Escrito por":"freiaugusto","Est. tempo de leitura":"5 minutos"},"schema":{"@context":"https:\/\/schema.org","@graph":[{"@type":"WebSite","@id":"https:\/\/franciscanos.org.br\/noticias\/#website","url":"https:\/\/franciscanos.org.br\/noticias\/","name":"Not\u00edcias - Franciscanos","description":"Prov\u00edncia Franciscana da Imaculada Concei\u00e7\u00e3o do Brasil - Ordem dos Frades Menores - OFM","potentialAction":[{"@type":"SearchAction","target":{"@type":"EntryPoint","urlTemplate":"https:\/\/franciscanos.org.br\/noticias\/?s={search_term_string}"},"query-input":"required name=search_term_string"}],"inLanguage":"pt-BR"},{"@type":"ImageObject","inLanguage":"pt-BR","@id":"https:\/\/franciscanos.org.br\/noticias\/dom-gregorio-sao-francisco-e-papa-francisco-somos-seus-irmaos.html#primaryimage","url":"https:\/\/franciscanos.org.br\/noticias\/wp-content\/uploads\/2020\/10\/petropolis_d.jpg","contentUrl":"https:\/\/franciscanos.org.br\/noticias\/wp-content\/uploads\/2020\/10\/petropolis_d.jpg","width":800,"height":600},{"@type":"WebPage","@id":"https:\/\/franciscanos.org.br\/noticias\/dom-gregorio-sao-francisco-e-papa-francisco-somos-seus-irmaos.html#webpage","url":"https:\/\/franciscanos.org.br\/noticias\/dom-gregorio-sao-francisco-e-papa-francisco-somos-seus-irmaos.html","name":"Dom Greg\u00f3rio: \u201cS\u00e3o Francisco e Papa Francisco, somos seus irm\u00e3os!\u201d - Not\u00edcias - Franciscanos","isPartOf":{"@id":"https:\/\/franciscanos.org.br\/noticias\/#website"},"primaryImageOfPage":{"@id":"https:\/\/franciscanos.org.br\/noticias\/dom-gregorio-sao-francisco-e-papa-francisco-somos-seus-irmaos.html#primaryimage"},"datePublished":"2020-10-04T19:04:38+00:00","dateModified":"2020-11-02T18:47:00+00:00","author":{"@id":"https:\/\/franciscanos.org.br\/noticias\/#\/schema\/person\/37f88f0d111cd5358b12a6556a99eb91"},"breadcrumb":{"@id":"https:\/\/franciscanos.org.br\/noticias\/dom-gregorio-sao-francisco-e-papa-francisco-somos-seus-irmaos.html#breadcrumb"},"inLanguage":"pt-BR","potentialAction":[{"@type":"ReadAction","target":["https:\/\/franciscanos.org.br\/noticias\/dom-gregorio-sao-francisco-e-papa-francisco-somos-seus-irmaos.html"]}]},{"@type":"BreadcrumbList","@id":"https:\/\/franciscanos.org.br\/noticias\/dom-gregorio-sao-francisco-e-papa-francisco-somos-seus-irmaos.html#breadcrumb","itemListElement":[{"@type":"ListItem","position":1,"name":"Home","item":"https:\/\/franciscanos.org.br\/noticias"},{"@type":"ListItem","position":2,"name":"Dom Greg\u00f3rio: \u201cS\u00e3o Francisco e Papa Francisco, somos seus irm\u00e3os!\u201d"}]},{"@type":"Person","@id":"https:\/\/franciscanos.org.br\/noticias\/#\/schema\/person\/37f88f0d111cd5358b12a6556a99eb91","name":"freiaugusto","image":{"@type":"ImageObject","inLanguage":"pt-BR","@id":"https:\/\/franciscanos.org.br\/noticias\/#\/schema\/person\/image\/","url":"https:\/\/secure.gravatar.com\/avatar\/9840b940e621801b24f3e6b059efb4b7?s=96&d=mm&r=g","contentUrl":"https:\/\/secure.gravatar.com\/avatar\/9840b940e621801b24f3e6b059efb4b7?s=96&d=mm&r=g","caption":"freiaugusto"},"url":"https:\/\/franciscanos.org.br\/noticias\/author\/freiaugusto"}]}},"_links":{"self":[{"href":"https:\/\/franciscanos.org.br\/noticias\/wp-json\/wp\/v2\/posts\/228614"}],"collection":[{"href":"https:\/\/franciscanos.org.br\/noticias\/wp-json\/wp\/v2\/posts"}],"about":[{"href":"https:\/\/franciscanos.org.br\/noticias\/wp-json\/wp\/v2\/types\/post"}],"author":[{"embeddable":true,"href":"https:\/\/franciscanos.org.br\/noticias\/wp-json\/wp\/v2\/users\/5"}],"replies":[{"embeddable":true,"href":"https:\/\/franciscanos.org.br\/noticias\/wp-json\/wp\/v2\/comments?post=228614"}],"version-history":[{"count":3,"href":"https:\/\/franciscanos.org.br\/noticias\/wp-json\/wp\/v2\/posts\/228614\/revisions"}],"predecessor-version":[{"id":228638,"href":"https:\/\/franciscanos.org.br\/noticias\/wp-json\/wp\/v2\/posts\/228614\/revisions\/228638"}],"wp:featuredmedia":[{"embeddable":true,"href":"https:\/\/franciscanos.org.br\/noticias\/wp-json\/wp\/v2\/media\/228635"}],"wp:attachment":[{"href":"https:\/\/franciscanos.org.br\/noticias\/wp-json\/wp\/v2\/media?parent=228614"}],"wp:term":[{"taxonomy":"category","embeddable":true,"href":"https:\/\/franciscanos.org.br\/noticias\/wp-json\/wp\/v2\/categories?post=228614"},{"taxonomy":"post_tag","embeddable":true,"href":"https:\/\/franciscanos.org.br\/noticias\/wp-json\/wp\/v2\/tags?post=228614"}],"curies":[{"name":"wp","href":"https:\/\/api.w.org\/{rel}","templated":true}]}}