{"id":228576,"date":"2020-10-04T10:45:46","date_gmt":"2020-10-04T13:45:46","guid":{"rendered":"https:\/\/franciscanos.org.br\/noticias\/?p=228576"},"modified":"2023-01-09T10:48:49","modified_gmt":"2023-01-09T13:48:49","slug":"aos-96-anos-falece-frei-policarpo-berri-em-pato-branco","status":"publish","type":"post","link":"https:\/\/franciscanos.org.br\/noticias\/aos-96-anos-falece-frei-policarpo-berri-em-pato-branco.html","title":{"rendered":"Aos 96 anos, falece Frei Policarpo Berri em Pato Branco"},"content":{"rendered":"<p><img loading=\"lazy\" class=\"alignnone size-full wp-image-228577\" src=\"https:\/\/franciscanos.org.br\/noticias\/wp-content\/uploads\/2020\/10\/policarpo_0410.jpg\" alt=\"\" width=\"1280\" height=\"719\" srcset=\"https:\/\/franciscanos.org.br\/noticias\/wp-content\/uploads\/2020\/10\/policarpo_0410.jpg 1280w, https:\/\/franciscanos.org.br\/noticias\/wp-content\/uploads\/2020\/10\/policarpo_0410-450x253.jpg 450w, https:\/\/franciscanos.org.br\/noticias\/wp-content\/uploads\/2020\/10\/policarpo_0410-1024x575.jpg 1024w, https:\/\/franciscanos.org.br\/noticias\/wp-content\/uploads\/2020\/10\/policarpo_0410-768x431.jpg 768w, https:\/\/franciscanos.org.br\/noticias\/wp-content\/uploads\/2020\/10\/policarpo_0410-150x84.jpg 150w\" sizes=\"(max-width: 1280px) 100vw, 1280px\" \/><\/p>\n<h3>*13\/07\/1924 +04\/10\/2020<\/h3>\n<p>Na manh\u00e3 deste Domingo, dia da Solenidade de nosso Ser\u00e1fico Pai S\u00e3o Francisco, nossa Irm\u00e3 Morte visitou a Fraternidade Provincial. Frei Policarpo Berri acaba de falecer nesta manh\u00e3 em Pato Branco. Por volta das 8 horas, ao ser chamado para a celebra\u00e7\u00e3o deste dia festivo, os confrades j\u00e1 o encontraram sem vida.<\/p>\n<p>O guardi\u00e3o da fraternidade, Frei Neuri Reinisch informa que durante o dia de hoje e amanh\u00e3 haver\u00e1 v\u00e1rios hor\u00e1rios de missa. Hoje: 16h, 18h, 19h30 e \u00e0s 22h; e \u00e0s 07h e 10h da segunda-feira (05\/10). O Vel\u00f3rio acontecer\u00e1 na Igreja Matriz S\u00e3o Pedro Ap\u00f3stolo de Pato Branco, a partir das 15 horas deste domingo. Em fun\u00e7\u00e3o da restri\u00e7\u00e3o de p\u00fablico ser\u00e3o distribu\u00eddas senhas.<\/p>\n<table border=\"0\" width=\"450\" cellspacing=\"3\" cellpadding=\"3\" align=\"right\">\n<tbody>\n<tr>\n<td bgcolor=\"#CCCCCC\">\n<h4>Dados pessoais, forma\u00e7\u00e3o e atividades<\/h4>\n<p>&#8211; Nascimento: 13.07.1924 (96 anos de idade)<br \/>\n&#8211; Rodeio, SC.<br \/>\n&#8211; Vesti\u00e7\u00e3o: 20.12.191943 \u2013 Rodeio, SC<br \/>\n&#8211; Primeira Profiss\u00e3o: 21.12.1944 (75 anos de Vida Franciscana)<br \/>\n&#8211; Profiss\u00e3o Solene: 21.12.1947<br \/>\n&#8211; Ordena\u00e7\u00e3o: 25.07.1950 (70 anos de sacerd\u00f3cio)<br \/>\n&#8211; 1945-1951: Estudos de filosofia e teologia em Curitiba-PR e Petr\u00f3polis-RJ.<br \/>\n&#8211; 1952-1955\u2013 Niter\u00f3i-RJ \u2013 Bibliotec\u00e1rio<br \/>\n&#8211; 1956-2020 \u2013 Pato Branco-PR \u2013 Diversas fun\u00e7\u00f5es ao longo de 64 anos.<\/td>\n<\/tr>\n<\/tbody>\n<\/table>\n<p><strong>O frade menor<\/strong><\/p>\n<p>Frei Policarpo \u00e9 natural de Rodeio, Santa Catarina. Nasceu no dia 13 de julho de 1924. Iniciou seus estudos no Semin\u00e1rio de Rio Negro, no Paran\u00e1, aos 11 anos. In\u00e1cio, seu nome de batismo, tornou-se novi\u00e7o aos 19 anos, em sua cidade natal, ingressando na Ordem dos Frades Menores no dia 20 de dezembro de 1943. Em seguida, estudou Filosofia em Curitiba (PR) e Teologia em Petr\u00f3polis (RJ). Fez a Profiss\u00e3o Solene no dia 21 de dezembro de 1947 e foi ordenado sacerdote no dia 25 de julho de 1950, passando a ser chamado de Frei Policarpo.<\/p>\n<p>O frade \u00e9 um dos 11 filhos de Mel\u00e2nia e F\u00e9lix Berri. Depois de uma breve passagem pela cidade de Niter\u00f3i, no Rio de Janeiro, com 32 anos de idade, em 1956, mudou-se para Pato Branco, onde permanecia servindo ao povo.<\/p>\n<p>Frei Policarpo teve em Pato Branco e na regi\u00e3o a plenitude de seu minist\u00e9rio. Foram mais de 64 anos de servi\u00e7o ao povo do Sudoeste do Paran\u00e1. Recentemente, no dia 28 de julho deste ano, frei Policarpo celebrou com solenidade o seu jubileu de 70 anos de sacerd\u00f3cio. Na ocasi\u00e3o o Ministro Provincial, Frei C\u00e9sar K\u00fclkamp, lembrou com carinho de sua vida de consagra\u00e7\u00e3o. \u201cAcima de tudo, queremos agradecer a Frei Policarpo por esse testemunho de vida e queremos pedir a seus confrades, ao povo de Deus, de Pato Branco e da pr\u00f3pria regi\u00e3o, que j\u00e1 p\u00f4de contar com sua entrega, com seu servi\u00e7o, que Deus o aben\u00e7oe sempre mais. Tanto a Prov\u00edncia, como a Fraternidade de Pato Branco, como a Par\u00f3quia de S\u00e3o Pedro, como todo o servi\u00e7o de comunica\u00e7\u00e3o, t\u00e3o expressivo nesta cidade, mas tamb\u00e9m como povo e sociedade de Pato Branco e regi\u00e3o. Frei Policarpo n\u00e3o \u00e9 um homem de arroubos entusiasmados. A gente o conhece justamente por este modo reservado, discreto, e assim viveu a sua vida e o seu servi\u00e7o e assim continua a sua entrega. Justamente desse modo \u00e9 um servi\u00e7o duradouro; n\u00e3o \u00e9 um entusiasmo passageiro. Como homem de ora\u00e7\u00e3o, de contempla\u00e7\u00e3o, transmite para a pessoa com quem convive, a quem ele serve, um pouco dessa face de Deus\u201d.<\/p>\n<p>Para Frei Alex, P\u00e1roco, trabalhar com o Frei Policarpo \u00e9 motivo de alegria e desafios di\u00e1rios, pois segundo ele, conviver com uma pessoa que vive santamente \u00e9 uma responsabilidade. \u201cEle desperta em n\u00f3s o desejo de ter uma grande dedica\u00e7\u00e3o \u00e0 comunidade e ao povo de Deus. Conviver com ele \u00e9 muito gratificante, pois \u00e9 um homem extremamente fraterno. Uma pessoa de bem com a vida. Isso nos provoca a fazer nosso caminho de tal maneira para que quando chegarmos numa idade avan\u00e7ada poder olhar para aquilo que se passou e ter tamb\u00e9m essa sensa\u00e7\u00e3o que S\u00e3o Paulo diz: combati o bom combate, cumpri a minha tarefa\u201d.<\/p>\n<p>Frei Policarpo foi um dos idealizadores da Rede Celinauta de Comunica\u00e7\u00e3o, e batalhou pela aquisi\u00e7\u00e3o da r\u00e1dio FM e pela concess\u00e3o do canal de televis\u00e3o da rede. Com sua participa\u00e7\u00e3o, hoje a rede Celinauta \u00e9 o maior grupo de comunica\u00e7\u00e3o sob a coordena\u00e7\u00e3o da Prov\u00edncia Franciscana da Imaculada Concei\u00e7\u00e3o no pa\u00eds, e \u00e9 composta pelas r\u00e1dios Celinauta AM e Movimento FM e pela TV Sudoeste.<\/p>\n<p>O provincial Frei Cesar, lembra de uma caracter\u00edstica bem peculiar do Frei Policarpo: a sua b\u00ean\u00e7\u00e3o, buscada por tanta gente. \u201cEle faz com muita fidelidade e aten\u00e7\u00e3o, mas de uma forma bastante r\u00e1pida, porque a b\u00ean\u00e7\u00e3o \u00e9 sempre dada pelo Senhor. E Frei Policarpo nos ensinou isso. N\u00e3o \u00e9 b\u00ean\u00e7\u00e3o do padre, n\u00e3o \u00e9 a b\u00ean\u00e7\u00e3o do Frei Policarpo, mas \u00e9 a b\u00ean\u00e7\u00e3o de Deus a quem ele serve, a quem ele ministra.<\/p>\n<p>Frei Policarpo partiu para casa de Deus no dia de Nosso Pai Ser\u00e1fico S\u00e3o Francisco de Assis. Sua vida foi um sinal vivo do amor de Deus por n\u00f3s. Os muitos frutos continuar\u00e3o sendo colhidos por todos aqueles que encontraram nas m\u00e3os de Frei Policarpo a presen\u00e7a misericordiosa das m\u00e3os de Deus.<\/p>\n<p>Incluamos este nosso estimado confrade em nossas preces nesta Solenidade de S\u00e3o Francisco. Que o Senhor o acolha em seu Reino definitivo de amor e paz.<\/p>\n<p>R.I.P.<\/p>\n<p>Frei Je\u00e2 Paulo Andrade<\/p>\n","protected":false},"excerpt":{"rendered":"<p>Prov\u00edncia de luto<\/p>\n","protected":false},"author":3,"featured_media":227284,"comment_status":"open","ping_status":"open","sticky":false,"template":"","format":"standard","meta":[],"categories":[1],"tags":[1160,1139,1751],"acf":[],"yoast_head":"<!-- This site is optimized with the Yoast SEO plugin v19.2 - https:\/\/yoast.com\/wordpress\/plugins\/seo\/ -->\n<title>Aos 96 anos, falece Frei Policarpo Berri em Pato Branco - Not\u00edcias - Franciscanos<\/title>\n<meta name=\"robots\" content=\"index, follow, max-snippet:-1, max-image-preview:large, max-video-preview:-1\" \/>\n<link rel=\"canonical\" href=\"https:\/\/franciscanos.org.br\/noticias\/aos-96-anos-falece-frei-policarpo-berri-em-pato-branco.html\" \/>\n<meta property=\"og:locale\" content=\"pt_BR\" \/>\n<meta property=\"og:type\" content=\"article\" \/>\n<meta property=\"og:title\" content=\"Aos 96 anos, falece Frei Policarpo Berri em Pato Branco - Not\u00edcias - Franciscanos\" \/>\n<meta property=\"og:description\" content=\"Prov\u00edncia de luto\" \/>\n<meta property=\"og:url\" content=\"https:\/\/franciscanos.org.br\/noticias\/aos-96-anos-falece-frei-policarpo-berri-em-pato-branco.html\" \/>\n<meta property=\"og:site_name\" content=\"Not\u00edcias - Franciscanos\" \/>\n<meta property=\"article:published_time\" content=\"2020-10-04T13:45:46+00:00\" \/>\n<meta property=\"article:modified_time\" content=\"2023-01-09T13:48:49+00:00\" \/>\n<meta property=\"og:image\" content=\"https:\/\/franciscanos.org.br\/noticias\/wp-content\/uploads\/2020\/07\/policarpo_d.jpg\" \/>\n\t<meta property=\"og:image:width\" content=\"800\" \/>\n\t<meta property=\"og:image:height\" content=\"600\" \/>\n\t<meta property=\"og:image:type\" content=\"image\/jpeg\" \/>\n<meta name=\"author\" content=\"moacir\" \/>\n<meta name=\"twitter:card\" content=\"summary_large_image\" \/>\n<meta name=\"twitter:label1\" content=\"Escrito por\" \/>\n\t<meta name=\"twitter:data1\" content=\"moacir\" \/>\n\t<meta name=\"twitter:label2\" content=\"Est. tempo de leitura\" \/>\n\t<meta name=\"twitter:data2\" content=\"5 minutos\" \/>\n<script type=\"application\/ld+json\" class=\"yoast-schema-graph\">{\"@context\":\"https:\/\/schema.org\",\"@graph\":[{\"@type\":\"WebSite\",\"@id\":\"https:\/\/franciscanos.org.br\/noticias\/#website\",\"url\":\"https:\/\/franciscanos.org.br\/noticias\/\",\"name\":\"Not\u00edcias - Franciscanos\",\"description\":\"Prov\u00edncia Franciscana da Imaculada Concei\u00e7\u00e3o do Brasil - Ordem dos Frades Menores - OFM\",\"potentialAction\":[{\"@type\":\"SearchAction\",\"target\":{\"@type\":\"EntryPoint\",\"urlTemplate\":\"https:\/\/franciscanos.org.br\/noticias\/?s={search_term_string}\"},\"query-input\":\"required name=search_term_string\"}],\"inLanguage\":\"pt-BR\"},{\"@type\":\"ImageObject\",\"inLanguage\":\"pt-BR\",\"@id\":\"https:\/\/franciscanos.org.br\/noticias\/aos-96-anos-falece-frei-policarpo-berri-em-pato-branco.html#primaryimage\",\"url\":\"https:\/\/franciscanos.org.br\/noticias\/wp-content\/uploads\/2020\/07\/policarpo_d.jpg\",\"contentUrl\":\"https:\/\/franciscanos.org.br\/noticias\/wp-content\/uploads\/2020\/07\/policarpo_d.jpg\",\"width\":800,\"height\":600},{\"@type\":\"WebPage\",\"@id\":\"https:\/\/franciscanos.org.br\/noticias\/aos-96-anos-falece-frei-policarpo-berri-em-pato-branco.html#webpage\",\"url\":\"https:\/\/franciscanos.org.br\/noticias\/aos-96-anos-falece-frei-policarpo-berri-em-pato-branco.html\",\"name\":\"Aos 96 anos, falece Frei Policarpo Berri em Pato Branco - Not\u00edcias - Franciscanos\",\"isPartOf\":{\"@id\":\"https:\/\/franciscanos.org.br\/noticias\/#website\"},\"primaryImageOfPage\":{\"@id\":\"https:\/\/franciscanos.org.br\/noticias\/aos-96-anos-falece-frei-policarpo-berri-em-pato-branco.html#primaryimage\"},\"datePublished\":\"2020-10-04T13:45:46+00:00\",\"dateModified\":\"2023-01-09T13:48:49+00:00\",\"author\":{\"@id\":\"https:\/\/franciscanos.org.br\/noticias\/#\/schema\/person\/b5c8cba458c330ccff548b056e95a5d4\"},\"breadcrumb\":{\"@id\":\"https:\/\/franciscanos.org.br\/noticias\/aos-96-anos-falece-frei-policarpo-berri-em-pato-branco.html#breadcrumb\"},\"inLanguage\":\"pt-BR\",\"potentialAction\":[{\"@type\":\"ReadAction\",\"target\":[\"https:\/\/franciscanos.org.br\/noticias\/aos-96-anos-falece-frei-policarpo-berri-em-pato-branco.html\"]}]},{\"@type\":\"BreadcrumbList\",\"@id\":\"https:\/\/franciscanos.org.br\/noticias\/aos-96-anos-falece-frei-policarpo-berri-em-pato-branco.html#breadcrumb\",\"itemListElement\":[{\"@type\":\"ListItem\",\"position\":1,\"name\":\"Home\",\"item\":\"https:\/\/franciscanos.org.br\/noticias\"},{\"@type\":\"ListItem\",\"position\":2,\"name\":\"Aos 96 anos, falece Frei Policarpo Berri em Pato Branco\"}]},{\"@type\":\"Person\",\"@id\":\"https:\/\/franciscanos.org.br\/noticias\/#\/schema\/person\/b5c8cba458c330ccff548b056e95a5d4\",\"name\":\"moacir\",\"image\":{\"@type\":\"ImageObject\",\"inLanguage\":\"pt-BR\",\"@id\":\"https:\/\/franciscanos.org.br\/noticias\/#\/schema\/person\/image\/\",\"url\":\"https:\/\/secure.gravatar.com\/avatar\/d08aa2ce4c8dd416d4479aa8536fcf64?s=96&d=mm&r=g\",\"contentUrl\":\"https:\/\/secure.gravatar.com\/avatar\/d08aa2ce4c8dd416d4479aa8536fcf64?s=96&d=mm&r=g\",\"caption\":\"moacir\"},\"url\":\"https:\/\/franciscanos.org.br\/noticias\/author\/moacir\"}]}<\/script>\n<!-- \/ Yoast SEO plugin. -->","yoast_head_json":{"title":"Aos 96 anos, falece Frei Policarpo Berri em Pato Branco - Not\u00edcias - Franciscanos","robots":{"index":"index","follow":"follow","max-snippet":"max-snippet:-1","max-image-preview":"max-image-preview:large","max-video-preview":"max-video-preview:-1"},"canonical":"https:\/\/franciscanos.org.br\/noticias\/aos-96-anos-falece-frei-policarpo-berri-em-pato-branco.html","og_locale":"pt_BR","og_type":"article","og_title":"Aos 96 anos, falece Frei Policarpo Berri em Pato Branco - Not\u00edcias - Franciscanos","og_description":"Prov\u00edncia de luto","og_url":"https:\/\/franciscanos.org.br\/noticias\/aos-96-anos-falece-frei-policarpo-berri-em-pato-branco.html","og_site_name":"Not\u00edcias - Franciscanos","article_published_time":"2020-10-04T13:45:46+00:00","article_modified_time":"2023-01-09T13:48:49+00:00","og_image":[{"width":800,"height":600,"url":"https:\/\/franciscanos.org.br\/noticias\/wp-content\/uploads\/2020\/07\/policarpo_d.jpg","type":"image\/jpeg"}],"author":"moacir","twitter_card":"summary_large_image","twitter_misc":{"Escrito por":"moacir","Est. tempo de leitura":"5 minutos"},"schema":{"@context":"https:\/\/schema.org","@graph":[{"@type":"WebSite","@id":"https:\/\/franciscanos.org.br\/noticias\/#website","url":"https:\/\/franciscanos.org.br\/noticias\/","name":"Not\u00edcias - Franciscanos","description":"Prov\u00edncia Franciscana da Imaculada Concei\u00e7\u00e3o do Brasil - Ordem dos Frades Menores - OFM","potentialAction":[{"@type":"SearchAction","target":{"@type":"EntryPoint","urlTemplate":"https:\/\/franciscanos.org.br\/noticias\/?s={search_term_string}"},"query-input":"required name=search_term_string"}],"inLanguage":"pt-BR"},{"@type":"ImageObject","inLanguage":"pt-BR","@id":"https:\/\/franciscanos.org.br\/noticias\/aos-96-anos-falece-frei-policarpo-berri-em-pato-branco.html#primaryimage","url":"https:\/\/franciscanos.org.br\/noticias\/wp-content\/uploads\/2020\/07\/policarpo_d.jpg","contentUrl":"https:\/\/franciscanos.org.br\/noticias\/wp-content\/uploads\/2020\/07\/policarpo_d.jpg","width":800,"height":600},{"@type":"WebPage","@id":"https:\/\/franciscanos.org.br\/noticias\/aos-96-anos-falece-frei-policarpo-berri-em-pato-branco.html#webpage","url":"https:\/\/franciscanos.org.br\/noticias\/aos-96-anos-falece-frei-policarpo-berri-em-pato-branco.html","name":"Aos 96 anos, falece Frei Policarpo Berri em Pato Branco - Not\u00edcias - Franciscanos","isPartOf":{"@id":"https:\/\/franciscanos.org.br\/noticias\/#website"},"primaryImageOfPage":{"@id":"https:\/\/franciscanos.org.br\/noticias\/aos-96-anos-falece-frei-policarpo-berri-em-pato-branco.html#primaryimage"},"datePublished":"2020-10-04T13:45:46+00:00","dateModified":"2023-01-09T13:48:49+00:00","author":{"@id":"https:\/\/franciscanos.org.br\/noticias\/#\/schema\/person\/b5c8cba458c330ccff548b056e95a5d4"},"breadcrumb":{"@id":"https:\/\/franciscanos.org.br\/noticias\/aos-96-anos-falece-frei-policarpo-berri-em-pato-branco.html#breadcrumb"},"inLanguage":"pt-BR","potentialAction":[{"@type":"ReadAction","target":["https:\/\/franciscanos.org.br\/noticias\/aos-96-anos-falece-frei-policarpo-berri-em-pato-branco.html"]}]},{"@type":"BreadcrumbList","@id":"https:\/\/franciscanos.org.br\/noticias\/aos-96-anos-falece-frei-policarpo-berri-em-pato-branco.html#breadcrumb","itemListElement":[{"@type":"ListItem","position":1,"name":"Home","item":"https:\/\/franciscanos.org.br\/noticias"},{"@type":"ListItem","position":2,"name":"Aos 96 anos, falece Frei Policarpo Berri em Pato Branco"}]},{"@type":"Person","@id":"https:\/\/franciscanos.org.br\/noticias\/#\/schema\/person\/b5c8cba458c330ccff548b056e95a5d4","name":"moacir","image":{"@type":"ImageObject","inLanguage":"pt-BR","@id":"https:\/\/franciscanos.org.br\/noticias\/#\/schema\/person\/image\/","url":"https:\/\/secure.gravatar.com\/avatar\/d08aa2ce4c8dd416d4479aa8536fcf64?s=96&d=mm&r=g","contentUrl":"https:\/\/secure.gravatar.com\/avatar\/d08aa2ce4c8dd416d4479aa8536fcf64?s=96&d=mm&r=g","caption":"moacir"},"url":"https:\/\/franciscanos.org.br\/noticias\/author\/moacir"}]}},"_links":{"self":[{"href":"https:\/\/franciscanos.org.br\/noticias\/wp-json\/wp\/v2\/posts\/228576"}],"collection":[{"href":"https:\/\/franciscanos.org.br\/noticias\/wp-json\/wp\/v2\/posts"}],"about":[{"href":"https:\/\/franciscanos.org.br\/noticias\/wp-json\/wp\/v2\/types\/post"}],"author":[{"embeddable":true,"href":"https:\/\/franciscanos.org.br\/noticias\/wp-json\/wp\/v2\/users\/3"}],"replies":[{"embeddable":true,"href":"https:\/\/franciscanos.org.br\/noticias\/wp-json\/wp\/v2\/comments?post=228576"}],"version-history":[{"count":2,"href":"https:\/\/franciscanos.org.br\/noticias\/wp-json\/wp\/v2\/posts\/228576\/revisions"}],"predecessor-version":[{"id":229901,"href":"https:\/\/franciscanos.org.br\/noticias\/wp-json\/wp\/v2\/posts\/228576\/revisions\/229901"}],"wp:featuredmedia":[{"embeddable":true,"href":"https:\/\/franciscanos.org.br\/noticias\/wp-json\/wp\/v2\/media\/227284"}],"wp:attachment":[{"href":"https:\/\/franciscanos.org.br\/noticias\/wp-json\/wp\/v2\/media?parent=228576"}],"wp:term":[{"taxonomy":"category","embeddable":true,"href":"https:\/\/franciscanos.org.br\/noticias\/wp-json\/wp\/v2\/categories?post=228576"},{"taxonomy":"post_tag","embeddable":true,"href":"https:\/\/franciscanos.org.br\/noticias\/wp-json\/wp\/v2\/tags?post=228576"}],"curies":[{"name":"wp","href":"https:\/\/api.w.org\/{rel}","templated":true}]}}