{"id":228562,"date":"2020-10-03T18:55:27","date_gmt":"2020-10-03T21:55:27","guid":{"rendered":"https:\/\/franciscanos.org.br\/noticias\/?p=228562"},"modified":"2020-10-03T18:55:27","modified_gmt":"2020-10-03T21:55:27","slug":"fratelli-tutti-mensagem-do-ministro-geral","status":"publish","type":"post","link":"https:\/\/franciscanos.org.br\/noticias\/fratelli-tutti-mensagem-do-ministro-geral.html","title":{"rendered":"&#8220;Fratelli Tutti&#8221;: Mensagem do Ministro Geral"},"content":{"rendered":"<div id=\"attachment_228563\" style=\"width: 1290px\" class=\"wp-caption alignnone\"><img aria-describedby=\"caption-attachment-228563\" loading=\"lazy\" class=\"wp-image-228563 size-full\" src=\"https:\/\/franciscanos.org.br\/noticias\/wp-content\/uploads\/2020\/10\/geral0310.jpg\" alt=\"\" width=\"1280\" height=\"720\" srcset=\"https:\/\/franciscanos.org.br\/noticias\/wp-content\/uploads\/2020\/10\/geral0310.jpg 1280w, https:\/\/franciscanos.org.br\/noticias\/wp-content\/uploads\/2020\/10\/geral0310-450x253.jpg 450w, https:\/\/franciscanos.org.br\/noticias\/wp-content\/uploads\/2020\/10\/geral0310-1024x576.jpg 1024w, https:\/\/franciscanos.org.br\/noticias\/wp-content\/uploads\/2020\/10\/geral0310-768x432.jpg 768w, https:\/\/franciscanos.org.br\/noticias\/wp-content\/uploads\/2020\/10\/geral0310-150x84.jpg 150w\" sizes=\"(max-width: 1280px) 100vw, 1280px\" \/><p id=\"caption-attachment-228563\" class=\"wp-caption-text\"><em>Ministro Geral, Frei Michael Perry (ao centro), na Missa deste dia 3 presidida pelo Papa Francisco em Assis<\/em><\/p><\/div>\n<p>Queridos irm\u00e3os,<\/p>\n<p>O Senhor lhes d\u00ea sua paz!<\/p>\n<p>\u00c9 com grande alegria que venho a cada um de voc\u00eas para desejar do fundo do cora\u00e7\u00e3o uma feliz festa de S\u00e3o Francisco 2020. Embora vivamos uma situa\u00e7\u00e3o de emerg\u00eancia sanit\u00e1ria mundial, nada poder\u00e1 nos separar do amor de Cristo (Rm 8, 35) e nada poder\u00e1 nos tirar a esperan\u00e7a e a alegria que o Evangelho e a pessoa de Cristo trazem consigo.<\/p>\n<p>N\u00f3s, Frades Menores, nos alegramos de maneira particular pelo belo presente que o Papa Francisco acaba de dar \u00e0 Igreja e a todos os homens e mulheres de boa vontade que quiserem acolher a mensagem de sua nova carta enc\u00edclica &#8220;Fratelli tutti&#8221;, sobre Fraternidade e a Amizade Social, mais uma vez inspirada nas palavras do Pobrezinho de Assis, e em perfeita continuidade com a mensagem central de <em>Laudato Si&#8217;,<\/em> na qual nos ensinou a import\u00e2ncia de nos sentirmos seres humanos interligados e em comunh\u00e3o com toda a cria\u00e7\u00e3o, assumindo uma vis\u00e3o de ecologia integral. Esta carta enc\u00edclica, como podemos intuir pelo t\u00edtulo, ser\u00e1 uma mensagem prof\u00e9tica e um convite urgente a recordar que \u201cDeus criou todos os seres humanos iguais em direitos, deveres e dignidade e os chamou a viver juntos como irm\u00e3os entre eles\u201d(FT 5)<\/p>\n<p>Acolhamos com grande abertura e decis\u00e3o este poderoso convite para fazer parte do Sonho de Deus. Como diz o pr\u00f3prio pont\u00edfice, sonhemos com uma s\u00f3 humanidade, como caminhantes da mesma carne humana, como filhos desta mesma terra &#8230; cada um com a riqueza da sua f\u00e9 &#8230; cada um com a sua pr\u00f3pria voz, todos irm\u00e3os (FT 8).<\/p>\n<p><strong>Frei Michael A. Perry, OFM<\/strong><br \/>\n<em>Ministro Geral<\/em><\/p>\n","protected":false},"excerpt":{"rendered":"<p>Mensagem do Ministro Geral OFM<\/p>\n","protected":false},"author":3,"featured_media":228564,"comment_status":"open","ping_status":"open","sticky":false,"template":"","format":"standard","meta":[],"categories":[1],"tags":[184],"acf":[],"yoast_head":"<!-- This site is optimized with the Yoast SEO plugin v19.2 - https:\/\/yoast.com\/wordpress\/plugins\/seo\/ -->\n<title>&quot;Fratelli Tutti&quot;: Mensagem do Ministro Geral - Not\u00edcias - Franciscanos<\/title>\n<meta name=\"robots\" content=\"index, follow, max-snippet:-1, max-image-preview:large, max-video-preview:-1\" \/>\n<link rel=\"canonical\" href=\"https:\/\/franciscanos.org.br\/noticias\/fratelli-tutti-mensagem-do-ministro-geral.html\" \/>\n<meta property=\"og:locale\" content=\"pt_BR\" \/>\n<meta property=\"og:type\" content=\"article\" \/>\n<meta property=\"og:title\" content=\"&quot;Fratelli Tutti&quot;: Mensagem do Ministro Geral - Not\u00edcias - Franciscanos\" \/>\n<meta property=\"og:description\" content=\"Mensagem do Ministro Geral OFM\" \/>\n<meta property=\"og:url\" content=\"https:\/\/franciscanos.org.br\/noticias\/fratelli-tutti-mensagem-do-ministro-geral.html\" \/>\n<meta property=\"og:site_name\" content=\"Not\u00edcias - Franciscanos\" \/>\n<meta property=\"article:published_time\" content=\"2020-10-03T21:55:27+00:00\" \/>\n<meta property=\"og:image\" content=\"https:\/\/franciscanos.org.br\/noticias\/wp-content\/uploads\/2020\/10\/geral0310d.jpg\" \/>\n\t<meta property=\"og:image:width\" content=\"800\" \/>\n\t<meta property=\"og:image:height\" content=\"600\" \/>\n\t<meta property=\"og:image:type\" content=\"image\/jpeg\" \/>\n<meta name=\"author\" content=\"moacir\" \/>\n<meta name=\"twitter:card\" content=\"summary_large_image\" \/>\n<meta name=\"twitter:label1\" content=\"Escrito por\" \/>\n\t<meta name=\"twitter:data1\" content=\"moacir\" \/>\n\t<meta name=\"twitter:label2\" content=\"Est. tempo de leitura\" \/>\n\t<meta name=\"twitter:data2\" content=\"2 minutos\" \/>\n<script type=\"application\/ld+json\" class=\"yoast-schema-graph\">{\"@context\":\"https:\/\/schema.org\",\"@graph\":[{\"@type\":\"WebSite\",\"@id\":\"https:\/\/franciscanos.org.br\/noticias\/#website\",\"url\":\"https:\/\/franciscanos.org.br\/noticias\/\",\"name\":\"Not\u00edcias - Franciscanos\",\"description\":\"Prov\u00edncia Franciscana da Imaculada Concei\u00e7\u00e3o do Brasil - Ordem dos Frades Menores - OFM\",\"potentialAction\":[{\"@type\":\"SearchAction\",\"target\":{\"@type\":\"EntryPoint\",\"urlTemplate\":\"https:\/\/franciscanos.org.br\/noticias\/?s={search_term_string}\"},\"query-input\":\"required name=search_term_string\"}],\"inLanguage\":\"pt-BR\"},{\"@type\":\"ImageObject\",\"inLanguage\":\"pt-BR\",\"@id\":\"https:\/\/franciscanos.org.br\/noticias\/fratelli-tutti-mensagem-do-ministro-geral.html#primaryimage\",\"url\":\"https:\/\/franciscanos.org.br\/noticias\/wp-content\/uploads\/2020\/10\/geral0310d.jpg\",\"contentUrl\":\"https:\/\/franciscanos.org.br\/noticias\/wp-content\/uploads\/2020\/10\/geral0310d.jpg\",\"width\":800,\"height\":600},{\"@type\":\"WebPage\",\"@id\":\"https:\/\/franciscanos.org.br\/noticias\/fratelli-tutti-mensagem-do-ministro-geral.html#webpage\",\"url\":\"https:\/\/franciscanos.org.br\/noticias\/fratelli-tutti-mensagem-do-ministro-geral.html\",\"name\":\"\\\"Fratelli Tutti\\\": Mensagem do Ministro Geral - Not\u00edcias - Franciscanos\",\"isPartOf\":{\"@id\":\"https:\/\/franciscanos.org.br\/noticias\/#website\"},\"primaryImageOfPage\":{\"@id\":\"https:\/\/franciscanos.org.br\/noticias\/fratelli-tutti-mensagem-do-ministro-geral.html#primaryimage\"},\"datePublished\":\"2020-10-03T21:55:27+00:00\",\"dateModified\":\"2020-10-03T21:55:27+00:00\",\"author\":{\"@id\":\"https:\/\/franciscanos.org.br\/noticias\/#\/schema\/person\/b5c8cba458c330ccff548b056e95a5d4\"},\"breadcrumb\":{\"@id\":\"https:\/\/franciscanos.org.br\/noticias\/fratelli-tutti-mensagem-do-ministro-geral.html#breadcrumb\"},\"inLanguage\":\"pt-BR\",\"potentialAction\":[{\"@type\":\"ReadAction\",\"target\":[\"https:\/\/franciscanos.org.br\/noticias\/fratelli-tutti-mensagem-do-ministro-geral.html\"]}]},{\"@type\":\"BreadcrumbList\",\"@id\":\"https:\/\/franciscanos.org.br\/noticias\/fratelli-tutti-mensagem-do-ministro-geral.html#breadcrumb\",\"itemListElement\":[{\"@type\":\"ListItem\",\"position\":1,\"name\":\"Home\",\"item\":\"https:\/\/franciscanos.org.br\/noticias\"},{\"@type\":\"ListItem\",\"position\":2,\"name\":\"&#8220;Fratelli Tutti&#8221;: Mensagem do Ministro Geral\"}]},{\"@type\":\"Person\",\"@id\":\"https:\/\/franciscanos.org.br\/noticias\/#\/schema\/person\/b5c8cba458c330ccff548b056e95a5d4\",\"name\":\"moacir\",\"image\":{\"@type\":\"ImageObject\",\"inLanguage\":\"pt-BR\",\"@id\":\"https:\/\/franciscanos.org.br\/noticias\/#\/schema\/person\/image\/\",\"url\":\"https:\/\/secure.gravatar.com\/avatar\/d08aa2ce4c8dd416d4479aa8536fcf64?s=96&d=mm&r=g\",\"contentUrl\":\"https:\/\/secure.gravatar.com\/avatar\/d08aa2ce4c8dd416d4479aa8536fcf64?s=96&d=mm&r=g\",\"caption\":\"moacir\"},\"url\":\"https:\/\/franciscanos.org.br\/noticias\/author\/moacir\"}]}<\/script>\n<!-- \/ Yoast SEO plugin. -->","yoast_head_json":{"title":"\"Fratelli Tutti\": Mensagem do Ministro Geral - Not\u00edcias - Franciscanos","robots":{"index":"index","follow":"follow","max-snippet":"max-snippet:-1","max-image-preview":"max-image-preview:large","max-video-preview":"max-video-preview:-1"},"canonical":"https:\/\/franciscanos.org.br\/noticias\/fratelli-tutti-mensagem-do-ministro-geral.html","og_locale":"pt_BR","og_type":"article","og_title":"\"Fratelli Tutti\": Mensagem do Ministro Geral - Not\u00edcias - Franciscanos","og_description":"Mensagem do Ministro Geral OFM","og_url":"https:\/\/franciscanos.org.br\/noticias\/fratelli-tutti-mensagem-do-ministro-geral.html","og_site_name":"Not\u00edcias - Franciscanos","article_published_time":"2020-10-03T21:55:27+00:00","og_image":[{"width":800,"height":600,"url":"https:\/\/franciscanos.org.br\/noticias\/wp-content\/uploads\/2020\/10\/geral0310d.jpg","type":"image\/jpeg"}],"author":"moacir","twitter_card":"summary_large_image","twitter_misc":{"Escrito por":"moacir","Est. tempo de leitura":"2 minutos"},"schema":{"@context":"https:\/\/schema.org","@graph":[{"@type":"WebSite","@id":"https:\/\/franciscanos.org.br\/noticias\/#website","url":"https:\/\/franciscanos.org.br\/noticias\/","name":"Not\u00edcias - Franciscanos","description":"Prov\u00edncia Franciscana da Imaculada Concei\u00e7\u00e3o do Brasil - Ordem dos Frades Menores - OFM","potentialAction":[{"@type":"SearchAction","target":{"@type":"EntryPoint","urlTemplate":"https:\/\/franciscanos.org.br\/noticias\/?s={search_term_string}"},"query-input":"required name=search_term_string"}],"inLanguage":"pt-BR"},{"@type":"ImageObject","inLanguage":"pt-BR","@id":"https:\/\/franciscanos.org.br\/noticias\/fratelli-tutti-mensagem-do-ministro-geral.html#primaryimage","url":"https:\/\/franciscanos.org.br\/noticias\/wp-content\/uploads\/2020\/10\/geral0310d.jpg","contentUrl":"https:\/\/franciscanos.org.br\/noticias\/wp-content\/uploads\/2020\/10\/geral0310d.jpg","width":800,"height":600},{"@type":"WebPage","@id":"https:\/\/franciscanos.org.br\/noticias\/fratelli-tutti-mensagem-do-ministro-geral.html#webpage","url":"https:\/\/franciscanos.org.br\/noticias\/fratelli-tutti-mensagem-do-ministro-geral.html","name":"\"Fratelli Tutti\": Mensagem do Ministro Geral - Not\u00edcias - Franciscanos","isPartOf":{"@id":"https:\/\/franciscanos.org.br\/noticias\/#website"},"primaryImageOfPage":{"@id":"https:\/\/franciscanos.org.br\/noticias\/fratelli-tutti-mensagem-do-ministro-geral.html#primaryimage"},"datePublished":"2020-10-03T21:55:27+00:00","dateModified":"2020-10-03T21:55:27+00:00","author":{"@id":"https:\/\/franciscanos.org.br\/noticias\/#\/schema\/person\/b5c8cba458c330ccff548b056e95a5d4"},"breadcrumb":{"@id":"https:\/\/franciscanos.org.br\/noticias\/fratelli-tutti-mensagem-do-ministro-geral.html#breadcrumb"},"inLanguage":"pt-BR","potentialAction":[{"@type":"ReadAction","target":["https:\/\/franciscanos.org.br\/noticias\/fratelli-tutti-mensagem-do-ministro-geral.html"]}]},{"@type":"BreadcrumbList","@id":"https:\/\/franciscanos.org.br\/noticias\/fratelli-tutti-mensagem-do-ministro-geral.html#breadcrumb","itemListElement":[{"@type":"ListItem","position":1,"name":"Home","item":"https:\/\/franciscanos.org.br\/noticias"},{"@type":"ListItem","position":2,"name":"&#8220;Fratelli Tutti&#8221;: Mensagem do Ministro Geral"}]},{"@type":"Person","@id":"https:\/\/franciscanos.org.br\/noticias\/#\/schema\/person\/b5c8cba458c330ccff548b056e95a5d4","name":"moacir","image":{"@type":"ImageObject","inLanguage":"pt-BR","@id":"https:\/\/franciscanos.org.br\/noticias\/#\/schema\/person\/image\/","url":"https:\/\/secure.gravatar.com\/avatar\/d08aa2ce4c8dd416d4479aa8536fcf64?s=96&d=mm&r=g","contentUrl":"https:\/\/secure.gravatar.com\/avatar\/d08aa2ce4c8dd416d4479aa8536fcf64?s=96&d=mm&r=g","caption":"moacir"},"url":"https:\/\/franciscanos.org.br\/noticias\/author\/moacir"}]}},"_links":{"self":[{"href":"https:\/\/franciscanos.org.br\/noticias\/wp-json\/wp\/v2\/posts\/228562"}],"collection":[{"href":"https:\/\/franciscanos.org.br\/noticias\/wp-json\/wp\/v2\/posts"}],"about":[{"href":"https:\/\/franciscanos.org.br\/noticias\/wp-json\/wp\/v2\/types\/post"}],"author":[{"embeddable":true,"href":"https:\/\/franciscanos.org.br\/noticias\/wp-json\/wp\/v2\/users\/3"}],"replies":[{"embeddable":true,"href":"https:\/\/franciscanos.org.br\/noticias\/wp-json\/wp\/v2\/comments?post=228562"}],"version-history":[{"count":1,"href":"https:\/\/franciscanos.org.br\/noticias\/wp-json\/wp\/v2\/posts\/228562\/revisions"}],"predecessor-version":[{"id":228565,"href":"https:\/\/franciscanos.org.br\/noticias\/wp-json\/wp\/v2\/posts\/228562\/revisions\/228565"}],"wp:featuredmedia":[{"embeddable":true,"href":"https:\/\/franciscanos.org.br\/noticias\/wp-json\/wp\/v2\/media\/228564"}],"wp:attachment":[{"href":"https:\/\/franciscanos.org.br\/noticias\/wp-json\/wp\/v2\/media?parent=228562"}],"wp:term":[{"taxonomy":"category","embeddable":true,"href":"https:\/\/franciscanos.org.br\/noticias\/wp-json\/wp\/v2\/categories?post=228562"},{"taxonomy":"post_tag","embeddable":true,"href":"https:\/\/franciscanos.org.br\/noticias\/wp-json\/wp\/v2\/tags?post=228562"}],"curies":[{"name":"wp","href":"https:\/\/api.w.org\/{rel}","templated":true}]}}