{"id":228548,"date":"2020-10-02T07:03:26","date_gmt":"2020-10-02T10:03:26","guid":{"rendered":"https:\/\/franciscanos.org.br\/noticias\/?p=228548"},"modified":"2020-10-03T18:13:24","modified_gmt":"2020-10-03T21:13:24","slug":"mensagem-do-ministro-provincial-para-o-dia-de-sao-francisco-de-assis","status":"publish","type":"post","link":"https:\/\/franciscanos.org.br\/noticias\/mensagem-do-ministro-provincial-para-o-dia-de-sao-francisco-de-assis.html","title":{"rendered":"Mensagem do Ministro Provincial para o Dia de S\u00e3o Francisco de Assis"},"content":{"rendered":"<p><img loading=\"lazy\" class=\"alignnone size-full wp-image-228549\" src=\"https:\/\/franciscanos.org.br\/noticias\/wp-content\/uploads\/2020\/10\/FRANCISCO_0210.jpg\" alt=\"\" width=\"1200\" height=\"895\" srcset=\"https:\/\/franciscanos.org.br\/noticias\/wp-content\/uploads\/2020\/10\/FRANCISCO_0210.jpg 1200w, https:\/\/franciscanos.org.br\/noticias\/wp-content\/uploads\/2020\/10\/FRANCISCO_0210-450x336.jpg 450w, https:\/\/franciscanos.org.br\/noticias\/wp-content\/uploads\/2020\/10\/FRANCISCO_0210-1024x764.jpg 1024w, https:\/\/franciscanos.org.br\/noticias\/wp-content\/uploads\/2020\/10\/FRANCISCO_0210-768x573.jpg 768w, https:\/\/franciscanos.org.br\/noticias\/wp-content\/uploads\/2020\/10\/FRANCISCO_0210-150x112.jpg 150w\" sizes=\"(max-width: 1200px) 100vw, 1200px\" \/><\/p>\n<p style=\"padding-left: 40px;\">&#8211; Caros confrades de todas as fraternidades da Prov\u00edncia da Imaculada Concei\u00e7\u00e3o do Brasil, das outras entidades da nossa Confer\u00eancia dos Frades Menores do Brasil e do Cone Sul e das demais obedi\u00eancias franciscanas;<\/p>\n<p style=\"padding-left: 40px;\">&#8211; Queridas irm\u00e3s Clarissas e Concepcionistas, religiosas e religiosos franciscanos, irm\u00e3s e irm\u00e3os da Ordem Franciscana Secular, juventude franciscana e os tantos irm\u00e3os e irm\u00e3s que participam de nossa vida, de nosso carisma e de nossa miss\u00e3o;<\/p>\n<p style=\"padding-left: 40px;\">a todos voc\u00eas,<\/p>\n<p><strong>Paz e Bem!<\/strong><\/p>\n<p>Ao completamos os cinco anos da Carta Enc\u00edclica <em>Laudato Si\u2019,<\/em> um acontecimento de dimens\u00f5es mundiais eclode como um grito de socorro da natureza. A pandemia que atravessamos vem confirmar que o Papa Francisco tinha raz\u00e3o quando, inspirado em S\u00e3o Francisco, convocava toda a humanidade para um pacto de cuidado e preserva\u00e7\u00e3o da nossa Casa Comum.<\/p>\n<p>O apelo do Papa tem origem na intui\u00e7\u00e3o de S\u00e3o Francisco que, ao se entregar ao seguimento de Cristo, percebeu que a proposta do Evangelho passava necessariamente pela fraternidade humana e universal. Francisco entendeu com sua experi\u00eancia de f\u00e9 que o amor a Deus \u00e9 indissoci\u00e1vel do amor ao pr\u00f3ximo e do respeito pela Cria\u00e7\u00e3o: \u201cTudo est\u00e1 interligado\u201d. E neste dia de S\u00e3o Francisco seremos brindados com mais uma enc\u00edclica de matriz franciscana, justamente com a tem\u00e1tica da Fraternidade.<\/p>\n<p>Na <em>Laudato Si\u2019, <\/em>o Papa Francisco situa o planeta, a nossa M\u00e3e Terra do C\u00e2ntico das Criaturas, entre os pobres mais abandonados e maltratados. Ela vem sendo tratada com abandono e viol\u00eancia, o que nos leva, como humanidade, a uma forte autodestrui\u00e7\u00e3o.<\/p>\n<p>Na celebra\u00e7\u00e3o da B\u00ean\u00e7\u00e3o <em>Urbi et Orbi<\/em>, ainda no in\u00edcio da pandemia, o Papa declarava que seria uma grande ilus\u00e3o para a humanidade acreditar que poderia permanecer saud\u00e1vel vivendo em um mundo doente. E recentemente ele ainda nos recordou: \u201cAs feridas causadas na nossa m\u00e3e terra s\u00e3o feridas que sangram em todos n\u00f3s&#8221;.<\/p>\n<p><iframe loading=\"lazy\" title=\"Mensagem do Ministro Provincial | S\u00e3o Francisco de Assis\" width=\"500\" height=\"281\" src=\"https:\/\/www.youtube.com\/embed\/GBAXqBwRT4c?feature=oembed\" frameborder=\"0\" allow=\"accelerometer; autoplay; clipboard-write; encrypted-media; gyroscope; picture-in-picture\" allowfullscreen><\/iframe><\/p>\n<p>Se nossa M\u00e3e adoeceu, n\u00f3s tamb\u00e9m adoecemos com ela e, para recuperar a sa\u00fade, precisamos do rem\u00e9dio da convers\u00e3o do cora\u00e7\u00e3o ou, nos termos da pr\u00f3pria <em>Laudato Si&#8217;,<\/em> de uma urgente \u201cConvers\u00e3o Ecol\u00f3gica\u201d.<\/p>\n<p>Na Regra de Vida para os frades menores, S\u00e3o Francisco fala do cuidado com os irm\u00e3os doentes: \u201cSe algum dos irm\u00e3os cair enfermo, onde quer que estiver, os outros irm\u00e3os n\u00e3o o abandonem e o sirvam como gostariam de ser servidos\u201d (<em>RnB 10,1)<\/em>. Assim, se a M\u00e3e Terra est\u00e1 doente, n\u00e3o podemos fugir do compromisso com o necess\u00e1rio cuidado pela nossa Casa Comum.<\/p>\n<p>Assim, ao celebrarmos a solenidade de S\u00e3o Francisco, neste ano de 2020, desejo convocar a todos para assumir com entusiasmo as belas iniciativas que est\u00e3o nascendo como frutos da Enc\u00edclica <em>Laudato Si&#8217;.<\/em><\/p>\n<p>A primeira \u00e9 o olhar atento e amoroso para a Amaz\u00f4nia, expresso na realiza\u00e7\u00e3o do S\u00ednodo e na Exorta\u00e7\u00e3o \u201cQuerida Amaz\u00f4nia\u201d. No contexto pol\u00edtico-econ\u00f4mico em que estamos vivendo, multiplicam-se queimadas e explora\u00e7\u00e3o predat\u00f3ria dos grandes ecossistemas. Nossas vozes precisam se unir com as daqueles que defendem a preserva\u00e7\u00e3o da vida, da cultura dos povos origin\u00e1rios e da floresta; e, em respeito pelas esp\u00e9cies vegetais e animais, as criaturas todas, devemos denunciar toda forma de viol\u00eancia, praticada em nome do lucro e do benef\u00edcio econ\u00f4mico para poucos.<\/p>\n<p>S\u00e3o Francisco de Assis, com sua vida, aponta para valores t\u00e3o necess\u00e1rios ao nosso tempo!<\/p>\n<p>A pobreza e a humildade, vividas com generosidade, nos mostram um jeito \u00e9tico e sustent\u00e1vel de conviver em harmonia com as pessoas e com os dons da cria\u00e7\u00e3o, com o nosso planeta.<\/p>\n<p>O modo fraterno de \u201cviver em rela\u00e7\u00e3o\u201d privilegia a colabora\u00e7\u00e3o em vez da competi\u00e7\u00e3o, a coletividade no lugar do individualismo, a parceria e n\u00e3o a explora\u00e7\u00e3o e a partilha como rem\u00e9dio para o mal da acumula\u00e7\u00e3o.<\/p>\n<p>O esp\u00edrito de minoridade nos leva \u00e0 compaix\u00e3o e \u00e0 gratuidade contra a arrog\u00e2ncia ego\u00edsta que promove \u00f3dio, morte e destrui\u00e7\u00e3o.<\/p>\n<p>Quanto mais sintonizados com Francisco, tanto mais vamos perceber que, embora fr\u00e1geis, somos infinitamente amados por Deus.<\/p>\n<p>E Deus nos ama de gra\u00e7a! E tamb\u00e9m n\u00f3s somos chamados a distribuir gratuita e generosamente as in\u00fameras b\u00ean\u00e7\u00e3os e gra\u00e7as que dia ap\u00f3s dia recebemos do Senhor.<\/p>\n<p>Que a Festa de Nosso Ser\u00e1fico Pai, S\u00e3o Francisco, seja, para todos n\u00f3s, ocasi\u00e3o de renovarmos o primeiro entusiasmo que nos levou a abra\u00e7ar a vida de irm\u00e3s e irm\u00e3os menores no seguimento de nosso Senhor Jesus Cristo.<\/p>\n<p>O Senhor vos d\u00ea a Sua Paz!<\/p>\n<p><strong>FREI C\u00c9SAR K\u00dcLKAMP,<\/strong><\/p>\n<p><em>Ministro Provincial<\/em><\/p>\n<p><em>Prov\u00edncia Franciscana da Imaculada Concei\u00e7\u00e3o do Brasil<\/em><\/p>\n","protected":false},"excerpt":{"rendered":"<p>Festa de S\u00e3o Francisco de Assis<\/p>\n","protected":false},"author":3,"featured_media":228550,"comment_status":"open","ping_status":"open","sticky":false,"template":"","format":"standard","meta":[],"categories":[1],"tags":[1179,1249],"acf":[],"yoast_head":"<!-- This site is optimized with the Yoast SEO plugin v19.2 - https:\/\/yoast.com\/wordpress\/plugins\/seo\/ -->\n<title>Mensagem do Ministro Provincial para o Dia de S\u00e3o Francisco de Assis - Not\u00edcias - Franciscanos<\/title>\n<meta name=\"robots\" content=\"index, follow, max-snippet:-1, max-image-preview:large, max-video-preview:-1\" \/>\n<link rel=\"canonical\" href=\"https:\/\/franciscanos.org.br\/noticias\/mensagem-do-ministro-provincial-para-o-dia-de-sao-francisco-de-assis.html\" \/>\n<meta property=\"og:locale\" content=\"pt_BR\" \/>\n<meta property=\"og:type\" content=\"article\" \/>\n<meta property=\"og:title\" content=\"Mensagem do Ministro Provincial para o Dia de S\u00e3o Francisco de Assis - Not\u00edcias - Franciscanos\" \/>\n<meta property=\"og:description\" content=\"Festa de S\u00e3o Francisco de Assis\" \/>\n<meta property=\"og:url\" content=\"https:\/\/franciscanos.org.br\/noticias\/mensagem-do-ministro-provincial-para-o-dia-de-sao-francisco-de-assis.html\" \/>\n<meta property=\"og:site_name\" content=\"Not\u00edcias - Franciscanos\" \/>\n<meta property=\"article:published_time\" content=\"2020-10-02T10:03:26+00:00\" \/>\n<meta property=\"article:modified_time\" content=\"2020-10-03T21:13:24+00:00\" \/>\n<meta property=\"og:image\" content=\"https:\/\/franciscanos.org.br\/noticias\/wp-content\/uploads\/2020\/10\/FRANCISCO_0210d.jpg\" \/>\n\t<meta property=\"og:image:width\" content=\"800\" \/>\n\t<meta property=\"og:image:height\" content=\"600\" \/>\n\t<meta property=\"og:image:type\" content=\"image\/jpeg\" \/>\n<meta name=\"author\" content=\"moacir\" \/>\n<meta name=\"twitter:card\" content=\"summary_large_image\" \/>\n<meta name=\"twitter:label1\" content=\"Escrito por\" \/>\n\t<meta name=\"twitter:data1\" content=\"moacir\" \/>\n\t<meta name=\"twitter:label2\" content=\"Est. tempo de leitura\" \/>\n\t<meta name=\"twitter:data2\" content=\"4 minutos\" \/>\n<script type=\"application\/ld+json\" class=\"yoast-schema-graph\">{\"@context\":\"https:\/\/schema.org\",\"@graph\":[{\"@type\":\"WebSite\",\"@id\":\"https:\/\/franciscanos.org.br\/noticias\/#website\",\"url\":\"https:\/\/franciscanos.org.br\/noticias\/\",\"name\":\"Not\u00edcias - Franciscanos\",\"description\":\"Prov\u00edncia Franciscana da Imaculada Concei\u00e7\u00e3o do Brasil - Ordem dos Frades Menores - OFM\",\"potentialAction\":[{\"@type\":\"SearchAction\",\"target\":{\"@type\":\"EntryPoint\",\"urlTemplate\":\"https:\/\/franciscanos.org.br\/noticias\/?s={search_term_string}\"},\"query-input\":\"required name=search_term_string\"}],\"inLanguage\":\"pt-BR\"},{\"@type\":\"ImageObject\",\"inLanguage\":\"pt-BR\",\"@id\":\"https:\/\/franciscanos.org.br\/noticias\/mensagem-do-ministro-provincial-para-o-dia-de-sao-francisco-de-assis.html#primaryimage\",\"url\":\"https:\/\/franciscanos.org.br\/noticias\/wp-content\/uploads\/2020\/10\/FRANCISCO_0210d.jpg\",\"contentUrl\":\"https:\/\/franciscanos.org.br\/noticias\/wp-content\/uploads\/2020\/10\/FRANCISCO_0210d.jpg\",\"width\":800,\"height\":600},{\"@type\":\"WebPage\",\"@id\":\"https:\/\/franciscanos.org.br\/noticias\/mensagem-do-ministro-provincial-para-o-dia-de-sao-francisco-de-assis.html#webpage\",\"url\":\"https:\/\/franciscanos.org.br\/noticias\/mensagem-do-ministro-provincial-para-o-dia-de-sao-francisco-de-assis.html\",\"name\":\"Mensagem do Ministro Provincial para o Dia de S\u00e3o Francisco de Assis - Not\u00edcias - Franciscanos\",\"isPartOf\":{\"@id\":\"https:\/\/franciscanos.org.br\/noticias\/#website\"},\"primaryImageOfPage\":{\"@id\":\"https:\/\/franciscanos.org.br\/noticias\/mensagem-do-ministro-provincial-para-o-dia-de-sao-francisco-de-assis.html#primaryimage\"},\"datePublished\":\"2020-10-02T10:03:26+00:00\",\"dateModified\":\"2020-10-03T21:13:24+00:00\",\"author\":{\"@id\":\"https:\/\/franciscanos.org.br\/noticias\/#\/schema\/person\/b5c8cba458c330ccff548b056e95a5d4\"},\"breadcrumb\":{\"@id\":\"https:\/\/franciscanos.org.br\/noticias\/mensagem-do-ministro-provincial-para-o-dia-de-sao-francisco-de-assis.html#breadcrumb\"},\"inLanguage\":\"pt-BR\",\"potentialAction\":[{\"@type\":\"ReadAction\",\"target\":[\"https:\/\/franciscanos.org.br\/noticias\/mensagem-do-ministro-provincial-para-o-dia-de-sao-francisco-de-assis.html\"]}]},{\"@type\":\"BreadcrumbList\",\"@id\":\"https:\/\/franciscanos.org.br\/noticias\/mensagem-do-ministro-provincial-para-o-dia-de-sao-francisco-de-assis.html#breadcrumb\",\"itemListElement\":[{\"@type\":\"ListItem\",\"position\":1,\"name\":\"Home\",\"item\":\"https:\/\/franciscanos.org.br\/noticias\"},{\"@type\":\"ListItem\",\"position\":2,\"name\":\"Mensagem do Ministro Provincial para o Dia de S\u00e3o Francisco de Assis\"}]},{\"@type\":\"Person\",\"@id\":\"https:\/\/franciscanos.org.br\/noticias\/#\/schema\/person\/b5c8cba458c330ccff548b056e95a5d4\",\"name\":\"moacir\",\"image\":{\"@type\":\"ImageObject\",\"inLanguage\":\"pt-BR\",\"@id\":\"https:\/\/franciscanos.org.br\/noticias\/#\/schema\/person\/image\/\",\"url\":\"https:\/\/secure.gravatar.com\/avatar\/d08aa2ce4c8dd416d4479aa8536fcf64?s=96&d=mm&r=g\",\"contentUrl\":\"https:\/\/secure.gravatar.com\/avatar\/d08aa2ce4c8dd416d4479aa8536fcf64?s=96&d=mm&r=g\",\"caption\":\"moacir\"},\"url\":\"https:\/\/franciscanos.org.br\/noticias\/author\/moacir\"}]}<\/script>\n<!-- \/ Yoast SEO plugin. -->","yoast_head_json":{"title":"Mensagem do Ministro Provincial para o Dia de S\u00e3o Francisco de Assis - Not\u00edcias - Franciscanos","robots":{"index":"index","follow":"follow","max-snippet":"max-snippet:-1","max-image-preview":"max-image-preview:large","max-video-preview":"max-video-preview:-1"},"canonical":"https:\/\/franciscanos.org.br\/noticias\/mensagem-do-ministro-provincial-para-o-dia-de-sao-francisco-de-assis.html","og_locale":"pt_BR","og_type":"article","og_title":"Mensagem do Ministro Provincial para o Dia de S\u00e3o Francisco de Assis - Not\u00edcias - Franciscanos","og_description":"Festa de S\u00e3o Francisco de Assis","og_url":"https:\/\/franciscanos.org.br\/noticias\/mensagem-do-ministro-provincial-para-o-dia-de-sao-francisco-de-assis.html","og_site_name":"Not\u00edcias - Franciscanos","article_published_time":"2020-10-02T10:03:26+00:00","article_modified_time":"2020-10-03T21:13:24+00:00","og_image":[{"width":800,"height":600,"url":"https:\/\/franciscanos.org.br\/noticias\/wp-content\/uploads\/2020\/10\/FRANCISCO_0210d.jpg","type":"image\/jpeg"}],"author":"moacir","twitter_card":"summary_large_image","twitter_misc":{"Escrito por":"moacir","Est. tempo de leitura":"4 minutos"},"schema":{"@context":"https:\/\/schema.org","@graph":[{"@type":"WebSite","@id":"https:\/\/franciscanos.org.br\/noticias\/#website","url":"https:\/\/franciscanos.org.br\/noticias\/","name":"Not\u00edcias - Franciscanos","description":"Prov\u00edncia Franciscana da Imaculada Concei\u00e7\u00e3o do Brasil - Ordem dos Frades Menores - OFM","potentialAction":[{"@type":"SearchAction","target":{"@type":"EntryPoint","urlTemplate":"https:\/\/franciscanos.org.br\/noticias\/?s={search_term_string}"},"query-input":"required name=search_term_string"}],"inLanguage":"pt-BR"},{"@type":"ImageObject","inLanguage":"pt-BR","@id":"https:\/\/franciscanos.org.br\/noticias\/mensagem-do-ministro-provincial-para-o-dia-de-sao-francisco-de-assis.html#primaryimage","url":"https:\/\/franciscanos.org.br\/noticias\/wp-content\/uploads\/2020\/10\/FRANCISCO_0210d.jpg","contentUrl":"https:\/\/franciscanos.org.br\/noticias\/wp-content\/uploads\/2020\/10\/FRANCISCO_0210d.jpg","width":800,"height":600},{"@type":"WebPage","@id":"https:\/\/franciscanos.org.br\/noticias\/mensagem-do-ministro-provincial-para-o-dia-de-sao-francisco-de-assis.html#webpage","url":"https:\/\/franciscanos.org.br\/noticias\/mensagem-do-ministro-provincial-para-o-dia-de-sao-francisco-de-assis.html","name":"Mensagem do Ministro Provincial para o Dia de S\u00e3o Francisco de Assis - Not\u00edcias - Franciscanos","isPartOf":{"@id":"https:\/\/franciscanos.org.br\/noticias\/#website"},"primaryImageOfPage":{"@id":"https:\/\/franciscanos.org.br\/noticias\/mensagem-do-ministro-provincial-para-o-dia-de-sao-francisco-de-assis.html#primaryimage"},"datePublished":"2020-10-02T10:03:26+00:00","dateModified":"2020-10-03T21:13:24+00:00","author":{"@id":"https:\/\/franciscanos.org.br\/noticias\/#\/schema\/person\/b5c8cba458c330ccff548b056e95a5d4"},"breadcrumb":{"@id":"https:\/\/franciscanos.org.br\/noticias\/mensagem-do-ministro-provincial-para-o-dia-de-sao-francisco-de-assis.html#breadcrumb"},"inLanguage":"pt-BR","potentialAction":[{"@type":"ReadAction","target":["https:\/\/franciscanos.org.br\/noticias\/mensagem-do-ministro-provincial-para-o-dia-de-sao-francisco-de-assis.html"]}]},{"@type":"BreadcrumbList","@id":"https:\/\/franciscanos.org.br\/noticias\/mensagem-do-ministro-provincial-para-o-dia-de-sao-francisco-de-assis.html#breadcrumb","itemListElement":[{"@type":"ListItem","position":1,"name":"Home","item":"https:\/\/franciscanos.org.br\/noticias"},{"@type":"ListItem","position":2,"name":"Mensagem do Ministro Provincial para o Dia de S\u00e3o Francisco de Assis"}]},{"@type":"Person","@id":"https:\/\/franciscanos.org.br\/noticias\/#\/schema\/person\/b5c8cba458c330ccff548b056e95a5d4","name":"moacir","image":{"@type":"ImageObject","inLanguage":"pt-BR","@id":"https:\/\/franciscanos.org.br\/noticias\/#\/schema\/person\/image\/","url":"https:\/\/secure.gravatar.com\/avatar\/d08aa2ce4c8dd416d4479aa8536fcf64?s=96&d=mm&r=g","contentUrl":"https:\/\/secure.gravatar.com\/avatar\/d08aa2ce4c8dd416d4479aa8536fcf64?s=96&d=mm&r=g","caption":"moacir"},"url":"https:\/\/franciscanos.org.br\/noticias\/author\/moacir"}]}},"_links":{"self":[{"href":"https:\/\/franciscanos.org.br\/noticias\/wp-json\/wp\/v2\/posts\/228548"}],"collection":[{"href":"https:\/\/franciscanos.org.br\/noticias\/wp-json\/wp\/v2\/posts"}],"about":[{"href":"https:\/\/franciscanos.org.br\/noticias\/wp-json\/wp\/v2\/types\/post"}],"author":[{"embeddable":true,"href":"https:\/\/franciscanos.org.br\/noticias\/wp-json\/wp\/v2\/users\/3"}],"replies":[{"embeddable":true,"href":"https:\/\/franciscanos.org.br\/noticias\/wp-json\/wp\/v2\/comments?post=228548"}],"version-history":[{"count":2,"href":"https:\/\/franciscanos.org.br\/noticias\/wp-json\/wp\/v2\/posts\/228548\/revisions"}],"predecessor-version":[{"id":228561,"href":"https:\/\/franciscanos.org.br\/noticias\/wp-json\/wp\/v2\/posts\/228548\/revisions\/228561"}],"wp:featuredmedia":[{"embeddable":true,"href":"https:\/\/franciscanos.org.br\/noticias\/wp-json\/wp\/v2\/media\/228550"}],"wp:attachment":[{"href":"https:\/\/franciscanos.org.br\/noticias\/wp-json\/wp\/v2\/media?parent=228548"}],"wp:term":[{"taxonomy":"category","embeddable":true,"href":"https:\/\/franciscanos.org.br\/noticias\/wp-json\/wp\/v2\/categories?post=228548"},{"taxonomy":"post_tag","embeddable":true,"href":"https:\/\/franciscanos.org.br\/noticias\/wp-json\/wp\/v2\/tags?post=228548"}],"curies":[{"name":"wp","href":"https:\/\/api.w.org\/{rel}","templated":true}]}}