{"id":228530,"date":"2020-09-30T06:52:03","date_gmt":"2020-09-30T09:52:03","guid":{"rendered":"https:\/\/franciscanos.org.br\/noticias\/?p=228530"},"modified":"2020-09-30T06:52:03","modified_gmt":"2020-09-30T09:52:03","slug":"papa-na-normalidade-do-reino-de-deus-o-pao-chega-a-todos","status":"publish","type":"post","link":"https:\/\/franciscanos.org.br\/noticias\/papa-na-normalidade-do-reino-de-deus-o-pao-chega-a-todos.html","title":{"rendered":"Papa: &#8220;Na normalidade do Reino de Deus o p\u00e3o chega a todos&#8221;"},"content":{"rendered":"<div id=\"attachment_228531\" style=\"width: 900px\" class=\"wp-caption alignnone\"><img aria-describedby=\"caption-attachment-228531\" loading=\"lazy\" class=\"wp-image-228531 size-full\" src=\"https:\/\/franciscanos.org.br\/noticias\/wp-content\/uploads\/2020\/09\/audiencia_3009.jpg\" alt=\"\" width=\"890\" height=\"593\" srcset=\"https:\/\/franciscanos.org.br\/noticias\/wp-content\/uploads\/2020\/09\/audiencia_3009.jpg 890w, https:\/\/franciscanos.org.br\/noticias\/wp-content\/uploads\/2020\/09\/audiencia_3009-450x300.jpg 450w, https:\/\/franciscanos.org.br\/noticias\/wp-content\/uploads\/2020\/09\/audiencia_3009-768x512.jpg 768w, https:\/\/franciscanos.org.br\/noticias\/wp-content\/uploads\/2020\/09\/audiencia_3009-150x100.jpg 150w\" sizes=\"(max-width: 890px) 100vw, 890px\" \/><p id=\"caption-attachment-228531\" class=\"wp-caption-text\">\u00a0 \u00a0 \u00a0 \u00a0 \u00a0 \u00a0 \u00a0 \u00a0 \u00a0 \u00a0 \u00a0 \u00a0 \u00a0 \u00a0 \u00a0 \u00a0 \u00a0 \u00a0 \u00a0 \u00a0 \u00a0 \u00a0 \u00a0 \u00a0 \u00a0 \u00a0 \u00a0 \u00a0 \u00a0 \u00a0 \u00a0 \u00a0 \u00a0 \u00a0 \u00a0 \u00a0 \u00a0 \u00a0 \u00a0 \u00a0 \u00a0 \u00a0 \u00a0 \u00a0 \u00a0 \u00a0 \u00a0 \u00a0 \u00a0 \u00a0 \u00a0 \u00a0 \u00a0 \u00a0 \u00a0 \u00a0 \u00a0 \u00a0 \u00a0 \u00a0 \u00a0 \u00a0 \u00a0 \u00a0 \u00a0 \u00a0 \u00a0 \u00a0 \u00a0 \u00a0 \u00a0 \u00a0 \u00a0 <em>Imagens: Vatican Media<\/em><\/p><\/div>\n<p><strong>Cidade do Vaticano<\/strong> &#8211; \u201cCurar o mundo. Preparar o futuro junto com Jesus que salva e cura\u201d. Este foi o tema da catequese do Papa Francisco na Audi\u00eancia Geral, desta quarta-feira (30\/09), realizada no P\u00e1tio S\u00e3o D\u00e2maso, dedicada ao tema da pandemia de coronav\u00edrus. O Pont\u00edfice recordou que \u201cnas \u00faltimas semanas, \u00e0 luz do Evangelho, refletimos juntos sobre como curar o mundo que sofre de um mal-estar que a pandemia real\u00e7ou e acentuou\u201d. \u201cO mal-estar j\u00e1 existia. A pandemia o acentuou e aumentou. Percorremos os caminhos da dignidade, da solidariedade e da subsidiariedade, caminhos indispens\u00e1veis para promover a dignidade humana e o bem comum\u201d, sublinhou Francisco.<\/p>\n<p>Na qualidade de disc\u00edpulos de Jesus, come\u00e7amos a seguir os seus passos optando pelos pobres, repensando o uso dos bens e cuidando da Casa comum. No meio da pandemia que nos aflige, ancoramo-nos nos princ\u00edpios da Doutrina Social da Igreja, deixando-nos guiar pela f\u00e9, esperan\u00e7a e caridade. Aqui encontramos uma ajuda s\u00f3lida para ser agentes de transforma\u00e7\u00e3o que sonham alto, n\u00e3o se det\u00eam nas mesquinharias que dividem e magoam, mas encorajam a gerar um mundo novo e melhor.<\/p>\n<p><strong>Gritos que exigem de n\u00f3s outro rumo<\/strong><br \/>\nO Papa frisou que gostaria que este percurso continuasse quando terminar suas catequeses sobre o tema da pandemia, que possamos continuar caminhando juntos, \u00abmantendo o nosso olhar fixo em Jesus\u00bb, que salva e cura o mundo.<\/p>\n<p>O Evangelho nos mostra que \u201cJesus curou doentes de todos os tipos, restituiu a vis\u00e3o aos cegos, a palavra aos mudos, a audi\u00e7\u00e3o aos surdos. Quando curava doen\u00e7as e enfermidades f\u00edsicas, curava tamb\u00e9m o esp\u00edrito, perdoando os pecados, porque Jesus perdoa sempre, assim como as \u201cdores sociais\u201d, incluindo os marginalizados. Jesus, que renova e reconcilia cada criatura, nos concede os dons necess\u00e1rios para amar e curar como Ele sabia fazer, para cuidar de todos sem distin\u00e7\u00e3o de ra\u00e7a, l\u00edngua ou na\u00e7\u00e3o\u201d.<\/p>\n<p>Segundo Francisco, \u201cpara que isto aconte\u00e7a realmente, temos necessidade de contemplar e apreciar a beleza de cada ser humano e de cada criatura. Fomos concebidos no cora\u00e7\u00e3o de Deus. \u00abCada um de n\u00f3s \u00e9 o fruto de um pensamento de Deus. Cada um de n\u00f3s \u00e9 querido, cada um de n\u00f3s \u00e9 amado, cada um \u00e9 necess\u00e1rio\u00bb. Al\u00e9m disso, toda criatura tem algo a dizer-nos sobre Deus Criador. Reconhecer esta verdade e dar gra\u00e7as pelos la\u00e7os \u00edntimos da nossa comunh\u00e3o universal com todas as pessoas e todas as criaturas ativa \u00abum cuidado generoso e cheio de ternura\u00bb. Ajuda-nos tamb\u00e9m a reconhecer Cristo presente nos nossos irm\u00e3os e irm\u00e3s pobres e sofredores, a encontr\u00e1-los e a ouvir o seu grito e o grito da terra que lhe faz eco\u201d.<\/p>\n<p>A seguir, acrescentou: Mobilizados interiormente por estes gritos que exigem de n\u00f3s outro rumo, exigem mudan\u00e7as, poderemos contribuir para a cura das rela\u00e7\u00f5es com os nossos dons e capacidades. Poderemos regenerar a sociedade e n\u00e3o voltar \u00e0 chamada \u201cnormalidade\u201d, que \u00e9 uma normalidade doente, que estava doente antes da pandemia. A pandemia a acentuou. Agora voltamos \u00e0 normalidade. N\u00e3o, isso n\u00e3o \u00e9 bom. Esta normalidade era doente de injusti\u00e7a, desigualdade e degrada\u00e7\u00e3o ambiental.<\/p>\n<p><img loading=\"lazy\" class=\"wp-image-228532 size-full alignnone\" src=\"https:\/\/franciscanos.org.br\/noticias\/wp-content\/uploads\/2020\/09\/audiencia_3009_1.jpg\" alt=\"\" width=\"890\" height=\"591\" srcset=\"https:\/\/franciscanos.org.br\/noticias\/wp-content\/uploads\/2020\/09\/audiencia_3009_1.jpg 890w, https:\/\/franciscanos.org.br\/noticias\/wp-content\/uploads\/2020\/09\/audiencia_3009_1-450x299.jpg 450w, https:\/\/franciscanos.org.br\/noticias\/wp-content\/uploads\/2020\/09\/audiencia_3009_1-768x510.jpg 768w, https:\/\/franciscanos.org.br\/noticias\/wp-content\/uploads\/2020\/09\/audiencia_3009_1-150x100.jpg 150w\" sizes=\"(max-width: 890px) 100vw, 890px\" \/><\/p>\n<p><strong>Um pequeno v\u00edrus continua causando feridas profundas<\/strong><br \/>\nO Papa observou que \u201ca normalidade a que somos chamados \u00e9 a do Reino de Deus, onde \u00abos cegos veem, os coxos caminham, os leprosos s\u00e3o limpos, os surdos ouvem, os mortos ressuscitam, o Evangelho \u00e9 anunciado aos pobres&#8230;\u00bb. Ningu\u00e9m se fa\u00e7a de bobo olhando para o outro lado! Na normalidade do Reino de Deus o p\u00e3o chega a todos e sobeja, a organiza\u00e7\u00e3o social baseia-se em contribuir, partilhar e distribuir, n\u00e3o em possuir, excluir e acumular. Estes dois gestos, n\u00e3o? Este \u00e9 o gesto que faz ir adiante uma sociedade, uma fam\u00edlia, um bairro, uma cidade, todos: dar-se, dar, que n\u00e3o \u00e9 dar esmola, n\u00e3o: \u00e9 dar do cora\u00e7\u00e3o. E n\u00e3o o gesto que puxa para tr\u00e1s com ego\u00edsmo, a \u00e2nsia de possuir e todas essas coisas. A forma crist\u00e3 de fazer isto n\u00e3o \u00e9 uma forma mec\u00e2nica: \u00e9 uma forma humana. N\u00e3o poderemos sair da crise, evidenciada pela pandemia, mecanicamente: com novos aparelhos&#8230; que s\u00e3o muito importantes! \u201cEh, Padre, h\u00e1 intelig\u00eancia artificial&#8230;\u201d: \u00e9 importante, nos faz ir adiante. N\u00e3o tenha medo dessas coisas, mas sabendo que nem mesmo os meios mais sofisticados podem fazer uma coisa: eles podem fazer muitas coisas, mas n\u00e3o podem fazer uma coisa: a ternura. E a ternura \u00e9 o sinal da presen\u00e7a de Jesus, o aproximar-se ao pr\u00f3ximo para fazer com que v\u00e1 adiante, para curar, ajudar, sacrificar-se pelo outro. N\u00e3o se esque\u00e7am disso\u201d.<\/p>\n<p>Um pequeno v\u00edrus continua causando feridas profundas e desmascara as nossas vulnerabilidades f\u00edsicas, sociais e espirituais. Mostrou a grande desigualdade que reina no mundo: desigualdade de oportunidades, de bens, de acesso aos cuidados m\u00e9dicos, de tecnologia, educa\u00e7\u00e3o, milh\u00f5es de crian\u00e7as n\u00e3o podem ir \u00e0 escola, e assim por diante. Estas injusti\u00e7as n\u00e3o s\u00e3o naturais nem inevit\u00e1veis. S\u00e3o obra do homem, prov\u00eam de um modelo de crescimento desligado dos valores mais profundos. O desperd\u00edcio de alimento. O desperd\u00edcio do alimento que sobra. Com esse desperd\u00edcio \u00e9 poss\u00edvel dar de comer a todos! E isto fez com que muitas pessoas perdessem a esperan\u00e7a e aumentou a incerteza e a ang\u00fastia. \u201c\u00c9 por isso que, para sairmos da pandemia, temos que encontrar a cura n\u00e3o s\u00f3 para o coronav\u00edrus, mas tamb\u00e9m para os grandes v\u00edrus humanos e socioecon\u00f4micos. E certamente n\u00e3o podemos esperar que o modelo econ\u00f4mico subjacente ao desenvolvimento injusto e insustent\u00e1vel resolva os nossos problemas. N\u00e3o o fez e n\u00e3o o far\u00e1, porque n\u00e3o pode faz\u00ea-lo, embora certos falsos profetas continuam prometendo o \u201cefeito domin\u00f3\u201d que nunca chega\u201d.<\/p>\n<p>O Papa disse: &#8220;Voc\u00eas j\u00e1 ouviram falar do teorema do copo: o importante \u00e9 que o copo se encha e depois transborda sobre os pobres e outros, e eles recebem as riquezas. Mas existe um fen\u00f4meno: o copo come\u00e7a a encher e quando est\u00e1 quase cheio, o copo cresce e cresce e nunca transborda, nunca. Fiquem atentos!&#8221;<\/p>\n<p><strong>Trabalhar para gerar boas pol\u00edticas<\/strong><br \/>\nSegundo o Pont\u00edfice, \u201ctemos que trabalhar urgentemente para gerar boas pol\u00edticas, para conceber sistemas de organiza\u00e7\u00e3o social que recompensem a participa\u00e7\u00e3o, o cuidado e a generosidade, e n\u00e3o a indiferen\u00e7a, a explora\u00e7\u00e3o e os interesses particulares. Temos de ir adiante com ternura. Uma sociedade solid\u00e1ria e equitativa \u00e9 uma sociedade mais saud\u00e1vel. Uma sociedade participativa, onde os \u201c\u00faltimos\u201d s\u00e3o considerados como os \u201cprimeiros\u201d, fortalece a comunh\u00e3o. Uma sociedade onde a diversidade \u00e9 respeitada \u00e9 muito mais resistente a qualquer tipo de v\u00edrus\u201d.<\/p>\n<p>O Papa concluiu sua catequese, convidando a colocar \u201ceste caminho de cura sob a prote\u00e7\u00e3o da Virgem Maria, Nossa Senhora da Sa\u00fade. Ela, que carregou Jesus no seu ventre, nos ajude a ser confiantes. Animados pelo Esp\u00edrito Santo, podemos trabalhar juntos para o Reino de Deus que Cristo inaugurou neste mundo, vindo entre n\u00f3s. Um reino de luz no meio das trevas, de justi\u00e7a no meio de tantos ultrajes, de alegria no meio de tanta dor, de cura e salva\u00e7\u00e3o no meio da doen\u00e7a e da morte. Deus nos conceda \u201cviralizar\u201d o amor e globalizar a esperan\u00e7a \u00e0 luz da f\u00e9\u201d.<\/p>\n<p>Nas pegadas de S\u00e3o Jer\u00f4nimo<br \/>\nAp\u00f3s a catequese, o Pont\u00edfice lembrou que hoje assinou a Carta Apost\u00f3lica \u00ab<em>Sacrae Scripturae affectus<\/em>\u00bb, no 16\u00ba centen\u00e1rio da morte de S\u00e3o Jer\u00f4nimo. \u201cQue o exemplo deste grande doutor e Padre da Igreja, que colocou a B\u00edblia no centro de sua vida, desperte em todos um amor renovado pela Sagrada Escritura e o desejo de viver em di\u00e1logo pessoal com a Palavra de Deus\u201d.<\/p>\n<hr \/>\n<p><em>Fonte: Vatican News (texto de Mariangela Jaguraba)<\/em><\/p>\n","protected":false},"excerpt":{"rendered":"<p>Audi\u00eancia Geral<\/p>\n","protected":false},"author":3,"featured_media":228533,"comment_status":"open","ping_status":"open","sticky":false,"template":"","format":"standard","meta":[],"categories":[1428],"tags":[487],"acf":[],"yoast_head":"<!-- This site is optimized with the Yoast SEO plugin v19.2 - https:\/\/yoast.com\/wordpress\/plugins\/seo\/ -->\n<title>Papa: &quot;Na normalidade do Reino de Deus o p\u00e3o chega a todos&quot; - Not\u00edcias - Franciscanos<\/title>\n<meta name=\"robots\" content=\"index, follow, max-snippet:-1, max-image-preview:large, max-video-preview:-1\" \/>\n<link rel=\"canonical\" href=\"https:\/\/franciscanos.org.br\/noticias\/papa-na-normalidade-do-reino-de-deus-o-pao-chega-a-todos.html\" \/>\n<meta property=\"og:locale\" content=\"pt_BR\" \/>\n<meta property=\"og:type\" content=\"article\" \/>\n<meta property=\"og:title\" content=\"Papa: &quot;Na normalidade do Reino de Deus o p\u00e3o chega a todos&quot; - Not\u00edcias - Franciscanos\" \/>\n<meta property=\"og:description\" content=\"Audi\u00eancia Geral\" \/>\n<meta property=\"og:url\" content=\"https:\/\/franciscanos.org.br\/noticias\/papa-na-normalidade-do-reino-de-deus-o-pao-chega-a-todos.html\" \/>\n<meta property=\"og:site_name\" content=\"Not\u00edcias - Franciscanos\" \/>\n<meta property=\"article:published_time\" content=\"2020-09-30T09:52:03+00:00\" \/>\n<meta property=\"og:image\" content=\"https:\/\/franciscanos.org.br\/noticias\/wp-content\/uploads\/2020\/09\/audiencia_3009d.jpg\" \/>\n\t<meta property=\"og:image:width\" content=\"790\" \/>\n\t<meta property=\"og:image:height\" content=\"593\" \/>\n\t<meta property=\"og:image:type\" content=\"image\/jpeg\" \/>\n<meta name=\"author\" content=\"moacir\" \/>\n<meta name=\"twitter:card\" content=\"summary_large_image\" \/>\n<meta name=\"twitter:label1\" content=\"Escrito por\" \/>\n\t<meta name=\"twitter:data1\" content=\"moacir\" \/>\n\t<meta name=\"twitter:label2\" content=\"Est. tempo de leitura\" \/>\n\t<meta name=\"twitter:data2\" content=\"7 minutos\" \/>\n<script type=\"application\/ld+json\" class=\"yoast-schema-graph\">{\"@context\":\"https:\/\/schema.org\",\"@graph\":[{\"@type\":\"WebSite\",\"@id\":\"https:\/\/franciscanos.org.br\/noticias\/#website\",\"url\":\"https:\/\/franciscanos.org.br\/noticias\/\",\"name\":\"Not\u00edcias - Franciscanos\",\"description\":\"Prov\u00edncia Franciscana da Imaculada Concei\u00e7\u00e3o do Brasil - Ordem dos Frades Menores - OFM\",\"potentialAction\":[{\"@type\":\"SearchAction\",\"target\":{\"@type\":\"EntryPoint\",\"urlTemplate\":\"https:\/\/franciscanos.org.br\/noticias\/?s={search_term_string}\"},\"query-input\":\"required name=search_term_string\"}],\"inLanguage\":\"pt-BR\"},{\"@type\":\"ImageObject\",\"inLanguage\":\"pt-BR\",\"@id\":\"https:\/\/franciscanos.org.br\/noticias\/papa-na-normalidade-do-reino-de-deus-o-pao-chega-a-todos.html#primaryimage\",\"url\":\"https:\/\/franciscanos.org.br\/noticias\/wp-content\/uploads\/2020\/09\/audiencia_3009d.jpg\",\"contentUrl\":\"https:\/\/franciscanos.org.br\/noticias\/wp-content\/uploads\/2020\/09\/audiencia_3009d.jpg\",\"width\":790,\"height\":593},{\"@type\":\"WebPage\",\"@id\":\"https:\/\/franciscanos.org.br\/noticias\/papa-na-normalidade-do-reino-de-deus-o-pao-chega-a-todos.html#webpage\",\"url\":\"https:\/\/franciscanos.org.br\/noticias\/papa-na-normalidade-do-reino-de-deus-o-pao-chega-a-todos.html\",\"name\":\"Papa: \\\"Na normalidade do Reino de Deus o p\u00e3o chega a todos\\\" - Not\u00edcias - Franciscanos\",\"isPartOf\":{\"@id\":\"https:\/\/franciscanos.org.br\/noticias\/#website\"},\"primaryImageOfPage\":{\"@id\":\"https:\/\/franciscanos.org.br\/noticias\/papa-na-normalidade-do-reino-de-deus-o-pao-chega-a-todos.html#primaryimage\"},\"datePublished\":\"2020-09-30T09:52:03+00:00\",\"dateModified\":\"2020-09-30T09:52:03+00:00\",\"author\":{\"@id\":\"https:\/\/franciscanos.org.br\/noticias\/#\/schema\/person\/b5c8cba458c330ccff548b056e95a5d4\"},\"breadcrumb\":{\"@id\":\"https:\/\/franciscanos.org.br\/noticias\/papa-na-normalidade-do-reino-de-deus-o-pao-chega-a-todos.html#breadcrumb\"},\"inLanguage\":\"pt-BR\",\"potentialAction\":[{\"@type\":\"ReadAction\",\"target\":[\"https:\/\/franciscanos.org.br\/noticias\/papa-na-normalidade-do-reino-de-deus-o-pao-chega-a-todos.html\"]}]},{\"@type\":\"BreadcrumbList\",\"@id\":\"https:\/\/franciscanos.org.br\/noticias\/papa-na-normalidade-do-reino-de-deus-o-pao-chega-a-todos.html#breadcrumb\",\"itemListElement\":[{\"@type\":\"ListItem\",\"position\":1,\"name\":\"Home\",\"item\":\"https:\/\/franciscanos.org.br\/noticias\"},{\"@type\":\"ListItem\",\"position\":2,\"name\":\"Papa: &#8220;Na normalidade do Reino de Deus o p\u00e3o chega a todos&#8221;\"}]},{\"@type\":\"Person\",\"@id\":\"https:\/\/franciscanos.org.br\/noticias\/#\/schema\/person\/b5c8cba458c330ccff548b056e95a5d4\",\"name\":\"moacir\",\"image\":{\"@type\":\"ImageObject\",\"inLanguage\":\"pt-BR\",\"@id\":\"https:\/\/franciscanos.org.br\/noticias\/#\/schema\/person\/image\/\",\"url\":\"https:\/\/secure.gravatar.com\/avatar\/d08aa2ce4c8dd416d4479aa8536fcf64?s=96&d=mm&r=g\",\"contentUrl\":\"https:\/\/secure.gravatar.com\/avatar\/d08aa2ce4c8dd416d4479aa8536fcf64?s=96&d=mm&r=g\",\"caption\":\"moacir\"},\"url\":\"https:\/\/franciscanos.org.br\/noticias\/author\/moacir\"}]}<\/script>\n<!-- \/ Yoast SEO plugin. -->","yoast_head_json":{"title":"Papa: \"Na normalidade do Reino de Deus o p\u00e3o chega a todos\" - Not\u00edcias - Franciscanos","robots":{"index":"index","follow":"follow","max-snippet":"max-snippet:-1","max-image-preview":"max-image-preview:large","max-video-preview":"max-video-preview:-1"},"canonical":"https:\/\/franciscanos.org.br\/noticias\/papa-na-normalidade-do-reino-de-deus-o-pao-chega-a-todos.html","og_locale":"pt_BR","og_type":"article","og_title":"Papa: \"Na normalidade do Reino de Deus o p\u00e3o chega a todos\" - Not\u00edcias - Franciscanos","og_description":"Audi\u00eancia Geral","og_url":"https:\/\/franciscanos.org.br\/noticias\/papa-na-normalidade-do-reino-de-deus-o-pao-chega-a-todos.html","og_site_name":"Not\u00edcias - Franciscanos","article_published_time":"2020-09-30T09:52:03+00:00","og_image":[{"width":790,"height":593,"url":"https:\/\/franciscanos.org.br\/noticias\/wp-content\/uploads\/2020\/09\/audiencia_3009d.jpg","type":"image\/jpeg"}],"author":"moacir","twitter_card":"summary_large_image","twitter_misc":{"Escrito por":"moacir","Est. tempo de leitura":"7 minutos"},"schema":{"@context":"https:\/\/schema.org","@graph":[{"@type":"WebSite","@id":"https:\/\/franciscanos.org.br\/noticias\/#website","url":"https:\/\/franciscanos.org.br\/noticias\/","name":"Not\u00edcias - Franciscanos","description":"Prov\u00edncia Franciscana da Imaculada Concei\u00e7\u00e3o do Brasil - Ordem dos Frades Menores - OFM","potentialAction":[{"@type":"SearchAction","target":{"@type":"EntryPoint","urlTemplate":"https:\/\/franciscanos.org.br\/noticias\/?s={search_term_string}"},"query-input":"required name=search_term_string"}],"inLanguage":"pt-BR"},{"@type":"ImageObject","inLanguage":"pt-BR","@id":"https:\/\/franciscanos.org.br\/noticias\/papa-na-normalidade-do-reino-de-deus-o-pao-chega-a-todos.html#primaryimage","url":"https:\/\/franciscanos.org.br\/noticias\/wp-content\/uploads\/2020\/09\/audiencia_3009d.jpg","contentUrl":"https:\/\/franciscanos.org.br\/noticias\/wp-content\/uploads\/2020\/09\/audiencia_3009d.jpg","width":790,"height":593},{"@type":"WebPage","@id":"https:\/\/franciscanos.org.br\/noticias\/papa-na-normalidade-do-reino-de-deus-o-pao-chega-a-todos.html#webpage","url":"https:\/\/franciscanos.org.br\/noticias\/papa-na-normalidade-do-reino-de-deus-o-pao-chega-a-todos.html","name":"Papa: \"Na normalidade do Reino de Deus o p\u00e3o chega a todos\" - Not\u00edcias - Franciscanos","isPartOf":{"@id":"https:\/\/franciscanos.org.br\/noticias\/#website"},"primaryImageOfPage":{"@id":"https:\/\/franciscanos.org.br\/noticias\/papa-na-normalidade-do-reino-de-deus-o-pao-chega-a-todos.html#primaryimage"},"datePublished":"2020-09-30T09:52:03+00:00","dateModified":"2020-09-30T09:52:03+00:00","author":{"@id":"https:\/\/franciscanos.org.br\/noticias\/#\/schema\/person\/b5c8cba458c330ccff548b056e95a5d4"},"breadcrumb":{"@id":"https:\/\/franciscanos.org.br\/noticias\/papa-na-normalidade-do-reino-de-deus-o-pao-chega-a-todos.html#breadcrumb"},"inLanguage":"pt-BR","potentialAction":[{"@type":"ReadAction","target":["https:\/\/franciscanos.org.br\/noticias\/papa-na-normalidade-do-reino-de-deus-o-pao-chega-a-todos.html"]}]},{"@type":"BreadcrumbList","@id":"https:\/\/franciscanos.org.br\/noticias\/papa-na-normalidade-do-reino-de-deus-o-pao-chega-a-todos.html#breadcrumb","itemListElement":[{"@type":"ListItem","position":1,"name":"Home","item":"https:\/\/franciscanos.org.br\/noticias"},{"@type":"ListItem","position":2,"name":"Papa: &#8220;Na normalidade do Reino de Deus o p\u00e3o chega a todos&#8221;"}]},{"@type":"Person","@id":"https:\/\/franciscanos.org.br\/noticias\/#\/schema\/person\/b5c8cba458c330ccff548b056e95a5d4","name":"moacir","image":{"@type":"ImageObject","inLanguage":"pt-BR","@id":"https:\/\/franciscanos.org.br\/noticias\/#\/schema\/person\/image\/","url":"https:\/\/secure.gravatar.com\/avatar\/d08aa2ce4c8dd416d4479aa8536fcf64?s=96&d=mm&r=g","contentUrl":"https:\/\/secure.gravatar.com\/avatar\/d08aa2ce4c8dd416d4479aa8536fcf64?s=96&d=mm&r=g","caption":"moacir"},"url":"https:\/\/franciscanos.org.br\/noticias\/author\/moacir"}]}},"_links":{"self":[{"href":"https:\/\/franciscanos.org.br\/noticias\/wp-json\/wp\/v2\/posts\/228530"}],"collection":[{"href":"https:\/\/franciscanos.org.br\/noticias\/wp-json\/wp\/v2\/posts"}],"about":[{"href":"https:\/\/franciscanos.org.br\/noticias\/wp-json\/wp\/v2\/types\/post"}],"author":[{"embeddable":true,"href":"https:\/\/franciscanos.org.br\/noticias\/wp-json\/wp\/v2\/users\/3"}],"replies":[{"embeddable":true,"href":"https:\/\/franciscanos.org.br\/noticias\/wp-json\/wp\/v2\/comments?post=228530"}],"version-history":[{"count":1,"href":"https:\/\/franciscanos.org.br\/noticias\/wp-json\/wp\/v2\/posts\/228530\/revisions"}],"predecessor-version":[{"id":228534,"href":"https:\/\/franciscanos.org.br\/noticias\/wp-json\/wp\/v2\/posts\/228530\/revisions\/228534"}],"wp:featuredmedia":[{"embeddable":true,"href":"https:\/\/franciscanos.org.br\/noticias\/wp-json\/wp\/v2\/media\/228533"}],"wp:attachment":[{"href":"https:\/\/franciscanos.org.br\/noticias\/wp-json\/wp\/v2\/media?parent=228530"}],"wp:term":[{"taxonomy":"category","embeddable":true,"href":"https:\/\/franciscanos.org.br\/noticias\/wp-json\/wp\/v2\/categories?post=228530"},{"taxonomy":"post_tag","embeddable":true,"href":"https:\/\/franciscanos.org.br\/noticias\/wp-json\/wp\/v2\/tags?post=228530"}],"curies":[{"name":"wp","href":"https:\/\/api.w.org\/{rel}","templated":true}]}}