{"id":228517,"date":"2020-09-29T16:58:48","date_gmt":"2020-09-29T19:58:48","guid":{"rendered":"https:\/\/franciscanos.org.br\/noticias\/?p=228517"},"modified":"2021-04-19T22:36:02","modified_gmt":"2021-04-20T01:36:02","slug":"frei-clarencio-aos-alunos-de-teologia-nao-necessitamos-de-meios-de-comunicacao-mas-de-comunicacao","status":"publish","type":"post","link":"https:\/\/franciscanos.org.br\/noticias\/frei-clarencio-aos-alunos-de-teologia-nao-necessitamos-de-meios-de-comunicacao-mas-de-comunicacao.html","title":{"rendered":"Frei Clar\u00eancio aos alunos de Teologia: &#8220;N\u00e3o necessitamos de meios de comunica\u00e7\u00e3o, mas de comunica\u00e7\u00e3o&#8221;"},"content":{"rendered":"<p><img loading=\"lazy\" class=\"size-full wp-image-228518 alignnone\" src=\"https:\/\/franciscanos.org.br\/noticias\/wp-content\/uploads\/2020\/09\/aula_02.jpg\" alt=\"\" width=\"960\" height=\"725\" srcset=\"https:\/\/franciscanos.org.br\/noticias\/wp-content\/uploads\/2020\/09\/aula_02.jpg 960w, https:\/\/franciscanos.org.br\/noticias\/wp-content\/uploads\/2020\/09\/aula_02-450x340.jpg 450w, https:\/\/franciscanos.org.br\/noticias\/wp-content\/uploads\/2020\/09\/aula_02-768x580.jpg 768w, https:\/\/franciscanos.org.br\/noticias\/wp-content\/uploads\/2020\/09\/aula_02-150x113.jpg 150w\" sizes=\"(max-width: 960px) 100vw, 960px\" \/><\/p>\n<p>Os alunos do primeiro ano do curso de Teologia do Instituto Teol\u00f3gico Franciscano (ITF, de Petr\u00f3polis (RJ), tiveram o privil\u00e9gio de ouvir o jornalista e escritor Frei Clar\u00eancio Neotti durante aula, nesta ter\u00e7a-feira (29\/9), da disciplina &#8220;Comunica\u00e7\u00e3o na Pastoral&#8221;, a convite do professor Frei Gustavo Medella, que \u00e9 o Vig\u00e1rio Provincial da Prov\u00edncia da Imaculada Concei\u00e7\u00e3o.<\/p>\n<p>Frei Clar\u00eancio, que reside em Vila Velha (ES), onde \u00e9 Vig\u00e1rio Paroquial no Santu\u00e1rio do Divino Esp\u00edrito Santo, estreou numa sala de aula on-line neste tempo de pandemia (ele foi professor de Comunica\u00e7\u00e3o e Teologia Pastoral no ITF de 1970-1986). Como lembrou Frei Medella, Frei Clar\u00eancio \u00e9 um especialista e profundo conhecedor da tem\u00e1tica da comunica\u00e7\u00e3o. &#8220;Posso dizer que ele viveu na pr\u00e1tica todos os desdobramentos desses documentos eclesiais que n\u00f3s estudamos anteriormente&#8221;, disse o professor, referindo aos documentos &#8220;Inter mirifica&#8221; (1963), do Conc\u00edlio Vaticano II, e &#8220;Communio et progressio&#8221; (1971), de Paulo VI.<\/p>\n<p>Frei Medella lembrou que Frei Clar\u00eancio trabalhou na CNBB, esteve a servi\u00e7o da Ordem dos Frades Menores, em Roma, formou gera\u00e7\u00f5es de professores, fundou e participou de entidades da comunica\u00e7\u00e3o. Tem publica\u00e7\u00f5es nessa \u00e1rea, como &#8220;Comunica\u00e7\u00e3o, um estudo cr\u00edtico&#8221;, &#8220;Comunica\u00e7\u00e3o e consci\u00eancia cr\u00edtica&#8221;, &#8220;Comunica\u00e7\u00e3o e ideologia&#8221;, al\u00e9m de outras obras de natureza lit\u00fargica e pastoral, como a biografia de Frei Bruno Linden, o frade em processo de beatifica\u00e7\u00e3o. Grande parte dessa experi\u00eancia nos campos da evangeliza\u00e7\u00e3o e da comunica\u00e7\u00e3o est\u00e1 reunida em seis volumes com o t\u00edtulo &#8220;Ribeir\u00e3o Grande &#8211; Vi, Vivi, Vivenciei&#8221;. Frei Clar\u00eancio informa que essas notas biogr\u00e1ficas j\u00e1 est\u00e3o no 10\u00ba volume.<\/p>\n<p>Frei Clar\u00eancio destacou para os alunos que \u00e9 importante diferenciar &#8220;comunica\u00e7\u00e3o de meios de comunica\u00e7\u00e3o&#8221;, pois trata-se de uma diferen\u00e7a fundamental. &#8220;Como franciscanos, n\u00f3s necessitamos da comunica\u00e7\u00e3o, n\u00e3o dos meios de comunica\u00e7\u00e3o. A comunica\u00e7\u00e3o \u00e9 evangeliza\u00e7\u00e3o. O meio n\u00e3o precisa ser evangelizado. A comunica\u00e7\u00e3o \u00e9 parte integrante do nosso carisma franciscano. Os meios n\u00e3o. E evangelho significa comunica\u00e7\u00e3o, porque \u00e9 a Boa Nova. Jesus n\u00e3o teve os meios que n\u00f3s tivemos e \u00e9 o grande comunicador. S\u00e3o Francisco de Assis n\u00e3o teve os meios que n\u00f3s tivemos e \u00e9 um modelo de comunicador&#8221;, explicou.<\/p>\n<p>Para o frade, a comunica\u00e7\u00e3o deve levar \u00e0 comunh\u00e3o. &#8220;Ali\u00e1s, em latim, <em>communicatio,<\/em> significa comunh\u00e3o e comunica\u00e7\u00e3o. \u00c9 a mesma palavra. Isso tem uma import\u00e2ncia muito grande. Toda comunica\u00e7\u00e3o deve me levar \u00e0 comunh\u00e3o. Os nossos meios nem sempre nos levam \u00e0 comunh\u00e3o&#8221;, refor\u00e7ou, frisando que devemos desenvolver a verdadeira comunica\u00e7\u00e3o. &#8220;Jesus, repito, \u00e9 o verdadeiro modelo de comunicador, sobretudo naquela p\u00e1gina da samaritana, que \u00e9 excepcional. E a condi\u00e7\u00e3o b\u00e1sica da comunica\u00e7\u00e3o \u00e9 o respeito e a aceita\u00e7\u00e3o da outra pessoa. Respeito e aceita\u00e7\u00e3o da outra pessoa, sem isso n\u00e3o temos fraternidade. Sem fraternidade, n\u00e3o existe carisma franciscano. Se o carisma franciscano s\u00f3 existe na fraternidade, a comunica\u00e7\u00e3o \u00e9 condi\u00e7\u00e3o da vida franciscana. Volto a dizer, S\u00e3o Francisco \u00e9 um modelo de grande comunicador&#8221;, ressaltou.<\/p>\n<p><img loading=\"lazy\" class=\"alignleft size-full wp-image-228519\" src=\"https:\/\/franciscanos.org.br\/noticias\/wp-content\/uploads\/2020\/09\/aula_01.jpg\" alt=\"\" width=\"500\" height=\"547\" srcset=\"https:\/\/franciscanos.org.br\/noticias\/wp-content\/uploads\/2020\/09\/aula_01.jpg 500w, https:\/\/franciscanos.org.br\/noticias\/wp-content\/uploads\/2020\/09\/aula_01-411x450.jpg 411w, https:\/\/franciscanos.org.br\/noticias\/wp-content\/uploads\/2020\/09\/aula_01-150x164.jpg 150w\" sizes=\"(max-width: 500px) 100vw, 500px\" \/>&#8220;Tudo o que ajuda a comunica\u00e7\u00e3o, eu chamo de meios,\u00a0 da m\u00fasica \u00e0 dan\u00e7a, do teatro ao jornal, at\u00e9 \u00e0 imprensa&#8221;, disse, lembrando que outros meios nasceram durante a hist\u00f3ria: r\u00e1dio, cinema, televis\u00e3o. &#8220;Voc\u00eas est\u00e3o pegando outros meios de comunica\u00e7\u00e3o bem diferentes, por\u00e9m esses meios que voc\u00eas t\u00eam hoje n\u00e3o se podia sequer imaginar h\u00e1 20 anos, 30 anos&#8221;, observou. Esses meios t\u00eam duas ra\u00edzes, segundo o frade: a eletricidade, pelos anos 1870; e a segunda grande descoberta que possibilitou esse desenvolvimento fant\u00e1stico da comunica\u00e7\u00e3o, que foi o transistor, em 1968 (<em>os transistores s\u00e3o como blocos fundamentais na constru\u00e7\u00e3o de todos os dispositivos eletr\u00f4nicos modernos, sendo usados em chips de computadores e smartphones, por exemplo<\/em>). &#8220;Ningu\u00e9m de voc\u00eas era nascido, mas eu j\u00e1 era padre. Eu me lembro t\u00e3o bem quando se come\u00e7ou a falar disso. Todos os jornais comentando. Foi t\u00e3o fundamental que, j\u00e1 um ano depois, o homem chegou \u00e0 lua, em 1969&#8221;, recordou.<\/p>\n<p>Essa descoberta levou a tr\u00eas grandes consequ\u00eancias: a ida do homem \u00e0 lua; &#8220;a maldita guerra do Golfo, em 1990, em que os americanos massacraram Saddam Hussein e outras autoridades \u00e1rabes por causa do petr\u00f3leo. Essa foi guerra foi midi\u00e1tica&#8221;; e a terceira, o desenvolvimento do telefone celular e dos computadores. &#8220;Vejam como os meios v\u00e3o se modificando. A comunica\u00e7\u00e3o, n\u00e3o&#8221;, emendou.<\/p>\n<p>Neste trabalho evangelizador, Frei Clar\u00eancio imprimiu novo f\u00f4lego \u00e0 Revista de Cultura Vozes, em sintonia com a gest\u00e3o de Frei Ludovico Gomes de Castro \u00e0 frente da Editora. &#8220;Quando eu entrei na Vozes em 1966, recebi uma incumb\u00eancia do meu Provincial de transformar a Revista, que tinha uma linha conservadora, numa revista portadora dos valores do Conc\u00edlio Vaticano II, que terminara em dezembro de 1965&#8221;, explicou o frade.<\/p>\n<p>&#8220;Na Vozes, eu comecei tamb\u00e9m uma cole\u00e7\u00e3o de livros de comunica\u00e7\u00e3o. N\u00e3o s\u00e3o esses que Frei Medella mostrou<em> (no in\u00edcio da mat\u00e9ria).<\/em> Eu entrei em contato com a USP (Universidade de S\u00e3o Paulo) e l\u00e1 estava um professor jovem chamado Jos\u00e9 Marques de Melo. Com ele, fizemos mais de 100 reuni\u00f5es e montamos v\u00e1rios livros de comunica\u00e7\u00e3o <em>para que a comunica\u00e7\u00e3o fosse de fato comunica\u00e7\u00e3o e n\u00e3o apenas informa\u00e7\u00e3o<\/em>&#8220;, contou o frade, que trabalhou na Editora Vozes por 21 anos como redator.<\/p>\n<p>Em 1969, participou da funda\u00e7\u00e3o Uni\u00e3o Crist\u00e3 Brasileira de Comunica\u00e7\u00e3o (UCBC), entidade que presidiu por dois tri\u00eanios seguidos. &#8220;Observe que era em plena ditadura, onde n\u00e3o se podiam fazer reuni\u00f5es p\u00fablicas, semin\u00e1rios, congressos, tudo era controlado pela ditadura. E a gente criou isso, foi crescendo devagarinho, e n\u00f3s conseguimos montar v\u00e1rios congressos nacionais, reunindo professores e alunos, sobretudo das faculdades nascentes de comunica\u00e7\u00e3o. E sendo nascente, todo mundo estava curioso das novidades que poderiam conhecer&#8221;, disse. Do territ\u00f3rio nacional, Frei Clar\u00eancio passou pela Am\u00e9rica Latina, presidindo por tr\u00eas tri\u00eanios seguidos a Uni\u00e3o Cat\u00f3lica Latino-Americana de Imprensa. Ele foi vice-presidente da Uni\u00e3o Cat\u00f3lica Internacional de Imprensa, da qual hoje \u00e9 Membro de Honra.<\/p>\n<p>Segundo ele, a UCBC ajudou a compreender o processo de comunica\u00e7\u00e3o dentro da Igreja. Mas nem sempre foi f\u00e1cil. &#8220;O jornalista cat\u00f3lico s\u00f3 \u00e9 respeitado pelo bispo quando ele serve \u00e0 C\u00faria. N\u00e3o \u00e9 respeitado como um profissional independentemente do pensamento curial. \u00c9 uma tristeza isso. E a Igreja, pelo que vejo, at\u00e9 hoje n\u00e3o superou isso&#8221;, denuncia.<\/p>\n<p>Na CNBB, n\u00e3o faltaram desafios. &#8220;Em 11 de outubro 1979, o bispo respons\u00e1vel pelas Comunica\u00e7\u00f5es da CNBB me escreveu uma carta, manuscrita, convidando-me para refletir como os comunicadores leigos poderiam ajudar a CNBB nesse campo. Eu montei de imediato um grupo de 11 pessoas, em que estavam gente da USP, da PUC-RJ, de universidades dos estados de MG, RS e PE&#8221;.<\/p>\n<p>O trabalho na Am\u00e9rica Latina o levou para Roma, onde fundou o Departamento de Comunica\u00e7\u00e3o e Informa\u00e7\u00e3o da Ordem dos Frades Menores e tamb\u00e9m fundou a Uni\u00e3o dos Editores Franciscanos. &#8220;T\u00ednhamos v\u00e1rios editores, mas hoje todos est\u00e3o em crise. N\u00e3o \u00e9 culpa de administra\u00e7\u00e3o, mas estamos em outra era&#8221;, acredita Frei Clar\u00eancio, que s\u00f3 voltou para o Brasil em 2003.<\/p>\n<p>Respondendo sobre o modo de comunicar do Papa Francisco, Frei Clar\u00eancio destacou duas grandes qualidades de comunica\u00e7\u00e3o. &#8220;Quando ele fala em &#8216;Igreja em sa\u00edda&#8217;, na verdade fala &#8216;Igreja do Encontro&#8217;.\u00a0 O que fala \u00e9 sobre a acolhida. Eu saio ao encontro da pessoa. Esse encontro gera comunica\u00e7\u00e3o&#8221;, disse.<\/p>\n<p>&#8220;O Papa Francisco tem o grande m\u00e9rito de aproximar as pessoas&#8221;, enfatizou, lembrando que Francisco sempre alerta contra as fofocas, t\u00e3o em moda hoje com as <em>fake-news.\u00a0 <\/em>&#8220;A comunica\u00e7\u00e3o exige um grande respeito para com a outra pessoa, para o jeito de ser da outra pessoa, o jeito de outra pessoa rezar, de se relacionar com Deus&#8221;, insistiu.<\/p>\n<p>Frei Felipe Carretta perguntou a Frei Clar\u00eancio o que achava da Pascom (Pastoral da Comunica\u00e7\u00e3o). &#8220;Eu vejo a Pascom paroquial demais. Ela tem sua raz\u00e3o de ser, agora depende de qual \u00e9 o sentido dela dentro da par\u00f3quia. Eu posso me preocupar com o v\u00eddeo da festa da par\u00f3quia, mas isso n\u00e3o basta. Eu queria crist\u00e3os na comunica\u00e7\u00e3o; eu queria leigos que trabalham na comunica\u00e7\u00e3o. Eu n\u00e3o sou favor\u00e1vel a uma imprensa cat\u00f3lica, uma r\u00e1dio cat\u00f3lica, uma televis\u00e3o cat\u00f3lica, sei l\u00e1 o qu\u00ea. Olha, gente! Essa ideia \u00e9 velha! Eu quero cat\u00f3licos na imprensa, eu quero cat\u00f3licos na televis\u00e3o. Nossa presen\u00e7a deveria ser mais marcante como crist\u00e3os. N\u00f3s dever\u00edamos ser fermento na massa, como diz Jesus. N\u00e3o importa qual \u00e9 o ve\u00edculo de comunica\u00e7\u00e3o&#8221;, respondeu Frei Clar\u00eancio.<\/p>\n<p>Respondendo a outra pergunta sobre os &#8220;padres medi\u00e1ticos&#8221;, contou que eles t\u00eam origem no pentecostalismo norte-americano.\u00a0 &#8220;N\u00e3o \u00e9 minha religi\u00e3o, mas tudo bem. Se voc\u00ea fizesse essa pergunta para o povo, teria gente que apoia e gente que n\u00e3o suporta. Gente que acha ser exibicionismo. Se s\u00e3o meios, s\u00e3o meios. Mas se conseguem comunicar a verdadeira comunica\u00e7\u00e3o, n\u00e3o vejo por que n\u00e3o. Agora, n\u00e3o fiquem s\u00f3 padres medi\u00e1ticos, por favor. A nossa religi\u00e3o n\u00e3o \u00e9 medi\u00e1tica, mas \u00e9 do nosso cora\u00e7\u00e3o&#8221;, completou.<\/p>\n<p>Frei Medella agradeceu a disponibilidade de Frei Clar\u00eancio. &#8220;Eu quero agradec\u00ea-lo pela generosidade em partilhar essa caminhada t\u00e3o fecunda para a vida da Igreja e que \u00e9 o centro das nossas reflex\u00f5es. Certamente, serve de est\u00edmulo, de base, para prosseguirmos nossa caminhada nesta disciplina&#8221;, indicou o Vig\u00e1rio Provincial.<\/p>\n<hr \/>\n<p><em>Moacir Beggo<\/em><\/p>\n","protected":false},"excerpt":{"rendered":"<p>Instituto Teol\u00f3gico Franciscano<\/p>\n","protected":false},"author":3,"featured_media":228520,"comment_status":"open","ping_status":"open","sticky":false,"template":"","format":"standard","meta":[],"categories":[1],"tags":[189,190],"acf":[],"yoast_head":"<!-- This site is optimized with the Yoast SEO plugin v19.2 - https:\/\/yoast.com\/wordpress\/plugins\/seo\/ -->\n<title>Frei Clar\u00eancio aos alunos de Teologia: &quot;N\u00e3o necessitamos de meios de comunica\u00e7\u00e3o, mas de comunica\u00e7\u00e3o&quot; - Not\u00edcias - Franciscanos<\/title>\n<meta name=\"robots\" content=\"index, follow, max-snippet:-1, max-image-preview:large, max-video-preview:-1\" \/>\n<link rel=\"canonical\" href=\"https:\/\/franciscanos.org.br\/noticias\/frei-clarencio-aos-alunos-de-teologia-nao-necessitamos-de-meios-de-comunicacao-mas-de-comunicacao.html\" \/>\n<meta property=\"og:locale\" content=\"pt_BR\" \/>\n<meta property=\"og:type\" content=\"article\" \/>\n<meta property=\"og:title\" content=\"Frei Clar\u00eancio aos alunos de Teologia: &quot;N\u00e3o necessitamos de meios de comunica\u00e7\u00e3o, mas de comunica\u00e7\u00e3o&quot; - Not\u00edcias - Franciscanos\" \/>\n<meta property=\"og:description\" content=\"Instituto Teol\u00f3gico Franciscano\" \/>\n<meta property=\"og:url\" content=\"https:\/\/franciscanos.org.br\/noticias\/frei-clarencio-aos-alunos-de-teologia-nao-necessitamos-de-meios-de-comunicacao-mas-de-comunicacao.html\" \/>\n<meta property=\"og:site_name\" content=\"Not\u00edcias - Franciscanos\" \/>\n<meta property=\"article:published_time\" content=\"2020-09-29T19:58:48+00:00\" \/>\n<meta property=\"article:modified_time\" content=\"2021-04-20T01:36:02+00:00\" \/>\n<meta property=\"og:image\" content=\"https:\/\/franciscanos.org.br\/noticias\/wp-content\/uploads\/2020\/09\/aula_02d.jpg\" \/>\n\t<meta property=\"og:image:width\" content=\"800\" \/>\n\t<meta property=\"og:image:height\" content=\"600\" \/>\n\t<meta property=\"og:image:type\" content=\"image\/jpeg\" \/>\n<meta name=\"author\" content=\"moacir\" \/>\n<meta name=\"twitter:card\" content=\"summary_large_image\" \/>\n<meta name=\"twitter:label1\" content=\"Escrito por\" \/>\n\t<meta name=\"twitter:data1\" content=\"moacir\" \/>\n\t<meta name=\"twitter:label2\" content=\"Est. tempo de leitura\" \/>\n\t<meta name=\"twitter:data2\" content=\"8 minutos\" \/>\n<script type=\"application\/ld+json\" class=\"yoast-schema-graph\">{\"@context\":\"https:\/\/schema.org\",\"@graph\":[{\"@type\":\"WebSite\",\"@id\":\"https:\/\/franciscanos.org.br\/noticias\/#website\",\"url\":\"https:\/\/franciscanos.org.br\/noticias\/\",\"name\":\"Not\u00edcias - Franciscanos\",\"description\":\"Prov\u00edncia Franciscana da Imaculada Concei\u00e7\u00e3o do Brasil - Ordem dos Frades Menores - OFM\",\"potentialAction\":[{\"@type\":\"SearchAction\",\"target\":{\"@type\":\"EntryPoint\",\"urlTemplate\":\"https:\/\/franciscanos.org.br\/noticias\/?s={search_term_string}\"},\"query-input\":\"required name=search_term_string\"}],\"inLanguage\":\"pt-BR\"},{\"@type\":\"ImageObject\",\"inLanguage\":\"pt-BR\",\"@id\":\"https:\/\/franciscanos.org.br\/noticias\/frei-clarencio-aos-alunos-de-teologia-nao-necessitamos-de-meios-de-comunicacao-mas-de-comunicacao.html#primaryimage\",\"url\":\"https:\/\/franciscanos.org.br\/noticias\/wp-content\/uploads\/2020\/09\/aula_02d.jpg\",\"contentUrl\":\"https:\/\/franciscanos.org.br\/noticias\/wp-content\/uploads\/2020\/09\/aula_02d.jpg\",\"width\":800,\"height\":600},{\"@type\":\"WebPage\",\"@id\":\"https:\/\/franciscanos.org.br\/noticias\/frei-clarencio-aos-alunos-de-teologia-nao-necessitamos-de-meios-de-comunicacao-mas-de-comunicacao.html#webpage\",\"url\":\"https:\/\/franciscanos.org.br\/noticias\/frei-clarencio-aos-alunos-de-teologia-nao-necessitamos-de-meios-de-comunicacao-mas-de-comunicacao.html\",\"name\":\"Frei Clar\u00eancio aos alunos de Teologia: \\\"N\u00e3o necessitamos de meios de comunica\u00e7\u00e3o, mas de comunica\u00e7\u00e3o\\\" - Not\u00edcias - Franciscanos\",\"isPartOf\":{\"@id\":\"https:\/\/franciscanos.org.br\/noticias\/#website\"},\"primaryImageOfPage\":{\"@id\":\"https:\/\/franciscanos.org.br\/noticias\/frei-clarencio-aos-alunos-de-teologia-nao-necessitamos-de-meios-de-comunicacao-mas-de-comunicacao.html#primaryimage\"},\"datePublished\":\"2020-09-29T19:58:48+00:00\",\"dateModified\":\"2021-04-20T01:36:02+00:00\",\"author\":{\"@id\":\"https:\/\/franciscanos.org.br\/noticias\/#\/schema\/person\/b5c8cba458c330ccff548b056e95a5d4\"},\"breadcrumb\":{\"@id\":\"https:\/\/franciscanos.org.br\/noticias\/frei-clarencio-aos-alunos-de-teologia-nao-necessitamos-de-meios-de-comunicacao-mas-de-comunicacao.html#breadcrumb\"},\"inLanguage\":\"pt-BR\",\"potentialAction\":[{\"@type\":\"ReadAction\",\"target\":[\"https:\/\/franciscanos.org.br\/noticias\/frei-clarencio-aos-alunos-de-teologia-nao-necessitamos-de-meios-de-comunicacao-mas-de-comunicacao.html\"]}]},{\"@type\":\"BreadcrumbList\",\"@id\":\"https:\/\/franciscanos.org.br\/noticias\/frei-clarencio-aos-alunos-de-teologia-nao-necessitamos-de-meios-de-comunicacao-mas-de-comunicacao.html#breadcrumb\",\"itemListElement\":[{\"@type\":\"ListItem\",\"position\":1,\"name\":\"Home\",\"item\":\"https:\/\/franciscanos.org.br\/noticias\"},{\"@type\":\"ListItem\",\"position\":2,\"name\":\"Frei Clar\u00eancio aos alunos de Teologia: &#8220;N\u00e3o necessitamos de meios de comunica\u00e7\u00e3o, mas de comunica\u00e7\u00e3o&#8221;\"}]},{\"@type\":\"Person\",\"@id\":\"https:\/\/franciscanos.org.br\/noticias\/#\/schema\/person\/b5c8cba458c330ccff548b056e95a5d4\",\"name\":\"moacir\",\"image\":{\"@type\":\"ImageObject\",\"inLanguage\":\"pt-BR\",\"@id\":\"https:\/\/franciscanos.org.br\/noticias\/#\/schema\/person\/image\/\",\"url\":\"https:\/\/secure.gravatar.com\/avatar\/d08aa2ce4c8dd416d4479aa8536fcf64?s=96&d=mm&r=g\",\"contentUrl\":\"https:\/\/secure.gravatar.com\/avatar\/d08aa2ce4c8dd416d4479aa8536fcf64?s=96&d=mm&r=g\",\"caption\":\"moacir\"},\"url\":\"https:\/\/franciscanos.org.br\/noticias\/author\/moacir\"}]}<\/script>\n<!-- \/ Yoast SEO plugin. -->","yoast_head_json":{"title":"Frei Clar\u00eancio aos alunos de Teologia: \"N\u00e3o necessitamos de meios de comunica\u00e7\u00e3o, mas de comunica\u00e7\u00e3o\" - Not\u00edcias - Franciscanos","robots":{"index":"index","follow":"follow","max-snippet":"max-snippet:-1","max-image-preview":"max-image-preview:large","max-video-preview":"max-video-preview:-1"},"canonical":"https:\/\/franciscanos.org.br\/noticias\/frei-clarencio-aos-alunos-de-teologia-nao-necessitamos-de-meios-de-comunicacao-mas-de-comunicacao.html","og_locale":"pt_BR","og_type":"article","og_title":"Frei Clar\u00eancio aos alunos de Teologia: \"N\u00e3o necessitamos de meios de comunica\u00e7\u00e3o, mas de comunica\u00e7\u00e3o\" - Not\u00edcias - Franciscanos","og_description":"Instituto Teol\u00f3gico Franciscano","og_url":"https:\/\/franciscanos.org.br\/noticias\/frei-clarencio-aos-alunos-de-teologia-nao-necessitamos-de-meios-de-comunicacao-mas-de-comunicacao.html","og_site_name":"Not\u00edcias - Franciscanos","article_published_time":"2020-09-29T19:58:48+00:00","article_modified_time":"2021-04-20T01:36:02+00:00","og_image":[{"width":800,"height":600,"url":"https:\/\/franciscanos.org.br\/noticias\/wp-content\/uploads\/2020\/09\/aula_02d.jpg","type":"image\/jpeg"}],"author":"moacir","twitter_card":"summary_large_image","twitter_misc":{"Escrito por":"moacir","Est. tempo de leitura":"8 minutos"},"schema":{"@context":"https:\/\/schema.org","@graph":[{"@type":"WebSite","@id":"https:\/\/franciscanos.org.br\/noticias\/#website","url":"https:\/\/franciscanos.org.br\/noticias\/","name":"Not\u00edcias - Franciscanos","description":"Prov\u00edncia Franciscana da Imaculada Concei\u00e7\u00e3o do Brasil - Ordem dos Frades Menores - OFM","potentialAction":[{"@type":"SearchAction","target":{"@type":"EntryPoint","urlTemplate":"https:\/\/franciscanos.org.br\/noticias\/?s={search_term_string}"},"query-input":"required name=search_term_string"}],"inLanguage":"pt-BR"},{"@type":"ImageObject","inLanguage":"pt-BR","@id":"https:\/\/franciscanos.org.br\/noticias\/frei-clarencio-aos-alunos-de-teologia-nao-necessitamos-de-meios-de-comunicacao-mas-de-comunicacao.html#primaryimage","url":"https:\/\/franciscanos.org.br\/noticias\/wp-content\/uploads\/2020\/09\/aula_02d.jpg","contentUrl":"https:\/\/franciscanos.org.br\/noticias\/wp-content\/uploads\/2020\/09\/aula_02d.jpg","width":800,"height":600},{"@type":"WebPage","@id":"https:\/\/franciscanos.org.br\/noticias\/frei-clarencio-aos-alunos-de-teologia-nao-necessitamos-de-meios-de-comunicacao-mas-de-comunicacao.html#webpage","url":"https:\/\/franciscanos.org.br\/noticias\/frei-clarencio-aos-alunos-de-teologia-nao-necessitamos-de-meios-de-comunicacao-mas-de-comunicacao.html","name":"Frei Clar\u00eancio aos alunos de Teologia: \"N\u00e3o necessitamos de meios de comunica\u00e7\u00e3o, mas de comunica\u00e7\u00e3o\" - Not\u00edcias - Franciscanos","isPartOf":{"@id":"https:\/\/franciscanos.org.br\/noticias\/#website"},"primaryImageOfPage":{"@id":"https:\/\/franciscanos.org.br\/noticias\/frei-clarencio-aos-alunos-de-teologia-nao-necessitamos-de-meios-de-comunicacao-mas-de-comunicacao.html#primaryimage"},"datePublished":"2020-09-29T19:58:48+00:00","dateModified":"2021-04-20T01:36:02+00:00","author":{"@id":"https:\/\/franciscanos.org.br\/noticias\/#\/schema\/person\/b5c8cba458c330ccff548b056e95a5d4"},"breadcrumb":{"@id":"https:\/\/franciscanos.org.br\/noticias\/frei-clarencio-aos-alunos-de-teologia-nao-necessitamos-de-meios-de-comunicacao-mas-de-comunicacao.html#breadcrumb"},"inLanguage":"pt-BR","potentialAction":[{"@type":"ReadAction","target":["https:\/\/franciscanos.org.br\/noticias\/frei-clarencio-aos-alunos-de-teologia-nao-necessitamos-de-meios-de-comunicacao-mas-de-comunicacao.html"]}]},{"@type":"BreadcrumbList","@id":"https:\/\/franciscanos.org.br\/noticias\/frei-clarencio-aos-alunos-de-teologia-nao-necessitamos-de-meios-de-comunicacao-mas-de-comunicacao.html#breadcrumb","itemListElement":[{"@type":"ListItem","position":1,"name":"Home","item":"https:\/\/franciscanos.org.br\/noticias"},{"@type":"ListItem","position":2,"name":"Frei Clar\u00eancio aos alunos de Teologia: &#8220;N\u00e3o necessitamos de meios de comunica\u00e7\u00e3o, mas de comunica\u00e7\u00e3o&#8221;"}]},{"@type":"Person","@id":"https:\/\/franciscanos.org.br\/noticias\/#\/schema\/person\/b5c8cba458c330ccff548b056e95a5d4","name":"moacir","image":{"@type":"ImageObject","inLanguage":"pt-BR","@id":"https:\/\/franciscanos.org.br\/noticias\/#\/schema\/person\/image\/","url":"https:\/\/secure.gravatar.com\/avatar\/d08aa2ce4c8dd416d4479aa8536fcf64?s=96&d=mm&r=g","contentUrl":"https:\/\/secure.gravatar.com\/avatar\/d08aa2ce4c8dd416d4479aa8536fcf64?s=96&d=mm&r=g","caption":"moacir"},"url":"https:\/\/franciscanos.org.br\/noticias\/author\/moacir"}]}},"_links":{"self":[{"href":"https:\/\/franciscanos.org.br\/noticias\/wp-json\/wp\/v2\/posts\/228517"}],"collection":[{"href":"https:\/\/franciscanos.org.br\/noticias\/wp-json\/wp\/v2\/posts"}],"about":[{"href":"https:\/\/franciscanos.org.br\/noticias\/wp-json\/wp\/v2\/types\/post"}],"author":[{"embeddable":true,"href":"https:\/\/franciscanos.org.br\/noticias\/wp-json\/wp\/v2\/users\/3"}],"replies":[{"embeddable":true,"href":"https:\/\/franciscanos.org.br\/noticias\/wp-json\/wp\/v2\/comments?post=228517"}],"version-history":[{"count":9,"href":"https:\/\/franciscanos.org.br\/noticias\/wp-json\/wp\/v2\/posts\/228517\/revisions"}],"predecessor-version":[{"id":228529,"href":"https:\/\/franciscanos.org.br\/noticias\/wp-json\/wp\/v2\/posts\/228517\/revisions\/228529"}],"wp:featuredmedia":[{"embeddable":true,"href":"https:\/\/franciscanos.org.br\/noticias\/wp-json\/wp\/v2\/media\/228520"}],"wp:attachment":[{"href":"https:\/\/franciscanos.org.br\/noticias\/wp-json\/wp\/v2\/media?parent=228517"}],"wp:term":[{"taxonomy":"category","embeddable":true,"href":"https:\/\/franciscanos.org.br\/noticias\/wp-json\/wp\/v2\/categories?post=228517"},{"taxonomy":"post_tag","embeddable":true,"href":"https:\/\/franciscanos.org.br\/noticias\/wp-json\/wp\/v2\/tags?post=228517"}],"curies":[{"name":"wp","href":"https:\/\/api.w.org\/{rel}","templated":true}]}}