{"id":228485,"date":"2020-09-28T08:26:06","date_gmt":"2020-09-28T11:26:06","guid":{"rendered":"https:\/\/franciscanos.org.br\/noticias\/?p=228485"},"modified":"2020-09-28T08:40:07","modified_gmt":"2020-09-28T11:40:07","slug":"angola-celebra-com-festa-os-30-anos-da-missao","status":"publish","type":"post","link":"https:\/\/franciscanos.org.br\/noticias\/angola-celebra-com-festa-os-30-anos-da-missao.html","title":{"rendered":"Angola celebra com festa os 30 anos da Miss\u00e3o"},"content":{"rendered":"<p><img loading=\"lazy\" class=\"alignnone size-full wp-image-228486\" src=\"https:\/\/franciscanos.org.br\/noticias\/wp-content\/uploads\/2020\/09\/angola_2809_2.jpg\" alt=\"\" width=\"1280\" height=\"673\" srcset=\"https:\/\/franciscanos.org.br\/noticias\/wp-content\/uploads\/2020\/09\/angola_2809_2.jpg 1280w, https:\/\/franciscanos.org.br\/noticias\/wp-content\/uploads\/2020\/09\/angola_2809_2-450x237.jpg 450w, https:\/\/franciscanos.org.br\/noticias\/wp-content\/uploads\/2020\/09\/angola_2809_2-1024x538.jpg 1024w, https:\/\/franciscanos.org.br\/noticias\/wp-content\/uploads\/2020\/09\/angola_2809_2-768x404.jpg 768w, https:\/\/franciscanos.org.br\/noticias\/wp-content\/uploads\/2020\/09\/angola_2809_2-150x79.jpg 150w\" sizes=\"(max-width: 1280px) 100vw, 1280px\" \/><\/p>\n<p><strong>Frei Ermelindo Bambi<\/strong><\/p>\n<p><strong>\u00a0<\/strong><strong>Malange (Angola)<\/strong> &#8211; A Ordem dos Frades Menores celebrou no domingo, 27 de setembro, com muita alegria, os trinta anos de presen\u00e7a Franciscana em Angola. A celebra\u00e7\u00e3o Solene e campal foi presidida por D. Benedito Roberto, arcebispo metropolita de Malange, concelebrada por sacerdotes do clero religioso e secular.\u00a0 A mesma foi transmitida ao vivo pala TV Franciscanos e pela R\u00e1dio Ecl\u00e9sia (Emissora Cat\u00f3lica de Angola) e gravada pela TPA (Televis\u00e3o P\u00fablica de Angola).\u00a0 Foram quase 4 horas de Missa.<\/p>\n<p>Estavam presentes o presidente da Funda\u00e7\u00e3o Imaculada M\u00e3e de Deus de Angola (FIMDA), Frei Ant\u00f3nio Boaventura Zovo Baza,\u00a0 os confrades das Fraternidades\u00a0 do Palanca, Quibala (incluindo 11 novi\u00e7os), S\u00e3o Dami\u00e3o, do Semin\u00e1rio Monte Alverne, o clero religioso e diocesano de Malanje; religiosos e religiosas de todas as congrega\u00e7\u00f5es presentes em Malanje. Como de costume, o povo de Deus esteve presente em grande n\u00famero, apesar das limita\u00e7\u00f5es impostas pela pandemia da Covid-19. \u201cVoc\u00eas conseguiram reunir toda diocese\u201d, disse uma irm\u00e3. Todos tiveram que lavar as m\u00e3os com \u00e1gua e sab\u00e3o, cumprir o distanciamento e o uso obrigat\u00f3rio de m\u00e1scara. Destaque a presen\u00e7a da administradora de Kangandala, Dona Engr\u00e1cia; autoridades e muitos ex-frades e ex-seminaristas.<\/p>\n<p>A Missa campal aconteceu no p\u00e1tio do complexo escolar S\u00e3o Francisco de Assis, cuidado pelas Irm\u00e3s Franciscanas Mission\u00e1rias de Maria (FMM), e calcula-se que, aproximadamente, 500 pessoas marcaram presen\u00e7a. Bem ao nosso ritmo, a celebra\u00e7\u00e3o decorreu com alegria e tranquilidade, o tempo, sobretudo, nas primeiras horas, ajudou muito. O Coral masculino foi formado por jovens da Katepa e Kangandala.<\/p>\n<p><img loading=\"lazy\" class=\"alignnone size-full wp-image-228487\" src=\"https:\/\/franciscanos.org.br\/noticias\/wp-content\/uploads\/2020\/09\/angola_2809_4.jpg\" alt=\"\" width=\"1280\" height=\"853\" srcset=\"https:\/\/franciscanos.org.br\/noticias\/wp-content\/uploads\/2020\/09\/angola_2809_4.jpg 1280w, https:\/\/franciscanos.org.br\/noticias\/wp-content\/uploads\/2020\/09\/angola_2809_4-450x300.jpg 450w, https:\/\/franciscanos.org.br\/noticias\/wp-content\/uploads\/2020\/09\/angola_2809_4-1024x682.jpg 1024w, https:\/\/franciscanos.org.br\/noticias\/wp-content\/uploads\/2020\/09\/angola_2809_4-768x512.jpg 768w, https:\/\/franciscanos.org.br\/noticias\/wp-content\/uploads\/2020\/09\/angola_2809_4-150x100.jpg 150w\" sizes=\"(max-width: 1280px) 100vw, 1280px\" \/><\/p>\n<p>Dom Benedito, no come\u00e7o da Celebra\u00e7\u00e3o, acolheu os presentes com alegria e gratid\u00e3o e aspergiu o povo, acompanhado por\u00a0 Frei Ant\u00f3nio e Frei Andr\u00e9 Henriques. Era vis\u00edvel no rosto de todos a alegria desse momento jubilar.<\/p>\n<p>A cerim\u00f4nia foi acontecendo no ambiente de simplicidade, alegria, gratid\u00e3o e fraternidade.<\/p>\n<p>Durante a homilia, o arcebispo ressaltou, com amor, a hist\u00f3ria dos primeiros frades mission\u00e1rios em Angola: Frei Pedro Caron, Frei Pl\u00ednio Gande da Silva\u00a0 e Frei Jos\u00e9 Zanchet. Destacou a coragem dos mesmos e a dedica\u00e7\u00e3o para a prega\u00e7\u00e3o do Evangelho. \u201cKatepa e Kangandala s\u00e3o terras aben\u00e7oadas por terem presente a fam\u00edlia Franciscana, constitu\u00edda pelos frades, as Irm\u00e3s Franciscanas Missionarias de Maria, as Irm\u00e3s Franciscanas de S\u00e3o Jos\u00e9, as Irm\u00e3s da Imaculada Concei\u00e7\u00e3o da Mae de Deus (SMIC) e Ordem Franciscana Secular (OFS. A Diocese de Malange, pela propor\u00e7\u00e3o de religiosos (as), \u00e9 franciscana\u201d, concluiu Dom Benedito.<\/p>\n<p>Ainda na homilia, relacionando com o Evangelho do XXVI Domingo do Tempo Comum, o prelado disse que o povo da Katepa e Kangandala, pela evangeliza\u00e7\u00e3o dos frades, tonaram-se \u201cgrandes crist\u00e3os e, sem d\u00favida, todos ir\u00e3o para o c\u00e9u. S\u00f3 n\u00e3o vai quem n\u00e3o quiser.\u00a0 Esse povo \u00e9 como aquele filho que foi obediente ao Pai\u201d.<\/p>\n<p><img loading=\"lazy\" class=\"alignnone size-full wp-image-228488\" src=\"https:\/\/franciscanos.org.br\/noticias\/wp-content\/uploads\/2020\/09\/angola_2809_1.jpg\" alt=\"\" width=\"1280\" height=\"598\" srcset=\"https:\/\/franciscanos.org.br\/noticias\/wp-content\/uploads\/2020\/09\/angola_2809_1.jpg 1280w, https:\/\/franciscanos.org.br\/noticias\/wp-content\/uploads\/2020\/09\/angola_2809_1-450x210.jpg 450w, https:\/\/franciscanos.org.br\/noticias\/wp-content\/uploads\/2020\/09\/angola_2809_1-1024x478.jpg 1024w, https:\/\/franciscanos.org.br\/noticias\/wp-content\/uploads\/2020\/09\/angola_2809_1-768x359.jpg 768w, https:\/\/franciscanos.org.br\/noticias\/wp-content\/uploads\/2020\/09\/angola_2809_1-150x70.jpg 150w\" sizes=\"(max-width: 1280px) 100vw, 1280px\" \/><\/p>\n<p>Alguns frades deram a vida, tal como Frei Lot\u00e1rio Neumann (que est\u00e1 sepultado no Cemit\u00e9rio Municipal de Malange)\u00a0 e muitos catequistas, por amor ao Evangelho. Foram lembrados, al\u00e9m destes, outros confrades que por aqui passaram e que j\u00e1 foram visitados pela irm\u00e3 morte.<\/p>\n<p><img loading=\"lazy\" class=\"wp-image-228497 alignright\" src=\"https:\/\/franciscanos.org.br\/noticias\/wp-content\/uploads\/2020\/09\/habito.jpg\" alt=\"\" width=\"237\" height=\"237\" srcset=\"https:\/\/franciscanos.org.br\/noticias\/wp-content\/uploads\/2020\/09\/habito.jpg 400w, https:\/\/franciscanos.org.br\/noticias\/wp-content\/uploads\/2020\/09\/habito-300x300.jpg 300w, https:\/\/franciscanos.org.br\/noticias\/wp-content\/uploads\/2020\/09\/habito-150x150.jpg 150w, https:\/\/franciscanos.org.br\/noticias\/wp-content\/uploads\/2020\/09\/habito-100x100.jpg 100w\" sizes=\"(max-width: 237px) 100vw, 237px\" \/><img loading=\"lazy\" class=\"alignleft wp-image-228499\" src=\"https:\/\/franciscanos.org.br\/noticias\/wp-content\/uploads\/2020\/09\/sandalias.jpg\" alt=\"\" width=\"246\" height=\"246\" srcset=\"https:\/\/franciscanos.org.br\/noticias\/wp-content\/uploads\/2020\/09\/sandalias.jpg 359w, https:\/\/franciscanos.org.br\/noticias\/wp-content\/uploads\/2020\/09\/sandalias-300x300.jpg 300w, https:\/\/franciscanos.org.br\/noticias\/wp-content\/uploads\/2020\/09\/sandalias-150x150.jpg 150w, https:\/\/franciscanos.org.br\/noticias\/wp-content\/uploads\/2020\/09\/sandalias-100x100.jpg 100w\" sizes=\"(max-width: 246px) 100vw, 246px\" \/>No momento do Ofert\u00f3rio, juntamente com P\u00e3o e o Vinho, foram apresentados alguns s\u00edmbolos, com destaque para o h\u00e1bito, nossa veste penitencial e as sand\u00e1lias, s\u00edmbolo de peregrinos e forasteiros.<\/p>\n<p>No final da celebra\u00e7\u00e3o, foram lidas v\u00e1rias mensagens, com destaque para a de Frei Afonso Katchekele Quessongo, que fez uma mem\u00f3ria dos 30 anos da FIMDA, citando minuciosamente, de forma cronol\u00f3gica, os principais acontecimentos da FIMDA. Foi um momento emocionante. O confrade, primeiro angolano a professar solenemente da OFM, ao citar os frades que aqui passaram (destacando os seus feitos heroicos), trouxe-os \u00e0 mem\u00f3ria de toda a assembleia. Na medida em que os nomes e os fatos eram citados, percebia-se uma rea\u00e7\u00e3o da parte do povo com aplausos. Cada um que passou aqui deixou a sua marca.<\/p>\n<p><img loading=\"lazy\" class=\"alignnone size-full wp-image-228489\" src=\"https:\/\/franciscanos.org.br\/noticias\/wp-content\/uploads\/2020\/09\/angola_2809_5.jpg\" alt=\"\" width=\"1280\" height=\"853\" srcset=\"https:\/\/franciscanos.org.br\/noticias\/wp-content\/uploads\/2020\/09\/angola_2809_5.jpg 1280w, https:\/\/franciscanos.org.br\/noticias\/wp-content\/uploads\/2020\/09\/angola_2809_5-450x300.jpg 450w, https:\/\/franciscanos.org.br\/noticias\/wp-content\/uploads\/2020\/09\/angola_2809_5-1024x682.jpg 1024w, https:\/\/franciscanos.org.br\/noticias\/wp-content\/uploads\/2020\/09\/angola_2809_5-768x512.jpg 768w, https:\/\/franciscanos.org.br\/noticias\/wp-content\/uploads\/2020\/09\/angola_2809_5-150x100.jpg 150w\" sizes=\"(max-width: 1280px) 100vw, 1280px\" \/><\/p>\n<p>Em seguida, Frei Laerte Santos, comentarista da Celebra\u00e7\u00e3o, bem do seu jeito carism\u00e1tico, fez uma breve explica\u00e7\u00e3o do Tau, que em seguida, como forma de gratid\u00e3o a Deus, foram oferecidos Taus \u00e0s congrega\u00e7\u00f5es Franciscanas que conosco palmilham esse caminho. Os mesmos foram confeccionados pela Fraternidade de Quibala.<\/p>\n<p>Em seguida, Frei Andr\u00e9 Henriques leu a mensagem de Frei C\u00e9sar K\u00fclkamp. Na mesma, nosso Ministro Provincial, com grande sentimento de gratid\u00e3o, manifestou o seu desejo estar em Angola nesse dia, mas devido \u00e0 pandemia n\u00e3o p\u00f4de viajar. O Ministro encorajou os frades da Miss\u00e3o. Manifestou sua alegria pelo n\u00famero de frades angolanos, que j\u00e1 somam 73 e saudou carinhosa e afetuosamente o povo, agradecendo na l\u00edngua nacional Quimbundu: <em>Nga Sakidila<\/em>!<\/p>\n<p>Dona Rosaria Maito, em nome das duas par\u00f3quias, agradeceu por tudo que fizeram e ainda fazem por aqui.<\/p>\n<p>Nesta celebra\u00e7\u00e3o, os frades renovaram o seu envio mission\u00e1rio. Os ministros extraordin\u00e1rios da Sagrada comunh\u00e3o tamb\u00e9m fizeram seu compromisso diante de Deus e do povo.<\/p>\n<p><strong>\u00a0MOMENTOS CELEBRATIVOS<\/strong><\/p>\n<p><img loading=\"lazy\" class=\"alignnone size-full wp-image-228490\" src=\"https:\/\/franciscanos.org.br\/noticias\/wp-content\/uploads\/2020\/09\/angola_2809_7.jpg\" alt=\"\" width=\"1280\" height=\"853\" srcset=\"https:\/\/franciscanos.org.br\/noticias\/wp-content\/uploads\/2020\/09\/angola_2809_7.jpg 1280w, https:\/\/franciscanos.org.br\/noticias\/wp-content\/uploads\/2020\/09\/angola_2809_7-450x300.jpg 450w, https:\/\/franciscanos.org.br\/noticias\/wp-content\/uploads\/2020\/09\/angola_2809_7-1024x682.jpg 1024w, https:\/\/franciscanos.org.br\/noticias\/wp-content\/uploads\/2020\/09\/angola_2809_7-768x512.jpg 768w, https:\/\/franciscanos.org.br\/noticias\/wp-content\/uploads\/2020\/09\/angola_2809_7-150x100.jpg 150w\" sizes=\"(max-width: 1280px) 100vw, 1280px\" \/><\/p>\n<p>A festa deste domingo foi o ponto mais alto de v\u00e1rios momentos celebrativos que aconteceram nessas festividades dos 30 anos.<\/p>\n<p>Na ter\u00e7a e sexta-feira \u00faltimas, Frei Afonso e Frei Laerte foram \u00e0 R\u00e1dio dar um testemunho dessa caminhada dos 30 anos.<\/p>\n<p>Na quinta-feira (24\/9), em Fraternidade, participamos na <em>Live<\/em> da Prov\u00edncia. Momento bom de rever os confrades e ouvir Frei Est\u00eav\u00e3o Ottenbreit, o Ministro Provincial quando foi aberta a Miss\u00e3o em Angola.<\/p>\n<p>\u00c0 tarde foi feita uma celebra\u00e7\u00e3o em Kangandala. Estavam presentes todos os frades e os novi\u00e7os. A mesma foi presidida por Frei Afonso Quissongo e Frei Andr\u00e9 Henriques se encarregou de fazer a homilia. Foi um momento marcante naquela comunidade paroquial, que, com a gra\u00e7a de Deus e a dedica\u00e7\u00e3o dos frades, de modo peculiar Frei Laerte (p\u00e1roco), tem crescido muito.<\/p>\n<p>Na sexta-feira (25\/9), foi feita uma visita ao Cemit\u00e9rio Municipal de Malange, onde se encontram os restos mortais de Frei Lot\u00e1rio Neumann. Frei Ivair Bueno, guardi\u00e3o do Noviciado, conduziu a ora\u00e7\u00e3o no local. Frei Lot\u00e1rio \u00e9 uma semente jogada Terra, e n\u00f3s somos frutos da mesma.<\/p>\n<p><img loading=\"lazy\" class=\"alignnone size-full wp-image-228491\" src=\"https:\/\/franciscanos.org.br\/noticias\/wp-content\/uploads\/2020\/09\/angola_2809_8.jpg\" alt=\"\" width=\"1280\" height=\"853\" srcset=\"https:\/\/franciscanos.org.br\/noticias\/wp-content\/uploads\/2020\/09\/angola_2809_8.jpg 1280w, https:\/\/franciscanos.org.br\/noticias\/wp-content\/uploads\/2020\/09\/angola_2809_8-450x300.jpg 450w, https:\/\/franciscanos.org.br\/noticias\/wp-content\/uploads\/2020\/09\/angola_2809_8-1024x682.jpg 1024w, https:\/\/franciscanos.org.br\/noticias\/wp-content\/uploads\/2020\/09\/angola_2809_8-768x512.jpg 768w, https:\/\/franciscanos.org.br\/noticias\/wp-content\/uploads\/2020\/09\/angola_2809_8-150x100.jpg 150w\" sizes=\"(max-width: 1280px) 100vw, 1280px\" \/><\/p>\n<p>Em seguida nos dirigimos para o bairro da Maxinde, onde se encontram as Irm\u00e3s Clarissas. A Celebra\u00e7\u00e3o Eucar\u00edstica Solene, muito bem preparadas pelas nossas \u00abmanas\u00bb, como elas mesmas se intitulam, contou apenas com a presen\u00e7a dos frades, por conta das restri\u00e7\u00f5es impostas pela pandemia da Covid-19.<\/p>\n<p>Frei Afonso, mem\u00f3ria viva desses 30 anos, foi o presidente da Celebra\u00e7\u00e3o. Tomando como ponto de partida a liturgia do dia (Qohelet 3, 1-11- h\u00e1 tempo para tudo na vida), disse que,\u00a0 certamente, nesse 30 anos de hist\u00f3ria, os confrades que\u00a0 por aqui passaram tiveram muitas dificuldades, mas a alegria foi bem maior. E finalizou agradecendo a Deus pelos benef\u00edcios que tem concedido aos frades. Um banquete foi minunciosamente preparado pelas Irm\u00e3s.<\/p>\n<p>Depois, frades e Clarissas participaram da Live Provincial. Nesse dia, foi dedicado um tempo especial para Angola. A ora\u00e7\u00e3o Inicial foi feita a partir daqui. As Clarissas cantaram para toda a Prov\u00edncia.<\/p>\n<p>Frei Ant\u00f3nio Baza, presidente de Funda\u00e7\u00e3o e aniversariante do dia, a partir de Lubango, onde se encontrava em servi\u00e7o, tamb\u00e9m se pronunciou. Manifestou sua gratid\u00e3o \u00e0 Prov\u00edncia por todo bem, material e espiritual, e pediu desculpas aos confrades de Malange por n\u00e3o poder se fazer presente naquele lugar onde tudo come\u00e7ou.<\/p>\n<p><img loading=\"lazy\" class=\"size-full wp-image-228503 alignnone\" src=\"https:\/\/franciscanos.org.br\/noticias\/wp-content\/uploads\/2020\/09\/angola_2809_11.jpg\" alt=\"\" width=\"1280\" height=\"485\" srcset=\"https:\/\/franciscanos.org.br\/noticias\/wp-content\/uploads\/2020\/09\/angola_2809_11.jpg 1280w, https:\/\/franciscanos.org.br\/noticias\/wp-content\/uploads\/2020\/09\/angola_2809_11-450x171.jpg 450w, https:\/\/franciscanos.org.br\/noticias\/wp-content\/uploads\/2020\/09\/angola_2809_11-1024x388.jpg 1024w, https:\/\/franciscanos.org.br\/noticias\/wp-content\/uploads\/2020\/09\/angola_2809_11-768x291.jpg 768w, https:\/\/franciscanos.org.br\/noticias\/wp-content\/uploads\/2020\/09\/angola_2809_11-150x57.jpg 150w\" sizes=\"(max-width: 1280px) 100vw, 1280px\" \/><\/p>\n<p><strong>TESTEMUNHAS VIVAS<\/strong><\/p>\n<p><img loading=\"lazy\" class=\"wp-image-228492 alignright\" src=\"https:\/\/franciscanos.org.br\/noticias\/wp-content\/uploads\/2020\/09\/angola_capitao.jpg\" alt=\"\" width=\"304\" height=\"277\" srcset=\"https:\/\/franciscanos.org.br\/noticias\/wp-content\/uploads\/2020\/09\/angola_capitao.jpg 402w, https:\/\/franciscanos.org.br\/noticias\/wp-content\/uploads\/2020\/09\/angola_capitao-150x137.jpg 150w\" sizes=\"(max-width: 304px) 100vw, 304px\" \/><strong>Catequista Ant\u00f3nio Capit\u00e3o:<\/strong><\/p>\n<p>\u201cQuando chegaram os frades, em 1990, ajudaram muito na Diocese, como na Par\u00f3quia da Katepa, a Miss\u00e3o de Mussolo, Cambundi-Ctembo, Luquembo, Quirima, Kangandala e Lombe.\u00a0 Hoje, ao celebrarmos os 30 anos de presen\u00e7a, n\u00f3s, os fi\u00e9is e catequistas, estamos gratos por tudo que os Frades Menores fizeram e continuam a realizar no meio de n\u00f3s. A arquidiocese de Malange \u00e9 evangelizada pelos Frades Menores.<\/p>\n<p><img loading=\"lazy\" class=\"alignleft wp-image-228493 size-full\" src=\"https:\/\/franciscanos.org.br\/noticias\/wp-content\/uploads\/2020\/09\/angola_irma.jpg\" alt=\"\" width=\"400\" height=\"385\" srcset=\"https:\/\/franciscanos.org.br\/noticias\/wp-content\/uploads\/2020\/09\/angola_irma.jpg 400w, https:\/\/franciscanos.org.br\/noticias\/wp-content\/uploads\/2020\/09\/angola_irma-150x144.jpg 150w\" sizes=\"(max-width: 400px) 100vw, 400px\" \/><strong>Irm\u00e3 Adelina\u00a0 Doerne, FSJ<\/strong><\/p>\n<p>Se estamos na Miss\u00e3o de Angola \u00e9 porque foi a pedido da Ordem dos Frades Menores.\u00a0A Vida do dia a dia foi e \u00e9 muito intensa. Com os frades, partilhamos uma vida de verdadeiros irm\u00e3os de partilha de estudos: a B\u00edblia e\u00a0 a espiritualidade de S\u00e3o Francisco e Santa Clara.\u00a0Somos gratas pela presen\u00e7a dos frades, pelas trocas de experi\u00eancias sempre que \u00e9 necess\u00e1rio. H\u00e1 sempre esse apoio e entreajuda.\u00a0De uns anos para c\u00e1, certas coisas mudaram, como encontros de estudos, recreios em comum. S\u00e3o dedicados momentos para a forma\u00e7\u00e3o das nossas candidatas \u00e0 vida religiosa.<\/p>\n<p>Devemos muita gratid\u00e3o ao bom Deus, que nos gratificou com belo projeto. Por tudo isso, seja glorificado o nosso Deus!<\/p>\n<p><strong>Irm\u00e3 Maria Ol\u00edmpia, MST<\/strong><\/p>\n<p>Em nome das Mission\u00e1rias de Santa Teresinha, hoje na festa dos 30 anos de Miss\u00e3o em Malange, quero agradecer aos Frades Menores que muito t\u00eam nos ajudado com sua partilha, generosidade e servi\u00e7o para a nossa Miss\u00e3o, n\u00e3o s\u00f3 aqui em Malange, mas tamb\u00e9m em Luanda. Na \u00e9poca de guerra, eram voc\u00eas que nos socorriam at\u00e9 com a agua, alimenta\u00e7\u00e3o etc\u2026At\u00e9 agora, h\u00e1 essa ajuda muito forte. Por isso, podem contar conosco em nossas ora\u00e7\u00f5es. Obrigado por tudo! S\u00f3 Deus e Santa Teresinha os pagar\u00e3o!<\/p>\n<hr \/>\n<p><img loading=\"lazy\" class=\"alignnone size-full wp-image-228494\" src=\"https:\/\/franciscanos.org.br\/noticias\/wp-content\/uploads\/2020\/09\/angola_2809_6.jpg\" alt=\"\" width=\"1280\" height=\"853\" srcset=\"https:\/\/franciscanos.org.br\/noticias\/wp-content\/uploads\/2020\/09\/angola_2809_6.jpg 1280w, https:\/\/franciscanos.org.br\/noticias\/wp-content\/uploads\/2020\/09\/angola_2809_6-450x300.jpg 450w, https:\/\/franciscanos.org.br\/noticias\/wp-content\/uploads\/2020\/09\/angola_2809_6-1024x682.jpg 1024w, https:\/\/franciscanos.org.br\/noticias\/wp-content\/uploads\/2020\/09\/angola_2809_6-768x512.jpg 768w, https:\/\/franciscanos.org.br\/noticias\/wp-content\/uploads\/2020\/09\/angola_2809_6-150x100.jpg 150w\" sizes=\"(max-width: 1280px) 100vw, 1280px\" \/><\/p>\n<p><strong>\u00cdNTEGRA DA MENSAGEM DO MINISTRO PROVINCIAL<\/strong><\/p>\n<p><strong>Mensagem de Agradecimento<\/strong><strong> na celebra\u00e7\u00e3o de a\u00e7\u00e3o de gra\u00e7as pelos 30 anos da atual presen\u00e7a dos Frades Menores em Angola<\/strong><\/p>\n<p><strong>Malanje, 27-09-2020<\/strong><\/p>\n<p style=\"padding-left: 40px;\">&#8211; Exmo. Revmo. Dom Benedito Roberto, Arcebispo Metropolita de Malanje;<\/p>\n<p style=\"padding-left: 40px;\">&#8211; Caros confrades Frei Ant\u00f4nio Zovo Baza, presidente da Funda\u00e7\u00e3o Imaculada M\u00e3e de Deus de Angola; Frei Afonso K. Quissongo, p\u00e1roco da Par\u00f3quia Santos M\u00e1rtires; Frei Laerte de Farias dos Santos, p\u00e1roco da Quase-Miss\u00e3o Santa Teresinha, em Cangandala; Frei Andr\u00e9 Luiz da Rocha Henriques, conselheiro da FIMDA e guardi\u00e3o da Fraternidade do Semin\u00e1rio Monte Alverne; Frei Andr\u00e9 Gurzynski, guardi\u00e3o da Fraternidade S\u00e3o Dami\u00e3o; Frei Ivair Bueno de Carvalho, conselheiro da FIMDA e guardi\u00e3o da Fraternidade do Noviciado Santo Ant\u00f4nio, em Quibala; Frei Jos\u00e9 Morais Cambolo, guardi\u00e3o da Fraternidade S\u00e3o Francisco de Assis, em Luanda;<\/p>\n<p style=\"padding-left: 40px;\">&#8211; caros confrades e formandos, presentes neste dia festivo;<\/p>\n<p style=\"padding-left: 40px;\">&#8211; queridas irm\u00e3s clarissas e irm\u00e3s franciscanas de Malanje e Cangandala;<\/p>\n<p style=\"padding-left: 40px;\">&#8211; caros irm\u00e3os e irm\u00e3s da Ordem Franciscana Secular;<\/p>\n<p style=\"padding-left: 40px;\">&#8211; querido povo angolano e, especialmente neste dia, o povo de Malanje e de Cangandala;<\/p>\n<p>\u00a0\u00a0\u00a0\u00a0\u00a0\u00a0\u00a0\u00a0\u00a0\u00a0\u00a0\u00a0\u00a0 A todos voc\u00eas, irm\u00e3os e irm\u00e3s, Paz e Bem!<\/p>\n<p>Hoje celebramos, com todos voc\u00eas, os 30 anos da chegada dos frades menores em Angola e, especificamente, em Malanje.<\/p>\n<p>A nossa Prov\u00edncia Franciscana da Imaculada Concei\u00e7\u00e3o do Brasil, presente em cinco estados brasileiros, h\u00e1 30 anos estendeu os seus limites at\u00e9 o pa\u00eds de Angola. Hoje somos uma Prov\u00edncia presente nesta parte do Brasil e em Angola.<\/p>\n<p>O que nos moveu n\u00e3o foi a inten\u00e7\u00e3o de ampliar territ\u00f3rios, mas a a voca\u00e7\u00e3o mission\u00e1ria da Ordem Franciscana. Esta voca\u00e7\u00e3o nos leva a deixar a pr\u00f3pria terra, a partir para onde Deus enviar e, em qualquer lugar, sempre servir.<\/p>\n<p>Ao chegar em Angola os frades pisaram em ch\u00e3o sagrado e precisaram tirar as sand\u00e1lias do seu modo de ser e de pensar para abra\u00e7ar o jeito de viver de Angola.<\/p>\n<p>Os testemunhos dos primeiros frades mission\u00e1rios e dos atuais nos mostram que isto n\u00e3o foi dif\u00edcil. H\u00e1 um belo interc\u00e2mbio cultural e religioso entre Angola e Brasil. E n\u00e3o foi dif\u00edcil porque os frades foram acolhidos com muita alegria e pelo cora\u00e7\u00e3o aberto do povo angolano. Tanto que hoje j\u00e1 somos uma s\u00f3 fraternidade franciscana, com brasileiros e muitos angolanos.<\/p>\n<p>Nossa identidade franciscana conta hoje com este belo colorido africano, e nossa Prov\u00edncia traz em seu rosto as fei\u00e7\u00f5es angolanas.<\/p>\n<p>Eu gostaria muito de estar presente nesta celebra\u00e7\u00e3o, n\u00e3o fossem as dificuldades da atual pandemia, mas tenho certeza que todos os frades da Prov\u00edncia est\u00e3o hoje presentes e unidos num s\u00f3 cora\u00e7\u00e3o.<\/p>\n<p>Esta celebra\u00e7\u00e3o \u00e9 acima de tudo uma retribui\u00e7\u00e3o a Deus e aos irm\u00e3os e irm\u00e3s. Por isso, quero me juntar \u00e0s tantas vozes presentes para refor\u00e7ar nossa gratid\u00e3o a Deus que nos enviou a Angola e nos acompanhou com Seu amor nestes 30 anos.<\/p>\n<p>Nossa gratid\u00e3o \u00e0 Igreja local de Malanje que nos acolheu, \u00e0s Irm\u00e3s Clarissas, \u00e0s Franciscanas Mission\u00e1rias e ao povo angolano que nos abra\u00e7aram com tanto amor.<\/p>\n<p>Nosso muito obrigado \u00e0s demais congrega\u00e7\u00f5es e \u00e0 Ordem Franciscana Secular que se juntaram a n\u00f3s nesta caminhada e no servi\u00e7o.<\/p>\n<p>Agrade\u00e7o de cora\u00e7\u00e3o a cada confrade que acolheu o envio do Senhor e entregou a pr\u00f3pria vida e a pr\u00f3pria voca\u00e7\u00e3o em cumprir a Sua Sant\u00edssima Vontade.<\/p>\n<p>Um especial agradecimento a cada confrade e formando angolano. Voc\u00eas s\u00e3o um precioso presente dado por Deus! Em suas m\u00e3os j\u00e1 est\u00e1 a vida presente, mas tamb\u00e9m a vida de uma futura Prov\u00edncia Franciscana em Angola. Mas, at\u00e9 o surgimento deste sonho de toda a Ordem Franciscana, n\u00f3s nos alegramos e temos muito orgulho de contar com voc\u00eas como irm\u00e3os de Prov\u00edncia. Esta fraternidade, pela gra\u00e7a de Deus e intercess\u00e3o de S\u00e3o Francisco e Santa Clara, jamais se dissolver\u00e1!<\/p>\n<p>Agrade\u00e7o ao querido povo de Angola, raz\u00e3o primeira de nosso servi\u00e7o. Obrigado por nos permitirem caminhar com voc\u00eas! Dia ap\u00f3s dia, nestes 30 anos, voc\u00eas nos evangelizaram, ensinando-nos a ter esperan\u00e7a, a sermos generosos e a confiar sempre em Deus.<\/p>\n<p>Que a M\u00e3e de Deus Imaculada, a\u00a0<em>Mamma Muxima<\/em>, presen\u00e7a intercessora e cheia de gra\u00e7a nestes 30 anos, continue voltando o seu olhar misericordioso para Angola e para todos voc\u00eas, e conseguindo para n\u00f3s todas as b\u00ean\u00e7\u00e3os de Deus!<\/p>\n<p>Deus, de infinita bondade, fa\u00e7a chegar nossa gratid\u00e3o a todos e todas que deixaram sua presen\u00e7a marcada nesta aventura divina!<\/p>\n<p>Ele nos aben\u00e7oe e renove em cada um de n\u00f3s o entusiasmo para continuarmos dizendo SIM ao seu CHAMADO e ao seu ENVIO!<\/p>\n<p><em>Nga Sakidila!<\/em><\/p>\n<p><strong>Frei C\u00e9sar K\u00fclkamp, Ministro Provincial<\/strong><\/p>\n<p><img loading=\"lazy\" class=\"alignleft size-full wp-image-228501\" src=\"https:\/\/franciscanos.org.br\/noticias\/wp-content\/uploads\/2020\/09\/angola_2809_10.jpg\" alt=\"\" width=\"1280\" height=\"680\" srcset=\"https:\/\/franciscanos.org.br\/noticias\/wp-content\/uploads\/2020\/09\/angola_2809_10.jpg 1280w, https:\/\/franciscanos.org.br\/noticias\/wp-content\/uploads\/2020\/09\/angola_2809_10-450x239.jpg 450w, https:\/\/franciscanos.org.br\/noticias\/wp-content\/uploads\/2020\/09\/angola_2809_10-1024x544.jpg 1024w, https:\/\/franciscanos.org.br\/noticias\/wp-content\/uploads\/2020\/09\/angola_2809_10-768x408.jpg 768w, https:\/\/franciscanos.org.br\/noticias\/wp-content\/uploads\/2020\/09\/angola_2809_10-150x80.jpg 150w\" sizes=\"(max-width: 1280px) 100vw, 1280px\" \/><\/p>\n","protected":false},"excerpt":{"rendered":"<p>Missa de A\u00e7\u00e3o de Gra\u00e7as pelos 30 anos da Miss\u00e3o<\/p>\n","protected":false},"author":3,"featured_media":228495,"comment_status":"open","ping_status":"open","sticky":false,"template":"","format":"standard","meta":[],"categories":[1],"tags":[360],"acf":[],"yoast_head":"<!-- This site is optimized with the Yoast SEO plugin v19.2 - https:\/\/yoast.com\/wordpress\/plugins\/seo\/ -->\n<title>Angola celebra com festa os 30 anos da Miss\u00e3o - Not\u00edcias - Franciscanos<\/title>\n<meta name=\"robots\" content=\"index, follow, max-snippet:-1, max-image-preview:large, max-video-preview:-1\" \/>\n<link rel=\"canonical\" href=\"https:\/\/franciscanos.org.br\/noticias\/angola-celebra-com-festa-os-30-anos-da-missao.html\" \/>\n<meta property=\"og:locale\" content=\"pt_BR\" \/>\n<meta property=\"og:type\" content=\"article\" \/>\n<meta property=\"og:title\" content=\"Angola celebra com festa os 30 anos da Miss\u00e3o - Not\u00edcias - Franciscanos\" \/>\n<meta property=\"og:description\" content=\"Missa de A\u00e7\u00e3o de Gra\u00e7as pelos 30 anos da Miss\u00e3o\" \/>\n<meta property=\"og:url\" content=\"https:\/\/franciscanos.org.br\/noticias\/angola-celebra-com-festa-os-30-anos-da-missao.html\" \/>\n<meta property=\"og:site_name\" content=\"Not\u00edcias - Franciscanos\" \/>\n<meta property=\"article:published_time\" content=\"2020-09-28T11:26:06+00:00\" \/>\n<meta property=\"article:modified_time\" content=\"2020-09-28T11:40:07+00:00\" \/>\n<meta property=\"og:image\" content=\"https:\/\/franciscanos.org.br\/noticias\/wp-content\/uploads\/2020\/09\/angola_2809_d.jpg\" \/>\n\t<meta property=\"og:image:width\" content=\"800\" \/>\n\t<meta property=\"og:image:height\" content=\"600\" \/>\n\t<meta property=\"og:image:type\" content=\"image\/jpeg\" \/>\n<meta name=\"author\" content=\"moacir\" \/>\n<meta name=\"twitter:card\" content=\"summary_large_image\" \/>\n<meta name=\"twitter:label1\" content=\"Escrito por\" \/>\n\t<meta name=\"twitter:data1\" content=\"moacir\" \/>\n\t<meta name=\"twitter:label2\" content=\"Est. tempo de leitura\" \/>\n\t<meta name=\"twitter:data2\" content=\"12 minutos\" \/>\n<script type=\"application\/ld+json\" class=\"yoast-schema-graph\">{\"@context\":\"https:\/\/schema.org\",\"@graph\":[{\"@type\":\"WebSite\",\"@id\":\"https:\/\/franciscanos.org.br\/noticias\/#website\",\"url\":\"https:\/\/franciscanos.org.br\/noticias\/\",\"name\":\"Not\u00edcias - Franciscanos\",\"description\":\"Prov\u00edncia Franciscana da Imaculada Concei\u00e7\u00e3o do Brasil - Ordem dos Frades Menores - OFM\",\"potentialAction\":[{\"@type\":\"SearchAction\",\"target\":{\"@type\":\"EntryPoint\",\"urlTemplate\":\"https:\/\/franciscanos.org.br\/noticias\/?s={search_term_string}\"},\"query-input\":\"required name=search_term_string\"}],\"inLanguage\":\"pt-BR\"},{\"@type\":\"ImageObject\",\"inLanguage\":\"pt-BR\",\"@id\":\"https:\/\/franciscanos.org.br\/noticias\/angola-celebra-com-festa-os-30-anos-da-missao.html#primaryimage\",\"url\":\"https:\/\/franciscanos.org.br\/noticias\/wp-content\/uploads\/2020\/09\/angola_2809_d.jpg\",\"contentUrl\":\"https:\/\/franciscanos.org.br\/noticias\/wp-content\/uploads\/2020\/09\/angola_2809_d.jpg\",\"width\":800,\"height\":600},{\"@type\":\"WebPage\",\"@id\":\"https:\/\/franciscanos.org.br\/noticias\/angola-celebra-com-festa-os-30-anos-da-missao.html#webpage\",\"url\":\"https:\/\/franciscanos.org.br\/noticias\/angola-celebra-com-festa-os-30-anos-da-missao.html\",\"name\":\"Angola celebra com festa os 30 anos da Miss\u00e3o - Not\u00edcias - Franciscanos\",\"isPartOf\":{\"@id\":\"https:\/\/franciscanos.org.br\/noticias\/#website\"},\"primaryImageOfPage\":{\"@id\":\"https:\/\/franciscanos.org.br\/noticias\/angola-celebra-com-festa-os-30-anos-da-missao.html#primaryimage\"},\"datePublished\":\"2020-09-28T11:26:06+00:00\",\"dateModified\":\"2020-09-28T11:40:07+00:00\",\"author\":{\"@id\":\"https:\/\/franciscanos.org.br\/noticias\/#\/schema\/person\/b5c8cba458c330ccff548b056e95a5d4\"},\"breadcrumb\":{\"@id\":\"https:\/\/franciscanos.org.br\/noticias\/angola-celebra-com-festa-os-30-anos-da-missao.html#breadcrumb\"},\"inLanguage\":\"pt-BR\",\"potentialAction\":[{\"@type\":\"ReadAction\",\"target\":[\"https:\/\/franciscanos.org.br\/noticias\/angola-celebra-com-festa-os-30-anos-da-missao.html\"]}]},{\"@type\":\"BreadcrumbList\",\"@id\":\"https:\/\/franciscanos.org.br\/noticias\/angola-celebra-com-festa-os-30-anos-da-missao.html#breadcrumb\",\"itemListElement\":[{\"@type\":\"ListItem\",\"position\":1,\"name\":\"Home\",\"item\":\"https:\/\/franciscanos.org.br\/noticias\"},{\"@type\":\"ListItem\",\"position\":2,\"name\":\"Angola celebra com festa os 30 anos da Miss\u00e3o\"}]},{\"@type\":\"Person\",\"@id\":\"https:\/\/franciscanos.org.br\/noticias\/#\/schema\/person\/b5c8cba458c330ccff548b056e95a5d4\",\"name\":\"moacir\",\"image\":{\"@type\":\"ImageObject\",\"inLanguage\":\"pt-BR\",\"@id\":\"https:\/\/franciscanos.org.br\/noticias\/#\/schema\/person\/image\/\",\"url\":\"https:\/\/secure.gravatar.com\/avatar\/d08aa2ce4c8dd416d4479aa8536fcf64?s=96&d=mm&r=g\",\"contentUrl\":\"https:\/\/secure.gravatar.com\/avatar\/d08aa2ce4c8dd416d4479aa8536fcf64?s=96&d=mm&r=g\",\"caption\":\"moacir\"},\"url\":\"https:\/\/franciscanos.org.br\/noticias\/author\/moacir\"}]}<\/script>\n<!-- \/ Yoast SEO plugin. -->","yoast_head_json":{"title":"Angola celebra com festa os 30 anos da Miss\u00e3o - Not\u00edcias - Franciscanos","robots":{"index":"index","follow":"follow","max-snippet":"max-snippet:-1","max-image-preview":"max-image-preview:large","max-video-preview":"max-video-preview:-1"},"canonical":"https:\/\/franciscanos.org.br\/noticias\/angola-celebra-com-festa-os-30-anos-da-missao.html","og_locale":"pt_BR","og_type":"article","og_title":"Angola celebra com festa os 30 anos da Miss\u00e3o - Not\u00edcias - Franciscanos","og_description":"Missa de A\u00e7\u00e3o de Gra\u00e7as pelos 30 anos da Miss\u00e3o","og_url":"https:\/\/franciscanos.org.br\/noticias\/angola-celebra-com-festa-os-30-anos-da-missao.html","og_site_name":"Not\u00edcias - Franciscanos","article_published_time":"2020-09-28T11:26:06+00:00","article_modified_time":"2020-09-28T11:40:07+00:00","og_image":[{"width":800,"height":600,"url":"https:\/\/franciscanos.org.br\/noticias\/wp-content\/uploads\/2020\/09\/angola_2809_d.jpg","type":"image\/jpeg"}],"author":"moacir","twitter_card":"summary_large_image","twitter_misc":{"Escrito por":"moacir","Est. tempo de leitura":"12 minutos"},"schema":{"@context":"https:\/\/schema.org","@graph":[{"@type":"WebSite","@id":"https:\/\/franciscanos.org.br\/noticias\/#website","url":"https:\/\/franciscanos.org.br\/noticias\/","name":"Not\u00edcias - Franciscanos","description":"Prov\u00edncia Franciscana da Imaculada Concei\u00e7\u00e3o do Brasil - Ordem dos Frades Menores - OFM","potentialAction":[{"@type":"SearchAction","target":{"@type":"EntryPoint","urlTemplate":"https:\/\/franciscanos.org.br\/noticias\/?s={search_term_string}"},"query-input":"required name=search_term_string"}],"inLanguage":"pt-BR"},{"@type":"ImageObject","inLanguage":"pt-BR","@id":"https:\/\/franciscanos.org.br\/noticias\/angola-celebra-com-festa-os-30-anos-da-missao.html#primaryimage","url":"https:\/\/franciscanos.org.br\/noticias\/wp-content\/uploads\/2020\/09\/angola_2809_d.jpg","contentUrl":"https:\/\/franciscanos.org.br\/noticias\/wp-content\/uploads\/2020\/09\/angola_2809_d.jpg","width":800,"height":600},{"@type":"WebPage","@id":"https:\/\/franciscanos.org.br\/noticias\/angola-celebra-com-festa-os-30-anos-da-missao.html#webpage","url":"https:\/\/franciscanos.org.br\/noticias\/angola-celebra-com-festa-os-30-anos-da-missao.html","name":"Angola celebra com festa os 30 anos da Miss\u00e3o - Not\u00edcias - Franciscanos","isPartOf":{"@id":"https:\/\/franciscanos.org.br\/noticias\/#website"},"primaryImageOfPage":{"@id":"https:\/\/franciscanos.org.br\/noticias\/angola-celebra-com-festa-os-30-anos-da-missao.html#primaryimage"},"datePublished":"2020-09-28T11:26:06+00:00","dateModified":"2020-09-28T11:40:07+00:00","author":{"@id":"https:\/\/franciscanos.org.br\/noticias\/#\/schema\/person\/b5c8cba458c330ccff548b056e95a5d4"},"breadcrumb":{"@id":"https:\/\/franciscanos.org.br\/noticias\/angola-celebra-com-festa-os-30-anos-da-missao.html#breadcrumb"},"inLanguage":"pt-BR","potentialAction":[{"@type":"ReadAction","target":["https:\/\/franciscanos.org.br\/noticias\/angola-celebra-com-festa-os-30-anos-da-missao.html"]}]},{"@type":"BreadcrumbList","@id":"https:\/\/franciscanos.org.br\/noticias\/angola-celebra-com-festa-os-30-anos-da-missao.html#breadcrumb","itemListElement":[{"@type":"ListItem","position":1,"name":"Home","item":"https:\/\/franciscanos.org.br\/noticias"},{"@type":"ListItem","position":2,"name":"Angola celebra com festa os 30 anos da Miss\u00e3o"}]},{"@type":"Person","@id":"https:\/\/franciscanos.org.br\/noticias\/#\/schema\/person\/b5c8cba458c330ccff548b056e95a5d4","name":"moacir","image":{"@type":"ImageObject","inLanguage":"pt-BR","@id":"https:\/\/franciscanos.org.br\/noticias\/#\/schema\/person\/image\/","url":"https:\/\/secure.gravatar.com\/avatar\/d08aa2ce4c8dd416d4479aa8536fcf64?s=96&d=mm&r=g","contentUrl":"https:\/\/secure.gravatar.com\/avatar\/d08aa2ce4c8dd416d4479aa8536fcf64?s=96&d=mm&r=g","caption":"moacir"},"url":"https:\/\/franciscanos.org.br\/noticias\/author\/moacir"}]}},"_links":{"self":[{"href":"https:\/\/franciscanos.org.br\/noticias\/wp-json\/wp\/v2\/posts\/228485"}],"collection":[{"href":"https:\/\/franciscanos.org.br\/noticias\/wp-json\/wp\/v2\/posts"}],"about":[{"href":"https:\/\/franciscanos.org.br\/noticias\/wp-json\/wp\/v2\/types\/post"}],"author":[{"embeddable":true,"href":"https:\/\/franciscanos.org.br\/noticias\/wp-json\/wp\/v2\/users\/3"}],"replies":[{"embeddable":true,"href":"https:\/\/franciscanos.org.br\/noticias\/wp-json\/wp\/v2\/comments?post=228485"}],"version-history":[{"count":5,"href":"https:\/\/franciscanos.org.br\/noticias\/wp-json\/wp\/v2\/posts\/228485\/revisions"}],"predecessor-version":[{"id":228504,"href":"https:\/\/franciscanos.org.br\/noticias\/wp-json\/wp\/v2\/posts\/228485\/revisions\/228504"}],"wp:featuredmedia":[{"embeddable":true,"href":"https:\/\/franciscanos.org.br\/noticias\/wp-json\/wp\/v2\/media\/228495"}],"wp:attachment":[{"href":"https:\/\/franciscanos.org.br\/noticias\/wp-json\/wp\/v2\/media?parent=228485"}],"wp:term":[{"taxonomy":"category","embeddable":true,"href":"https:\/\/franciscanos.org.br\/noticias\/wp-json\/wp\/v2\/categories?post=228485"},{"taxonomy":"post_tag","embeddable":true,"href":"https:\/\/franciscanos.org.br\/noticias\/wp-json\/wp\/v2\/tags?post=228485"}],"curies":[{"name":"wp","href":"https:\/\/api.w.org\/{rel}","templated":true}]}}