{"id":228480,"date":"2020-09-27T08:04:33","date_gmt":"2020-09-27T11:04:33","guid":{"rendered":"https:\/\/franciscanos.org.br\/noticias\/?p=228480"},"modified":"2020-09-27T08:09:26","modified_gmt":"2020-09-27T11:09:26","slug":"papa-jesus-nos-pede-uma-fe-que-muda-a-vida-nao-de-fachada","status":"publish","type":"post","link":"https:\/\/franciscanos.org.br\/noticias\/papa-jesus-nos-pede-uma-fe-que-muda-a-vida-nao-de-fachada.html","title":{"rendered":"Papa: Jesus nos pede uma f\u00e9 que muda a vida, n\u00e3o &#8220;de fachada&#8221;"},"content":{"rendered":"<div id=\"attachment_228481\" style=\"width: 1290px\" class=\"wp-caption alignnone\"><img aria-describedby=\"caption-attachment-228481\" loading=\"lazy\" class=\"wp-image-228481 size-full\" src=\"https:\/\/franciscanos.org.br\/noticias\/wp-content\/uploads\/2020\/09\/domingo.jpg\" alt=\"\" width=\"1280\" height=\"720\" srcset=\"https:\/\/franciscanos.org.br\/noticias\/wp-content\/uploads\/2020\/09\/domingo.jpg 1280w, https:\/\/franciscanos.org.br\/noticias\/wp-content\/uploads\/2020\/09\/domingo-450x253.jpg 450w, https:\/\/franciscanos.org.br\/noticias\/wp-content\/uploads\/2020\/09\/domingo-1024x576.jpg 1024w, https:\/\/franciscanos.org.br\/noticias\/wp-content\/uploads\/2020\/09\/domingo-768x432.jpg 768w, https:\/\/franciscanos.org.br\/noticias\/wp-content\/uploads\/2020\/09\/domingo-150x84.jpg 150w\" sizes=\"(max-width: 1280px) 100vw, 1280px\" \/><p id=\"caption-attachment-228481\" class=\"wp-caption-text\">\u00a0 \u00a0 \u00a0 \u00a0 \u00a0 \u00a0 \u00a0 \u00a0 \u00a0 \u00a0 \u00a0 \u00a0 \u00a0 \u00a0 \u00a0 \u00a0 \u00a0 \u00a0 \u00a0 \u00a0 \u00a0 \u00a0 \u00a0 \u00a0 \u00a0 \u00a0 \u00a0 \u00a0 \u00a0 \u00a0 \u00a0 \u00a0 \u00a0 \u00a0 \u00a0 \u00a0 \u00a0 \u00a0 \u00a0 \u00a0 \u00a0 \u00a0 \u00a0 \u00a0 \u00a0 \u00a0 \u00a0 \u00a0 \u00a0 \u00a0 \u00a0 \u00a0 \u00a0 \u00a0 \u00a0 \u00a0 \u00a0 \u00a0 \u00a0 \u00a0 \u00a0 \u00a0 \u00a0 \u00a0 \u00a0<em> \u00a0 \u00a0Imagem: Vatican Media<\/em><\/p><\/div>\n<p><strong>Cidado do Vaticano<\/strong> &#8211; Um domingo chuvoso, t\u00edpico de in\u00edcio de outono no hemisf\u00e9rio norte, n\u00e3o espantou os peregrinos que foram \u00e0 Pra\u00e7a S\u00e3o Pedro rezar com o Papa Francisco a Ora\u00e7\u00e3o Mariana do Angelus. Ao comentar o Evangelho do dia (cf. 21:28-32), o Pont\u00edfice usou a par\u00e1bola de dois filhos para nos ensinar sobre a convers\u00e3o e para passar da palavra \u00e0 a\u00e7\u00e3o. Enquanto um deles negou o trabalho na vinha e depois se arrependeu; o outro disse imediatamente sim, mas, na realidade, n\u00e3o correspondeu ao pedido do pai.<\/p>\n<p>\u201cA obedi\u00eancia n\u00e3o consiste em dizer \u2018sim\u2019 ou \u2018n\u00e3o\u2019, mas em agir, em cultivar a vinha, em realizar o Reino de Deus. Com esse simples exemplo, Jesus quer superar uma religi\u00e3o entendida apenas como pr\u00e1tica externa e habitual, que n\u00e3o afeta a vida e as atitudes das pessoas.\u201d<\/p>\n<p><strong>Os privilegiados da Gra\u00e7a<\/strong><br \/>\nO Pont\u00edfice, ent\u00e3o, ao comentar a par\u00e1bola, disse que os publicanos e as prostitutas ir\u00e3o preceder \u201cos expoentes dessa religiosidade \u2018de fachada\u2019, que Jesus desaprova, que s\u00e3o \u2018os sumos sacerdotes e os anci\u00e3os do povo\u2019 (Mt 21,23).<\/p>\n<p>\u201cEssa afirma\u00e7\u00e3o n\u00e3o deve nos levar a pensar que aqueles que se d\u00e3o bem s\u00e3o aqueles que n\u00e3o seguem os mandamentos de Deus e a moral, e dizem: \u2018em todo caso, aqueles que v\u00e3o \u00e0 Igreja s\u00e3o piores do que n\u00f3s\u2019. Jesus n\u00e3o aponta os publicanos e as prostitutas como modelos de vida, mas como \u2018privilegiados da Gra\u00e7a\u2019, que Deus oferece a qualquer um que se abre e se converte a Ele. De fato, essas pessoas, ouvindo a sua prega\u00e7\u00e3o, se arrependeram e mudaram a vida.\u201d<\/p>\n<p><strong>A miseric\u00f3rdia sem limites de Deus<\/strong><br \/>\nO Papa encoraja, assim, \u00e0 convers\u00e3o, porque \u201cDeus \u00e9 paciente conosco: n\u00e3o se cansa, n\u00e3o desiste depois do nosso \u2018n\u00e3o\u2019\u201d e nem de quando nos afastamos ou cometemos erros. O Senhor sempre no acolhe para \u201cnos encher da sua miseric\u00f3rdia sem limites\u201d.<\/p>\n<p>\u201cA f\u00e9 em Deus pede para renovar todos os dias a escolha do bem em detrimento do mal, a escolha da verdade em detrimento da mentira, a escolha do amor ao pr\u00f3ximo em detrimento do ego\u00edsmo. Quem se converte a essa escolha, ap\u00f3s ter experimentado o pecado, encontrar\u00e1 os primeiros lugares no Reino dos C\u00e9us, onde h\u00e1 mais alegria para um \u00fanico pecador que se converte do que para 99 justos (cf. Lc 15,7).\u201d<\/p>\n<p><strong>O processo de purifica\u00e7\u00e3o da convers\u00e3o<\/strong><br \/>\nFrancisco, ent\u00e3o, ao concluir a mensagem ao povo de Deus neste domingo (27), pediu a intercess\u00e3o da Virgem Maria para nos ajudar nesse processo de convers\u00e3o, atrav\u00e9s da a\u00e7\u00e3o do Esp\u00edrito Santo, que \u201cderrete a dureza dos cora\u00e7\u00f5es e os disp\u00f5e ao arrependimento\u201d.<\/p>\n<p>\u201cA convers\u00e3o \u00e9 um processo de purifica\u00e7\u00e3o das incrusta\u00e7\u00f5es morais; por isso nunca \u00e9 indolor. O caminho da convers\u00e3o passa sempre atrav\u00e9s da cruz. N\u00e3o h\u00e1 santidade sem ren\u00fancia e sem combate espiritual. [\u2026] O Evangelho de hoje p\u00f5e em quest\u00e3o a maneira de viver a vida crist\u00e3, que n\u00e3o \u00e9 feita de sonhos ou de belas aspira\u00e7\u00f5es, mas de compromissos concretos para nos abrir cada vez mais \u00e0 vontade de Deus e ao amor pelos irm\u00e3os.\u201d<\/p>\n<hr \/>\n<p><em>Fonte: Vatican News (texto de Andressa Collet)<\/em><\/p>\n","protected":false},"excerpt":{"rendered":"<p>Angelus<\/p>\n","protected":false},"author":3,"featured_media":228482,"comment_status":"open","ping_status":"open","sticky":false,"template":"","format":"standard","meta":[],"categories":[1428],"tags":[403],"acf":[],"yoast_head":"<!-- This site is optimized with the Yoast SEO plugin v19.2 - https:\/\/yoast.com\/wordpress\/plugins\/seo\/ -->\n<title>Papa: Jesus nos pede uma f\u00e9 que muda a vida, n\u00e3o &quot;de fachada&quot; - Not\u00edcias - Franciscanos<\/title>\n<meta name=\"robots\" content=\"index, follow, max-snippet:-1, max-image-preview:large, max-video-preview:-1\" \/>\n<link rel=\"canonical\" href=\"https:\/\/franciscanos.org.br\/noticias\/papa-jesus-nos-pede-uma-fe-que-muda-a-vida-nao-de-fachada.html\" \/>\n<meta property=\"og:locale\" content=\"pt_BR\" \/>\n<meta property=\"og:type\" content=\"article\" \/>\n<meta property=\"og:title\" content=\"Papa: Jesus nos pede uma f\u00e9 que muda a vida, n\u00e3o &quot;de fachada&quot; - Not\u00edcias - Franciscanos\" \/>\n<meta property=\"og:description\" content=\"Angelus\" \/>\n<meta property=\"og:url\" content=\"https:\/\/franciscanos.org.br\/noticias\/papa-jesus-nos-pede-uma-fe-que-muda-a-vida-nao-de-fachada.html\" \/>\n<meta property=\"og:site_name\" content=\"Not\u00edcias - Franciscanos\" \/>\n<meta property=\"article:published_time\" content=\"2020-09-27T11:04:33+00:00\" \/>\n<meta property=\"article:modified_time\" content=\"2020-09-27T11:09:26+00:00\" \/>\n<meta property=\"og:image\" content=\"https:\/\/franciscanos.org.br\/noticias\/wp-content\/uploads\/2020\/09\/domingo_d.jpg\" \/>\n\t<meta property=\"og:image:width\" content=\"800\" \/>\n\t<meta property=\"og:image:height\" content=\"600\" \/>\n\t<meta property=\"og:image:type\" content=\"image\/jpeg\" \/>\n<meta name=\"author\" content=\"moacir\" \/>\n<meta name=\"twitter:card\" content=\"summary_large_image\" \/>\n<meta name=\"twitter:label1\" content=\"Escrito por\" \/>\n\t<meta name=\"twitter:data1\" content=\"moacir\" \/>\n\t<meta name=\"twitter:label2\" content=\"Est. tempo de leitura\" \/>\n\t<meta name=\"twitter:data2\" content=\"3 minutos\" \/>\n<script type=\"application\/ld+json\" class=\"yoast-schema-graph\">{\"@context\":\"https:\/\/schema.org\",\"@graph\":[{\"@type\":\"WebSite\",\"@id\":\"https:\/\/franciscanos.org.br\/noticias\/#website\",\"url\":\"https:\/\/franciscanos.org.br\/noticias\/\",\"name\":\"Not\u00edcias - Franciscanos\",\"description\":\"Prov\u00edncia Franciscana da Imaculada Concei\u00e7\u00e3o do Brasil - Ordem dos Frades Menores - OFM\",\"potentialAction\":[{\"@type\":\"SearchAction\",\"target\":{\"@type\":\"EntryPoint\",\"urlTemplate\":\"https:\/\/franciscanos.org.br\/noticias\/?s={search_term_string}\"},\"query-input\":\"required name=search_term_string\"}],\"inLanguage\":\"pt-BR\"},{\"@type\":\"ImageObject\",\"inLanguage\":\"pt-BR\",\"@id\":\"https:\/\/franciscanos.org.br\/noticias\/papa-jesus-nos-pede-uma-fe-que-muda-a-vida-nao-de-fachada.html#primaryimage\",\"url\":\"https:\/\/franciscanos.org.br\/noticias\/wp-content\/uploads\/2020\/09\/domingo_d.jpg\",\"contentUrl\":\"https:\/\/franciscanos.org.br\/noticias\/wp-content\/uploads\/2020\/09\/domingo_d.jpg\",\"width\":800,\"height\":600},{\"@type\":\"WebPage\",\"@id\":\"https:\/\/franciscanos.org.br\/noticias\/papa-jesus-nos-pede-uma-fe-que-muda-a-vida-nao-de-fachada.html#webpage\",\"url\":\"https:\/\/franciscanos.org.br\/noticias\/papa-jesus-nos-pede-uma-fe-que-muda-a-vida-nao-de-fachada.html\",\"name\":\"Papa: Jesus nos pede uma f\u00e9 que muda a vida, n\u00e3o \\\"de fachada\\\" - Not\u00edcias - Franciscanos\",\"isPartOf\":{\"@id\":\"https:\/\/franciscanos.org.br\/noticias\/#website\"},\"primaryImageOfPage\":{\"@id\":\"https:\/\/franciscanos.org.br\/noticias\/papa-jesus-nos-pede-uma-fe-que-muda-a-vida-nao-de-fachada.html#primaryimage\"},\"datePublished\":\"2020-09-27T11:04:33+00:00\",\"dateModified\":\"2020-09-27T11:09:26+00:00\",\"author\":{\"@id\":\"https:\/\/franciscanos.org.br\/noticias\/#\/schema\/person\/b5c8cba458c330ccff548b056e95a5d4\"},\"breadcrumb\":{\"@id\":\"https:\/\/franciscanos.org.br\/noticias\/papa-jesus-nos-pede-uma-fe-que-muda-a-vida-nao-de-fachada.html#breadcrumb\"},\"inLanguage\":\"pt-BR\",\"potentialAction\":[{\"@type\":\"ReadAction\",\"target\":[\"https:\/\/franciscanos.org.br\/noticias\/papa-jesus-nos-pede-uma-fe-que-muda-a-vida-nao-de-fachada.html\"]}]},{\"@type\":\"BreadcrumbList\",\"@id\":\"https:\/\/franciscanos.org.br\/noticias\/papa-jesus-nos-pede-uma-fe-que-muda-a-vida-nao-de-fachada.html#breadcrumb\",\"itemListElement\":[{\"@type\":\"ListItem\",\"position\":1,\"name\":\"Home\",\"item\":\"https:\/\/franciscanos.org.br\/noticias\"},{\"@type\":\"ListItem\",\"position\":2,\"name\":\"Papa: Jesus nos pede uma f\u00e9 que muda a vida, n\u00e3o &#8220;de fachada&#8221;\"}]},{\"@type\":\"Person\",\"@id\":\"https:\/\/franciscanos.org.br\/noticias\/#\/schema\/person\/b5c8cba458c330ccff548b056e95a5d4\",\"name\":\"moacir\",\"image\":{\"@type\":\"ImageObject\",\"inLanguage\":\"pt-BR\",\"@id\":\"https:\/\/franciscanos.org.br\/noticias\/#\/schema\/person\/image\/\",\"url\":\"https:\/\/secure.gravatar.com\/avatar\/d08aa2ce4c8dd416d4479aa8536fcf64?s=96&d=mm&r=g\",\"contentUrl\":\"https:\/\/secure.gravatar.com\/avatar\/d08aa2ce4c8dd416d4479aa8536fcf64?s=96&d=mm&r=g\",\"caption\":\"moacir\"},\"url\":\"https:\/\/franciscanos.org.br\/noticias\/author\/moacir\"}]}<\/script>\n<!-- \/ Yoast SEO plugin. -->","yoast_head_json":{"title":"Papa: Jesus nos pede uma f\u00e9 que muda a vida, n\u00e3o \"de fachada\" - Not\u00edcias - Franciscanos","robots":{"index":"index","follow":"follow","max-snippet":"max-snippet:-1","max-image-preview":"max-image-preview:large","max-video-preview":"max-video-preview:-1"},"canonical":"https:\/\/franciscanos.org.br\/noticias\/papa-jesus-nos-pede-uma-fe-que-muda-a-vida-nao-de-fachada.html","og_locale":"pt_BR","og_type":"article","og_title":"Papa: Jesus nos pede uma f\u00e9 que muda a vida, n\u00e3o \"de fachada\" - Not\u00edcias - Franciscanos","og_description":"Angelus","og_url":"https:\/\/franciscanos.org.br\/noticias\/papa-jesus-nos-pede-uma-fe-que-muda-a-vida-nao-de-fachada.html","og_site_name":"Not\u00edcias - Franciscanos","article_published_time":"2020-09-27T11:04:33+00:00","article_modified_time":"2020-09-27T11:09:26+00:00","og_image":[{"width":800,"height":600,"url":"https:\/\/franciscanos.org.br\/noticias\/wp-content\/uploads\/2020\/09\/domingo_d.jpg","type":"image\/jpeg"}],"author":"moacir","twitter_card":"summary_large_image","twitter_misc":{"Escrito por":"moacir","Est. tempo de leitura":"3 minutos"},"schema":{"@context":"https:\/\/schema.org","@graph":[{"@type":"WebSite","@id":"https:\/\/franciscanos.org.br\/noticias\/#website","url":"https:\/\/franciscanos.org.br\/noticias\/","name":"Not\u00edcias - Franciscanos","description":"Prov\u00edncia Franciscana da Imaculada Concei\u00e7\u00e3o do Brasil - Ordem dos Frades Menores - OFM","potentialAction":[{"@type":"SearchAction","target":{"@type":"EntryPoint","urlTemplate":"https:\/\/franciscanos.org.br\/noticias\/?s={search_term_string}"},"query-input":"required name=search_term_string"}],"inLanguage":"pt-BR"},{"@type":"ImageObject","inLanguage":"pt-BR","@id":"https:\/\/franciscanos.org.br\/noticias\/papa-jesus-nos-pede-uma-fe-que-muda-a-vida-nao-de-fachada.html#primaryimage","url":"https:\/\/franciscanos.org.br\/noticias\/wp-content\/uploads\/2020\/09\/domingo_d.jpg","contentUrl":"https:\/\/franciscanos.org.br\/noticias\/wp-content\/uploads\/2020\/09\/domingo_d.jpg","width":800,"height":600},{"@type":"WebPage","@id":"https:\/\/franciscanos.org.br\/noticias\/papa-jesus-nos-pede-uma-fe-que-muda-a-vida-nao-de-fachada.html#webpage","url":"https:\/\/franciscanos.org.br\/noticias\/papa-jesus-nos-pede-uma-fe-que-muda-a-vida-nao-de-fachada.html","name":"Papa: Jesus nos pede uma f\u00e9 que muda a vida, n\u00e3o \"de fachada\" - Not\u00edcias - Franciscanos","isPartOf":{"@id":"https:\/\/franciscanos.org.br\/noticias\/#website"},"primaryImageOfPage":{"@id":"https:\/\/franciscanos.org.br\/noticias\/papa-jesus-nos-pede-uma-fe-que-muda-a-vida-nao-de-fachada.html#primaryimage"},"datePublished":"2020-09-27T11:04:33+00:00","dateModified":"2020-09-27T11:09:26+00:00","author":{"@id":"https:\/\/franciscanos.org.br\/noticias\/#\/schema\/person\/b5c8cba458c330ccff548b056e95a5d4"},"breadcrumb":{"@id":"https:\/\/franciscanos.org.br\/noticias\/papa-jesus-nos-pede-uma-fe-que-muda-a-vida-nao-de-fachada.html#breadcrumb"},"inLanguage":"pt-BR","potentialAction":[{"@type":"ReadAction","target":["https:\/\/franciscanos.org.br\/noticias\/papa-jesus-nos-pede-uma-fe-que-muda-a-vida-nao-de-fachada.html"]}]},{"@type":"BreadcrumbList","@id":"https:\/\/franciscanos.org.br\/noticias\/papa-jesus-nos-pede-uma-fe-que-muda-a-vida-nao-de-fachada.html#breadcrumb","itemListElement":[{"@type":"ListItem","position":1,"name":"Home","item":"https:\/\/franciscanos.org.br\/noticias"},{"@type":"ListItem","position":2,"name":"Papa: Jesus nos pede uma f\u00e9 que muda a vida, n\u00e3o &#8220;de fachada&#8221;"}]},{"@type":"Person","@id":"https:\/\/franciscanos.org.br\/noticias\/#\/schema\/person\/b5c8cba458c330ccff548b056e95a5d4","name":"moacir","image":{"@type":"ImageObject","inLanguage":"pt-BR","@id":"https:\/\/franciscanos.org.br\/noticias\/#\/schema\/person\/image\/","url":"https:\/\/secure.gravatar.com\/avatar\/d08aa2ce4c8dd416d4479aa8536fcf64?s=96&d=mm&r=g","contentUrl":"https:\/\/secure.gravatar.com\/avatar\/d08aa2ce4c8dd416d4479aa8536fcf64?s=96&d=mm&r=g","caption":"moacir"},"url":"https:\/\/franciscanos.org.br\/noticias\/author\/moacir"}]}},"_links":{"self":[{"href":"https:\/\/franciscanos.org.br\/noticias\/wp-json\/wp\/v2\/posts\/228480"}],"collection":[{"href":"https:\/\/franciscanos.org.br\/noticias\/wp-json\/wp\/v2\/posts"}],"about":[{"href":"https:\/\/franciscanos.org.br\/noticias\/wp-json\/wp\/v2\/types\/post"}],"author":[{"embeddable":true,"href":"https:\/\/franciscanos.org.br\/noticias\/wp-json\/wp\/v2\/users\/3"}],"replies":[{"embeddable":true,"href":"https:\/\/franciscanos.org.br\/noticias\/wp-json\/wp\/v2\/comments?post=228480"}],"version-history":[{"count":2,"href":"https:\/\/franciscanos.org.br\/noticias\/wp-json\/wp\/v2\/posts\/228480\/revisions"}],"predecessor-version":[{"id":228484,"href":"https:\/\/franciscanos.org.br\/noticias\/wp-json\/wp\/v2\/posts\/228480\/revisions\/228484"}],"wp:featuredmedia":[{"embeddable":true,"href":"https:\/\/franciscanos.org.br\/noticias\/wp-json\/wp\/v2\/media\/228482"}],"wp:attachment":[{"href":"https:\/\/franciscanos.org.br\/noticias\/wp-json\/wp\/v2\/media?parent=228480"}],"wp:term":[{"taxonomy":"category","embeddable":true,"href":"https:\/\/franciscanos.org.br\/noticias\/wp-json\/wp\/v2\/categories?post=228480"},{"taxonomy":"post_tag","embeddable":true,"href":"https:\/\/franciscanos.org.br\/noticias\/wp-json\/wp\/v2\/tags?post=228480"}],"curies":[{"name":"wp","href":"https:\/\/api.w.org\/{rel}","templated":true}]}}