{"id":228476,"date":"2020-09-25T14:28:49","date_gmt":"2020-09-25T17:28:49","guid":{"rendered":"https:\/\/franciscanos.org.br\/noticias\/?p=228476"},"modified":"2020-09-25T14:28:49","modified_gmt":"2020-09-25T17:28:49","slug":"papa-na-onu-cultura-do-descarte-e-um-atentado-contra-a-humanidade","status":"publish","type":"post","link":"https:\/\/franciscanos.org.br\/noticias\/papa-na-onu-cultura-do-descarte-e-um-atentado-contra-a-humanidade.html","title":{"rendered":"Papa na ONU: cultura do descarte \u00e9 um atentado contra a humanidade"},"content":{"rendered":"<div id=\"attachment_228477\" style=\"width: 900px\" class=\"wp-caption alignnone\"><img aria-describedby=\"caption-attachment-228477\" loading=\"lazy\" class=\"wp-image-228477 size-full\" src=\"https:\/\/franciscanos.org.br\/noticias\/wp-content\/uploads\/2020\/09\/papa_2509.jpg\" alt=\"\" width=\"890\" height=\"592\" srcset=\"https:\/\/franciscanos.org.br\/noticias\/wp-content\/uploads\/2020\/09\/papa_2509.jpg 890w, https:\/\/franciscanos.org.br\/noticias\/wp-content\/uploads\/2020\/09\/papa_2509-450x299.jpg 450w, https:\/\/franciscanos.org.br\/noticias\/wp-content\/uploads\/2020\/09\/papa_2509-768x511.jpg 768w, https:\/\/franciscanos.org.br\/noticias\/wp-content\/uploads\/2020\/09\/papa_2509-150x100.jpg 150w\" sizes=\"(max-width: 890px) 100vw, 890px\" \/><p id=\"caption-attachment-228477\" class=\"wp-caption-text\">\u00a0 \u00a0 \u00a0 \u00a0 \u00a0 \u00a0 \u00a0 \u00a0 \u00a0 \u00a0 \u00a0 \u00a0 \u00a0 \u00a0 \u00a0 \u00a0 \u00a0 \u00a0 \u00a0 \u00a0 \u00a0 \u00a0 \u00a0 \u00a0 \u00a0 \u00a0 \u00a0 \u00a0 \u00a0 \u00a0 \u00a0 \u00a0 \u00a0 \u00a0 \u00a0 \u00a0 \u00a0 \u00a0 \u00a0 \u00a0 \u00a0 \u00a0 \u00a0 \u00a0 \u00a0 \u00a0 \u00a0 \u00a0 \u00a0 \u00a0 \u00a0 \u00a0 \u00a0 \u00a0 \u00a0 \u00a0 \u00a0 \u00a0 \u00a0 \u00a0 \u00a0 \u00a0 \u00a0 \u00a0 \u00a0 \u00a0 \u00a0 \u00a0 \u00a0 \u00a0<em> \u00a0Imagem: Vatican Media<\/em><\/p><\/div>\n<p><strong>Cidade do Vaticano<\/strong> &#8211; Coronav\u00edrus, desigualdade, persegui\u00e7\u00e3o religiosa, armas, Amaz\u00f4nia e fam\u00edlia: estes s\u00e3o alguns dos temas tratados pelo Papa Francisco no seu pronunciamento na 75\u00b0 Assembleia Geral das Na\u00e7\u00f5es Unidas. Assim como fizeram outros l\u00edderes de Estado e de governo, a participa\u00e7\u00e3o do Pont\u00edfice foi virtual, atrav\u00e9s de uma v\u00eddeomensagem gravada no Vaticano.<\/p>\n<p>O discurso durou pouco mais de 26 minutos, durante os quais Francisco tocou os principais temas da atualidade, come\u00e7ando com o mais urgente e abrangente: a pandemia da Covid-19.<\/p>\n<p>A crise sanit\u00e1ria nos levou a uma encruzilhada: ou enveredamos pelo caminho de uma renovada corresponsabilidade e solidariedade mundial ou percorremos a estrada do isolamento e deixamos de lado os mais vulner\u00e1veis. \u201cEsta segunda op\u00e7\u00e3o n\u00e3o deve prevalecer\u201d, advertiu Francisco.<\/p>\n<p>O Pont\u00edfice ent\u00e3o renovou seu apelo aos respons\u00e1veis pol\u00edticos e ao setor privado para que tomem as medidas adequadas para garantir o acesso \u00e0s vacinas contra a COVID-19. \u201cSe tiver que privilegiar algu\u00e9m, que seja o mais pobre\u201d, afirmou.<\/p>\n<p><strong>Humanidade violada<\/strong><br \/>\nAo falar sobre as consequ\u00eancias da pandemia, o Papa se mostrou particularmente preocupado com os trabalhadores, que perdem sempre mais espa\u00e7o para a \u201crobotiza\u00e7\u00e3o\u201d. \u201cA solidariedade n\u00e3o pode ser uma palavra ou uma promessa vazia\u201d, disse, acrescentando ser necess\u00e1rio encontrar novas formas de trabalho capazes de satisfazer o potencial humano, no respeito da sua dignidade. Em outras palavras, \u00e9 necess\u00e1rio um \u201cmarco \u00e9tico\u201d mais forte.<\/p>\n<p>A este ponto, Francisco usou uma das express\u00f5es mais enf\u00e1ticas do seu discurso ao afirmar que a cultura do descarte hoje em vigor \u00e9 um \u201catentado contra a humanidade\u201d. \u201cDe fato, \u00e9 doloroso ver quantos direitos fundamentais continuam sendo violados com impunidade. A lista dessas viola\u00e7\u00f5es \u00e9 muito extensa e nos mostra a terr\u00edvel imagem de uma humanidade violada, ferida, sem dignidade, liberdade e possibilidade de desenvolvimento.\u201d<\/p>\n<p>Nesta lista de viola\u00e7\u00f5es, Francisco incluiu a persegui\u00e7\u00e3o religiosa, que pode resultar em genoc\u00eddio. Entre as v\u00edtimas, est\u00e3o tamb\u00e9m crist\u00e3os: \u201cquantos sofrem ao redor do mundo, \u00e0s vezes obrigados a deixar suas terras ancestrais, isolados de sua rica hist\u00f3ria e cultura\u201d.<\/p>\n<p>Este atentado contra a humanidade produz conflitos por toda a parte, \u201ccrises humanit\u00e1rias se transformaram no statu quo, onde os direitos \u00e0 vida, \u00e0 liberdade e \u00e0 seguran\u00e7a pessoal n\u00e3o est\u00e3o garantidos\u201d.<\/p>\n<p>Muitos desses conflitos provocam migra\u00e7\u00e3o for\u00e7ada, em que os deslocados sofrem viola\u00e7\u00f5es nos pa\u00edses de origem, tr\u00e2nsito e destino. \u201cIsso \u00e9 intoler\u00e1vel, todavia, hoje \u00e9 uma realidade que muitos ignoram intencionalmente!\u201d, denunciou o Papa, pedindo o respeito dos tratados internacionais.<\/p>\n<p><strong>A Amaz\u00f4nia e a crise ambiental<\/strong><br \/>\nOutros temas mencionados pelo Pont\u00edfice foram o da desigualdade social &#8211; e o crescente abismo entre ricos e pobres \u2013 e a injusti\u00e7a econ\u00f4mica. Mais uma vez, pediu a redu\u00e7\u00e3o ou aboli\u00e7\u00e3o da d\u00edvida externa dos pa\u00edses mais pobres. \u201cEste \u00e9 o tempo prop\u00edcio para renovar a arquitetura financeira internacional\u201d, afirmou.<\/p>\n<p>Para falar de outra crise \u2013 a ambiental \u2013 o Papa citou a Amaz\u00f4nia e suas popula\u00e7\u00f5es ind\u00edgenas. E recordou que a crise ambiental est\u00e1 indissoluvelmente ligada a uma crise social, reiterando que a Santa S\u00e9 seguir\u00e1 desempenhando seu papel no cuidado da casa comum.<\/p>\n<p>Francisco foi contundente ao denunciar a situa\u00e7\u00e3o de milh\u00f5es de crian\u00e7as no mundo, agravada com a pandemia. Citou os menores migrantes n\u00e3o acompanhados, as crian\u00e7as v\u00edtimas de viol\u00eancia, maus-tratos, pedofilia, trabalho escravo, crian\u00e7as sem direito \u00e0 sa\u00fade e educa\u00e7\u00e3o e, pior, sem direito \u00e0 vida.<\/p>\n<p>\u201cImploro, pois, \u00e0s autoridades civis que prestem especial aten\u00e7\u00e3o \u00e0s crian\u00e7as a quem lhes s\u00e3o negados seus direitos e dignidade fundamentais, em especial seu direito \u00e0 vida e \u00e0 educa\u00e7\u00e3o. N\u00e3o posso evitar de recordar o apelo da jovem valente Malala Yousafzai, que h\u00e1 cinco anos, na Assembleia Geral, nos recordou que \u201cuma crian\u00e7a, um professor, um livro e uma caneta podem mudar o mundo&#8221;.\u201d<\/p>\n<p>Defender as crian\u00e7as, prosseguiu o Papa, \u00e9 tamb\u00e9m defender a fam\u00edlia, hoje v\u00edtima de \u201ccolonialismos ideol\u00f3gicos\u201d. A desintegra\u00e7\u00e3o da fam\u00edlia acarreta a fragmenta\u00e7\u00e3o social, recordou.<\/p>\n<p>Francisco dirigiu um pensamento especial \u00e0s mulheres, nos 25 anos da Confer\u00eancia de Beijing. N\u00e3o obstante os progressos, muitas mulheres ainda ficam para tr\u00e1s, v\u00edtimas de explora\u00e7\u00e3o e viol\u00eancia, \u201cA elas e as que vivem separadas de suas fam\u00edlias, expresso minha proximidade fraterna\u201d, pedindo ao mesmo tempo uma luta mais incisiva contra \u201cpr\u00e1ticas perversas que denigram n\u00e3o somente as mulheres, mas toda a humanidade\u201d.<\/p>\n<p><strong>Desmantelar cultura b\u00e9lica<\/strong><br \/>\nO \u00faltimo tema tratado pelo Papa foi o das armas, afirmando que n\u00e3o haver\u00e1 progresso no campo da paz e do desenvolvimento se \u201crecursos preciosos\u201d forem destinados \u00e0 corrida armamentista, inclusive nuclear.<\/p>\n<p>Diante de uma tecnologia sempre mais refinada e letal, a mensagem de Francisco \u00e9 clara: \u201c\u00c9 preciso desmantelar as l\u00f3gicas perversas que atribuem \u00e0 posse de armas a seguran\u00e7a pessoal e social. Tais l\u00f3gicas s\u00f3 servem para incrementar as gan\u00e2ncias da ind\u00fastria b\u00e9lica, alimentando um clima de desconfian\u00e7a e de temor entre as personas os povos\u201d.<\/p>\n<p>Ao encerrar, Francisco afirmou que o mundo em conflito necessita que a ONU se transforme numa oficina de paz cada vez mais eficaz, em que os membros do Conselho de Seguran\u00e7a, sobretudo os Permanentes, atuem com maior unidade e determina\u00e7\u00e3o. E citou como exemplo \u201cnobre\u201d a recente ado\u00e7\u00e3o de um cessar-fogo global durante a pandemia.<\/p>\n<p>E por falar em crise, o Papa concluiu recordando que dela sa\u00edmos ou melhores ou piores e que nesta conjuntura cr\u00edtica, \u00e9 \u201cnosso dever repensar o futuro da nossa comum\u201d.<\/p>\n<p>\u201cA pandemia nos mostrou que n\u00e3o podemos viver sem o outro, ou pior ainda, um contra o outro. As Na\u00e7\u00f5es Unidas foram criadas para unir as na\u00e7\u00f5es, aproxim\u00e1-las, como uma ponte entre os povos; usemo-lo para transformar o desafio que enfrentamos em uma oportunidade para construir juntos, uma vez mais, o futuro que queremos.\u201d<\/p>\n<hr \/>\n<p><em>Fonte: Vatican News<\/em><\/p>\n","protected":false},"excerpt":{"rendered":"<p>Discurso do Papa Francisco na ONU<\/p>\n","protected":false},"author":3,"featured_media":228478,"comment_status":"open","ping_status":"open","sticky":false,"template":"","format":"standard","meta":[],"categories":[1428],"tags":[1413,55],"acf":[],"yoast_head":"<!-- This site is optimized with the Yoast SEO plugin v19.2 - https:\/\/yoast.com\/wordpress\/plugins\/seo\/ -->\n<title>Papa na ONU: cultura do descarte \u00e9 um atentado contra a humanidade - Not\u00edcias - Franciscanos<\/title>\n<meta name=\"robots\" content=\"index, follow, max-snippet:-1, max-image-preview:large, max-video-preview:-1\" \/>\n<link rel=\"canonical\" href=\"https:\/\/franciscanos.org.br\/noticias\/papa-na-onu-cultura-do-descarte-e-um-atentado-contra-a-humanidade.html\" \/>\n<meta property=\"og:locale\" content=\"pt_BR\" \/>\n<meta property=\"og:type\" content=\"article\" \/>\n<meta property=\"og:title\" content=\"Papa na ONU: cultura do descarte \u00e9 um atentado contra a humanidade - Not\u00edcias - Franciscanos\" \/>\n<meta property=\"og:description\" content=\"Discurso do Papa Francisco na ONU\" \/>\n<meta property=\"og:url\" content=\"https:\/\/franciscanos.org.br\/noticias\/papa-na-onu-cultura-do-descarte-e-um-atentado-contra-a-humanidade.html\" \/>\n<meta property=\"og:site_name\" content=\"Not\u00edcias - Franciscanos\" \/>\n<meta property=\"article:published_time\" content=\"2020-09-25T17:28:49+00:00\" \/>\n<meta property=\"og:image\" content=\"https:\/\/franciscanos.org.br\/noticias\/wp-content\/uploads\/2020\/09\/papa_2509d.jpg\" \/>\n\t<meta property=\"og:image:width\" content=\"800\" \/>\n\t<meta property=\"og:image:height\" content=\"599\" \/>\n\t<meta property=\"og:image:type\" content=\"image\/jpeg\" \/>\n<meta name=\"author\" content=\"moacir\" \/>\n<meta name=\"twitter:card\" content=\"summary_large_image\" \/>\n<meta name=\"twitter:label1\" content=\"Escrito por\" \/>\n\t<meta name=\"twitter:data1\" content=\"moacir\" \/>\n\t<meta name=\"twitter:label2\" content=\"Est. tempo de leitura\" \/>\n\t<meta name=\"twitter:data2\" content=\"5 minutos\" \/>\n<script type=\"application\/ld+json\" class=\"yoast-schema-graph\">{\"@context\":\"https:\/\/schema.org\",\"@graph\":[{\"@type\":\"WebSite\",\"@id\":\"https:\/\/franciscanos.org.br\/noticias\/#website\",\"url\":\"https:\/\/franciscanos.org.br\/noticias\/\",\"name\":\"Not\u00edcias - Franciscanos\",\"description\":\"Prov\u00edncia Franciscana da Imaculada Concei\u00e7\u00e3o do Brasil - Ordem dos Frades Menores - OFM\",\"potentialAction\":[{\"@type\":\"SearchAction\",\"target\":{\"@type\":\"EntryPoint\",\"urlTemplate\":\"https:\/\/franciscanos.org.br\/noticias\/?s={search_term_string}\"},\"query-input\":\"required name=search_term_string\"}],\"inLanguage\":\"pt-BR\"},{\"@type\":\"ImageObject\",\"inLanguage\":\"pt-BR\",\"@id\":\"https:\/\/franciscanos.org.br\/noticias\/papa-na-onu-cultura-do-descarte-e-um-atentado-contra-a-humanidade.html#primaryimage\",\"url\":\"https:\/\/franciscanos.org.br\/noticias\/wp-content\/uploads\/2020\/09\/papa_2509d.jpg\",\"contentUrl\":\"https:\/\/franciscanos.org.br\/noticias\/wp-content\/uploads\/2020\/09\/papa_2509d.jpg\",\"width\":800,\"height\":599},{\"@type\":\"WebPage\",\"@id\":\"https:\/\/franciscanos.org.br\/noticias\/papa-na-onu-cultura-do-descarte-e-um-atentado-contra-a-humanidade.html#webpage\",\"url\":\"https:\/\/franciscanos.org.br\/noticias\/papa-na-onu-cultura-do-descarte-e-um-atentado-contra-a-humanidade.html\",\"name\":\"Papa na ONU: cultura do descarte \u00e9 um atentado contra a humanidade - Not\u00edcias - Franciscanos\",\"isPartOf\":{\"@id\":\"https:\/\/franciscanos.org.br\/noticias\/#website\"},\"primaryImageOfPage\":{\"@id\":\"https:\/\/franciscanos.org.br\/noticias\/papa-na-onu-cultura-do-descarte-e-um-atentado-contra-a-humanidade.html#primaryimage\"},\"datePublished\":\"2020-09-25T17:28:49+00:00\",\"dateModified\":\"2020-09-25T17:28:49+00:00\",\"author\":{\"@id\":\"https:\/\/franciscanos.org.br\/noticias\/#\/schema\/person\/b5c8cba458c330ccff548b056e95a5d4\"},\"breadcrumb\":{\"@id\":\"https:\/\/franciscanos.org.br\/noticias\/papa-na-onu-cultura-do-descarte-e-um-atentado-contra-a-humanidade.html#breadcrumb\"},\"inLanguage\":\"pt-BR\",\"potentialAction\":[{\"@type\":\"ReadAction\",\"target\":[\"https:\/\/franciscanos.org.br\/noticias\/papa-na-onu-cultura-do-descarte-e-um-atentado-contra-a-humanidade.html\"]}]},{\"@type\":\"BreadcrumbList\",\"@id\":\"https:\/\/franciscanos.org.br\/noticias\/papa-na-onu-cultura-do-descarte-e-um-atentado-contra-a-humanidade.html#breadcrumb\",\"itemListElement\":[{\"@type\":\"ListItem\",\"position\":1,\"name\":\"Home\",\"item\":\"https:\/\/franciscanos.org.br\/noticias\"},{\"@type\":\"ListItem\",\"position\":2,\"name\":\"Papa na ONU: cultura do descarte \u00e9 um atentado contra a humanidade\"}]},{\"@type\":\"Person\",\"@id\":\"https:\/\/franciscanos.org.br\/noticias\/#\/schema\/person\/b5c8cba458c330ccff548b056e95a5d4\",\"name\":\"moacir\",\"image\":{\"@type\":\"ImageObject\",\"inLanguage\":\"pt-BR\",\"@id\":\"https:\/\/franciscanos.org.br\/noticias\/#\/schema\/person\/image\/\",\"url\":\"https:\/\/secure.gravatar.com\/avatar\/d08aa2ce4c8dd416d4479aa8536fcf64?s=96&d=mm&r=g\",\"contentUrl\":\"https:\/\/secure.gravatar.com\/avatar\/d08aa2ce4c8dd416d4479aa8536fcf64?s=96&d=mm&r=g\",\"caption\":\"moacir\"},\"url\":\"https:\/\/franciscanos.org.br\/noticias\/author\/moacir\"}]}<\/script>\n<!-- \/ Yoast SEO plugin. -->","yoast_head_json":{"title":"Papa na ONU: cultura do descarte \u00e9 um atentado contra a humanidade - Not\u00edcias - Franciscanos","robots":{"index":"index","follow":"follow","max-snippet":"max-snippet:-1","max-image-preview":"max-image-preview:large","max-video-preview":"max-video-preview:-1"},"canonical":"https:\/\/franciscanos.org.br\/noticias\/papa-na-onu-cultura-do-descarte-e-um-atentado-contra-a-humanidade.html","og_locale":"pt_BR","og_type":"article","og_title":"Papa na ONU: cultura do descarte \u00e9 um atentado contra a humanidade - Not\u00edcias - Franciscanos","og_description":"Discurso do Papa Francisco na ONU","og_url":"https:\/\/franciscanos.org.br\/noticias\/papa-na-onu-cultura-do-descarte-e-um-atentado-contra-a-humanidade.html","og_site_name":"Not\u00edcias - Franciscanos","article_published_time":"2020-09-25T17:28:49+00:00","og_image":[{"width":800,"height":599,"url":"https:\/\/franciscanos.org.br\/noticias\/wp-content\/uploads\/2020\/09\/papa_2509d.jpg","type":"image\/jpeg"}],"author":"moacir","twitter_card":"summary_large_image","twitter_misc":{"Escrito por":"moacir","Est. tempo de leitura":"5 minutos"},"schema":{"@context":"https:\/\/schema.org","@graph":[{"@type":"WebSite","@id":"https:\/\/franciscanos.org.br\/noticias\/#website","url":"https:\/\/franciscanos.org.br\/noticias\/","name":"Not\u00edcias - Franciscanos","description":"Prov\u00edncia Franciscana da Imaculada Concei\u00e7\u00e3o do Brasil - Ordem dos Frades Menores - OFM","potentialAction":[{"@type":"SearchAction","target":{"@type":"EntryPoint","urlTemplate":"https:\/\/franciscanos.org.br\/noticias\/?s={search_term_string}"},"query-input":"required name=search_term_string"}],"inLanguage":"pt-BR"},{"@type":"ImageObject","inLanguage":"pt-BR","@id":"https:\/\/franciscanos.org.br\/noticias\/papa-na-onu-cultura-do-descarte-e-um-atentado-contra-a-humanidade.html#primaryimage","url":"https:\/\/franciscanos.org.br\/noticias\/wp-content\/uploads\/2020\/09\/papa_2509d.jpg","contentUrl":"https:\/\/franciscanos.org.br\/noticias\/wp-content\/uploads\/2020\/09\/papa_2509d.jpg","width":800,"height":599},{"@type":"WebPage","@id":"https:\/\/franciscanos.org.br\/noticias\/papa-na-onu-cultura-do-descarte-e-um-atentado-contra-a-humanidade.html#webpage","url":"https:\/\/franciscanos.org.br\/noticias\/papa-na-onu-cultura-do-descarte-e-um-atentado-contra-a-humanidade.html","name":"Papa na ONU: cultura do descarte \u00e9 um atentado contra a humanidade - Not\u00edcias - Franciscanos","isPartOf":{"@id":"https:\/\/franciscanos.org.br\/noticias\/#website"},"primaryImageOfPage":{"@id":"https:\/\/franciscanos.org.br\/noticias\/papa-na-onu-cultura-do-descarte-e-um-atentado-contra-a-humanidade.html#primaryimage"},"datePublished":"2020-09-25T17:28:49+00:00","dateModified":"2020-09-25T17:28:49+00:00","author":{"@id":"https:\/\/franciscanos.org.br\/noticias\/#\/schema\/person\/b5c8cba458c330ccff548b056e95a5d4"},"breadcrumb":{"@id":"https:\/\/franciscanos.org.br\/noticias\/papa-na-onu-cultura-do-descarte-e-um-atentado-contra-a-humanidade.html#breadcrumb"},"inLanguage":"pt-BR","potentialAction":[{"@type":"ReadAction","target":["https:\/\/franciscanos.org.br\/noticias\/papa-na-onu-cultura-do-descarte-e-um-atentado-contra-a-humanidade.html"]}]},{"@type":"BreadcrumbList","@id":"https:\/\/franciscanos.org.br\/noticias\/papa-na-onu-cultura-do-descarte-e-um-atentado-contra-a-humanidade.html#breadcrumb","itemListElement":[{"@type":"ListItem","position":1,"name":"Home","item":"https:\/\/franciscanos.org.br\/noticias"},{"@type":"ListItem","position":2,"name":"Papa na ONU: cultura do descarte \u00e9 um atentado contra a humanidade"}]},{"@type":"Person","@id":"https:\/\/franciscanos.org.br\/noticias\/#\/schema\/person\/b5c8cba458c330ccff548b056e95a5d4","name":"moacir","image":{"@type":"ImageObject","inLanguage":"pt-BR","@id":"https:\/\/franciscanos.org.br\/noticias\/#\/schema\/person\/image\/","url":"https:\/\/secure.gravatar.com\/avatar\/d08aa2ce4c8dd416d4479aa8536fcf64?s=96&d=mm&r=g","contentUrl":"https:\/\/secure.gravatar.com\/avatar\/d08aa2ce4c8dd416d4479aa8536fcf64?s=96&d=mm&r=g","caption":"moacir"},"url":"https:\/\/franciscanos.org.br\/noticias\/author\/moacir"}]}},"_links":{"self":[{"href":"https:\/\/franciscanos.org.br\/noticias\/wp-json\/wp\/v2\/posts\/228476"}],"collection":[{"href":"https:\/\/franciscanos.org.br\/noticias\/wp-json\/wp\/v2\/posts"}],"about":[{"href":"https:\/\/franciscanos.org.br\/noticias\/wp-json\/wp\/v2\/types\/post"}],"author":[{"embeddable":true,"href":"https:\/\/franciscanos.org.br\/noticias\/wp-json\/wp\/v2\/users\/3"}],"replies":[{"embeddable":true,"href":"https:\/\/franciscanos.org.br\/noticias\/wp-json\/wp\/v2\/comments?post=228476"}],"version-history":[{"count":1,"href":"https:\/\/franciscanos.org.br\/noticias\/wp-json\/wp\/v2\/posts\/228476\/revisions"}],"predecessor-version":[{"id":228479,"href":"https:\/\/franciscanos.org.br\/noticias\/wp-json\/wp\/v2\/posts\/228476\/revisions\/228479"}],"wp:featuredmedia":[{"embeddable":true,"href":"https:\/\/franciscanos.org.br\/noticias\/wp-json\/wp\/v2\/media\/228478"}],"wp:attachment":[{"href":"https:\/\/franciscanos.org.br\/noticias\/wp-json\/wp\/v2\/media?parent=228476"}],"wp:term":[{"taxonomy":"category","embeddable":true,"href":"https:\/\/franciscanos.org.br\/noticias\/wp-json\/wp\/v2\/categories?post=228476"},{"taxonomy":"post_tag","embeddable":true,"href":"https:\/\/franciscanos.org.br\/noticias\/wp-json\/wp\/v2\/tags?post=228476"}],"curies":[{"name":"wp","href":"https:\/\/api.w.org\/{rel}","templated":true}]}}