{"id":228466,"date":"2020-09-25T08:18:14","date_gmt":"2020-09-25T11:18:14","guid":{"rendered":"https:\/\/franciscanos.org.br\/noticias\/?p=228466"},"modified":"2020-09-25T08:18:14","modified_gmt":"2020-09-25T11:18:14","slug":"mensagem-sobre-as-queimadas-cnbb-acompanha-indignada-a-devastacao-e-se-solidariza-com-voluntarios","status":"publish","type":"post","link":"https:\/\/franciscanos.org.br\/noticias\/mensagem-sobre-as-queimadas-cnbb-acompanha-indignada-a-devastacao-e-se-solidariza-com-voluntarios.html","title":{"rendered":"Mensagem sobre as queimadas: CNBB acompanha indignada a devasta\u00e7\u00e3o e se solidariza com volunt\u00e1rios"},"content":{"rendered":"<p><img loading=\"lazy\" class=\"alignnone size-full wp-image-228467\" src=\"https:\/\/franciscanos.org.br\/noticias\/wp-content\/uploads\/2020\/09\/nota_cnbb.jpg\" alt=\"\" width=\"890\" height=\"510\" srcset=\"https:\/\/franciscanos.org.br\/noticias\/wp-content\/uploads\/2020\/09\/nota_cnbb.jpg 890w, https:\/\/franciscanos.org.br\/noticias\/wp-content\/uploads\/2020\/09\/nota_cnbb-450x258.jpg 450w, https:\/\/franciscanos.org.br\/noticias\/wp-content\/uploads\/2020\/09\/nota_cnbb-768x440.jpg 768w, https:\/\/franciscanos.org.br\/noticias\/wp-content\/uploads\/2020\/09\/nota_cnbb-150x86.jpg 150w\" sizes=\"(max-width: 890px) 100vw, 890px\" \/><\/p>\n<p>A Confer\u00eancia Nacional dos Bispos do Brasil (CNBB) divulgou mensagem sobre as queimadas que ocorrem nos biomas brasileiros da Amaz\u00f4nia, Cerrado e Pantanal. No texto, aprovado na noite desta quarta-feira, 23 de setembro, a entidade afirma que \u201cacompanha indignada a devasta\u00e7\u00e3o causada pelas queimadas\u201d e se solidariza \u201ccom todos os volunt\u00e1rios que arriscam a pr\u00f3pria vida, atuando com poucos recursos no combate ao crime s\u00f3cio ambiental que est\u00e1 ocorrendo\u201d.<\/p>\n<p>\u201cA efetiva supera\u00e7\u00e3o dessa ca\u00f3tica situa\u00e7\u00e3o s\u00f3 se dar\u00e1 por meio de forte fiscaliza\u00e7\u00e3o, investiga\u00e7\u00e3o e responsabiliza\u00e7\u00e3o dos culpados, obriga\u00e7\u00e3o de reflorestamento, recupera\u00e7\u00e3o integral da natureza devastada e reorganiza\u00e7\u00e3o da estrutura econ\u00f4mica\u201d, afirma a CNBB, que tamb\u00e9m convoca a sociedade brasileira a se unir ainda mais em torno do Pacto pela Vida e pelo Brasil.<\/p>\n<p><strong>Confira o texto na \u00edntegra:<\/strong><\/p>\n<h3>Mensagem sobre as queimadas em territ\u00f3rio brasileiro<\/h3>\n<p style=\"padding-left: 40px;\"><em>\u201cAs feridas causadas \u00e0 nossa m\u00e3e terra s\u00e3o feridas que tamb\u00e9m sangram em n\u00f3s.<\/em><br \/>\n<em>(Papa Francisco \u2013 Mensagem do presidente da Col\u00f4mbia, por ocasi\u00e3o do Dia Mundial do Meio Ambiente).<\/em><\/p>\n<p>A Confer\u00eancia Nacional dos Bispos do Brasil acompanha indignada a devasta\u00e7\u00e3o causada pelas queimadas nos biomas Amaz\u00f4nia, Cerrado e Pantanal. Une-se \u00e0s diversas manifesta\u00e7\u00f5es de entidades cat\u00f3licas feitas nos \u00faltimos dias e enaltece todos que cuidam, com esmero, da Casa Comum, de modo especial os que bravamente combatem os focos de inc\u00eandio e trabalham pela preserva\u00e7\u00e3o da vida nas \u00e1reas afetadas. A CNBB se solidariza com todos os volunt\u00e1rios que arriscam a pr\u00f3pria vida, atuando com poucos recursos no combate ao crime socioambiental que est\u00e1 ocorrendo e na tentativa de salvar a fauna restante que n\u00e3o foi consumida pelo fogo.<\/p>\n<p>Mesmo diante de tamanha destrui\u00e7\u00e3o, o Governo Federal paradoxalmente insiste em dizer que o Brasil est\u00e1 de parab\u00e9ns com a prote\u00e7\u00e3o de seu meio ambiente. Esta atitude encontra-se em n\u00edtida contram\u00e3o da consci\u00eancia social e ambiental, na verdade beneficiando apenas grandes conglomerados econ\u00f4micos que atuam na minera\u00e7\u00e3o e no agroneg\u00f3cio.<br \/>\nO Minist\u00e9rio P\u00fablico mostrou ao Governo Federal os lugares mais sens\u00edveis onde o desmatamento e a queimada aconteceriam de forma mais evidente. At\u00e9 mesmo a\u00e7\u00f5es judiciais foram propostas. Nada, entretanto, surtiu efeito que evitasse essa trag\u00e9dia socioambiental.<\/p>\n<p>N\u00e3o \u00e9 poss\u00edvel permanecer em sil\u00eancio diante, por exemplo, dos cortes or\u00e7ament\u00e1rios no Ibama e no ICMBio, bem como do sucateamento dos \u00f3rg\u00e3os de combate e fiscaliza\u00e7\u00e3o. O or\u00e7amento liberado para fiscaliza\u00e7\u00e3o do desmatamento no ano de 2019 foi de 102 milh\u00f5es de reais e ainda sofreu um bloqueio de 15,6 milh\u00f5es. Neste ano de 2020, o recurso foi ainda menor: conforme o Projeto de Lei Or\u00e7ament\u00e1ria (PLOA), aprovado, foram previstos 76,8 milh\u00f5es para as a\u00e7\u00f5es de controle e fiscaliza\u00e7\u00e3o ambiental do Ibama. Isso significa ter 25,2 milh\u00f5es de reais a menos!<\/p>\n<p>De acordo com o Fundo Mundial para a Natureza \u2013 WWF-Brasil, apesar da cria\u00e7\u00e3o do Conselho da Amaz\u00f4nia, com a promessa de melhor controle no bioma por parte das For\u00e7as Armadas, agosto deste ano repetiu e mesmo superou a trag\u00e9dia vivida em 2019, com um pico assustador no n\u00famero de focos de inc\u00eandio. Essa agress\u00e3o \u00e0 Casa Comum, teve como resultado, nos anos de 2019 e 2020, recordes na quantidade de focos de queimadas no Cerrado (50.524 e 41.674), no Pantanal (6.052 e 15.973) e na Amaz\u00f4nia (66.749 e 71.499), totalizando, segundo dados do INPE, 123.325 focos em 2019 e 129.146 at\u00e9 20 de setembro de 2020, correspondendo a um aumento de 5.821, destruindo grande parte da biodiversidade nestes biomas, amea\u00e7ando povos origin\u00e1rios e tradicionais. Tudo isso se constitui num processo de verdadeiro desmonte das leis e sistemas de prote\u00e7\u00e3o do meio ambiente brasileiro.<\/p>\n<p>Em meio a toda essa devasta\u00e7\u00e3o \u2013 cujas consequ\u00eancias chegam aos pa\u00edses vizinhos \u2013 tamb\u00e9m o bom senso \u00e9 agredido tanto pelo o negacionismo expl\u00edcito e reincidente por parte de nossas lideran\u00e7as governamentais, quanto pela acusa\u00e7\u00e3o de que povos e grupos seriam os respons\u00e1veis por algumas das queimadas. Esta criminaliza\u00e7\u00e3o, feita perante o mundo, camufla, na fuma\u00e7a das <em>fake-news<\/em>, o esfor\u00e7o desses povos por sobreviv\u00eancia, al\u00e9m de trazer o caos da desinforma\u00e7\u00e3o.<\/p>\n<p>N\u00e3o basta, por\u00e9m, apenas constatar com tristeza a destrui\u00e7\u00e3o ambiental e o desrespeito ao ser humano. Por isso, a CNBB convoca a sociedade brasileira a se unir ainda mais em torno do Pacto pela Vida e pelo Brasil, refor\u00e7ando a voz dos que desejam um pa\u00eds mais justo e solid\u00e1rio, empenhados na prote\u00e7\u00e3o da Casa Comum, partindo dos mais vulner\u00e1veis. A efetiva supera\u00e7\u00e3o dessa ca\u00f3tica situa\u00e7\u00e3o s\u00f3 se dar\u00e1 por meio de forte fiscaliza\u00e7\u00e3o, investiga\u00e7\u00e3o e responsabiliza\u00e7\u00e3o dos culpados, obriga\u00e7\u00e3o de reflorestamento, recupera\u00e7\u00e3o integral da natureza devastada e reorganiza\u00e7\u00e3o da estrutura econ\u00f4mica.<\/p>\n<p>Em meio a nossas diferen\u00e7as, permane\u00e7amos firmes na esperan\u00e7a e na uni\u00e3o, solidificados na certeza de que a vida, em especial a vida humana, \u00e9 o valor maior que nos cumpre preservar.<br \/>\nBras\u00edlia, DF, 23 de setembro de 2020<\/p>\n<p><strong>Walmor Oliveira de Azevedo<\/strong><br \/>\n<em>Arcebispo de Belo Horizonte, MG<\/em><br \/>\n<em>Presidente<\/em><\/p>\n<p><strong>Jaime Spengler<\/strong><br \/>\n<em>Arcebispo de Porto Alegre, RS<\/em><br \/>\n<em>1\u00ba Vice-Presidente<\/em><\/p>\n<p><strong>M\u00e1rio Ant\u00f4nio da Silva<\/strong><br \/>\n<em>Bispo de Roraima, RR<\/em><br \/>\n<em>2\u00ba Vice-Presidente<\/em><\/p>\n<p><strong>Joel Portella Amado<\/strong><br \/>\n<em>Bispo auxiliar do Rio de Janeiro, RJ<\/em><br \/>\n<em>Secret\u00e1rio-Geral<\/em><\/p>\n<hr \/>\n<p><em>Fonte: imagem e texto da CNBB<\/em><\/p>\n","protected":false},"excerpt":{"rendered":"<p>CNBB<\/p>\n","protected":false},"author":3,"featured_media":228468,"comment_status":"open","ping_status":"open","sticky":false,"template":"","format":"standard","meta":[],"categories":[1],"tags":[29],"acf":[],"yoast_head":"<!-- This site is optimized with the Yoast SEO plugin v19.2 - https:\/\/yoast.com\/wordpress\/plugins\/seo\/ -->\n<title>Mensagem sobre as queimadas: CNBB acompanha indignada a devasta\u00e7\u00e3o e se solidariza com volunt\u00e1rios - Not\u00edcias - Franciscanos<\/title>\n<meta name=\"robots\" content=\"index, follow, max-snippet:-1, max-image-preview:large, max-video-preview:-1\" \/>\n<link rel=\"canonical\" href=\"https:\/\/franciscanos.org.br\/noticias\/mensagem-sobre-as-queimadas-cnbb-acompanha-indignada-a-devastacao-e-se-solidariza-com-voluntarios.html\" \/>\n<meta property=\"og:locale\" content=\"pt_BR\" \/>\n<meta property=\"og:type\" content=\"article\" \/>\n<meta property=\"og:title\" content=\"Mensagem sobre as queimadas: CNBB acompanha indignada a devasta\u00e7\u00e3o e se solidariza com volunt\u00e1rios - Not\u00edcias - Franciscanos\" \/>\n<meta property=\"og:description\" content=\"CNBB\" \/>\n<meta property=\"og:url\" content=\"https:\/\/franciscanos.org.br\/noticias\/mensagem-sobre-as-queimadas-cnbb-acompanha-indignada-a-devastacao-e-se-solidariza-com-voluntarios.html\" \/>\n<meta property=\"og:site_name\" content=\"Not\u00edcias - Franciscanos\" \/>\n<meta property=\"article:published_time\" content=\"2020-09-25T11:18:14+00:00\" \/>\n<meta property=\"og:image\" content=\"https:\/\/franciscanos.org.br\/noticias\/wp-content\/uploads\/2020\/09\/nota_cnbb_d.jpg\" \/>\n\t<meta property=\"og:image:width\" content=\"800\" \/>\n\t<meta property=\"og:image:height\" content=\"600\" \/>\n\t<meta property=\"og:image:type\" content=\"image\/jpeg\" \/>\n<meta name=\"author\" content=\"moacir\" \/>\n<meta name=\"twitter:card\" content=\"summary_large_image\" \/>\n<meta name=\"twitter:label1\" content=\"Escrito por\" \/>\n\t<meta name=\"twitter:data1\" content=\"moacir\" \/>\n\t<meta name=\"twitter:label2\" content=\"Est. tempo de leitura\" \/>\n\t<meta name=\"twitter:data2\" content=\"5 minutos\" \/>\n<script type=\"application\/ld+json\" class=\"yoast-schema-graph\">{\"@context\":\"https:\/\/schema.org\",\"@graph\":[{\"@type\":\"WebSite\",\"@id\":\"https:\/\/franciscanos.org.br\/noticias\/#website\",\"url\":\"https:\/\/franciscanos.org.br\/noticias\/\",\"name\":\"Not\u00edcias - Franciscanos\",\"description\":\"Prov\u00edncia Franciscana da Imaculada Concei\u00e7\u00e3o do Brasil - Ordem dos Frades Menores - OFM\",\"potentialAction\":[{\"@type\":\"SearchAction\",\"target\":{\"@type\":\"EntryPoint\",\"urlTemplate\":\"https:\/\/franciscanos.org.br\/noticias\/?s={search_term_string}\"},\"query-input\":\"required name=search_term_string\"}],\"inLanguage\":\"pt-BR\"},{\"@type\":\"ImageObject\",\"inLanguage\":\"pt-BR\",\"@id\":\"https:\/\/franciscanos.org.br\/noticias\/mensagem-sobre-as-queimadas-cnbb-acompanha-indignada-a-devastacao-e-se-solidariza-com-voluntarios.html#primaryimage\",\"url\":\"https:\/\/franciscanos.org.br\/noticias\/wp-content\/uploads\/2020\/09\/nota_cnbb_d.jpg\",\"contentUrl\":\"https:\/\/franciscanos.org.br\/noticias\/wp-content\/uploads\/2020\/09\/nota_cnbb_d.jpg\",\"width\":800,\"height\":600},{\"@type\":\"WebPage\",\"@id\":\"https:\/\/franciscanos.org.br\/noticias\/mensagem-sobre-as-queimadas-cnbb-acompanha-indignada-a-devastacao-e-se-solidariza-com-voluntarios.html#webpage\",\"url\":\"https:\/\/franciscanos.org.br\/noticias\/mensagem-sobre-as-queimadas-cnbb-acompanha-indignada-a-devastacao-e-se-solidariza-com-voluntarios.html\",\"name\":\"Mensagem sobre as queimadas: CNBB acompanha indignada a devasta\u00e7\u00e3o e se solidariza com volunt\u00e1rios - Not\u00edcias - Franciscanos\",\"isPartOf\":{\"@id\":\"https:\/\/franciscanos.org.br\/noticias\/#website\"},\"primaryImageOfPage\":{\"@id\":\"https:\/\/franciscanos.org.br\/noticias\/mensagem-sobre-as-queimadas-cnbb-acompanha-indignada-a-devastacao-e-se-solidariza-com-voluntarios.html#primaryimage\"},\"datePublished\":\"2020-09-25T11:18:14+00:00\",\"dateModified\":\"2020-09-25T11:18:14+00:00\",\"author\":{\"@id\":\"https:\/\/franciscanos.org.br\/noticias\/#\/schema\/person\/b5c8cba458c330ccff548b056e95a5d4\"},\"breadcrumb\":{\"@id\":\"https:\/\/franciscanos.org.br\/noticias\/mensagem-sobre-as-queimadas-cnbb-acompanha-indignada-a-devastacao-e-se-solidariza-com-voluntarios.html#breadcrumb\"},\"inLanguage\":\"pt-BR\",\"potentialAction\":[{\"@type\":\"ReadAction\",\"target\":[\"https:\/\/franciscanos.org.br\/noticias\/mensagem-sobre-as-queimadas-cnbb-acompanha-indignada-a-devastacao-e-se-solidariza-com-voluntarios.html\"]}]},{\"@type\":\"BreadcrumbList\",\"@id\":\"https:\/\/franciscanos.org.br\/noticias\/mensagem-sobre-as-queimadas-cnbb-acompanha-indignada-a-devastacao-e-se-solidariza-com-voluntarios.html#breadcrumb\",\"itemListElement\":[{\"@type\":\"ListItem\",\"position\":1,\"name\":\"Home\",\"item\":\"https:\/\/franciscanos.org.br\/noticias\"},{\"@type\":\"ListItem\",\"position\":2,\"name\":\"Mensagem sobre as queimadas: CNBB acompanha indignada a devasta\u00e7\u00e3o e se solidariza com volunt\u00e1rios\"}]},{\"@type\":\"Person\",\"@id\":\"https:\/\/franciscanos.org.br\/noticias\/#\/schema\/person\/b5c8cba458c330ccff548b056e95a5d4\",\"name\":\"moacir\",\"image\":{\"@type\":\"ImageObject\",\"inLanguage\":\"pt-BR\",\"@id\":\"https:\/\/franciscanos.org.br\/noticias\/#\/schema\/person\/image\/\",\"url\":\"https:\/\/secure.gravatar.com\/avatar\/d08aa2ce4c8dd416d4479aa8536fcf64?s=96&d=mm&r=g\",\"contentUrl\":\"https:\/\/secure.gravatar.com\/avatar\/d08aa2ce4c8dd416d4479aa8536fcf64?s=96&d=mm&r=g\",\"caption\":\"moacir\"},\"url\":\"https:\/\/franciscanos.org.br\/noticias\/author\/moacir\"}]}<\/script>\n<!-- \/ Yoast SEO plugin. -->","yoast_head_json":{"title":"Mensagem sobre as queimadas: CNBB acompanha indignada a devasta\u00e7\u00e3o e se solidariza com volunt\u00e1rios - Not\u00edcias - Franciscanos","robots":{"index":"index","follow":"follow","max-snippet":"max-snippet:-1","max-image-preview":"max-image-preview:large","max-video-preview":"max-video-preview:-1"},"canonical":"https:\/\/franciscanos.org.br\/noticias\/mensagem-sobre-as-queimadas-cnbb-acompanha-indignada-a-devastacao-e-se-solidariza-com-voluntarios.html","og_locale":"pt_BR","og_type":"article","og_title":"Mensagem sobre as queimadas: CNBB acompanha indignada a devasta\u00e7\u00e3o e se solidariza com volunt\u00e1rios - Not\u00edcias - Franciscanos","og_description":"CNBB","og_url":"https:\/\/franciscanos.org.br\/noticias\/mensagem-sobre-as-queimadas-cnbb-acompanha-indignada-a-devastacao-e-se-solidariza-com-voluntarios.html","og_site_name":"Not\u00edcias - Franciscanos","article_published_time":"2020-09-25T11:18:14+00:00","og_image":[{"width":800,"height":600,"url":"https:\/\/franciscanos.org.br\/noticias\/wp-content\/uploads\/2020\/09\/nota_cnbb_d.jpg","type":"image\/jpeg"}],"author":"moacir","twitter_card":"summary_large_image","twitter_misc":{"Escrito por":"moacir","Est. tempo de leitura":"5 minutos"},"schema":{"@context":"https:\/\/schema.org","@graph":[{"@type":"WebSite","@id":"https:\/\/franciscanos.org.br\/noticias\/#website","url":"https:\/\/franciscanos.org.br\/noticias\/","name":"Not\u00edcias - Franciscanos","description":"Prov\u00edncia Franciscana da Imaculada Concei\u00e7\u00e3o do Brasil - Ordem dos Frades Menores - OFM","potentialAction":[{"@type":"SearchAction","target":{"@type":"EntryPoint","urlTemplate":"https:\/\/franciscanos.org.br\/noticias\/?s={search_term_string}"},"query-input":"required name=search_term_string"}],"inLanguage":"pt-BR"},{"@type":"ImageObject","inLanguage":"pt-BR","@id":"https:\/\/franciscanos.org.br\/noticias\/mensagem-sobre-as-queimadas-cnbb-acompanha-indignada-a-devastacao-e-se-solidariza-com-voluntarios.html#primaryimage","url":"https:\/\/franciscanos.org.br\/noticias\/wp-content\/uploads\/2020\/09\/nota_cnbb_d.jpg","contentUrl":"https:\/\/franciscanos.org.br\/noticias\/wp-content\/uploads\/2020\/09\/nota_cnbb_d.jpg","width":800,"height":600},{"@type":"WebPage","@id":"https:\/\/franciscanos.org.br\/noticias\/mensagem-sobre-as-queimadas-cnbb-acompanha-indignada-a-devastacao-e-se-solidariza-com-voluntarios.html#webpage","url":"https:\/\/franciscanos.org.br\/noticias\/mensagem-sobre-as-queimadas-cnbb-acompanha-indignada-a-devastacao-e-se-solidariza-com-voluntarios.html","name":"Mensagem sobre as queimadas: CNBB acompanha indignada a devasta\u00e7\u00e3o e se solidariza com volunt\u00e1rios - Not\u00edcias - Franciscanos","isPartOf":{"@id":"https:\/\/franciscanos.org.br\/noticias\/#website"},"primaryImageOfPage":{"@id":"https:\/\/franciscanos.org.br\/noticias\/mensagem-sobre-as-queimadas-cnbb-acompanha-indignada-a-devastacao-e-se-solidariza-com-voluntarios.html#primaryimage"},"datePublished":"2020-09-25T11:18:14+00:00","dateModified":"2020-09-25T11:18:14+00:00","author":{"@id":"https:\/\/franciscanos.org.br\/noticias\/#\/schema\/person\/b5c8cba458c330ccff548b056e95a5d4"},"breadcrumb":{"@id":"https:\/\/franciscanos.org.br\/noticias\/mensagem-sobre-as-queimadas-cnbb-acompanha-indignada-a-devastacao-e-se-solidariza-com-voluntarios.html#breadcrumb"},"inLanguage":"pt-BR","potentialAction":[{"@type":"ReadAction","target":["https:\/\/franciscanos.org.br\/noticias\/mensagem-sobre-as-queimadas-cnbb-acompanha-indignada-a-devastacao-e-se-solidariza-com-voluntarios.html"]}]},{"@type":"BreadcrumbList","@id":"https:\/\/franciscanos.org.br\/noticias\/mensagem-sobre-as-queimadas-cnbb-acompanha-indignada-a-devastacao-e-se-solidariza-com-voluntarios.html#breadcrumb","itemListElement":[{"@type":"ListItem","position":1,"name":"Home","item":"https:\/\/franciscanos.org.br\/noticias"},{"@type":"ListItem","position":2,"name":"Mensagem sobre as queimadas: CNBB acompanha indignada a devasta\u00e7\u00e3o e se solidariza com volunt\u00e1rios"}]},{"@type":"Person","@id":"https:\/\/franciscanos.org.br\/noticias\/#\/schema\/person\/b5c8cba458c330ccff548b056e95a5d4","name":"moacir","image":{"@type":"ImageObject","inLanguage":"pt-BR","@id":"https:\/\/franciscanos.org.br\/noticias\/#\/schema\/person\/image\/","url":"https:\/\/secure.gravatar.com\/avatar\/d08aa2ce4c8dd416d4479aa8536fcf64?s=96&d=mm&r=g","contentUrl":"https:\/\/secure.gravatar.com\/avatar\/d08aa2ce4c8dd416d4479aa8536fcf64?s=96&d=mm&r=g","caption":"moacir"},"url":"https:\/\/franciscanos.org.br\/noticias\/author\/moacir"}]}},"_links":{"self":[{"href":"https:\/\/franciscanos.org.br\/noticias\/wp-json\/wp\/v2\/posts\/228466"}],"collection":[{"href":"https:\/\/franciscanos.org.br\/noticias\/wp-json\/wp\/v2\/posts"}],"about":[{"href":"https:\/\/franciscanos.org.br\/noticias\/wp-json\/wp\/v2\/types\/post"}],"author":[{"embeddable":true,"href":"https:\/\/franciscanos.org.br\/noticias\/wp-json\/wp\/v2\/users\/3"}],"replies":[{"embeddable":true,"href":"https:\/\/franciscanos.org.br\/noticias\/wp-json\/wp\/v2\/comments?post=228466"}],"version-history":[{"count":1,"href":"https:\/\/franciscanos.org.br\/noticias\/wp-json\/wp\/v2\/posts\/228466\/revisions"}],"predecessor-version":[{"id":228469,"href":"https:\/\/franciscanos.org.br\/noticias\/wp-json\/wp\/v2\/posts\/228466\/revisions\/228469"}],"wp:featuredmedia":[{"embeddable":true,"href":"https:\/\/franciscanos.org.br\/noticias\/wp-json\/wp\/v2\/media\/228468"}],"wp:attachment":[{"href":"https:\/\/franciscanos.org.br\/noticias\/wp-json\/wp\/v2\/media?parent=228466"}],"wp:term":[{"taxonomy":"category","embeddable":true,"href":"https:\/\/franciscanos.org.br\/noticias\/wp-json\/wp\/v2\/categories?post=228466"},{"taxonomy":"post_tag","embeddable":true,"href":"https:\/\/franciscanos.org.br\/noticias\/wp-json\/wp\/v2\/tags?post=228466"}],"curies":[{"name":"wp","href":"https:\/\/api.w.org\/{rel}","templated":true}]}}