{"id":228460,"date":"2020-09-30T07:35:38","date_gmt":"2020-09-30T10:35:38","guid":{"rendered":"https:\/\/franciscanos.org.br\/noticias\/?p=228460"},"modified":"2020-09-30T07:35:38","modified_gmt":"2020-09-30T10:35:38","slug":"o-curador-ferido-nos-lancamentos-da-editora-vozes","status":"publish","type":"post","link":"https:\/\/franciscanos.org.br\/noticias\/o-curador-ferido-nos-lancamentos-da-editora-vozes.html","title":{"rendered":"&#8220;O Curador Ferido&#8221;, nos lan\u00e7amentos da Editora Vozes"},"content":{"rendered":"<p><img loading=\"lazy\" src=\"https:\/\/franciscanos.org.br\/noticias\/wp-content\/uploads\/2020\/09\/o-curador.jpg\" alt=\"\" width=\"840\" height=\"450\" \/><\/p>\n<h3><strong>O CURADOR FERIDO<\/strong><\/h3>\n<p>Qual o sentido de uma vida quando o ser humano se depara com situa\u00e7\u00f5es de desola\u00e7\u00e3o e sofrimento? Mais ainda, como aqueles que acompanham pessoas que sofrem e se sensibilizam com elas tratam dos pr\u00f3prios sofrimentos? O curador ferido \u00e9 um guia profundo e inspirador que tem muito a dizer \u00e0s pessoas que buscam entender a vida, sobretudo \u00e0quelas que s\u00e3o engajadas no servi\u00e7o aos outros.<\/p>\n<hr \/>\n<p><img loading=\"lazy\" class=\"alignnone size-full wp-image-228473\" src=\"https:\/\/franciscanos.org.br\/noticias\/wp-content\/uploads\/2020\/09\/emocoes.jpg\" alt=\"\" width=\"840\" height=\"450\" srcset=\"https:\/\/franciscanos.org.br\/noticias\/wp-content\/uploads\/2020\/09\/emocoes.jpg 840w, https:\/\/franciscanos.org.br\/noticias\/wp-content\/uploads\/2020\/09\/emocoes-450x241.jpg 450w, https:\/\/franciscanos.org.br\/noticias\/wp-content\/uploads\/2020\/09\/emocoes-768x411.jpg 768w, https:\/\/franciscanos.org.br\/noticias\/wp-content\/uploads\/2020\/09\/emocoes-150x80.jpg 150w\" sizes=\"(max-width: 840px) 100vw, 840px\" \/><\/p>\n<h3><strong>BOX HIST\u00d3RIA DAS EMO\u00c7\u00d5ES<\/strong><\/h3>\n<p>Esta caixa re\u00fane os tr\u00eas volumes da cole\u00e7\u00e3o \u201cHist\u00f3ria das Emo\u00e7\u00f5es\u201d. No primeiro volume, que tem o t\u00edtulo \u201cDa Antiguidade \u00e0s Luzes\u201d, o leitor far\u00e1 um passeio\u00a0pela hist\u00f3ria do homem\u00a0e\u00a0as conex\u00f5es que formamos\u00a0atrav\u00e9s daquilo que sentimos. No segundo volume, \u201cDas Luzes at\u00e9 o final do s\u00e9culo XIX\u201d, a \u2018alma sens\u00edvel\u2019 ganha um lugar de destaque, onde a valoriza\u00e7\u00e3o do ef\u00eamero e a busca pela sensa\u00e7\u00e3o intensa atingem seu \u00e1pice. J\u00e1 no terceiro volume, \u201cDo final do s\u00e9culo XIX at\u00e9 hoje\u201d, as rela\u00e7\u00f5es interpessoais ficam em destaque, tentando compreender como a vida moderna, com as crises econ\u00f4micas, ansiedade, transforma\u00e7\u00f5es tecnol\u00f3gicas e globaliza\u00e7\u00e3o dificultaram mais para o homem moderno a compreender aquilo que sente<\/p>\n<h3><strong>HIST\u00d3RIA DAS EMO\u00c7\u00d5ES \u2013 VOL.1<\/strong><\/h3>\n<p>Neste primeiro livro da cole\u00e7\u00e3o \u2018Hist\u00f3ria de Emo\u00e7\u00f5es\u2019 dirigido por Gerorges Vigarello com o t\u00edtulo \u201cDa Antiguidade \u00e0s Luzes\u201d, o leitor ter\u00e1 a oportunidade de ver como as emo\u00e7\u00f5es acompanham os seres humanos atrav\u00e9s dos tempos. O leitor far\u00e1 um passeio pela hist\u00f3ria do homem e as conex\u00f5es que formamos atrav\u00e9s daquilo que sentimos. Cada cap\u00edtulo passeia por um per\u00edodo hist\u00f3rico e marcante, desde os gregos na Antiguidade, os b\u00e1rbaros e o Ocidente Medieval na Idade M\u00e9dia, fechando na Idade Moderna.<\/p>\n<h3><strong>HIST\u00d3RIA DAS EMO\u00c7\u00d5ES \u2013 VOL.2<\/strong><\/h3>\n<p>Neste segundo volume da cole\u00e7\u00e3o \u2018Hist\u00f3ria das emo\u00e7\u00f5es\u2019 dirigido por Alain Corbin continuaremos a entender mais as emo\u00e7\u00f5es \u201cDas Luzes at\u00e9 o final do s\u00e9culo XIX\u201d. Neste volume a \u2018alma sens\u00edvel\u2019 ganha um lugar de destaque. Foi no final do s\u00e9culo XIX, que as pessoas aprenderam a formular suas emo\u00e7\u00f5es, e a express\u00e1-las. O leitor poder\u00e1 desfrutar de um per\u00edodo marcado por grandes mudan\u00e7as na estrutura da sociedade em que fortes emo\u00e7\u00f5es, contradit\u00f3rias, de amor e guerra coexistiam.<\/p>\n<h3><strong>HIST\u00d3RIA DAS EMO\u00c7\u00d5ES \u2013 VOL.3<\/strong><\/h3>\n<p>No \u00faltimo volume da cole\u00e7\u00e3o <em>Hist\u00f3ria das Emo\u00e7\u00f5es, <\/em>dirigido por Jean-Jacques Courtine, o leitor seguir\u00e1 a jornada do final do s\u00e9culo XIX at\u00e9 hoje e entender\u00e1 como os sentimentos se formam. Neste volume as rela\u00e7\u00f5es interpessoais ficam em destaque, tentando compreender como a vida moderna, com as crises econ\u00f4micas, ansiedade, transforma\u00e7\u00f5es tecnol\u00f3gicas e globaliza\u00e7\u00e3o dificultaram mais para o homem moderno a compreens\u00e3o daquilo que sente.<\/p>\n<hr \/>\n<p><img loading=\"lazy\" src=\"https:\/\/franciscanos.org.br\/noticias\/wp-content\/uploads\/2020\/09\/vozes-840.jpg\" alt=\"\" width=\"840\" height=\"452\" \/><\/p>\n<h3><strong>ANTROPOLOGIA E\/COMO EDUCA\u00c7\u00c3O<\/strong><\/h3>\n<p>Esta obra escrita por Tim Ingold quer demonstrar que ap\u00f3s anos como professor e aluno ele p\u00f4de ter uma melhor compreens\u00e3o que o estudo antropol\u00f3gico, como uma forma de viver com outros, \u00e9 educacional. Com ideias vindas de projetos do qual participou o autor p\u00f4de reconfigurar a rela\u00e7\u00e3o entre as pr\u00e1ticas de investiga\u00e7\u00e3o e os conhecimentos que d\u00e3o origem e revitalizar a institui\u00e7\u00e3o na qual trabalhava como uma comunidade acad\u00eamica.<\/p>\n<hr \/>\n<h3><strong>O S\u00cdMBOLO E O BRINQUEDO &#8211; A REPRESENTA\u00c7\u00c3O DA VIDA<\/strong><\/h3>\n<p>Esta obra escrita por Vera Barros de Oliveira vem da jun\u00e7\u00e3o do estudo evolutivo da fun\u00e7\u00e3o semi\u00f3tica com foco na brincadeira e na atua\u00e7\u00e3o que a autora teve em psicopedagogia com crian\u00e7as de 0 a 6 anos. A autora baseou seu estudo em creches, com o intuito de rever uma estrutura feita para podar o total desenvolvimento infantojuvenil. Atrav\u00e9s daquilo que p\u00f4de observar a autora visa compreender melhor os mecanismos de forma\u00e7\u00e3o atrav\u00e9s dos desenhos e das brincadeiras.<\/p>\n","protected":false},"excerpt":{"rendered":"<p>Editora Vozes<\/p>\n","protected":false},"author":7,"featured_media":228472,"comment_status":"open","ping_status":"open","sticky":false,"template":"","format":"standard","meta":[],"categories":[1],"tags":[238],"acf":[],"yoast_head":"<!-- This site is optimized with the Yoast SEO plugin v19.2 - https:\/\/yoast.com\/wordpress\/plugins\/seo\/ -->\n<title>&quot;O Curador Ferido&quot;, nos lan\u00e7amentos da Editora Vozes - Not\u00edcias - Franciscanos<\/title>\n<meta name=\"robots\" content=\"index, follow, max-snippet:-1, max-image-preview:large, max-video-preview:-1\" \/>\n<link rel=\"canonical\" href=\"https:\/\/franciscanos.org.br\/noticias\/o-curador-ferido-nos-lancamentos-da-editora-vozes.html\" \/>\n<meta property=\"og:locale\" content=\"pt_BR\" \/>\n<meta property=\"og:type\" content=\"article\" \/>\n<meta property=\"og:title\" content=\"&quot;O Curador Ferido&quot;, nos lan\u00e7amentos da Editora Vozes - Not\u00edcias - Franciscanos\" \/>\n<meta property=\"og:description\" content=\"Editora Vozes\" \/>\n<meta property=\"og:url\" content=\"https:\/\/franciscanos.org.br\/noticias\/o-curador-ferido-nos-lancamentos-da-editora-vozes.html\" \/>\n<meta property=\"og:site_name\" content=\"Not\u00edcias - Franciscanos\" \/>\n<meta property=\"article:published_time\" content=\"2020-09-30T10:35:38+00:00\" \/>\n<meta property=\"og:image\" content=\"https:\/\/franciscanos.org.br\/noticias\/wp-content\/uploads\/2020\/09\/o-curador-800.jpg\" \/>\n\t<meta property=\"og:image:width\" content=\"800\" \/>\n\t<meta property=\"og:image:height\" content=\"600\" \/>\n\t<meta property=\"og:image:type\" content=\"image\/jpeg\" \/>\n<meta name=\"author\" content=\"jovenal\" \/>\n<meta name=\"twitter:card\" content=\"summary_large_image\" \/>\n<meta name=\"twitter:label1\" content=\"Escrito por\" \/>\n\t<meta name=\"twitter:data1\" content=\"jovenal\" \/>\n\t<meta name=\"twitter:label2\" content=\"Est. tempo de leitura\" \/>\n\t<meta name=\"twitter:data2\" content=\"3 minutos\" \/>\n<script type=\"application\/ld+json\" class=\"yoast-schema-graph\">{\"@context\":\"https:\/\/schema.org\",\"@graph\":[{\"@type\":\"WebSite\",\"@id\":\"https:\/\/franciscanos.org.br\/noticias\/#website\",\"url\":\"https:\/\/franciscanos.org.br\/noticias\/\",\"name\":\"Not\u00edcias - Franciscanos\",\"description\":\"Prov\u00edncia Franciscana da Imaculada Concei\u00e7\u00e3o do Brasil - Ordem dos Frades Menores - OFM\",\"potentialAction\":[{\"@type\":\"SearchAction\",\"target\":{\"@type\":\"EntryPoint\",\"urlTemplate\":\"https:\/\/franciscanos.org.br\/noticias\/?s={search_term_string}\"},\"query-input\":\"required name=search_term_string\"}],\"inLanguage\":\"pt-BR\"},{\"@type\":\"ImageObject\",\"inLanguage\":\"pt-BR\",\"@id\":\"https:\/\/franciscanos.org.br\/noticias\/o-curador-ferido-nos-lancamentos-da-editora-vozes.html#primaryimage\",\"url\":\"https:\/\/franciscanos.org.br\/noticias\/wp-content\/uploads\/2020\/09\/o-curador-800.jpg\",\"contentUrl\":\"https:\/\/franciscanos.org.br\/noticias\/wp-content\/uploads\/2020\/09\/o-curador-800.jpg\",\"width\":800,\"height\":600},{\"@type\":\"WebPage\",\"@id\":\"https:\/\/franciscanos.org.br\/noticias\/o-curador-ferido-nos-lancamentos-da-editora-vozes.html#webpage\",\"url\":\"https:\/\/franciscanos.org.br\/noticias\/o-curador-ferido-nos-lancamentos-da-editora-vozes.html\",\"name\":\"\\\"O Curador Ferido\\\", nos lan\u00e7amentos da Editora Vozes - Not\u00edcias - Franciscanos\",\"isPartOf\":{\"@id\":\"https:\/\/franciscanos.org.br\/noticias\/#website\"},\"primaryImageOfPage\":{\"@id\":\"https:\/\/franciscanos.org.br\/noticias\/o-curador-ferido-nos-lancamentos-da-editora-vozes.html#primaryimage\"},\"datePublished\":\"2020-09-30T10:35:38+00:00\",\"dateModified\":\"2020-09-30T10:35:38+00:00\",\"author\":{\"@id\":\"https:\/\/franciscanos.org.br\/noticias\/#\/schema\/person\/c3a26b08313dd1772495ce300ab257cc\"},\"breadcrumb\":{\"@id\":\"https:\/\/franciscanos.org.br\/noticias\/o-curador-ferido-nos-lancamentos-da-editora-vozes.html#breadcrumb\"},\"inLanguage\":\"pt-BR\",\"potentialAction\":[{\"@type\":\"ReadAction\",\"target\":[\"https:\/\/franciscanos.org.br\/noticias\/o-curador-ferido-nos-lancamentos-da-editora-vozes.html\"]}]},{\"@type\":\"BreadcrumbList\",\"@id\":\"https:\/\/franciscanos.org.br\/noticias\/o-curador-ferido-nos-lancamentos-da-editora-vozes.html#breadcrumb\",\"itemListElement\":[{\"@type\":\"ListItem\",\"position\":1,\"name\":\"Home\",\"item\":\"https:\/\/franciscanos.org.br\/noticias\"},{\"@type\":\"ListItem\",\"position\":2,\"name\":\"&#8220;O Curador Ferido&#8221;, nos lan\u00e7amentos da Editora Vozes\"}]},{\"@type\":\"Person\",\"@id\":\"https:\/\/franciscanos.org.br\/noticias\/#\/schema\/person\/c3a26b08313dd1772495ce300ab257cc\",\"name\":\"jovenal\",\"image\":{\"@type\":\"ImageObject\",\"inLanguage\":\"pt-BR\",\"@id\":\"https:\/\/franciscanos.org.br\/noticias\/#\/schema\/person\/image\/\",\"url\":\"https:\/\/secure.gravatar.com\/avatar\/e94509f531086e2eaf97e72f29ea00f9?s=96&d=mm&r=g\",\"contentUrl\":\"https:\/\/secure.gravatar.com\/avatar\/e94509f531086e2eaf97e72f29ea00f9?s=96&d=mm&r=g\",\"caption\":\"jovenal\"},\"url\":\"https:\/\/franciscanos.org.br\/noticias\/author\/jovenal\"}]}<\/script>\n<!-- \/ Yoast SEO plugin. -->","yoast_head_json":{"title":"\"O Curador Ferido\", nos lan\u00e7amentos da Editora Vozes - Not\u00edcias - Franciscanos","robots":{"index":"index","follow":"follow","max-snippet":"max-snippet:-1","max-image-preview":"max-image-preview:large","max-video-preview":"max-video-preview:-1"},"canonical":"https:\/\/franciscanos.org.br\/noticias\/o-curador-ferido-nos-lancamentos-da-editora-vozes.html","og_locale":"pt_BR","og_type":"article","og_title":"\"O Curador Ferido\", nos lan\u00e7amentos da Editora Vozes - Not\u00edcias - Franciscanos","og_description":"Editora Vozes","og_url":"https:\/\/franciscanos.org.br\/noticias\/o-curador-ferido-nos-lancamentos-da-editora-vozes.html","og_site_name":"Not\u00edcias - Franciscanos","article_published_time":"2020-09-30T10:35:38+00:00","og_image":[{"width":800,"height":600,"url":"https:\/\/franciscanos.org.br\/noticias\/wp-content\/uploads\/2020\/09\/o-curador-800.jpg","type":"image\/jpeg"}],"author":"jovenal","twitter_card":"summary_large_image","twitter_misc":{"Escrito por":"jovenal","Est. tempo de leitura":"3 minutos"},"schema":{"@context":"https:\/\/schema.org","@graph":[{"@type":"WebSite","@id":"https:\/\/franciscanos.org.br\/noticias\/#website","url":"https:\/\/franciscanos.org.br\/noticias\/","name":"Not\u00edcias - Franciscanos","description":"Prov\u00edncia Franciscana da Imaculada Concei\u00e7\u00e3o do Brasil - Ordem dos Frades Menores - OFM","potentialAction":[{"@type":"SearchAction","target":{"@type":"EntryPoint","urlTemplate":"https:\/\/franciscanos.org.br\/noticias\/?s={search_term_string}"},"query-input":"required name=search_term_string"}],"inLanguage":"pt-BR"},{"@type":"ImageObject","inLanguage":"pt-BR","@id":"https:\/\/franciscanos.org.br\/noticias\/o-curador-ferido-nos-lancamentos-da-editora-vozes.html#primaryimage","url":"https:\/\/franciscanos.org.br\/noticias\/wp-content\/uploads\/2020\/09\/o-curador-800.jpg","contentUrl":"https:\/\/franciscanos.org.br\/noticias\/wp-content\/uploads\/2020\/09\/o-curador-800.jpg","width":800,"height":600},{"@type":"WebPage","@id":"https:\/\/franciscanos.org.br\/noticias\/o-curador-ferido-nos-lancamentos-da-editora-vozes.html#webpage","url":"https:\/\/franciscanos.org.br\/noticias\/o-curador-ferido-nos-lancamentos-da-editora-vozes.html","name":"\"O Curador Ferido\", nos lan\u00e7amentos da Editora Vozes - Not\u00edcias - Franciscanos","isPartOf":{"@id":"https:\/\/franciscanos.org.br\/noticias\/#website"},"primaryImageOfPage":{"@id":"https:\/\/franciscanos.org.br\/noticias\/o-curador-ferido-nos-lancamentos-da-editora-vozes.html#primaryimage"},"datePublished":"2020-09-30T10:35:38+00:00","dateModified":"2020-09-30T10:35:38+00:00","author":{"@id":"https:\/\/franciscanos.org.br\/noticias\/#\/schema\/person\/c3a26b08313dd1772495ce300ab257cc"},"breadcrumb":{"@id":"https:\/\/franciscanos.org.br\/noticias\/o-curador-ferido-nos-lancamentos-da-editora-vozes.html#breadcrumb"},"inLanguage":"pt-BR","potentialAction":[{"@type":"ReadAction","target":["https:\/\/franciscanos.org.br\/noticias\/o-curador-ferido-nos-lancamentos-da-editora-vozes.html"]}]},{"@type":"BreadcrumbList","@id":"https:\/\/franciscanos.org.br\/noticias\/o-curador-ferido-nos-lancamentos-da-editora-vozes.html#breadcrumb","itemListElement":[{"@type":"ListItem","position":1,"name":"Home","item":"https:\/\/franciscanos.org.br\/noticias"},{"@type":"ListItem","position":2,"name":"&#8220;O Curador Ferido&#8221;, nos lan\u00e7amentos da Editora Vozes"}]},{"@type":"Person","@id":"https:\/\/franciscanos.org.br\/noticias\/#\/schema\/person\/c3a26b08313dd1772495ce300ab257cc","name":"jovenal","image":{"@type":"ImageObject","inLanguage":"pt-BR","@id":"https:\/\/franciscanos.org.br\/noticias\/#\/schema\/person\/image\/","url":"https:\/\/secure.gravatar.com\/avatar\/e94509f531086e2eaf97e72f29ea00f9?s=96&d=mm&r=g","contentUrl":"https:\/\/secure.gravatar.com\/avatar\/e94509f531086e2eaf97e72f29ea00f9?s=96&d=mm&r=g","caption":"jovenal"},"url":"https:\/\/franciscanos.org.br\/noticias\/author\/jovenal"}]}},"_links":{"self":[{"href":"https:\/\/franciscanos.org.br\/noticias\/wp-json\/wp\/v2\/posts\/228460"}],"collection":[{"href":"https:\/\/franciscanos.org.br\/noticias\/wp-json\/wp\/v2\/posts"}],"about":[{"href":"https:\/\/franciscanos.org.br\/noticias\/wp-json\/wp\/v2\/types\/post"}],"author":[{"embeddable":true,"href":"https:\/\/franciscanos.org.br\/noticias\/wp-json\/wp\/v2\/users\/7"}],"replies":[{"embeddable":true,"href":"https:\/\/franciscanos.org.br\/noticias\/wp-json\/wp\/v2\/comments?post=228460"}],"version-history":[{"count":4,"href":"https:\/\/franciscanos.org.br\/noticias\/wp-json\/wp\/v2\/posts\/228460\/revisions"}],"predecessor-version":[{"id":228535,"href":"https:\/\/franciscanos.org.br\/noticias\/wp-json\/wp\/v2\/posts\/228460\/revisions\/228535"}],"wp:featuredmedia":[{"embeddable":true,"href":"https:\/\/franciscanos.org.br\/noticias\/wp-json\/wp\/v2\/media\/228472"}],"wp:attachment":[{"href":"https:\/\/franciscanos.org.br\/noticias\/wp-json\/wp\/v2\/media?parent=228460"}],"wp:term":[{"taxonomy":"category","embeddable":true,"href":"https:\/\/franciscanos.org.br\/noticias\/wp-json\/wp\/v2\/categories?post=228460"},{"taxonomy":"post_tag","embeddable":true,"href":"https:\/\/franciscanos.org.br\/noticias\/wp-json\/wp\/v2\/tags?post=228460"}],"curies":[{"name":"wp","href":"https:\/\/api.w.org\/{rel}","templated":true}]}}