{"id":228453,"date":"2020-09-23T16:37:43","date_gmt":"2020-09-23T19:37:43","guid":{"rendered":"https:\/\/franciscanos.org.br\/noticias\/?p=228453"},"modified":"2020-09-23T16:39:34","modified_gmt":"2020-09-23T19:39:34","slug":"solidariedade-acao-arrecada-500kg-de-alimentos-e-distribui-nas-comunidades-carentes-de-lages","status":"publish","type":"post","link":"https:\/\/franciscanos.org.br\/noticias\/solidariedade-acao-arrecada-500kg-de-alimentos-e-distribui-nas-comunidades-carentes-de-lages.html","title":{"rendered":"A\u00e7\u00e3o solid\u00e1ria arrecada 500 kg de alimentos para comunidades carentes de Lages"},"content":{"rendered":"<p><img loading=\"lazy\" class=\"alignnone wp-image-228454 size-full\" src=\"https:\/\/franciscanos.org.br\/noticias\/wp-content\/uploads\/2020\/09\/lages_01.jpg\" alt=\"\" width=\"980\" height=\"551\" srcset=\"https:\/\/franciscanos.org.br\/noticias\/wp-content\/uploads\/2020\/09\/lages_01.jpg 980w, https:\/\/franciscanos.org.br\/noticias\/wp-content\/uploads\/2020\/09\/lages_01-450x253.jpg 450w, https:\/\/franciscanos.org.br\/noticias\/wp-content\/uploads\/2020\/09\/lages_01-768x432.jpg 768w, https:\/\/franciscanos.org.br\/noticias\/wp-content\/uploads\/2020\/09\/lages_01-150x84.jpg 150w\" sizes=\"(max-width: 980px) 100vw, 980px\" \/><\/p>\n<p>A feira \u201cLivros que Alimentam\u201d arrecadou cerca de meia tonelada de alimentos durante os cinco dias em que ficou na pra\u00e7a Jo\u00e3o Costa, no centro de Lages, em Santa Catarinae. Organizada pelo Projeto Amar, da Par\u00f3quia Nossa Senhora Aparecida do Navio, em parceria com as Pastorais Sociais da Diocese de Lages, al\u00e9m de entidades p\u00fablicas e privadas, a iniciativa tinha como objetivo saciar a fome, seja ela de alimentos ou de conhecimento.<\/p>\n<p>No total, foram montadas 22 cestas b\u00e1sicas com os alimentos arrecadados. Destas, 12 j\u00e1 foram distribu\u00eddas em bairros lageanos. As outras 10 ser\u00e3o destinadas nos pr\u00f3ximos dias, junto com os outros 100kg de alimentos que est\u00e3o armazenados para confec\u00e7\u00e3o de novos kits alimentares.<\/p>\n<p>\u201cEstamos contentes com o resultado. A comunidade abra\u00e7ou a causa e cada um nas suas possibilidades fez com que tudo isso se tornasse realidade\u201d, comenta a coordenadora do Projeto, Elisa Lima. Foram mais de 20 volunt\u00e1rios envolvidos na a\u00e7\u00e3o, que iniciava \u00e0s 9 horas e se encerrava \u00e0s 18 horas.<\/p>\n<p>A alegria dos volunt\u00e1rios se resume em uma frase da can\u00e7\u00e3o de Raul Seixas. \u201cSonho que se sonha s\u00f3, \u00e9 s\u00f3 um sonho que se sonha s\u00f3. Mas sonho que se sonha junto \u00e9 realidade\u201d. Para Elisa, enfrentar esse momento de pandemia e contar com a solidariedade da popula\u00e7\u00e3o em favor das pessoas em situa\u00e7\u00e3o de vulnerabilidade, traz esperan\u00e7a e a certeza de dias melhores.<\/p>\n<hr \/>\n<p><em>Divulga\u00e7\u00e3o do Projeto Amar<\/em><\/p>\n","protected":false},"excerpt":{"rendered":"<p>A\u00e7\u00e3o solid\u00e1ria em Lages<\/p>\n","protected":false},"author":3,"featured_media":228455,"comment_status":"open","ping_status":"open","sticky":false,"template":"","format":"standard","meta":[],"categories":[1488,1],"tags":[1764],"acf":[],"yoast_head":"<!-- This site is optimized with the Yoast SEO plugin v19.2 - https:\/\/yoast.com\/wordpress\/plugins\/seo\/ -->\n<title>A\u00e7\u00e3o solid\u00e1ria arrecada 500 kg de alimentos para comunidades carentes de Lages - Not\u00edcias - Franciscanos<\/title>\n<meta name=\"robots\" content=\"index, follow, max-snippet:-1, max-image-preview:large, max-video-preview:-1\" \/>\n<link rel=\"canonical\" href=\"https:\/\/franciscanos.org.br\/noticias\/solidariedade-acao-arrecada-500kg-de-alimentos-e-distribui-nas-comunidades-carentes-de-lages.html\" \/>\n<meta property=\"og:locale\" content=\"pt_BR\" \/>\n<meta property=\"og:type\" content=\"article\" \/>\n<meta property=\"og:title\" content=\"A\u00e7\u00e3o solid\u00e1ria arrecada 500 kg de alimentos para comunidades carentes de Lages - Not\u00edcias - Franciscanos\" \/>\n<meta property=\"og:description\" content=\"A\u00e7\u00e3o solid\u00e1ria em Lages\" \/>\n<meta property=\"og:url\" content=\"https:\/\/franciscanos.org.br\/noticias\/solidariedade-acao-arrecada-500kg-de-alimentos-e-distribui-nas-comunidades-carentes-de-lages.html\" \/>\n<meta property=\"og:site_name\" content=\"Not\u00edcias - Franciscanos\" \/>\n<meta property=\"article:published_time\" content=\"2020-09-23T19:37:43+00:00\" \/>\n<meta property=\"article:modified_time\" content=\"2020-09-23T19:39:34+00:00\" \/>\n<meta property=\"og:image\" content=\"https:\/\/franciscanos.org.br\/noticias\/wp-content\/uploads\/2020\/09\/lages_01d.jpg\" \/>\n\t<meta property=\"og:image:width\" content=\"800\" \/>\n\t<meta property=\"og:image:height\" content=\"601\" \/>\n\t<meta property=\"og:image:type\" content=\"image\/jpeg\" \/>\n<meta name=\"author\" content=\"moacir\" \/>\n<meta name=\"twitter:card\" content=\"summary_large_image\" \/>\n<meta name=\"twitter:label1\" content=\"Escrito por\" \/>\n\t<meta name=\"twitter:data1\" content=\"moacir\" \/>\n\t<meta name=\"twitter:label2\" content=\"Est. tempo de leitura\" \/>\n\t<meta name=\"twitter:data2\" content=\"1 minuto\" \/>\n<script type=\"application\/ld+json\" class=\"yoast-schema-graph\">{\"@context\":\"https:\/\/schema.org\",\"@graph\":[{\"@type\":\"WebSite\",\"@id\":\"https:\/\/franciscanos.org.br\/noticias\/#website\",\"url\":\"https:\/\/franciscanos.org.br\/noticias\/\",\"name\":\"Not\u00edcias - Franciscanos\",\"description\":\"Prov\u00edncia Franciscana da Imaculada Concei\u00e7\u00e3o do Brasil - Ordem dos Frades Menores - OFM\",\"potentialAction\":[{\"@type\":\"SearchAction\",\"target\":{\"@type\":\"EntryPoint\",\"urlTemplate\":\"https:\/\/franciscanos.org.br\/noticias\/?s={search_term_string}\"},\"query-input\":\"required name=search_term_string\"}],\"inLanguage\":\"pt-BR\"},{\"@type\":\"ImageObject\",\"inLanguage\":\"pt-BR\",\"@id\":\"https:\/\/franciscanos.org.br\/noticias\/solidariedade-acao-arrecada-500kg-de-alimentos-e-distribui-nas-comunidades-carentes-de-lages.html#primaryimage\",\"url\":\"https:\/\/franciscanos.org.br\/noticias\/wp-content\/uploads\/2020\/09\/lages_01d.jpg\",\"contentUrl\":\"https:\/\/franciscanos.org.br\/noticias\/wp-content\/uploads\/2020\/09\/lages_01d.jpg\",\"width\":800,\"height\":601},{\"@type\":\"WebPage\",\"@id\":\"https:\/\/franciscanos.org.br\/noticias\/solidariedade-acao-arrecada-500kg-de-alimentos-e-distribui-nas-comunidades-carentes-de-lages.html#webpage\",\"url\":\"https:\/\/franciscanos.org.br\/noticias\/solidariedade-acao-arrecada-500kg-de-alimentos-e-distribui-nas-comunidades-carentes-de-lages.html\",\"name\":\"A\u00e7\u00e3o solid\u00e1ria arrecada 500 kg de alimentos para comunidades carentes de Lages - Not\u00edcias - Franciscanos\",\"isPartOf\":{\"@id\":\"https:\/\/franciscanos.org.br\/noticias\/#website\"},\"primaryImageOfPage\":{\"@id\":\"https:\/\/franciscanos.org.br\/noticias\/solidariedade-acao-arrecada-500kg-de-alimentos-e-distribui-nas-comunidades-carentes-de-lages.html#primaryimage\"},\"datePublished\":\"2020-09-23T19:37:43+00:00\",\"dateModified\":\"2020-09-23T19:39:34+00:00\",\"author\":{\"@id\":\"https:\/\/franciscanos.org.br\/noticias\/#\/schema\/person\/b5c8cba458c330ccff548b056e95a5d4\"},\"breadcrumb\":{\"@id\":\"https:\/\/franciscanos.org.br\/noticias\/solidariedade-acao-arrecada-500kg-de-alimentos-e-distribui-nas-comunidades-carentes-de-lages.html#breadcrumb\"},\"inLanguage\":\"pt-BR\",\"potentialAction\":[{\"@type\":\"ReadAction\",\"target\":[\"https:\/\/franciscanos.org.br\/noticias\/solidariedade-acao-arrecada-500kg-de-alimentos-e-distribui-nas-comunidades-carentes-de-lages.html\"]}]},{\"@type\":\"BreadcrumbList\",\"@id\":\"https:\/\/franciscanos.org.br\/noticias\/solidariedade-acao-arrecada-500kg-de-alimentos-e-distribui-nas-comunidades-carentes-de-lages.html#breadcrumb\",\"itemListElement\":[{\"@type\":\"ListItem\",\"position\":1,\"name\":\"Home\",\"item\":\"https:\/\/franciscanos.org.br\/noticias\"},{\"@type\":\"ListItem\",\"position\":2,\"name\":\"A\u00e7\u00e3o solid\u00e1ria arrecada 500 kg de alimentos para comunidades carentes de Lages\"}]},{\"@type\":\"Person\",\"@id\":\"https:\/\/franciscanos.org.br\/noticias\/#\/schema\/person\/b5c8cba458c330ccff548b056e95a5d4\",\"name\":\"moacir\",\"image\":{\"@type\":\"ImageObject\",\"inLanguage\":\"pt-BR\",\"@id\":\"https:\/\/franciscanos.org.br\/noticias\/#\/schema\/person\/image\/\",\"url\":\"https:\/\/secure.gravatar.com\/avatar\/d08aa2ce4c8dd416d4479aa8536fcf64?s=96&d=mm&r=g\",\"contentUrl\":\"https:\/\/secure.gravatar.com\/avatar\/d08aa2ce4c8dd416d4479aa8536fcf64?s=96&d=mm&r=g\",\"caption\":\"moacir\"},\"url\":\"https:\/\/franciscanos.org.br\/noticias\/author\/moacir\"}]}<\/script>\n<!-- \/ Yoast SEO plugin. -->","yoast_head_json":{"title":"A\u00e7\u00e3o solid\u00e1ria arrecada 500 kg de alimentos para comunidades carentes de Lages - Not\u00edcias - Franciscanos","robots":{"index":"index","follow":"follow","max-snippet":"max-snippet:-1","max-image-preview":"max-image-preview:large","max-video-preview":"max-video-preview:-1"},"canonical":"https:\/\/franciscanos.org.br\/noticias\/solidariedade-acao-arrecada-500kg-de-alimentos-e-distribui-nas-comunidades-carentes-de-lages.html","og_locale":"pt_BR","og_type":"article","og_title":"A\u00e7\u00e3o solid\u00e1ria arrecada 500 kg de alimentos para comunidades carentes de Lages - Not\u00edcias - Franciscanos","og_description":"A\u00e7\u00e3o solid\u00e1ria em Lages","og_url":"https:\/\/franciscanos.org.br\/noticias\/solidariedade-acao-arrecada-500kg-de-alimentos-e-distribui-nas-comunidades-carentes-de-lages.html","og_site_name":"Not\u00edcias - Franciscanos","article_published_time":"2020-09-23T19:37:43+00:00","article_modified_time":"2020-09-23T19:39:34+00:00","og_image":[{"width":800,"height":601,"url":"https:\/\/franciscanos.org.br\/noticias\/wp-content\/uploads\/2020\/09\/lages_01d.jpg","type":"image\/jpeg"}],"author":"moacir","twitter_card":"summary_large_image","twitter_misc":{"Escrito por":"moacir","Est. tempo de leitura":"1 minuto"},"schema":{"@context":"https:\/\/schema.org","@graph":[{"@type":"WebSite","@id":"https:\/\/franciscanos.org.br\/noticias\/#website","url":"https:\/\/franciscanos.org.br\/noticias\/","name":"Not\u00edcias - Franciscanos","description":"Prov\u00edncia Franciscana da Imaculada Concei\u00e7\u00e3o do Brasil - Ordem dos Frades Menores - OFM","potentialAction":[{"@type":"SearchAction","target":{"@type":"EntryPoint","urlTemplate":"https:\/\/franciscanos.org.br\/noticias\/?s={search_term_string}"},"query-input":"required name=search_term_string"}],"inLanguage":"pt-BR"},{"@type":"ImageObject","inLanguage":"pt-BR","@id":"https:\/\/franciscanos.org.br\/noticias\/solidariedade-acao-arrecada-500kg-de-alimentos-e-distribui-nas-comunidades-carentes-de-lages.html#primaryimage","url":"https:\/\/franciscanos.org.br\/noticias\/wp-content\/uploads\/2020\/09\/lages_01d.jpg","contentUrl":"https:\/\/franciscanos.org.br\/noticias\/wp-content\/uploads\/2020\/09\/lages_01d.jpg","width":800,"height":601},{"@type":"WebPage","@id":"https:\/\/franciscanos.org.br\/noticias\/solidariedade-acao-arrecada-500kg-de-alimentos-e-distribui-nas-comunidades-carentes-de-lages.html#webpage","url":"https:\/\/franciscanos.org.br\/noticias\/solidariedade-acao-arrecada-500kg-de-alimentos-e-distribui-nas-comunidades-carentes-de-lages.html","name":"A\u00e7\u00e3o solid\u00e1ria arrecada 500 kg de alimentos para comunidades carentes de Lages - Not\u00edcias - Franciscanos","isPartOf":{"@id":"https:\/\/franciscanos.org.br\/noticias\/#website"},"primaryImageOfPage":{"@id":"https:\/\/franciscanos.org.br\/noticias\/solidariedade-acao-arrecada-500kg-de-alimentos-e-distribui-nas-comunidades-carentes-de-lages.html#primaryimage"},"datePublished":"2020-09-23T19:37:43+00:00","dateModified":"2020-09-23T19:39:34+00:00","author":{"@id":"https:\/\/franciscanos.org.br\/noticias\/#\/schema\/person\/b5c8cba458c330ccff548b056e95a5d4"},"breadcrumb":{"@id":"https:\/\/franciscanos.org.br\/noticias\/solidariedade-acao-arrecada-500kg-de-alimentos-e-distribui-nas-comunidades-carentes-de-lages.html#breadcrumb"},"inLanguage":"pt-BR","potentialAction":[{"@type":"ReadAction","target":["https:\/\/franciscanos.org.br\/noticias\/solidariedade-acao-arrecada-500kg-de-alimentos-e-distribui-nas-comunidades-carentes-de-lages.html"]}]},{"@type":"BreadcrumbList","@id":"https:\/\/franciscanos.org.br\/noticias\/solidariedade-acao-arrecada-500kg-de-alimentos-e-distribui-nas-comunidades-carentes-de-lages.html#breadcrumb","itemListElement":[{"@type":"ListItem","position":1,"name":"Home","item":"https:\/\/franciscanos.org.br\/noticias"},{"@type":"ListItem","position":2,"name":"A\u00e7\u00e3o solid\u00e1ria arrecada 500 kg de alimentos para comunidades carentes de Lages"}]},{"@type":"Person","@id":"https:\/\/franciscanos.org.br\/noticias\/#\/schema\/person\/b5c8cba458c330ccff548b056e95a5d4","name":"moacir","image":{"@type":"ImageObject","inLanguage":"pt-BR","@id":"https:\/\/franciscanos.org.br\/noticias\/#\/schema\/person\/image\/","url":"https:\/\/secure.gravatar.com\/avatar\/d08aa2ce4c8dd416d4479aa8536fcf64?s=96&d=mm&r=g","contentUrl":"https:\/\/secure.gravatar.com\/avatar\/d08aa2ce4c8dd416d4479aa8536fcf64?s=96&d=mm&r=g","caption":"moacir"},"url":"https:\/\/franciscanos.org.br\/noticias\/author\/moacir"}]}},"_links":{"self":[{"href":"https:\/\/franciscanos.org.br\/noticias\/wp-json\/wp\/v2\/posts\/228453"}],"collection":[{"href":"https:\/\/franciscanos.org.br\/noticias\/wp-json\/wp\/v2\/posts"}],"about":[{"href":"https:\/\/franciscanos.org.br\/noticias\/wp-json\/wp\/v2\/types\/post"}],"author":[{"embeddable":true,"href":"https:\/\/franciscanos.org.br\/noticias\/wp-json\/wp\/v2\/users\/3"}],"replies":[{"embeddable":true,"href":"https:\/\/franciscanos.org.br\/noticias\/wp-json\/wp\/v2\/comments?post=228453"}],"version-history":[{"count":4,"href":"https:\/\/franciscanos.org.br\/noticias\/wp-json\/wp\/v2\/posts\/228453\/revisions"}],"predecessor-version":[{"id":228459,"href":"https:\/\/franciscanos.org.br\/noticias\/wp-json\/wp\/v2\/posts\/228453\/revisions\/228459"}],"wp:featuredmedia":[{"embeddable":true,"href":"https:\/\/franciscanos.org.br\/noticias\/wp-json\/wp\/v2\/media\/228455"}],"wp:attachment":[{"href":"https:\/\/franciscanos.org.br\/noticias\/wp-json\/wp\/v2\/media?parent=228453"}],"wp:term":[{"taxonomy":"category","embeddable":true,"href":"https:\/\/franciscanos.org.br\/noticias\/wp-json\/wp\/v2\/categories?post=228453"},{"taxonomy":"post_tag","embeddable":true,"href":"https:\/\/franciscanos.org.br\/noticias\/wp-json\/wp\/v2\/tags?post=228453"}],"curies":[{"name":"wp","href":"https:\/\/api.w.org\/{rel}","templated":true}]}}