{"id":228429,"date":"2020-09-23T07:32:35","date_gmt":"2020-09-23T10:32:35","guid":{"rendered":"https:\/\/franciscanos.org.br\/noticias\/?p=228429"},"modified":"2020-09-23T07:33:49","modified_gmt":"2020-09-23T10:33:49","slug":"papa-sair-da-crise-nao-significa-passar-um-verniz-na-situacao-atual","status":"publish","type":"post","link":"https:\/\/franciscanos.org.br\/noticias\/papa-sair-da-crise-nao-significa-passar-um-verniz-na-situacao-atual.html","title":{"rendered":"Papa: &#8220;Sair da crise n\u00e3o significa passar um verniz na situa\u00e7\u00e3o atual&#8221;"},"content":{"rendered":"<div id=\"attachment_228430\" style=\"width: 900px\" class=\"wp-caption alignnone\"><img aria-describedby=\"caption-attachment-228430\" loading=\"lazy\" class=\"wp-image-228430 size-full\" src=\"https:\/\/franciscanos.org.br\/noticias\/wp-content\/uploads\/2020\/09\/papa_2309_1.jpg\" alt=\"\" width=\"890\" height=\"593\" srcset=\"https:\/\/franciscanos.org.br\/noticias\/wp-content\/uploads\/2020\/09\/papa_2309_1.jpg 890w, https:\/\/franciscanos.org.br\/noticias\/wp-content\/uploads\/2020\/09\/papa_2309_1-450x300.jpg 450w, https:\/\/franciscanos.org.br\/noticias\/wp-content\/uploads\/2020\/09\/papa_2309_1-768x512.jpg 768w, https:\/\/franciscanos.org.br\/noticias\/wp-content\/uploads\/2020\/09\/papa_2309_1-150x100.jpg 150w\" sizes=\"(max-width: 890px) 100vw, 890px\" \/><p id=\"caption-attachment-228430\" class=\"wp-caption-text\">\u00a0 \u00a0 \u00a0 \u00a0 \u00a0 \u00a0 \u00a0 \u00a0 \u00a0 \u00a0 \u00a0 \u00a0 \u00a0 \u00a0 \u00a0 \u00a0 \u00a0 \u00a0 \u00a0 \u00a0 \u00a0 \u00a0 \u00a0 \u00a0 \u00a0 \u00a0 \u00a0 \u00a0 \u00a0 \u00a0 \u00a0 \u00a0 \u00a0 \u00a0 \u00a0 \u00a0 \u00a0 \u00a0 \u00a0 \u00a0 \u00a0 \u00a0 \u00a0 \u00a0 \u00a0 \u00a0 \u00a0 \u00a0 \u00a0 \u00a0 \u00a0 \u00a0 \u00a0 \u00a0 \u00a0 \u00a0 \u00a0 \u00a0 \u00a0 \u00a0 \u00a0 \u00a0 \u00a0 \u00a0 \u00a0 \u00a0 \u00a0 \u00a0 \u00a0 \u00a0 \u00a0<em> \u00a0 \u00a0 \u00a0 \u00a0 \u00a0 Imagens: Vatican Media<\/em><\/p><\/div>\n<p><strong>Cidade do Vaticano<\/strong> &#8211; O Papa Francisco prosseguiu com o ciclo de catequeses sobre o tema da pandemia de coronav\u00edrus, na Audi\u00eancia Geral desta quarta-feira (23\/09). \u201cCurar o mundo. Subsidiariedade e virtude da esperan\u00e7a\u201d foi tema deste encontro semanal, realizado no P\u00e1tio S\u00e3o D\u00e2maso, dentro do Vaticano, em que o Pont\u00edfice ressaltou que \u201cpara sairmos melhores de uma crise como a atual, que \u00e9 uma crise de sa\u00fade e ao mesmo tempo social, pol\u00edtica e econ\u00f4mica, cada um de n\u00f3s \u00e9 chamado a assumir a sua parte de responsabilidade. Partilhar as responsabilidades\u201d.<\/p>\n<p>Segundo Francisco, \u201cdevemos responder n\u00e3o s\u00f3 como indiv\u00edduos, mas tamb\u00e9m a partir do pr\u00f3prio grupo de perten\u00e7a, do papel que desempenhamos na sociedade, dos nossos princ\u00edpios e, se acreditamos, da nossa f\u00e9 em Deus\u201d.<\/p>\n<p>Muitas vezes, por\u00e9m, tantas pessoas n\u00e3o podem participar na reconstru\u00e7\u00e3o do bem comum porque s\u00e3o marginalizadas, exclu\u00eddas ou ignoradas; certos grupos sociais s\u00e3o incapazes de contribuir, porque s\u00e3o econ\u00f4mica ou politicamente asfixiados. Em algumas sociedades, muitas pessoas n\u00e3o s\u00e3o livres de expressar a sua f\u00e9 e os seus valores, suas ideias: se elas as expressam com liberdade, v\u00e3o para a cadeia. Noutros lugares, especialmente no mundo ocidental, muitas reprimem as pr\u00f3prias convic\u00e7\u00f5es \u00e9ticas ou religiosas. Mas assim n\u00e3o se pode sair da crise, ou contudo, n\u00e3o podemos sair melhores. Sairemos piores&#8221;.<\/p>\n<p>\u201cPara que todos possamos participar no cuidado e na regenera\u00e7\u00e3o dos nossos povos, \u00e9 justo que todos tenham os recursos adequados para faz\u00ea-lo\u201d, disse ainda o Papa, ressaltando que \u201cap\u00f3s a grande depress\u00e3o econ\u00f4mica de 1929, o Papa Pio XI explicou a import\u00e2ncia do princ\u00edpio de subsidiariedade para uma verdadeira reconstru\u00e7\u00e3o. Este princ\u00edpio tem um duplo dinamismo: de cima para baixo e de baixo para cima. Talvez n\u00e3o entendemos o que isso significa, mas \u00e9 um princ\u00edpio social que nos torna mais unidos\u201d. E Francisco explicou: \u201cPor um lado, e especialmente em tempos de mudan\u00e7a, quando indiv\u00edduos, fam\u00edlias, pequenas associa\u00e7\u00f5es ou comunidades locais s\u00e3o incapazes de alcan\u00e7ar os objetivos prim\u00e1rios, ent\u00e3o \u00e9 justo que os n\u00edveis mais elevados do corpo social, como o Estado, intervenham para oferecer os recursos necess\u00e1rios para prosseguir.\u201d<\/p>\n<p>Por exemplo, devido ao <em>lockdown<\/em> causado pelo coronav\u00edrus, muitas pessoas, fam\u00edlias e atividades econ\u00f4micas encontraram-se e ainda se encontram em s\u00e9rias dificuldades, por isso as institui\u00e7\u00f5es p\u00fablicas procuram ajudar com interven\u00e7\u00f5es apropriadas, sociais, econ\u00f4micas e de sa\u00fade. Esta \u00e9 a fun\u00e7\u00e3o. O que devem fazer.<\/p>\n<p><strong>N\u00e3o colocar de lado a sabedoria dos grupos mais humildes<\/strong><br \/>\n\u201cMas por outro lado\u201d, disse ainda Francisco, \u201cos v\u00e9rtices da sociedade devem respeitar e promover n\u00edveis interm\u00e9dios ou menores. Com efeito, \u00e9 decisiva a contribui\u00e7\u00e3o de indiv\u00edduos, fam\u00edlias, associa\u00e7\u00f5es, empresas, todos os organismos interm\u00e9dios e at\u00e9 das Igrejas. Com os pr\u00f3prios recursos culturais, religiosos, econ\u00f4micos ou de participa\u00e7\u00e3o c\u00edvica, eles revitalizam e refor\u00e7am o corpo social. Existe uma colabora\u00e7\u00e3o de cima para baixo, do Estado para o povo e de baixo para cima. E este \u00e9 o exerc\u00edcio do princ\u00edpio da subsidiariedade. Cada um deve ter a oportunidade de assumir a pr\u00f3pria responsabilidade nos processos de cura da sociedade da qual faz parte. Quando se ativa algum projeto que, direta ou indiretamente, diz respeito a determinados grupos sociais, estes n\u00e3o podem ser exclu\u00eddos da participa\u00e7\u00e3o; a sabedoria dos grupos mais humildes n\u00e3o pode ser colocada de lado\u201d. A seguir, acrescentou: \u201cInfelizmente, esta injusti\u00e7a ocorre muitas vezes onde se concentram grandes interesses econ\u00f4micos ou geopol\u00edticos, tais como certas atividades de minera\u00e7\u00e3o em determinadas partes do planeta. As vozes dos povos ind\u00edgenas, as suas culturas e vis\u00f5es do mundo n\u00e3o s\u00e3o consideradas. Atualmente, esta falta de respeito pelo princ\u00edpio da subsidiariedade propagou-se como um v\u00edrus\u201d.<\/p>\n<p>Pensemos nas grandes medidas de ajuda financeira implementadas pelos Estados. Ouvimos mais as grandes empresas financeiras do que as pessoas ou aqueles que movem a economia real. Ouvimos mais as empresas multinacionais do que os movimentos sociais. Falando em dialeto cotidiano, ouvimos mais os poderosos do que os fracos e este n\u00e3o \u00e9 o caminho. N\u00e3o \u00e9 o caminho humano, n\u00e3o \u00e9 o caminho que Jesus nos ensinou, n\u00e3o \u00e9 implementar o princ\u00edpio e subsidiariedade. Assim, n\u00e3o permitimos que as pessoas sejam \u201cprotagonistas do pr\u00f3prio resgate\u201d. No subconsciente coletivo de alguns pol\u00edticos ou alguns trabalhadores sociais h\u00e1 este lema: tudo para o povo, nada com o povo. De cima para baixo, mas sem ouvir a sabedoria do povo, sem implementar essa sabedoria na solu\u00e7\u00e3o de problemas, neste caso, para sair da crise. Ou pensemos tamb\u00e9m na forma de curar o v\u00edrus: ouvimos mais as grandes empresas farmac\u00eauticas do que os profissionais da sa\u00fade, que est\u00e3o na linha da frente nos hospitais ou nos campos de refugiados. Este n\u00e3o \u00e9 o caminho certo! Todos devem ser ouvidos. Os que est\u00e3o no alto e os que est\u00e3o embaixo.<\/p>\n<p><img loading=\"lazy\" class=\"alignnone wp-image-228431 size-full\" src=\"https:\/\/franciscanos.org.br\/noticias\/wp-content\/uploads\/2020\/09\/papa_2309d.jpg\" alt=\"\" width=\"800\" height=\"601\" \/><img loading=\"lazy\" class=\"alignnone wp-image-228432 size-full\" src=\"https:\/\/franciscanos.org.br\/noticias\/wp-content\/uploads\/2020\/09\/papa_2309.jpg\" alt=\"\" width=\"890\" height=\"593\" srcset=\"https:\/\/franciscanos.org.br\/noticias\/wp-content\/uploads\/2020\/09\/papa_2309.jpg 890w, https:\/\/franciscanos.org.br\/noticias\/wp-content\/uploads\/2020\/09\/papa_2309-450x300.jpg 450w, https:\/\/franciscanos.org.br\/noticias\/wp-content\/uploads\/2020\/09\/papa_2309-768x512.jpg 768w, https:\/\/franciscanos.org.br\/noticias\/wp-content\/uploads\/2020\/09\/papa_2309-150x100.jpg 150w\" sizes=\"(max-width: 890px) 100vw, 890px\" \/><\/p>\n<p><strong>Implementar o princ\u00edpio de subsidiariedade<\/strong><br \/>\nSegundo o Papa, \u201cpara sairmos melhores de uma crise, o princ\u00edpio da subsidiariedade deve ser implementado, respeitando a autonomia e a capacidade de iniciativa de todos, especialmente dos \u00faltimos. \u201cTodas as partes de um corpo s\u00e3o necess\u00e1rias e, como diz S\u00e3o Paulo, as partes que podem parecer mais fr\u00e1geis e menos importantes s\u00e3o na realidade as mais necess\u00e1rias. \u00c0 luz desta imagem, podemos dizer que o princ\u00edpio da subsidiariedade permite a cada um assumir o seu pr\u00f3prio papel no cuidado e destino da sociedade.\u201d<\/p>\n<p>A sua implementa\u00e7\u00e3o d\u00e1 esperan\u00e7a num futuro mais saud\u00e1vel e justo; e constru\u00edmos este futuro juntos, aspirando a realidades maiores, alargando os nossos horizontes. Sair da crise n\u00e3o significa passar um verniz na situa\u00e7\u00e3o atual. Sair da crise significa mudar e a verdadeira mudan\u00e7a \u00e9 feita por todos, todas as pessoas que constituem o povo. Todos juntos em comunidade.\u201d<\/p>\n<p><strong>A esperan\u00e7a \u00e9 audaz<\/strong><br \/>\nO Papa recordou que \u201cnuma catequese anterior vimos que a solidariedade \u00e9 a sa\u00edda para a crise: ela nos une e nos permite encontrar propostas s\u00f3lidas para um mundo mais saud\u00e1vel. Mas este caminho de solidariedade precisa da subsidiariedade. Com efeito, n\u00e3o h\u00e1 verdadeira solidariedade sem participa\u00e7\u00e3o social, sem a contribui\u00e7\u00e3o de organismos interm\u00e9dios: fam\u00edlias, associa\u00e7\u00f5es, cooperativas, pequenas empresas, express\u00f5es da sociedade civil. Tal participa\u00e7\u00e3o ajuda a prevenir e corrigir certos aspectos negativos da globaliza\u00e7\u00e3o e da a\u00e7\u00e3o dos Estados, assim como acontece no cuidado das pessoas atingidas pela pandemia. Estas contribui\u00e7\u00f5es \u201ca partir de baixo\u201d devem ser encorajadas. Como \u00e9 bonito ver o trabalho dos volunt\u00e1rios nessa crise, volunt\u00e1rios provenientes de v\u00e1rias partes sociais, que v\u00eam de fam\u00edlias abastadas e mais pobres. Todos juntos. Isso \u00e9 solidariedade e princ\u00edpio da subsidiariedade\u201d.<\/p>\n<p>Durante o <em>lockdown<\/em>, o gesto de aplaudir m\u00e9dicos, enfermeiros e enfermeiras nasceu espontaneamente como sinal de encorajamento e esperan\u00e7a. Muitos arriscaram a sua vida e perderam suas vidas! Estendamos este aplauso a todos os membros do corpo social, pela sua valiosa contribui\u00e7\u00e3o, por menor que seja. Dar espa\u00e7o para trabalhar. Aplaudamos os &#8220;descartados&#8221;, classificados por essa cultura como &#8220;descartados&#8221;, ou seja, os idosos, as crian\u00e7as, as pessoas com defici\u00eancia, os trabalhadores, todos aqueles que se p\u00f5em a servi\u00e7o. Mas n\u00e3o nos limitemos apenas aos aplausos! A esperan\u00e7a \u00e9 audaz, por isso encorajemo-nos a sonhar alto, procurando os ideais de justi\u00e7a e amor social que prov\u00eam da esperan\u00e7a.<\/p>\n<p>O Papa concluiu a sua catequese, convidando a \u201cn\u00e3o reconstruir o passado, especialmente o que era in\u00edquo e j\u00e1 doente. Construamos um futuro onde a dimens\u00e3o local e global se enrique\u00e7am mutuamente, onde a beleza e a riqueza dos grupos menores possam florescer e onde aqueles que t\u00eam mais se comprometam a servir e a dar mais a quem tem menos\u201d.<\/p>\n<hr \/>\n<p><em>Fonte: Vatican News (texto Mariangela Jaguraba)<\/em><\/p>\n","protected":false},"excerpt":{"rendered":"<p>Audi\u00eancia Geral<\/p>\n","protected":false},"author":3,"featured_media":228433,"comment_status":"open","ping_status":"open","sticky":false,"template":"","format":"standard","meta":[],"categories":[1428],"tags":[487],"acf":[],"yoast_head":"<!-- This site is optimized with the Yoast SEO plugin v19.2 - https:\/\/yoast.com\/wordpress\/plugins\/seo\/ -->\n<title>Papa: &quot;Sair da crise n\u00e3o significa passar um verniz na situa\u00e7\u00e3o atual&quot; - Not\u00edcias - Franciscanos<\/title>\n<meta name=\"robots\" content=\"index, follow, max-snippet:-1, max-image-preview:large, max-video-preview:-1\" \/>\n<link rel=\"canonical\" href=\"https:\/\/franciscanos.org.br\/noticias\/papa-sair-da-crise-nao-significa-passar-um-verniz-na-situacao-atual.html\" \/>\n<meta property=\"og:locale\" content=\"pt_BR\" \/>\n<meta property=\"og:type\" content=\"article\" \/>\n<meta property=\"og:title\" content=\"Papa: &quot;Sair da crise n\u00e3o significa passar um verniz na situa\u00e7\u00e3o atual&quot; - Not\u00edcias - Franciscanos\" \/>\n<meta property=\"og:description\" content=\"Audi\u00eancia Geral\" \/>\n<meta property=\"og:url\" content=\"https:\/\/franciscanos.org.br\/noticias\/papa-sair-da-crise-nao-significa-passar-um-verniz-na-situacao-atual.html\" \/>\n<meta property=\"og:site_name\" content=\"Not\u00edcias - Franciscanos\" \/>\n<meta property=\"article:published_time\" content=\"2020-09-23T10:32:35+00:00\" \/>\n<meta property=\"article:modified_time\" content=\"2020-09-23T10:33:49+00:00\" \/>\n<meta property=\"og:image\" content=\"https:\/\/franciscanos.org.br\/noticias\/wp-content\/uploads\/2020\/09\/papa_2309d2.jpg\" \/>\n\t<meta property=\"og:image:width\" content=\"800\" \/>\n\t<meta property=\"og:image:height\" content=\"601\" \/>\n\t<meta property=\"og:image:type\" content=\"image\/jpeg\" \/>\n<meta name=\"author\" content=\"moacir\" \/>\n<meta name=\"twitter:card\" content=\"summary_large_image\" \/>\n<meta name=\"twitter:label1\" content=\"Escrito por\" \/>\n\t<meta name=\"twitter:data1\" content=\"moacir\" \/>\n\t<meta name=\"twitter:label2\" content=\"Est. tempo de leitura\" \/>\n\t<meta name=\"twitter:data2\" content=\"7 minutos\" \/>\n<script type=\"application\/ld+json\" class=\"yoast-schema-graph\">{\"@context\":\"https:\/\/schema.org\",\"@graph\":[{\"@type\":\"WebSite\",\"@id\":\"https:\/\/franciscanos.org.br\/noticias\/#website\",\"url\":\"https:\/\/franciscanos.org.br\/noticias\/\",\"name\":\"Not\u00edcias - Franciscanos\",\"description\":\"Prov\u00edncia Franciscana da Imaculada Concei\u00e7\u00e3o do Brasil - Ordem dos Frades Menores - OFM\",\"potentialAction\":[{\"@type\":\"SearchAction\",\"target\":{\"@type\":\"EntryPoint\",\"urlTemplate\":\"https:\/\/franciscanos.org.br\/noticias\/?s={search_term_string}\"},\"query-input\":\"required name=search_term_string\"}],\"inLanguage\":\"pt-BR\"},{\"@type\":\"ImageObject\",\"inLanguage\":\"pt-BR\",\"@id\":\"https:\/\/franciscanos.org.br\/noticias\/papa-sair-da-crise-nao-significa-passar-um-verniz-na-situacao-atual.html#primaryimage\",\"url\":\"https:\/\/franciscanos.org.br\/noticias\/wp-content\/uploads\/2020\/09\/papa_2309d2.jpg\",\"contentUrl\":\"https:\/\/franciscanos.org.br\/noticias\/wp-content\/uploads\/2020\/09\/papa_2309d2.jpg\",\"width\":800,\"height\":601},{\"@type\":\"WebPage\",\"@id\":\"https:\/\/franciscanos.org.br\/noticias\/papa-sair-da-crise-nao-significa-passar-um-verniz-na-situacao-atual.html#webpage\",\"url\":\"https:\/\/franciscanos.org.br\/noticias\/papa-sair-da-crise-nao-significa-passar-um-verniz-na-situacao-atual.html\",\"name\":\"Papa: \\\"Sair da crise n\u00e3o significa passar um verniz na situa\u00e7\u00e3o atual\\\" - Not\u00edcias - Franciscanos\",\"isPartOf\":{\"@id\":\"https:\/\/franciscanos.org.br\/noticias\/#website\"},\"primaryImageOfPage\":{\"@id\":\"https:\/\/franciscanos.org.br\/noticias\/papa-sair-da-crise-nao-significa-passar-um-verniz-na-situacao-atual.html#primaryimage\"},\"datePublished\":\"2020-09-23T10:32:35+00:00\",\"dateModified\":\"2020-09-23T10:33:49+00:00\",\"author\":{\"@id\":\"https:\/\/franciscanos.org.br\/noticias\/#\/schema\/person\/b5c8cba458c330ccff548b056e95a5d4\"},\"breadcrumb\":{\"@id\":\"https:\/\/franciscanos.org.br\/noticias\/papa-sair-da-crise-nao-significa-passar-um-verniz-na-situacao-atual.html#breadcrumb\"},\"inLanguage\":\"pt-BR\",\"potentialAction\":[{\"@type\":\"ReadAction\",\"target\":[\"https:\/\/franciscanos.org.br\/noticias\/papa-sair-da-crise-nao-significa-passar-um-verniz-na-situacao-atual.html\"]}]},{\"@type\":\"BreadcrumbList\",\"@id\":\"https:\/\/franciscanos.org.br\/noticias\/papa-sair-da-crise-nao-significa-passar-um-verniz-na-situacao-atual.html#breadcrumb\",\"itemListElement\":[{\"@type\":\"ListItem\",\"position\":1,\"name\":\"Home\",\"item\":\"https:\/\/franciscanos.org.br\/noticias\"},{\"@type\":\"ListItem\",\"position\":2,\"name\":\"Papa: &#8220;Sair da crise n\u00e3o significa passar um verniz na situa\u00e7\u00e3o atual&#8221;\"}]},{\"@type\":\"Person\",\"@id\":\"https:\/\/franciscanos.org.br\/noticias\/#\/schema\/person\/b5c8cba458c330ccff548b056e95a5d4\",\"name\":\"moacir\",\"image\":{\"@type\":\"ImageObject\",\"inLanguage\":\"pt-BR\",\"@id\":\"https:\/\/franciscanos.org.br\/noticias\/#\/schema\/person\/image\/\",\"url\":\"https:\/\/secure.gravatar.com\/avatar\/d08aa2ce4c8dd416d4479aa8536fcf64?s=96&d=mm&r=g\",\"contentUrl\":\"https:\/\/secure.gravatar.com\/avatar\/d08aa2ce4c8dd416d4479aa8536fcf64?s=96&d=mm&r=g\",\"caption\":\"moacir\"},\"url\":\"https:\/\/franciscanos.org.br\/noticias\/author\/moacir\"}]}<\/script>\n<!-- \/ Yoast SEO plugin. -->","yoast_head_json":{"title":"Papa: \"Sair da crise n\u00e3o significa passar um verniz na situa\u00e7\u00e3o atual\" - Not\u00edcias - Franciscanos","robots":{"index":"index","follow":"follow","max-snippet":"max-snippet:-1","max-image-preview":"max-image-preview:large","max-video-preview":"max-video-preview:-1"},"canonical":"https:\/\/franciscanos.org.br\/noticias\/papa-sair-da-crise-nao-significa-passar-um-verniz-na-situacao-atual.html","og_locale":"pt_BR","og_type":"article","og_title":"Papa: \"Sair da crise n\u00e3o significa passar um verniz na situa\u00e7\u00e3o atual\" - Not\u00edcias - Franciscanos","og_description":"Audi\u00eancia Geral","og_url":"https:\/\/franciscanos.org.br\/noticias\/papa-sair-da-crise-nao-significa-passar-um-verniz-na-situacao-atual.html","og_site_name":"Not\u00edcias - Franciscanos","article_published_time":"2020-09-23T10:32:35+00:00","article_modified_time":"2020-09-23T10:33:49+00:00","og_image":[{"width":800,"height":601,"url":"https:\/\/franciscanos.org.br\/noticias\/wp-content\/uploads\/2020\/09\/papa_2309d2.jpg","type":"image\/jpeg"}],"author":"moacir","twitter_card":"summary_large_image","twitter_misc":{"Escrito por":"moacir","Est. tempo de leitura":"7 minutos"},"schema":{"@context":"https:\/\/schema.org","@graph":[{"@type":"WebSite","@id":"https:\/\/franciscanos.org.br\/noticias\/#website","url":"https:\/\/franciscanos.org.br\/noticias\/","name":"Not\u00edcias - Franciscanos","description":"Prov\u00edncia Franciscana da Imaculada Concei\u00e7\u00e3o do Brasil - Ordem dos Frades Menores - OFM","potentialAction":[{"@type":"SearchAction","target":{"@type":"EntryPoint","urlTemplate":"https:\/\/franciscanos.org.br\/noticias\/?s={search_term_string}"},"query-input":"required name=search_term_string"}],"inLanguage":"pt-BR"},{"@type":"ImageObject","inLanguage":"pt-BR","@id":"https:\/\/franciscanos.org.br\/noticias\/papa-sair-da-crise-nao-significa-passar-um-verniz-na-situacao-atual.html#primaryimage","url":"https:\/\/franciscanos.org.br\/noticias\/wp-content\/uploads\/2020\/09\/papa_2309d2.jpg","contentUrl":"https:\/\/franciscanos.org.br\/noticias\/wp-content\/uploads\/2020\/09\/papa_2309d2.jpg","width":800,"height":601},{"@type":"WebPage","@id":"https:\/\/franciscanos.org.br\/noticias\/papa-sair-da-crise-nao-significa-passar-um-verniz-na-situacao-atual.html#webpage","url":"https:\/\/franciscanos.org.br\/noticias\/papa-sair-da-crise-nao-significa-passar-um-verniz-na-situacao-atual.html","name":"Papa: \"Sair da crise n\u00e3o significa passar um verniz na situa\u00e7\u00e3o atual\" - Not\u00edcias - Franciscanos","isPartOf":{"@id":"https:\/\/franciscanos.org.br\/noticias\/#website"},"primaryImageOfPage":{"@id":"https:\/\/franciscanos.org.br\/noticias\/papa-sair-da-crise-nao-significa-passar-um-verniz-na-situacao-atual.html#primaryimage"},"datePublished":"2020-09-23T10:32:35+00:00","dateModified":"2020-09-23T10:33:49+00:00","author":{"@id":"https:\/\/franciscanos.org.br\/noticias\/#\/schema\/person\/b5c8cba458c330ccff548b056e95a5d4"},"breadcrumb":{"@id":"https:\/\/franciscanos.org.br\/noticias\/papa-sair-da-crise-nao-significa-passar-um-verniz-na-situacao-atual.html#breadcrumb"},"inLanguage":"pt-BR","potentialAction":[{"@type":"ReadAction","target":["https:\/\/franciscanos.org.br\/noticias\/papa-sair-da-crise-nao-significa-passar-um-verniz-na-situacao-atual.html"]}]},{"@type":"BreadcrumbList","@id":"https:\/\/franciscanos.org.br\/noticias\/papa-sair-da-crise-nao-significa-passar-um-verniz-na-situacao-atual.html#breadcrumb","itemListElement":[{"@type":"ListItem","position":1,"name":"Home","item":"https:\/\/franciscanos.org.br\/noticias"},{"@type":"ListItem","position":2,"name":"Papa: &#8220;Sair da crise n\u00e3o significa passar um verniz na situa\u00e7\u00e3o atual&#8221;"}]},{"@type":"Person","@id":"https:\/\/franciscanos.org.br\/noticias\/#\/schema\/person\/b5c8cba458c330ccff548b056e95a5d4","name":"moacir","image":{"@type":"ImageObject","inLanguage":"pt-BR","@id":"https:\/\/franciscanos.org.br\/noticias\/#\/schema\/person\/image\/","url":"https:\/\/secure.gravatar.com\/avatar\/d08aa2ce4c8dd416d4479aa8536fcf64?s=96&d=mm&r=g","contentUrl":"https:\/\/secure.gravatar.com\/avatar\/d08aa2ce4c8dd416d4479aa8536fcf64?s=96&d=mm&r=g","caption":"moacir"},"url":"https:\/\/franciscanos.org.br\/noticias\/author\/moacir"}]}},"_links":{"self":[{"href":"https:\/\/franciscanos.org.br\/noticias\/wp-json\/wp\/v2\/posts\/228429"}],"collection":[{"href":"https:\/\/franciscanos.org.br\/noticias\/wp-json\/wp\/v2\/posts"}],"about":[{"href":"https:\/\/franciscanos.org.br\/noticias\/wp-json\/wp\/v2\/types\/post"}],"author":[{"embeddable":true,"href":"https:\/\/franciscanos.org.br\/noticias\/wp-json\/wp\/v2\/users\/3"}],"replies":[{"embeddable":true,"href":"https:\/\/franciscanos.org.br\/noticias\/wp-json\/wp\/v2\/comments?post=228429"}],"version-history":[{"count":3,"href":"https:\/\/franciscanos.org.br\/noticias\/wp-json\/wp\/v2\/posts\/228429\/revisions"}],"predecessor-version":[{"id":228436,"href":"https:\/\/franciscanos.org.br\/noticias\/wp-json\/wp\/v2\/posts\/228429\/revisions\/228436"}],"wp:featuredmedia":[{"embeddable":true,"href":"https:\/\/franciscanos.org.br\/noticias\/wp-json\/wp\/v2\/media\/228433"}],"wp:attachment":[{"href":"https:\/\/franciscanos.org.br\/noticias\/wp-json\/wp\/v2\/media?parent=228429"}],"wp:term":[{"taxonomy":"category","embeddable":true,"href":"https:\/\/franciscanos.org.br\/noticias\/wp-json\/wp\/v2\/categories?post=228429"},{"taxonomy":"post_tag","embeddable":true,"href":"https:\/\/franciscanos.org.br\/noticias\/wp-json\/wp\/v2\/tags?post=228429"}],"curies":[{"name":"wp","href":"https:\/\/api.w.org\/{rel}","templated":true}]}}