{"id":228346,"date":"2020-09-15T16:01:16","date_gmt":"2020-09-15T19:01:16","guid":{"rendered":"https:\/\/franciscanos.org.br\/noticias\/?p=228346"},"modified":"2020-09-15T16:03:12","modified_gmt":"2020-09-15T19:03:12","slug":"agenda-do-sagrado-coracao-entre-os-lancamentos","status":"publish","type":"post","link":"https:\/\/franciscanos.org.br\/noticias\/agenda-do-sagrado-coracao-entre-os-lancamentos.html","title":{"rendered":"Agenda do Sagrado Cora\u00e7\u00e3o entre os lan\u00e7amentos da Vozes"},"content":{"rendered":"<p>&nbsp;<\/p>\n<p><img loading=\"lazy\" class=\"alignnone wp-image-228360 size-full\" src=\"https:\/\/franciscanos.org.br\/noticias\/wp-content\/uploads\/2020\/09\/vozes_1509_1.jpg\" alt=\"\" width=\"890\" height=\"506\" srcset=\"https:\/\/franciscanos.org.br\/noticias\/wp-content\/uploads\/2020\/09\/vozes_1509_1.jpg 890w, https:\/\/franciscanos.org.br\/noticias\/wp-content\/uploads\/2020\/09\/vozes_1509_1-450x256.jpg 450w, https:\/\/franciscanos.org.br\/noticias\/wp-content\/uploads\/2020\/09\/vozes_1509_1-768x437.jpg 768w, https:\/\/franciscanos.org.br\/noticias\/wp-content\/uploads\/2020\/09\/vozes_1509_1-150x85.jpg 150w\" sizes=\"(max-width: 890px) 100vw, 890px\" \/><\/p>\n<h3><strong>Agenda do Sagrado Cora\u00e7\u00e3o de Jesus 2021<\/strong><\/h3>\n<p>Desde a sua cria\u00e7\u00e3o, a Folhinha do Sagrado Cora\u00e7\u00e3o de Jesus faz parte da vida de milhares de fam\u00edlias estando presente em suas casas e ambientes de trabalho, lazer e devo\u00e7\u00e3o. Sempre se renovando, temos tamb\u00e9m na vers\u00e3o agenda. Nela, todo o conte\u00fado da Folhinha est\u00e1 presente, mas com o diferencial de poder lev\u00e1-la para a escola, para o trabalho, participar de reuni\u00f5es e anotar seus compromissos.<\/p>\n<p><strong>N\u00ba de p\u00e1ginas: 408 \/ Pre\u00e7o: R$ 38,00<\/strong><\/p>\n<hr \/>\n<h3>Agendinha Simples 2021<\/h3>\n<p>Em formato pocket, 7,5 x 11cm, f\u00e1cil de levar na bolsa, no bolso da camisa ou da cal\u00e7a, a Agendinha cont\u00e9m indica\u00e7\u00f5es das leituras b\u00edblicas da liturgia di\u00e1ria e bonitos pensamentos. Acabamento em couro sint\u00e9tico. Dispon\u00edvel nas cores preta, marrom, marinho e vinho.<\/p>\n<p><strong>N\u00ba de p\u00e1ginas: 224\u00a0 |\u00a0 Pre\u00e7o: R$ 18,00<\/strong><\/p>\n<hr \/>\n<p>&nbsp;<\/p>\n<h3>O Ensino Religioso na BNCC<br \/>\nTeoria e pr\u00e1tica<\/h3>\n<p><strong>Emerson Sena da Silveira e S\u00e9rgio Junqueira<\/strong><\/p>\n<p>Este livro, organizado por Emerson Sena da Silveira e S\u00e9rgio Junqueira, re\u00fane ensaios que ir\u00e3o debater as perspectivas, e o conte\u00fado para orienta\u00e7\u00e3o do Ensino Religioso estabelecido na Base Nacional Comum Curricular, com o objetivo de ampliar os debates sobre o desempenho do Ensino nas escolas do pa\u00eds.<\/p>\n<p>No decorrer deste livro, ensaios discutem, de diferentes \u00e2ngulos, o conte\u00fado orientador para a base do Ensino, e como professores com diferentes forma\u00e7\u00f5es, atuam.<\/p>\n<p>Cada cap\u00edtulo tr\u00e1s um artigo preparado por estudiosos da \u00e1rea, com dados e informa\u00e7\u00f5es. O primeiro cap\u00edtulo, por exemplo, foi escrito por Lurdes Caron e Lourival Jos\u00e9 Martins Filho, contanto um pouco sobre a necessidade de adequa\u00e7\u00e3o em diretrizes nacionais e na forma\u00e7\u00e3o dos professores.<\/p>\n<p>J\u00e1 o ensaio preparado por Marcos Vinicius de Freitas Reis trata da diversidade religiosa e cultural na Base Nacional Comum Curricular. Neste cap\u00edtulo, o autor mostra atrav\u00e9s de dados recolhidos pelo IBGE de 2010 como as institui\u00e7\u00f5es religiosas desenvolveram estrat\u00e9gias de linguagens, com o intuito de atingir a mais fi\u00e9is.<\/p>\n<p>Dividido em nove ensaios, este livro conta com temas importantes que passam pela ci\u00eancia e religi\u00e3o, diferentes formas de aprendizagem, diversidade cultural e filosofia de vida para se entender e aprender sobre o Ensino Religioso.<\/p>\n<p><strong>PRE\u00c7O: R$ 36,00 | N\u00ba DE P\u00c1GINAS: 216<\/strong><\/p>\n<hr \/>\n<h3><strong> <img loading=\"lazy\" class=\"size-medium wp-image-228362 alignright\" src=\"https:\/\/franciscanos.org.br\/noticias\/wp-content\/uploads\/2020\/09\/vozes_3-326x450.jpg\" alt=\"\" width=\"326\" height=\"450\" srcset=\"https:\/\/franciscanos.org.br\/noticias\/wp-content\/uploads\/2020\/09\/vozes_3-326x450.jpg 326w, https:\/\/franciscanos.org.br\/noticias\/wp-content\/uploads\/2020\/09\/vozes_3-150x207.jpg 150w, https:\/\/franciscanos.org.br\/noticias\/wp-content\/uploads\/2020\/09\/vozes_3.jpg 388w\" sizes=\"(max-width: 326px) 100vw, 326px\" \/>Hist\u00f3ria da psicologia moderna<\/strong><\/h3>\n<p><strong>C. G. Jung<\/strong><\/p>\n<p>Assim como os cl\u00e1ssicos da filosofia s\u00e3o verdadeiros tesouros para nosso autoconhecimento, os livros de Jung tamb\u00e9m trazem insights valiosos para o nosso dia a dia. Jung aborda temas bastante atuais e que influenciam diferentes campos do conhecimento. Atrav\u00e9s dele temas como \u201carqu\u00e9tipo\u201d, \u201cego\u201d e \u201cinconsciente coletivo\u201d se popularizaram.<\/p>\n<p>Buscando trazer as obras de Jung para mais perto do p\u00fablico n\u00e3o especializado como j\u00e1 foi feito nos livros lan\u00e7ados recentemente; Aspectos do feminino, Aspectos do masculino e O si-mesmo oculto, esta nova obra aborda a hist\u00f3ria da psicologia moderna, tema que sempre despertou muito interesse em Jung.<\/p>\n<p>Entre 1933 e 1941, C.G. Jung fez uma s\u00e9rie de palestras p\u00fablicas no Instituto Federal Su\u00ed\u00e7o de Tecnologia (ETH) em Zurique. Foram palestras destinadas a um p\u00fablico geral que abordaram uma ampla gama de t\u00f3picos, desde a an\u00e1lise dos sonhos at\u00e9 a ioga.<\/p>\n<p>Neste livro encontram-se as palestras que tinham como tema a hist\u00f3ria da psicologia moderna, desde o Iluminismo at\u00e9 seu pr\u00f3prio tempo, proferidas por Jung. Os editores reconstru\u00edram as palestras a partir de manuscritos, resumos e notas de taquigrafia dos participantes recentemente recuperadas.<\/p>\n<p style=\"padding-left: 40px;\"><strong>Ernst Falzeder<\/strong><em> \u00e9 pesquisador-s\u00eanior na Escola de L\u00ednguas, Cultura e Sociedade Europeias da UniversityCollege London e editor e tradutor da Funda\u00e7\u00e3o Philemon.<\/em><\/p>\n<p><strong>PRE\u00c7O: R$ 50,00 | N\u00ba DE P\u00c1GINAS: 320<\/strong><\/p>\n<hr \/>\n<p><img loading=\"lazy\" class=\"alignnone size-full wp-image-228358\" src=\"https:\/\/franciscanos.org.br\/noticias\/wp-content\/uploads\/2020\/09\/vozes_1509.jpg\" alt=\"\" width=\"890\" height=\"443\" srcset=\"https:\/\/franciscanos.org.br\/noticias\/wp-content\/uploads\/2020\/09\/vozes_1509.jpg 890w, https:\/\/franciscanos.org.br\/noticias\/wp-content\/uploads\/2020\/09\/vozes_1509-450x224.jpg 450w, https:\/\/franciscanos.org.br\/noticias\/wp-content\/uploads\/2020\/09\/vozes_1509-768x382.jpg 768w, https:\/\/franciscanos.org.br\/noticias\/wp-content\/uploads\/2020\/09\/vozes_1509-150x75.jpg 150w\" sizes=\"(max-width: 890px) 100vw, 890px\" \/><\/p>\n<p>&nbsp;<\/p>\n<h3><strong>Viver!<\/strong><br \/>\n<strong>Um manual de resili\u00eancia para um mundo imprevis\u00edvel<\/strong><\/h3>\n<p><strong>Fr\u00e9d\u00e9ric Lenoir<\/strong><\/p>\n<p>Quem poderia imaginar no in\u00edcio do ano de 2020 que, dois meses mais tarde, metade da popula\u00e7\u00e3o mundial estaria confinada, que n\u00e3o haveria mais avi\u00f5es no ar, que Veneza estaria sem turistas e que experimentar\u00edamos uma recess\u00e3o econ\u00f4mica mundial hist\u00f3rica?<\/p>\n<p>A pandemia do Covid-19 revela a extrema vulnerabilidade do mundo globalizado. Quando a peste negra dizimou mais de dois ter\u00e7os dos europeus (ou seja, cerca de 25 milh\u00f5es de pessoas) em meados do s\u00e9culo XIV, os chineses e os indianos n\u00e3o foram afetados e sem d\u00favida nem mesmo foram informados. Para o bem e para o mal, hoje n\u00f3s estamos todos conectados e um simples v\u00edrus, surgido em qualquer recanto do globo, pode derrubar a economia mundial e impactar a vida de cerca de 8 bilh\u00f5es de indiv\u00edduos. Pois s\u00e3o realmente todas as dimens\u00f5es de nossa exist\u00eancia que s\u00e3o transtornadas por esta pandemia: nossa vida familiar e profissional, como tamb\u00e9m nossa rela\u00e7\u00e3o com o mundo, com o espa\u00e7o e com o tempo. Somos atingidos ou estamos angustiados pela doen\u00e7a e pela morte. Mas tamb\u00e9m pela inseguran\u00e7a material, pela perda de nossa liberdade de circular, pela impossibilidade de nos projetarmos para o futuro.<\/p>\n<p>Nesta pequena obra, Fr\u00e9d\u00e9ric Lenoir aborda a seguinte quest\u00e3o: como viver da melhor maneira poss\u00edvel em tempos de crise? Como tentar permanecer sereno, ou at\u00e9 mesmo feliz, num mundo cada vez mais ca\u00f3tico e imprevis\u00edvel? Ou, dito de outra maneira: esperando que o mundo mude, como mudar-nos a n\u00f3s mesmos ou transformar nosso olhar para nos adaptarmos o mais positivamente poss\u00edvel a um real que nos desestabiliza?<\/p>\n<p>Em uma esp\u00e9cie de manual de sobreviv\u00eancia e crescimento interior, ou seja, um manual de resili\u00eancia, o autor fornece aos leitores conselhos para viverem melhor neste per\u00edodo doloroso e em muitos aspectos desestabilizante. Lenoir se inspirou em fil\u00f3sofos do passado que viveram e pensaram durante per\u00edodos de crise profunda e que nos legaram reflex\u00f5es essenciais para atravessar da melhor forma poss\u00edvel a adversidade. Inspirou-se tamb\u00e9m em considera\u00e7\u00f5es mais contempor\u00e2neas, oriundas especialmente das neuroci\u00eancias e da psicologia, que nos fornecem chaves preciosas para enfrentar as perturba\u00e7\u00f5es de nossas necessidades biol\u00f3gicas, ps\u00edquicas e afetivas fundamentais.<\/p>\n<p style=\"padding-left: 40px;\"><strong>Fr\u00e9d\u00e9ric Lenoir<\/strong> <em>\u00e9 fil\u00f3sofo, soci\u00f3logo e especialista em hist\u00f3ria das religi\u00f5es. Fez seu doutorado na \u00c9cole d\u00eas Hautes \u00c9tudesen Sciences Sociales, onde \u00e9 pesquisador associado. \u00c9 diretor de Le Monde d\u00eas R\u00e9ligions. Como autor e coautor, escreveu mais de cinquenta obras (dentre as quais ensaios, romances, contos e enciclop\u00e9dias), que venderam mais de 6 milh\u00f5es de exemplares no mundo e foram traduzidas em mais de vinte idiomas. \u00c9 autor, entre outras obras, de O milagre Espinosa (Vozes, 2019).<\/em><\/p>\n<p><strong>PRE\u00c7O: R$ 24,90 | N\u00ba DE P\u00c1GINAS: 128<\/strong><\/p>\n<hr \/>\n<h3><strong>No caos da conviv\u00eancia<\/strong><\/h3>\n<p><strong>Lu\u00eds Mauro S\u00e1 Martino e \u00c2ngela Cristina Salgueiro Marques<\/strong><\/p>\n<p>CONVIVER COM OS OUTROS N\u00c3O \u00c9 UMA OP\u00c7\u00c3O.<br \/>\nMAS PODEMOS DEIXAR ESSA EXPERI\u00caNCIA MAIS F\u00c1CIL, MAIS AGRAD\u00c1VEL.<\/p>\n<p>N\u00e3o h\u00e1 receita para viver em sociedade. Mas uma maneira de deixar essa experi\u00eancia mais leve \u00e9 compreender a condi\u00e7\u00e3o humana em suas luzes e sombras, cheias de varia\u00e7\u00f5es, possibilidades e limites, \u00e2nimo e fragilidade. Se n\u00e3o existe f\u00f3rmula m\u00e1gica para isso, podemos come\u00e7ar fazendo algo que a universidade sabe: perguntar.<\/p>\n<p>\u00c9 poss\u00edvel viver bem com os outros quando est\u00e3o em jogo quest\u00f5es ligadas ao trabalho, ao amor ou \u00e0 justi\u00e7a? Estamos mesmo conectados ou esquecemos como \u00e9 prestar aten\u00e7\u00e3o nos outros? Como ter empatia com outras pessoas, parecidas comigo e diferentes de mim, que me desafiam e me inquietam?<\/p>\n<p>No caos da conviv\u00eancia trata dessas quest\u00f5es com uma linguagem leve, a partir de exemplos e situa\u00e7\u00f5es cotidianas. Cada cap\u00edtulo \u00e9 uma breve provoca\u00e7\u00e3o, a partir das ideias de grandes autoras e autores, para ver outros aspectos de situa\u00e7\u00f5es que nos desafiam na conviv\u00eancia.<\/p>\n<p>Em uma \u00e9poca de muita informa\u00e7\u00e3o e pouco conhecimento, muitos perfis em redes e pouca hospitalidade para nos aceitarmos como somos, muitas selfies e pouca autorreflex\u00e3o, No caos da conviv\u00eancia desafia a ver as rela\u00e7\u00f5es pessoais de outro \u00e2ngulo, destacando seu ponto mais importante: o humano.<\/p>\n<p style=\"padding-left: 40px;\"><strong>Lu\u00eds Mauro S\u00e1 Martino<\/strong> <em>\u00e9 doutor em Ci\u00eancias Sociais pela PUC SP. Nascido em 1977, foi pesquisador-bolsista na Universidade de East Anglia, na Inglaterra, e \u00e9 autor dos livros M\u00e9todos de pesquisa em comunica\u00e7\u00e3o (Vozes, 2018), Teoria da comunica\u00e7\u00e3o (Vozes, 2009), Comunica\u00e7\u00e3o e identidade (2010) e The MediatizationofReligion, publicado pela editora brit\u00e2nica Routledge em 2016, entre outros. \u00c9 professor do Programa de P\u00f3s-Gradua\u00e7\u00e3o em Comunica\u00e7\u00e3o da Faculdade C\u00e1sper L\u00edbero e da Casa do Saber.<\/em><\/p>\n<p style=\"padding-left: 40px;\"><strong>\u00c2ngela Cristina Salgueiro Marques<\/strong> <em>\u00e9 doutora em Comunica\u00e7\u00e3o pela Universidade Federal de Minas Gerais, onde leciona no Programa de P\u00f3s\u00ad Gradua\u00e7\u00e3o em Comunica\u00e7\u00e3o. Tem p\u00f3s-doutorado na Universidade Stendhal, Grenoble III, na Fran\u00e7a. \u00c9 autora dos livros Apelos solid\u00e1rios (Intermeios, 2017), escrito com Angie Biondi, e Di\u00e1logos e dissid\u00eancias (Appris, 2018), com Marco Aur\u00e9lio Prado, e mais de cem artigos nas mais prestigiadas revistas acad\u00eamicas do Brasil e do exterior, al\u00e9m de ser conferencista em v\u00e1rias universidades.<\/em><\/p>\n<p><strong>PRE\u00c7O: R$ 29,90 | N\u00ba DE P\u00c1GINAS: 264<\/strong><\/p>\n<hr \/>\n<p>&nbsp;<\/p>\n<h3><strong>Meu nome \u00e9 Jesus<\/strong><br \/>\n<strong>Catequese de Inicia\u00e7\u00e3o Eucar\u00edstica I \u2013 Cole\u00e7\u00e3o Deus Conosco<\/strong><\/h3>\n<p><strong>Catequista e Catequizando<\/strong><\/p>\n<p>A Cole\u00e7\u00e3o Deus Conosco promove a experi\u00eancia de reconhecer que Deus est\u00e1 sempre conosco e, por isso, motiva uma rela\u00e7\u00e3o de amor e confian\u00e7a em Deus e o desejo de testemunhar a alegria de ser filho amado do Senhor. A Cole\u00e7\u00e3o prop\u00f5e uma catequese b\u00edblica, cujo foco central \u00e9 o an\u00fancio de Jesus Cristo, ou seja, uma catequese querigm\u00e1tica, levando em conta o catequizando e suas caracter\u00edsticas, num processo de Inicia\u00e7\u00e3o \u00e0 Vida Crist\u00e3.<\/p>\n<p>A metodologia da Cole\u00e7\u00e3o Deus Conosco \u00e9 um instrumento criativo de viv\u00eancia de comunh\u00e3o no grupo de catequizandos e tamb\u00e9m de inicia\u00e7\u00e3o e engajamento na vida da comunidade de f\u00e9. Os encontros catequ\u00e9ticos, iluminados pela Palavra de Deus, conduzem \u00e0 ora\u00e7\u00e3o, \u00e0 celebra\u00e7\u00e3o, a experimentar o mist\u00e9rio do amor de Deus. Apresenta, portanto, uma catequese mistag\u00f3gica.<\/p>\n<p style=\"padding-left: 40px;\">S\u00e3o autores desta cole\u00e7\u00e3o:<br \/>\n<strong>Lydia das Dores Defilippo<\/strong><em> (in memoriam) foi uma pedagoga e catequista apaixonada pela catequese, com ampla forma\u00e7\u00e3o em Catequese e Ensino Religioso. Morou em Belo Horizonte-MG e muito atuou na forma\u00e7\u00e3o de catequistas. Elaborou a Cole\u00e7\u00e3o Deus Conosco, deixando-a como um presente para todos n\u00f3s.<\/em><\/p>\n<p style=\"padding-left: 40px;\"><strong>Lucimara Trevizan, Fausta Maria Miranda e Pe. Almerindo Silveira Barbosa<\/strong> <em>s\u00e3o membros da Comiss\u00e3o de Catequese do Regional Leste 2 da CNBB (Minas Gerais e Esp\u00edrito Santo) e os atuais respons\u00e1veis pela revis\u00e3o e atualiza\u00e7\u00e3o da Cole\u00e7\u00e3o.<\/em><\/p>\n<p><strong>Catequista | PRE\u00c7O: R$ 23,00 | N\u00ba DE P\u00c1GINAS: 160<\/strong><br \/>\n<strong>Catequizando | PRE\u00c7O: R$ 18,40 | N\u00ba DE P\u00c1GINAS: 120<\/strong><\/p>\n<hr \/>\n<p><strong><img loading=\"lazy\" class=\"alignright size-medium wp-image-228363\" src=\"https:\/\/franciscanos.org.br\/noticias\/wp-content\/uploads\/2020\/09\/vozes_5-327x450.jpg\" alt=\"\" width=\"327\" height=\"450\" srcset=\"https:\/\/franciscanos.org.br\/noticias\/wp-content\/uploads\/2020\/09\/vozes_5-327x450.jpg 327w, https:\/\/franciscanos.org.br\/noticias\/wp-content\/uploads\/2020\/09\/vozes_5-150x206.jpg 150w, https:\/\/franciscanos.org.br\/noticias\/wp-content\/uploads\/2020\/09\/vozes_5.jpg 400w\" sizes=\"(max-width: 327px) 100vw, 327px\" \/>Caderno de Exerc\u00edcios de gentileza<\/strong><\/p>\n<p><strong><em>Emmanuel Jaffelin<\/em><\/strong><\/p>\n<p>Neste volume o autor Emmanuel Jaffelin ir\u00e1 nos guiar por uma s\u00e9rie de exerc\u00edcios que podem ser aplicados no cotidiano, nos mostrando que \u00e9 atrav\u00e9s das suas atitudes di\u00e1rias que se cultiva h\u00e1bitos gentis.<\/p>\n<p>Emmanuel passa, em um primeiro momento, pela hist\u00f3ria da palavra \u2018gentil\u2019, sua origem e significado em diferentes l\u00ednguas e como a palavra se transformou no decorrer dos s\u00e9culos.<\/p>\n<p>Posteriormente, o autor demonstra como aplicar a gentileza em momentos comuns do dia a dia, isso sempre introduzindo contos e testes ao leitor, inclusive, apresentando solu\u00e7\u00f5es as quest\u00f5es levantadas.<\/p>\n<p>Por fim, fala sobre a gentileza no ambiente de trabalho mostrando a diferen\u00e7a entre praticar a gentileza com seus familiares e com pessoas n\u00e3o t\u00e3o pr\u00f3ximas. Mostra tamb\u00e9m que ser gentil em um ambiente corporativo pode ser uma quest\u00e3o para algumas pessoas.<\/p>\n<p>O autor finaliza pontuando pequenos gestos que podem fazer a diferen\u00e7a na vida em sociedade, trazendo mais afeto e compaix\u00e3o para o dia a dia de cada um.<\/p>\n<p><strong><em>\u00a0<\/em><\/strong><strong><em>Emmanuel Jaffelin<\/em><\/strong><strong><em> \u00e9 associado de filosofia e ex-diplomata. Leciona na Escola Lakanal em Sceaux e realiza regularmente confer\u00eancias e oficinas dedicadas ao tema da bondade.<\/em><\/strong><\/p>\n<p><strong>PRE\u00c7O: R$ 16,70 &#8211; <\/strong><strong>N\u00ba DE P\u00c1GINAS: 64<\/strong><\/p>\n<hr \/>\n<p><strong><img loading=\"lazy\" class=\"alignleft size-medium wp-image-228364\" src=\"https:\/\/franciscanos.org.br\/noticias\/wp-content\/uploads\/2020\/09\/vozes_4-327x450.jpg\" alt=\"\" width=\"327\" height=\"450\" srcset=\"https:\/\/franciscanos.org.br\/noticias\/wp-content\/uploads\/2020\/09\/vozes_4-327x450.jpg 327w, https:\/\/franciscanos.org.br\/noticias\/wp-content\/uploads\/2020\/09\/vozes_4-150x206.jpg 150w, https:\/\/franciscanos.org.br\/noticias\/wp-content\/uploads\/2020\/09\/vozes_4.jpg 400w\" sizes=\"(max-width: 327px) 100vw, 327px\" \/>Caderno de Exerc\u00edcios para se libertar de seus medos<\/strong><\/p>\n<p><strong><em>Andr\u00e9 Charbonnier <\/em><\/strong><\/p>\n<p>Neste Caderno, entenderemos como o medo aparece de diferentes formas e como reagimos a ele. Seja quando ele se pronuncia em forma de palavras, na atitude do pr\u00f3ximo ou at\u00e9 mesmo de um animal. Tamb\u00e9m explicar\u00e1 como podemos combater esses medos, que em muitos momentos s\u00e3o autossabotagem e nos trazem limita\u00e7\u00f5es.<\/p>\n<p>Como identificar seus medos \u00e9 algo importante e necess\u00e1rio em um processo de cura e autoaprendizado. No decorrer do caderno o autor fornecer\u00e1 exerc\u00edcios permitindo que o leitor explore, de uma maneira mais clara, situa\u00e7\u00f5es que lhe causem desconforto.<\/p>\n<p>Andr\u00e9 Charbonnier ir\u00e1 ainda ressignificar dilemas, e explicar como o medo aparece muitas vezes de forma inconsciente usando como exemplo os sinais que seu corpo apresenta, emocional e fisicamente.<\/p>\n<p>O autor traz algumas dicas para lidar com quest\u00f5es \u00edntimas, ajudando a atravessar seus medos com m\u00e9todos simples e facilmente aplic\u00e1veis, enfrentando de frente aquilo que o atormenta.<\/p>\n<hr \/>\n<p><strong><em>Andre\u00e9 Charbonnier <\/em><\/strong><strong><em>Educador especializado, diretor de um centro de forma\u00e7\u00e3o, coach de diretores de empresas, Andr\u00e9 Charbonnier lidou por muito tempo com o medo, confrontado pessoalmente com ansiedade cr\u00f4nica. Baseado em seu caminho pessoal, ele criou o m\u00e9todo de libera\u00e7\u00e3o dos medos (chamado Festen). Atualmente se dedica a escrever e formar seguidores de seu m\u00e9todo.<\/em><\/strong><\/p>\n<p><strong>PRE\u00c7O: R$ 16,70 &#8211; <\/strong><strong>N\u00ba DE P\u00c1GINAS: 64 <\/strong><\/p>\n<p><strong><em>\u00a0<\/em><\/strong><\/p>\n","protected":false},"excerpt":{"rendered":"<p>Editora Vozes<\/p>\n","protected":false},"author":7,"featured_media":228361,"comment_status":"open","ping_status":"open","sticky":false,"template":"","format":"standard","meta":[],"categories":[1],"tags":[238],"acf":[],"yoast_head":"<!-- This site is optimized with the Yoast SEO plugin v19.2 - https:\/\/yoast.com\/wordpress\/plugins\/seo\/ -->\n<title>Agenda do Sagrado Cora\u00e7\u00e3o entre os lan\u00e7amentos da Vozes - Not\u00edcias - Franciscanos<\/title>\n<meta name=\"robots\" content=\"index, follow, max-snippet:-1, max-image-preview:large, max-video-preview:-1\" \/>\n<link rel=\"canonical\" href=\"https:\/\/franciscanos.org.br\/noticias\/agenda-do-sagrado-coracao-entre-os-lancamentos.html\" \/>\n<meta property=\"og:locale\" content=\"pt_BR\" \/>\n<meta property=\"og:type\" content=\"article\" \/>\n<meta property=\"og:title\" content=\"Agenda do Sagrado Cora\u00e7\u00e3o entre os lan\u00e7amentos da Vozes - Not\u00edcias - Franciscanos\" \/>\n<meta property=\"og:description\" content=\"Editora Vozes\" \/>\n<meta property=\"og:url\" content=\"https:\/\/franciscanos.org.br\/noticias\/agenda-do-sagrado-coracao-entre-os-lancamentos.html\" \/>\n<meta property=\"og:site_name\" content=\"Not\u00edcias - Franciscanos\" \/>\n<meta property=\"article:published_time\" content=\"2020-09-15T19:01:16+00:00\" \/>\n<meta property=\"article:modified_time\" content=\"2020-09-15T19:03:12+00:00\" \/>\n<meta property=\"og:image\" content=\"https:\/\/franciscanos.org.br\/noticias\/wp-content\/uploads\/2020\/09\/agenda_1509.jpg\" \/>\n\t<meta property=\"og:image:width\" content=\"800\" \/>\n\t<meta property=\"og:image:height\" content=\"600\" \/>\n\t<meta property=\"og:image:type\" content=\"image\/jpeg\" \/>\n<meta name=\"author\" content=\"jovenal\" \/>\n<meta name=\"twitter:card\" content=\"summary_large_image\" \/>\n<meta name=\"twitter:label1\" content=\"Escrito por\" \/>\n\t<meta name=\"twitter:data1\" content=\"jovenal\" \/>\n\t<meta name=\"twitter:label2\" content=\"Est. tempo de leitura\" \/>\n\t<meta name=\"twitter:data2\" content=\"11 minutos\" \/>\n<script type=\"application\/ld+json\" class=\"yoast-schema-graph\">{\"@context\":\"https:\/\/schema.org\",\"@graph\":[{\"@type\":\"WebSite\",\"@id\":\"https:\/\/franciscanos.org.br\/noticias\/#website\",\"url\":\"https:\/\/franciscanos.org.br\/noticias\/\",\"name\":\"Not\u00edcias - Franciscanos\",\"description\":\"Prov\u00edncia Franciscana da Imaculada Concei\u00e7\u00e3o do Brasil - Ordem dos Frades Menores - OFM\",\"potentialAction\":[{\"@type\":\"SearchAction\",\"target\":{\"@type\":\"EntryPoint\",\"urlTemplate\":\"https:\/\/franciscanos.org.br\/noticias\/?s={search_term_string}\"},\"query-input\":\"required name=search_term_string\"}],\"inLanguage\":\"pt-BR\"},{\"@type\":\"ImageObject\",\"inLanguage\":\"pt-BR\",\"@id\":\"https:\/\/franciscanos.org.br\/noticias\/agenda-do-sagrado-coracao-entre-os-lancamentos.html#primaryimage\",\"url\":\"https:\/\/franciscanos.org.br\/noticias\/wp-content\/uploads\/2020\/09\/agenda_1509.jpg\",\"contentUrl\":\"https:\/\/franciscanos.org.br\/noticias\/wp-content\/uploads\/2020\/09\/agenda_1509.jpg\",\"width\":800,\"height\":600},{\"@type\":\"WebPage\",\"@id\":\"https:\/\/franciscanos.org.br\/noticias\/agenda-do-sagrado-coracao-entre-os-lancamentos.html#webpage\",\"url\":\"https:\/\/franciscanos.org.br\/noticias\/agenda-do-sagrado-coracao-entre-os-lancamentos.html\",\"name\":\"Agenda do Sagrado Cora\u00e7\u00e3o entre os lan\u00e7amentos da Vozes - Not\u00edcias - Franciscanos\",\"isPartOf\":{\"@id\":\"https:\/\/franciscanos.org.br\/noticias\/#website\"},\"primaryImageOfPage\":{\"@id\":\"https:\/\/franciscanos.org.br\/noticias\/agenda-do-sagrado-coracao-entre-os-lancamentos.html#primaryimage\"},\"datePublished\":\"2020-09-15T19:01:16+00:00\",\"dateModified\":\"2020-09-15T19:03:12+00:00\",\"author\":{\"@id\":\"https:\/\/franciscanos.org.br\/noticias\/#\/schema\/person\/c3a26b08313dd1772495ce300ab257cc\"},\"breadcrumb\":{\"@id\":\"https:\/\/franciscanos.org.br\/noticias\/agenda-do-sagrado-coracao-entre-os-lancamentos.html#breadcrumb\"},\"inLanguage\":\"pt-BR\",\"potentialAction\":[{\"@type\":\"ReadAction\",\"target\":[\"https:\/\/franciscanos.org.br\/noticias\/agenda-do-sagrado-coracao-entre-os-lancamentos.html\"]}]},{\"@type\":\"BreadcrumbList\",\"@id\":\"https:\/\/franciscanos.org.br\/noticias\/agenda-do-sagrado-coracao-entre-os-lancamentos.html#breadcrumb\",\"itemListElement\":[{\"@type\":\"ListItem\",\"position\":1,\"name\":\"Home\",\"item\":\"https:\/\/franciscanos.org.br\/noticias\"},{\"@type\":\"ListItem\",\"position\":2,\"name\":\"Agenda do Sagrado Cora\u00e7\u00e3o entre os lan\u00e7amentos da Vozes\"}]},{\"@type\":\"Person\",\"@id\":\"https:\/\/franciscanos.org.br\/noticias\/#\/schema\/person\/c3a26b08313dd1772495ce300ab257cc\",\"name\":\"jovenal\",\"image\":{\"@type\":\"ImageObject\",\"inLanguage\":\"pt-BR\",\"@id\":\"https:\/\/franciscanos.org.br\/noticias\/#\/schema\/person\/image\/\",\"url\":\"https:\/\/secure.gravatar.com\/avatar\/e94509f531086e2eaf97e72f29ea00f9?s=96&d=mm&r=g\",\"contentUrl\":\"https:\/\/secure.gravatar.com\/avatar\/e94509f531086e2eaf97e72f29ea00f9?s=96&d=mm&r=g\",\"caption\":\"jovenal\"},\"url\":\"https:\/\/franciscanos.org.br\/noticias\/author\/jovenal\"}]}<\/script>\n<!-- \/ Yoast SEO plugin. -->","yoast_head_json":{"title":"Agenda do Sagrado Cora\u00e7\u00e3o entre os lan\u00e7amentos da Vozes - Not\u00edcias - Franciscanos","robots":{"index":"index","follow":"follow","max-snippet":"max-snippet:-1","max-image-preview":"max-image-preview:large","max-video-preview":"max-video-preview:-1"},"canonical":"https:\/\/franciscanos.org.br\/noticias\/agenda-do-sagrado-coracao-entre-os-lancamentos.html","og_locale":"pt_BR","og_type":"article","og_title":"Agenda do Sagrado Cora\u00e7\u00e3o entre os lan\u00e7amentos da Vozes - Not\u00edcias - Franciscanos","og_description":"Editora Vozes","og_url":"https:\/\/franciscanos.org.br\/noticias\/agenda-do-sagrado-coracao-entre-os-lancamentos.html","og_site_name":"Not\u00edcias - Franciscanos","article_published_time":"2020-09-15T19:01:16+00:00","article_modified_time":"2020-09-15T19:03:12+00:00","og_image":[{"width":800,"height":600,"url":"https:\/\/franciscanos.org.br\/noticias\/wp-content\/uploads\/2020\/09\/agenda_1509.jpg","type":"image\/jpeg"}],"author":"jovenal","twitter_card":"summary_large_image","twitter_misc":{"Escrito por":"jovenal","Est. tempo de leitura":"11 minutos"},"schema":{"@context":"https:\/\/schema.org","@graph":[{"@type":"WebSite","@id":"https:\/\/franciscanos.org.br\/noticias\/#website","url":"https:\/\/franciscanos.org.br\/noticias\/","name":"Not\u00edcias - Franciscanos","description":"Prov\u00edncia Franciscana da Imaculada Concei\u00e7\u00e3o do Brasil - Ordem dos Frades Menores - OFM","potentialAction":[{"@type":"SearchAction","target":{"@type":"EntryPoint","urlTemplate":"https:\/\/franciscanos.org.br\/noticias\/?s={search_term_string}"},"query-input":"required name=search_term_string"}],"inLanguage":"pt-BR"},{"@type":"ImageObject","inLanguage":"pt-BR","@id":"https:\/\/franciscanos.org.br\/noticias\/agenda-do-sagrado-coracao-entre-os-lancamentos.html#primaryimage","url":"https:\/\/franciscanos.org.br\/noticias\/wp-content\/uploads\/2020\/09\/agenda_1509.jpg","contentUrl":"https:\/\/franciscanos.org.br\/noticias\/wp-content\/uploads\/2020\/09\/agenda_1509.jpg","width":800,"height":600},{"@type":"WebPage","@id":"https:\/\/franciscanos.org.br\/noticias\/agenda-do-sagrado-coracao-entre-os-lancamentos.html#webpage","url":"https:\/\/franciscanos.org.br\/noticias\/agenda-do-sagrado-coracao-entre-os-lancamentos.html","name":"Agenda do Sagrado Cora\u00e7\u00e3o entre os lan\u00e7amentos da Vozes - Not\u00edcias - Franciscanos","isPartOf":{"@id":"https:\/\/franciscanos.org.br\/noticias\/#website"},"primaryImageOfPage":{"@id":"https:\/\/franciscanos.org.br\/noticias\/agenda-do-sagrado-coracao-entre-os-lancamentos.html#primaryimage"},"datePublished":"2020-09-15T19:01:16+00:00","dateModified":"2020-09-15T19:03:12+00:00","author":{"@id":"https:\/\/franciscanos.org.br\/noticias\/#\/schema\/person\/c3a26b08313dd1772495ce300ab257cc"},"breadcrumb":{"@id":"https:\/\/franciscanos.org.br\/noticias\/agenda-do-sagrado-coracao-entre-os-lancamentos.html#breadcrumb"},"inLanguage":"pt-BR","potentialAction":[{"@type":"ReadAction","target":["https:\/\/franciscanos.org.br\/noticias\/agenda-do-sagrado-coracao-entre-os-lancamentos.html"]}]},{"@type":"BreadcrumbList","@id":"https:\/\/franciscanos.org.br\/noticias\/agenda-do-sagrado-coracao-entre-os-lancamentos.html#breadcrumb","itemListElement":[{"@type":"ListItem","position":1,"name":"Home","item":"https:\/\/franciscanos.org.br\/noticias"},{"@type":"ListItem","position":2,"name":"Agenda do Sagrado Cora\u00e7\u00e3o entre os lan\u00e7amentos da Vozes"}]},{"@type":"Person","@id":"https:\/\/franciscanos.org.br\/noticias\/#\/schema\/person\/c3a26b08313dd1772495ce300ab257cc","name":"jovenal","image":{"@type":"ImageObject","inLanguage":"pt-BR","@id":"https:\/\/franciscanos.org.br\/noticias\/#\/schema\/person\/image\/","url":"https:\/\/secure.gravatar.com\/avatar\/e94509f531086e2eaf97e72f29ea00f9?s=96&d=mm&r=g","contentUrl":"https:\/\/secure.gravatar.com\/avatar\/e94509f531086e2eaf97e72f29ea00f9?s=96&d=mm&r=g","caption":"jovenal"},"url":"https:\/\/franciscanos.org.br\/noticias\/author\/jovenal"}]}},"_links":{"self":[{"href":"https:\/\/franciscanos.org.br\/noticias\/wp-json\/wp\/v2\/posts\/228346"}],"collection":[{"href":"https:\/\/franciscanos.org.br\/noticias\/wp-json\/wp\/v2\/posts"}],"about":[{"href":"https:\/\/franciscanos.org.br\/noticias\/wp-json\/wp\/v2\/types\/post"}],"author":[{"embeddable":true,"href":"https:\/\/franciscanos.org.br\/noticias\/wp-json\/wp\/v2\/users\/7"}],"replies":[{"embeddable":true,"href":"https:\/\/franciscanos.org.br\/noticias\/wp-json\/wp\/v2\/comments?post=228346"}],"version-history":[{"count":7,"href":"https:\/\/franciscanos.org.br\/noticias\/wp-json\/wp\/v2\/posts\/228346\/revisions"}],"predecessor-version":[{"id":228366,"href":"https:\/\/franciscanos.org.br\/noticias\/wp-json\/wp\/v2\/posts\/228346\/revisions\/228366"}],"wp:featuredmedia":[{"embeddable":true,"href":"https:\/\/franciscanos.org.br\/noticias\/wp-json\/wp\/v2\/media\/228361"}],"wp:attachment":[{"href":"https:\/\/franciscanos.org.br\/noticias\/wp-json\/wp\/v2\/media?parent=228346"}],"wp:term":[{"taxonomy":"category","embeddable":true,"href":"https:\/\/franciscanos.org.br\/noticias\/wp-json\/wp\/v2\/categories?post=228346"},{"taxonomy":"post_tag","embeddable":true,"href":"https:\/\/franciscanos.org.br\/noticias\/wp-json\/wp\/v2\/tags?post=228346"}],"curies":[{"name":"wp","href":"https:\/\/api.w.org\/{rel}","templated":true}]}}