{"id":228342,"date":"2020-09-14T09:20:14","date_gmt":"2020-09-14T12:20:14","guid":{"rendered":"https:\/\/franciscanos.org.br\/noticias\/?p=228342"},"modified":"2020-09-14T09:20:14","modified_gmt":"2020-09-14T12:20:14","slug":"live-inicia-comemoracoes-do-centenario-de-dom-paulo-evaristo-arns","status":"publish","type":"post","link":"https:\/\/franciscanos.org.br\/noticias\/live-inicia-comemoracoes-do-centenario-de-dom-paulo-evaristo-arns.html","title":{"rendered":"Live inicia comemora\u00e7\u00f5es do centen\u00e1rio de Dom Paulo Evaristo Arns"},"content":{"rendered":"<p><img loading=\"lazy\" class=\"alignnone size-full wp-image-228343\" src=\"https:\/\/franciscanos.org.br\/noticias\/wp-content\/uploads\/2020\/09\/arns_1409.jpg\" alt=\"\" width=\"890\" height=\"571\" srcset=\"https:\/\/franciscanos.org.br\/noticias\/wp-content\/uploads\/2020\/09\/arns_1409.jpg 890w, https:\/\/franciscanos.org.br\/noticias\/wp-content\/uploads\/2020\/09\/arns_1409-450x289.jpg 450w, https:\/\/franciscanos.org.br\/noticias\/wp-content\/uploads\/2020\/09\/arns_1409-768x493.jpg 768w, https:\/\/franciscanos.org.br\/noticias\/wp-content\/uploads\/2020\/09\/arns_1409-150x96.jpg 150w\" sizes=\"(max-width: 890px) 100vw, 890px\" \/><\/p>\n<p style=\"font-weight: 400;\"><em>Neste dia 14 de setembro, segunda-feira, dia de anivers\u00e1rio de Dom Paulo Evaristo Arns, uma live iniciar\u00e1 as comemora\u00e7\u00f5es do centen\u00e1rio do cardeal, que completaria cem anos em 2021. Repleta de ilustres participantes que conviveram com dom Paulo, a live acontecer\u00e1 \u00e0s 20h, pelo Facebook do Juca Kfouri, em @BlogdoJucaKfouri<\/em><\/p>\n<p style=\"font-weight: 400;\">O cardeal dom Paulo Evaristo Arns, um dos mais importantes humanistas brasileiros do s\u00e9culo XX, ser\u00e1 homenageado em uma live dedicada a debater o seu legado e a atualidade de suas reflex\u00f5es. O encontro virtual, que comemora o anivers\u00e1rio de seu nascimento, dia 14 de setembro, ser\u00e1 transmitido pelo Facebook, \u00e0s 20h, abrindo o calend\u00e1rio festivo do centen\u00e1rio do cardeal, celebrado em 2021. A ocasi\u00e3o tamb\u00e9m marca o in\u00edcio da divulga\u00e7\u00e3o da grandiosa exposi\u00e7\u00e3o sobre o cardeal que acontecer\u00e1 na Assembleia Legislativa do Estado de S\u00e3o Paulo (Alesp), a partir de mar\u00e7o do pr\u00f3ximo ano.<\/p>\n<p style=\"font-weight: 400;\">A <em>live<\/em> sobre dom Paulo, um dos grandes protagonistas da redemocratiza\u00e7\u00e3o do pa\u00eds, ser\u00e1 transmitida pelo Facebook do jornalista Juca Kfouri (@BlogdoJucaKfouri) e contar\u00e1 com as seguintes participa\u00e7\u00f5es: ex-ministro Jos\u00e9 Gregori; os deputados estaduais Enio Tatto e Carl\u00e3o Pignatari (anfitri\u00f5es da exposi\u00e7\u00e3o na Alesp); a soci\u00f3loga Maria Victoria Benevides; o cardeal-arcebispo de S\u00e3o Paulo, Dom Odilo Scherer; os jornalistas Juca Kfouri e Jan Rocha, e os cientistas pol\u00edticos Anivaldo Padilha e Maria Herm\u00ednia Tavares. O encontro virtual ser\u00e1 mediado pela jornalista, bi\u00f3grafa e curadora da exposi\u00e7\u00e3o que homenageia dom Paulo, Evanize Sydow.<\/p>\n<p style=\"font-weight: 400;\">Cardeal da liberdade e guardi\u00e3o dos direitos humanos, dom Paulo Evaristo Arns foi figura central no processo de redemocratiza\u00e7\u00e3o do pa\u00eds. Sua trajet\u00f3ria foi constantemente marcada pela justi\u00e7a social, defesa dos exclu\u00eddos e dos trabalhadores. Tudo isso o credencia para a alcunha pela qual escolheu ser lembrado, segundo suas pr\u00f3prias palavras, como \u201ccardeal do povo\u201d. Em mar\u00e7o deste ano, foi aberta a Exposi\u00e7\u00e3o Dom Paulo Evaristo Arns, no Centro Cultural da Juventude Ruth Cardoso, interrompida pela pandemia do novo coronav\u00edrus. Mas o t\u00e3o aguardado retorno da s\u00e9rie de exposi\u00e7\u00f5es sobre Dm Paulo, que v\u00eam se realizando desde 2018, vai acontecer em mar\u00e7o do pr\u00f3ximo ano, na Alesp, Assembleia Legislativa do Estado de S\u00e3o Paulo, sob curadoria das bi\u00f3grafas do cardeal e jornalistas Evanize Sydow e Marilda Ferri, em dimens\u00f5es ampliadas e com diversos recursos imersivos e digitais.<\/p>\n<p style=\"font-weight: 400;\"><strong><u>Live Dom Paulo Evaristo Arns \u2013 100 anos<\/u><\/strong><\/p>\n<p style=\"font-weight: 400;\"><strong>Local:<\/strong>\u00a0@BlogdoJucaKfouri no Facebook<\/p>\n<p style=\"font-weight: 400;\"><strong>Dia e hor\u00e1rio:<\/strong>\u00a0Dia 14 de setembro, segunda-feira, \u00e0s 20h<\/p>\n","protected":false},"excerpt":{"rendered":"<p>Live no anivers\u00e1rio de nascimento de Dom Paulo Evaristo Arns<\/p>\n","protected":false},"author":3,"featured_media":228344,"comment_status":"open","ping_status":"open","sticky":false,"template":"","format":"standard","meta":[],"categories":[1],"tags":[693],"acf":[],"yoast_head":"<!-- This site is optimized with the Yoast SEO plugin v19.2 - https:\/\/yoast.com\/wordpress\/plugins\/seo\/ -->\n<title>Live inicia comemora\u00e7\u00f5es do centen\u00e1rio de Dom Paulo Evaristo Arns - Not\u00edcias - Franciscanos<\/title>\n<meta name=\"robots\" content=\"index, follow, max-snippet:-1, max-image-preview:large, max-video-preview:-1\" \/>\n<link rel=\"canonical\" href=\"https:\/\/franciscanos.org.br\/noticias\/live-inicia-comemoracoes-do-centenario-de-dom-paulo-evaristo-arns.html\" \/>\n<meta property=\"og:locale\" content=\"pt_BR\" \/>\n<meta property=\"og:type\" content=\"article\" \/>\n<meta property=\"og:title\" content=\"Live inicia comemora\u00e7\u00f5es do centen\u00e1rio de Dom Paulo Evaristo Arns - Not\u00edcias - Franciscanos\" \/>\n<meta property=\"og:description\" content=\"Live no anivers\u00e1rio de nascimento de Dom Paulo Evaristo Arns\" \/>\n<meta property=\"og:url\" content=\"https:\/\/franciscanos.org.br\/noticias\/live-inicia-comemoracoes-do-centenario-de-dom-paulo-evaristo-arns.html\" \/>\n<meta property=\"og:site_name\" content=\"Not\u00edcias - Franciscanos\" \/>\n<meta property=\"article:published_time\" content=\"2020-09-14T12:20:14+00:00\" \/>\n<meta property=\"og:image\" content=\"https:\/\/franciscanos.org.br\/noticias\/wp-content\/uploads\/2020\/09\/arns_1409d.jpg\" \/>\n\t<meta property=\"og:image:width\" content=\"800\" \/>\n\t<meta property=\"og:image:height\" content=\"599\" \/>\n\t<meta property=\"og:image:type\" content=\"image\/jpeg\" \/>\n<meta name=\"author\" content=\"moacir\" \/>\n<meta name=\"twitter:card\" content=\"summary_large_image\" \/>\n<meta name=\"twitter:label1\" content=\"Escrito por\" \/>\n\t<meta name=\"twitter:data1\" content=\"moacir\" \/>\n\t<meta name=\"twitter:label2\" content=\"Est. tempo de leitura\" \/>\n\t<meta name=\"twitter:data2\" content=\"2 minutos\" \/>\n<script type=\"application\/ld+json\" class=\"yoast-schema-graph\">{\"@context\":\"https:\/\/schema.org\",\"@graph\":[{\"@type\":\"WebSite\",\"@id\":\"https:\/\/franciscanos.org.br\/noticias\/#website\",\"url\":\"https:\/\/franciscanos.org.br\/noticias\/\",\"name\":\"Not\u00edcias - Franciscanos\",\"description\":\"Prov\u00edncia Franciscana da Imaculada Concei\u00e7\u00e3o do Brasil - Ordem dos Frades Menores - OFM\",\"potentialAction\":[{\"@type\":\"SearchAction\",\"target\":{\"@type\":\"EntryPoint\",\"urlTemplate\":\"https:\/\/franciscanos.org.br\/noticias\/?s={search_term_string}\"},\"query-input\":\"required name=search_term_string\"}],\"inLanguage\":\"pt-BR\"},{\"@type\":\"ImageObject\",\"inLanguage\":\"pt-BR\",\"@id\":\"https:\/\/franciscanos.org.br\/noticias\/live-inicia-comemoracoes-do-centenario-de-dom-paulo-evaristo-arns.html#primaryimage\",\"url\":\"https:\/\/franciscanos.org.br\/noticias\/wp-content\/uploads\/2020\/09\/arns_1409d.jpg\",\"contentUrl\":\"https:\/\/franciscanos.org.br\/noticias\/wp-content\/uploads\/2020\/09\/arns_1409d.jpg\",\"width\":800,\"height\":599},{\"@type\":\"WebPage\",\"@id\":\"https:\/\/franciscanos.org.br\/noticias\/live-inicia-comemoracoes-do-centenario-de-dom-paulo-evaristo-arns.html#webpage\",\"url\":\"https:\/\/franciscanos.org.br\/noticias\/live-inicia-comemoracoes-do-centenario-de-dom-paulo-evaristo-arns.html\",\"name\":\"Live inicia comemora\u00e7\u00f5es do centen\u00e1rio de Dom Paulo Evaristo Arns - Not\u00edcias - Franciscanos\",\"isPartOf\":{\"@id\":\"https:\/\/franciscanos.org.br\/noticias\/#website\"},\"primaryImageOfPage\":{\"@id\":\"https:\/\/franciscanos.org.br\/noticias\/live-inicia-comemoracoes-do-centenario-de-dom-paulo-evaristo-arns.html#primaryimage\"},\"datePublished\":\"2020-09-14T12:20:14+00:00\",\"dateModified\":\"2020-09-14T12:20:14+00:00\",\"author\":{\"@id\":\"https:\/\/franciscanos.org.br\/noticias\/#\/schema\/person\/b5c8cba458c330ccff548b056e95a5d4\"},\"breadcrumb\":{\"@id\":\"https:\/\/franciscanos.org.br\/noticias\/live-inicia-comemoracoes-do-centenario-de-dom-paulo-evaristo-arns.html#breadcrumb\"},\"inLanguage\":\"pt-BR\",\"potentialAction\":[{\"@type\":\"ReadAction\",\"target\":[\"https:\/\/franciscanos.org.br\/noticias\/live-inicia-comemoracoes-do-centenario-de-dom-paulo-evaristo-arns.html\"]}]},{\"@type\":\"BreadcrumbList\",\"@id\":\"https:\/\/franciscanos.org.br\/noticias\/live-inicia-comemoracoes-do-centenario-de-dom-paulo-evaristo-arns.html#breadcrumb\",\"itemListElement\":[{\"@type\":\"ListItem\",\"position\":1,\"name\":\"Home\",\"item\":\"https:\/\/franciscanos.org.br\/noticias\"},{\"@type\":\"ListItem\",\"position\":2,\"name\":\"Live inicia comemora\u00e7\u00f5es do centen\u00e1rio de Dom Paulo Evaristo Arns\"}]},{\"@type\":\"Person\",\"@id\":\"https:\/\/franciscanos.org.br\/noticias\/#\/schema\/person\/b5c8cba458c330ccff548b056e95a5d4\",\"name\":\"moacir\",\"image\":{\"@type\":\"ImageObject\",\"inLanguage\":\"pt-BR\",\"@id\":\"https:\/\/franciscanos.org.br\/noticias\/#\/schema\/person\/image\/\",\"url\":\"https:\/\/secure.gravatar.com\/avatar\/d08aa2ce4c8dd416d4479aa8536fcf64?s=96&d=mm&r=g\",\"contentUrl\":\"https:\/\/secure.gravatar.com\/avatar\/d08aa2ce4c8dd416d4479aa8536fcf64?s=96&d=mm&r=g\",\"caption\":\"moacir\"},\"url\":\"https:\/\/franciscanos.org.br\/noticias\/author\/moacir\"}]}<\/script>\n<!-- \/ Yoast SEO plugin. -->","yoast_head_json":{"title":"Live inicia comemora\u00e7\u00f5es do centen\u00e1rio de Dom Paulo Evaristo Arns - Not\u00edcias - Franciscanos","robots":{"index":"index","follow":"follow","max-snippet":"max-snippet:-1","max-image-preview":"max-image-preview:large","max-video-preview":"max-video-preview:-1"},"canonical":"https:\/\/franciscanos.org.br\/noticias\/live-inicia-comemoracoes-do-centenario-de-dom-paulo-evaristo-arns.html","og_locale":"pt_BR","og_type":"article","og_title":"Live inicia comemora\u00e7\u00f5es do centen\u00e1rio de Dom Paulo Evaristo Arns - Not\u00edcias - Franciscanos","og_description":"Live no anivers\u00e1rio de nascimento de Dom Paulo Evaristo Arns","og_url":"https:\/\/franciscanos.org.br\/noticias\/live-inicia-comemoracoes-do-centenario-de-dom-paulo-evaristo-arns.html","og_site_name":"Not\u00edcias - Franciscanos","article_published_time":"2020-09-14T12:20:14+00:00","og_image":[{"width":800,"height":599,"url":"https:\/\/franciscanos.org.br\/noticias\/wp-content\/uploads\/2020\/09\/arns_1409d.jpg","type":"image\/jpeg"}],"author":"moacir","twitter_card":"summary_large_image","twitter_misc":{"Escrito por":"moacir","Est. tempo de leitura":"2 minutos"},"schema":{"@context":"https:\/\/schema.org","@graph":[{"@type":"WebSite","@id":"https:\/\/franciscanos.org.br\/noticias\/#website","url":"https:\/\/franciscanos.org.br\/noticias\/","name":"Not\u00edcias - Franciscanos","description":"Prov\u00edncia Franciscana da Imaculada Concei\u00e7\u00e3o do Brasil - Ordem dos Frades Menores - OFM","potentialAction":[{"@type":"SearchAction","target":{"@type":"EntryPoint","urlTemplate":"https:\/\/franciscanos.org.br\/noticias\/?s={search_term_string}"},"query-input":"required name=search_term_string"}],"inLanguage":"pt-BR"},{"@type":"ImageObject","inLanguage":"pt-BR","@id":"https:\/\/franciscanos.org.br\/noticias\/live-inicia-comemoracoes-do-centenario-de-dom-paulo-evaristo-arns.html#primaryimage","url":"https:\/\/franciscanos.org.br\/noticias\/wp-content\/uploads\/2020\/09\/arns_1409d.jpg","contentUrl":"https:\/\/franciscanos.org.br\/noticias\/wp-content\/uploads\/2020\/09\/arns_1409d.jpg","width":800,"height":599},{"@type":"WebPage","@id":"https:\/\/franciscanos.org.br\/noticias\/live-inicia-comemoracoes-do-centenario-de-dom-paulo-evaristo-arns.html#webpage","url":"https:\/\/franciscanos.org.br\/noticias\/live-inicia-comemoracoes-do-centenario-de-dom-paulo-evaristo-arns.html","name":"Live inicia comemora\u00e7\u00f5es do centen\u00e1rio de Dom Paulo Evaristo Arns - Not\u00edcias - Franciscanos","isPartOf":{"@id":"https:\/\/franciscanos.org.br\/noticias\/#website"},"primaryImageOfPage":{"@id":"https:\/\/franciscanos.org.br\/noticias\/live-inicia-comemoracoes-do-centenario-de-dom-paulo-evaristo-arns.html#primaryimage"},"datePublished":"2020-09-14T12:20:14+00:00","dateModified":"2020-09-14T12:20:14+00:00","author":{"@id":"https:\/\/franciscanos.org.br\/noticias\/#\/schema\/person\/b5c8cba458c330ccff548b056e95a5d4"},"breadcrumb":{"@id":"https:\/\/franciscanos.org.br\/noticias\/live-inicia-comemoracoes-do-centenario-de-dom-paulo-evaristo-arns.html#breadcrumb"},"inLanguage":"pt-BR","potentialAction":[{"@type":"ReadAction","target":["https:\/\/franciscanos.org.br\/noticias\/live-inicia-comemoracoes-do-centenario-de-dom-paulo-evaristo-arns.html"]}]},{"@type":"BreadcrumbList","@id":"https:\/\/franciscanos.org.br\/noticias\/live-inicia-comemoracoes-do-centenario-de-dom-paulo-evaristo-arns.html#breadcrumb","itemListElement":[{"@type":"ListItem","position":1,"name":"Home","item":"https:\/\/franciscanos.org.br\/noticias"},{"@type":"ListItem","position":2,"name":"Live inicia comemora\u00e7\u00f5es do centen\u00e1rio de Dom Paulo Evaristo Arns"}]},{"@type":"Person","@id":"https:\/\/franciscanos.org.br\/noticias\/#\/schema\/person\/b5c8cba458c330ccff548b056e95a5d4","name":"moacir","image":{"@type":"ImageObject","inLanguage":"pt-BR","@id":"https:\/\/franciscanos.org.br\/noticias\/#\/schema\/person\/image\/","url":"https:\/\/secure.gravatar.com\/avatar\/d08aa2ce4c8dd416d4479aa8536fcf64?s=96&d=mm&r=g","contentUrl":"https:\/\/secure.gravatar.com\/avatar\/d08aa2ce4c8dd416d4479aa8536fcf64?s=96&d=mm&r=g","caption":"moacir"},"url":"https:\/\/franciscanos.org.br\/noticias\/author\/moacir"}]}},"_links":{"self":[{"href":"https:\/\/franciscanos.org.br\/noticias\/wp-json\/wp\/v2\/posts\/228342"}],"collection":[{"href":"https:\/\/franciscanos.org.br\/noticias\/wp-json\/wp\/v2\/posts"}],"about":[{"href":"https:\/\/franciscanos.org.br\/noticias\/wp-json\/wp\/v2\/types\/post"}],"author":[{"embeddable":true,"href":"https:\/\/franciscanos.org.br\/noticias\/wp-json\/wp\/v2\/users\/3"}],"replies":[{"embeddable":true,"href":"https:\/\/franciscanos.org.br\/noticias\/wp-json\/wp\/v2\/comments?post=228342"}],"version-history":[{"count":1,"href":"https:\/\/franciscanos.org.br\/noticias\/wp-json\/wp\/v2\/posts\/228342\/revisions"}],"predecessor-version":[{"id":228345,"href":"https:\/\/franciscanos.org.br\/noticias\/wp-json\/wp\/v2\/posts\/228342\/revisions\/228345"}],"wp:featuredmedia":[{"embeddable":true,"href":"https:\/\/franciscanos.org.br\/noticias\/wp-json\/wp\/v2\/media\/228344"}],"wp:attachment":[{"href":"https:\/\/franciscanos.org.br\/noticias\/wp-json\/wp\/v2\/media?parent=228342"}],"wp:term":[{"taxonomy":"category","embeddable":true,"href":"https:\/\/franciscanos.org.br\/noticias\/wp-json\/wp\/v2\/categories?post=228342"},{"taxonomy":"post_tag","embeddable":true,"href":"https:\/\/franciscanos.org.br\/noticias\/wp-json\/wp\/v2\/tags?post=228342"}],"curies":[{"name":"wp","href":"https:\/\/api.w.org\/{rel}","templated":true}]}}