{"id":228328,"date":"2020-09-13T07:47:13","date_gmt":"2020-09-13T10:47:13","guid":{"rendered":"https:\/\/franciscanos.org.br\/noticias\/?p=228328"},"modified":"2020-09-13T07:55:04","modified_gmt":"2020-09-13T10:55:04","slug":"papa-nossa-compaixao-e-a-melhor-vacina-contra-a-epidemia-da-indiferenca","status":"publish","type":"post","link":"https:\/\/franciscanos.org.br\/noticias\/papa-nossa-compaixao-e-a-melhor-vacina-contra-a-epidemia-da-indiferenca.html","title":{"rendered":"Papa: \u201cHoje, a natureza que nos circunda n\u00e3o \u00e9 mais admirada, contemplada, mas devorada\u201d"},"content":{"rendered":"<div id=\"attachment_228329\" style=\"width: 1290px\" class=\"wp-caption alignnone\"><img aria-describedby=\"caption-attachment-228329\" loading=\"lazy\" class=\"wp-image-228329 size-full\" src=\"https:\/\/franciscanos.org.br\/noticias\/wp-content\/uploads\/2020\/09\/laudato_01.jpg\" alt=\"\" width=\"1280\" height=\"720\" srcset=\"https:\/\/franciscanos.org.br\/noticias\/wp-content\/uploads\/2020\/09\/laudato_01.jpg 1280w, https:\/\/franciscanos.org.br\/noticias\/wp-content\/uploads\/2020\/09\/laudato_01-450x253.jpg 450w, https:\/\/franciscanos.org.br\/noticias\/wp-content\/uploads\/2020\/09\/laudato_01-1024x576.jpg 1024w, https:\/\/franciscanos.org.br\/noticias\/wp-content\/uploads\/2020\/09\/laudato_01-768x432.jpg 768w, https:\/\/franciscanos.org.br\/noticias\/wp-content\/uploads\/2020\/09\/laudato_01-150x84.jpg 150w\" sizes=\"(max-width: 1280px) 100vw, 1280px\" \/><p id=\"caption-attachment-228329\" class=\"wp-caption-text\"><em>\u00a0 \u00a0 \u00a0 \u00a0 \u00a0 \u00a0 \u00a0 \u00a0 \u00a0 \u00a0 \u00a0 \u00a0 \u00a0 \u00a0 \u00a0 \u00a0 \u00a0 \u00a0 \u00a0 \u00a0 \u00a0 \u00a0 \u00a0 \u00a0 \u00a0 \u00a0 \u00a0 \u00a0 \u00a0 \u00a0 \u00a0 \u00a0 \u00a0 \u00a0 \u00a0 \u00a0 \u00a0 \u00a0 \u00a0 \u00a0 \u00a0 \u00a0 \u00a0 \u00a0 \u00a0 \u00a0 \u00a0 \u00a0 \u00a0 \u00a0 \u00a0 \u00a0 \u00a0 \u00a0 \u00a0 \u00a0 \u00a0 \u00a0 Imagem Vatican News (captura de tela)<\/em><\/p><\/div>\n<p><strong>Cidade do Vaticano<\/strong> &#8211; No final da manh\u00e3 deste s\u00e1bado (12\/09), o Papa Francisco recebeu na Sala Paulo VI, no Vaticano, cerca de 250 participantes das Comunidades <em>Laudato Si\u2019<\/em> que difundem, na It\u00e1lia e no mundo, os temas da ecologia integral atrav\u00e9s de atividades concretas, confer\u00eancias e publica\u00e7\u00f5es.<\/p>\n<p>Voc\u00eas colocaram a ecologia integral proposta pela Enc\u00edclica <em>Laudato Si\u2019<\/em> como a for\u00e7a propulsora de todas as suas iniciativas. Integral, porque somos todos criaturas e tudo na cria\u00e7\u00e3o est\u00e1 em rela\u00e7\u00e3o, tudo est\u00e1 relacionado. Na verdade, ouso dizer: tudo \u00e9 harm\u00f4nico. At\u00e9 mesmo a pandemia demonstrou isso: a sa\u00fade do ser humano n\u00e3o pode ser separada da sa\u00fade do ambiente em que ele vive. Tamb\u00e9m \u00e9 evidente que as mudan\u00e7as clim\u00e1ticas n\u00e3o s\u00f3 perturbam o equil\u00edbrio da natureza, mas tamb\u00e9m causam pobreza e fome, afetam os mais vulner\u00e1veis e \u00e0s vezes os obriga a deixar suas terras. A falta de cuidado com a cria\u00e7\u00e3o e as injusti\u00e7as sociais se influenciam reciprocamente: pode-se dizer que n\u00e3o h\u00e1 ecologia sem equidade e que n\u00e3o h\u00e1 equidade sem ecologia.<\/p>\n<p>Seguindo o exemplo de S\u00e3o Francisco de Assis, as Comunidades <em>Laudato Si\u2019<\/em> s\u00e3o motivadas \u201ca cuidar dos \u00faltimos e da cria\u00e7\u00e3o\u201d e se comprometem \u201ca salvaguardar a nossa Casa comum\u201d, disse o Papa, acrescentando:<\/p>\n<p>Esta \u00e9 uma tarefa que diz respeito a todos, especialmente aos respons\u00e1veis pelas na\u00e7\u00f5es e atividades produtivas. \u00c9 necess\u00e1ria uma vontade real para enfrentar na raiz as causas das atuais mudan\u00e7as clim\u00e1ticas. N\u00e3o s\u00e3o suficientes compromissos gen\u00e9ricos, palavras e palavras, e n\u00e3o se pode olhar apenas para o consentimento imediato dos pr\u00f3prios eleitores ou financiadores. \u00c9 preciso olhar distante, caso contr\u00e1rio, a hist\u00f3ria n\u00e3o perdoar\u00e1. \u00c9 preciso trabalhar hoje para o amanh\u00e3 de todos. Os jovens e os pobres v\u00e3o nos pedir conta.<\/p>\n<p>A seguir, o Papa citou duas palavras-chave da ecologia integral: contempla\u00e7\u00e3o e compaix\u00e3o.<\/p>\n<p><strong>Contempla\u00e7\u00e3o<\/strong><br \/>\n\u201cHoje, a natureza que nos circunda n\u00e3o \u00e9 mais admirada, contemplada, mas \u201cdevorada\u201d. Tornamo-nos vorazes, dependentes do lucro e dos resultados imediatos a qualquer custo. O olhar sobre a realidade \u00e9 cada vez mais r\u00e1pido, distra\u00eddo, superficial, enquanto em pouco tempo as not\u00edcias e as florestas se queimam\u201d, disse ainda o Papa.<\/p>\n<p>Doentes de consumo, esta \u00e9 a nossa doen\u00e7a, doentes de consumo, nos preocupamos em ter o \u00faltimo \u201caplicativo\u201d, mas n\u00e3o sabemos mais os nomes de nossos vizinhos, muito menos sabemos distinguir uma \u00e1rvore da outra. E o que \u00e9 mais grave, com este estilo de vida se perdem as ra\u00edzes, se perde a gratid\u00e3o por aquilo que se tem e por quem nos deu.<\/p>\n<p>\u201cPara n\u00e3o esquecer, \u00e9 preciso voltar \u00e0 contempla\u00e7\u00e3o; para n\u00e3o nos distrair com mil coisas in\u00fateis, \u00e9 preciso reencontrar o sil\u00eancio; para que o cora\u00e7\u00e3o n\u00e3o fique doente, \u00e9 preciso parar. N\u00e3o \u00e9 f\u00e1cil. \u00c9 necess\u00e1rio, por exemplo, libertar-se da pris\u00e3o do telefone celular, para olhar nos olhos quem est\u00e1 ao nosso lado e a cria\u00e7\u00e3o que nos foi doada.\u201d<\/p>\n<p>\u201cContemplar \u00e9 dar-se tempo para ficar em sil\u00eancio, para rezar, para que na alma retorne a harmonia, o equil\u00edbrio saud\u00e1vel entre cabe\u00e7a, cora\u00e7\u00e3o e m\u00e3os, entre pensamento, sentimento e a\u00e7\u00e3o. A contempla\u00e7\u00e3o \u00e9 o ant\u00eddoto para as escolhas precipitadas, superficiais e inconclusivas. Quem sabe contemplar n\u00e3o fica com as m\u00e3os paradas, mas faz algo concreto. A contempla\u00e7\u00e3o leva \u00e0 a\u00e7\u00e3o\u201d, sublinhou ainda Francisco.<\/p>\n<p><strong>Compaix\u00e3o<\/strong><br \/>\nSegundo o Papa, a compaix\u00e3o \u201c\u00e9 o fruto da contempla\u00e7\u00e3o. Como se entende que algu\u00e9m \u00e9 contemplativo, que assimilou o olhar de Deus? Se tem compaix\u00e3o pelos outros, se vai al\u00e9m das desculpas e teorias, para ver nos outros irm\u00e3os e irm\u00e3s para amar. Esta \u00e9 a prova, e o mesmo acontece com o olhar de Deus que, apesar de todo o mal que pensamos e fazemos, sempre nos v\u00ea como filhos amados. Ele n\u00e3o v\u00ea indiv\u00edduos, mas filhos, nos v\u00ea irm\u00e3os e irm\u00e3s de uma \u00fanica fam\u00edlia, que mora na mesma casa. Nunca somos estranhos aos seus olhos. A sua compaix\u00e3o \u00e9 o oposto de nossa indiferen\u00e7a. A compaix\u00e3o \u00e9 o contr\u00e1rio da indiferen\u00e7a\u201d.<\/p>\n<p>Vale tamb\u00e9m para n\u00f3s: a nossa compaix\u00e3o \u00e9 a melhor vacina contra a epidemia da indiferen\u00e7a. \u201cN\u00e3o me diz respeito\u201d, \u201cn\u00e3o me importa\u201d, \u201cn\u00e3o me interessa\u201d: estes s\u00e3o os sintomas da indiferen\u00e7a. Quem tem compaix\u00e3o passa do \u201cn\u00e3o me importo com voc\u00ea\u201d ao \u201cvoc\u00ea \u00e9 importante para mim\u201d. A compaix\u00e3o n\u00e3o \u00e9 um sentimento bonito, n\u00e3o \u00e9 pietismo, \u00e9 criar um novo v\u00ednculo com o outro. \u00c9 assumir, como fez o bom Samaritano que, movido pela compaix\u00e3o, cuida daquela v\u00edtima que nem mesmo conhece.<\/p>\n<p>Francisco ressaltou que \u201co mundo precisa dessa caridade criativa e ativa, de pessoas que n\u00e3o est\u00e3o diante de uma tela para comentar, mas que sujam as m\u00e3os para remover a degrada\u00e7\u00e3o e restabelecer a dignidade. Ter compaix\u00e3o \u00e9 uma escolha: \u00e9 escolher n\u00e3o ter nenhum inimigo para ver o meu pr\u00f3ximo em cada um. Isso n\u00e3o significa amolecer e parar de lutar. Pelo contr\u00e1rio, quem tem compaix\u00e3o entra numa dura luta cotidiana contra o descarte e o desperd\u00edcio, o descarte dos outros e o desperd\u00edcio das coisas\u201d.<\/p>\n<p>O Pont\u00edfice disse que d\u00f3i pensar nas pessoas que s\u00e3o descartadas sem compaix\u00e3o: idosos, crian\u00e7as, trabalhadores, pessoas com defici\u00eancia, e que \u201co desperd\u00edcio das coisas \u00e9 escandaloso\u201d.<\/p>\n<p>A FAO documentou que, nos pa\u00edses industrializados, mais de um bilh\u00e3o de toneladas de alimentos comest\u00edveis s\u00e3o jogados fora em um ano! Vamos nos ajudar e lutar juntos contra o descarte e o desperd\u00edcio. Esta \u00e9 a realidade. Vamos exigir escolhas pol\u00edticas que combinem progresso e equidade, desenvolvimento e sustentabilidade para todos, para que ningu\u00e9m seja privado da terra em que vive, do bom ar que respira, da \u00e1gua que tem o direito de beber e do alimento que tem o direito de comer.<\/p>\n<p>Francisco concluiu o seu discurso, convidando a \u201ctrabalhar como irm\u00e3os e construir a fraternidade universal. Este \u00e9 o momento. Este o desafio de hoje\u201d.<\/p>\n<hr \/>\n<p><em>Fonte: Vatican News (texto Mariangela Jaguraba)<\/em><\/p>\n","protected":false},"excerpt":{"rendered":"<p>Revolu\u00e7\u00e3o Laudato Si&#8217;<\/p>\n","protected":false},"author":3,"featured_media":228330,"comment_status":"open","ping_status":"open","sticky":false,"template":"","format":"standard","meta":[],"categories":[1428],"tags":[701],"acf":[],"yoast_head":"<!-- This site is optimized with the Yoast SEO plugin v19.2 - https:\/\/yoast.com\/wordpress\/plugins\/seo\/ -->\n<title>Papa: \u201cHoje, a natureza que nos circunda n\u00e3o \u00e9 mais admirada, contemplada, mas devorada\u201d - Not\u00edcias - Franciscanos<\/title>\n<meta name=\"robots\" content=\"index, follow, max-snippet:-1, max-image-preview:large, max-video-preview:-1\" \/>\n<link rel=\"canonical\" href=\"https:\/\/franciscanos.org.br\/noticias\/papa-nossa-compaixao-e-a-melhor-vacina-contra-a-epidemia-da-indiferenca.html\" \/>\n<meta property=\"og:locale\" content=\"pt_BR\" \/>\n<meta property=\"og:type\" content=\"article\" \/>\n<meta property=\"og:title\" content=\"Papa: \u201cHoje, a natureza que nos circunda n\u00e3o \u00e9 mais admirada, contemplada, mas devorada\u201d - Not\u00edcias - Franciscanos\" \/>\n<meta property=\"og:description\" content=\"Revolu\u00e7\u00e3o Laudato Si&#039;\" \/>\n<meta property=\"og:url\" content=\"https:\/\/franciscanos.org.br\/noticias\/papa-nossa-compaixao-e-a-melhor-vacina-contra-a-epidemia-da-indiferenca.html\" \/>\n<meta property=\"og:site_name\" content=\"Not\u00edcias - Franciscanos\" \/>\n<meta property=\"article:published_time\" content=\"2020-09-13T10:47:13+00:00\" \/>\n<meta property=\"article:modified_time\" content=\"2020-09-13T10:55:04+00:00\" \/>\n<meta property=\"og:image\" content=\"https:\/\/franciscanos.org.br\/noticias\/wp-content\/uploads\/2020\/09\/laudato_01d.jpg\" \/>\n\t<meta property=\"og:image:width\" content=\"800\" \/>\n\t<meta property=\"og:image:height\" content=\"600\" \/>\n\t<meta property=\"og:image:type\" content=\"image\/jpeg\" \/>\n<meta name=\"author\" content=\"moacir\" \/>\n<meta name=\"twitter:card\" content=\"summary_large_image\" \/>\n<meta name=\"twitter:label1\" content=\"Escrito por\" \/>\n\t<meta name=\"twitter:data1\" content=\"moacir\" \/>\n\t<meta name=\"twitter:label2\" content=\"Est. tempo de leitura\" \/>\n\t<meta name=\"twitter:data2\" content=\"5 minutos\" \/>\n<script type=\"application\/ld+json\" class=\"yoast-schema-graph\">{\"@context\":\"https:\/\/schema.org\",\"@graph\":[{\"@type\":\"WebSite\",\"@id\":\"https:\/\/franciscanos.org.br\/noticias\/#website\",\"url\":\"https:\/\/franciscanos.org.br\/noticias\/\",\"name\":\"Not\u00edcias - Franciscanos\",\"description\":\"Prov\u00edncia Franciscana da Imaculada Concei\u00e7\u00e3o do Brasil - Ordem dos Frades Menores - OFM\",\"potentialAction\":[{\"@type\":\"SearchAction\",\"target\":{\"@type\":\"EntryPoint\",\"urlTemplate\":\"https:\/\/franciscanos.org.br\/noticias\/?s={search_term_string}\"},\"query-input\":\"required name=search_term_string\"}],\"inLanguage\":\"pt-BR\"},{\"@type\":\"ImageObject\",\"inLanguage\":\"pt-BR\",\"@id\":\"https:\/\/franciscanos.org.br\/noticias\/papa-nossa-compaixao-e-a-melhor-vacina-contra-a-epidemia-da-indiferenca.html#primaryimage\",\"url\":\"https:\/\/franciscanos.org.br\/noticias\/wp-content\/uploads\/2020\/09\/laudato_01d.jpg\",\"contentUrl\":\"https:\/\/franciscanos.org.br\/noticias\/wp-content\/uploads\/2020\/09\/laudato_01d.jpg\",\"width\":800,\"height\":600},{\"@type\":\"WebPage\",\"@id\":\"https:\/\/franciscanos.org.br\/noticias\/papa-nossa-compaixao-e-a-melhor-vacina-contra-a-epidemia-da-indiferenca.html#webpage\",\"url\":\"https:\/\/franciscanos.org.br\/noticias\/papa-nossa-compaixao-e-a-melhor-vacina-contra-a-epidemia-da-indiferenca.html\",\"name\":\"Papa: \u201cHoje, a natureza que nos circunda n\u00e3o \u00e9 mais admirada, contemplada, mas devorada\u201d - Not\u00edcias - Franciscanos\",\"isPartOf\":{\"@id\":\"https:\/\/franciscanos.org.br\/noticias\/#website\"},\"primaryImageOfPage\":{\"@id\":\"https:\/\/franciscanos.org.br\/noticias\/papa-nossa-compaixao-e-a-melhor-vacina-contra-a-epidemia-da-indiferenca.html#primaryimage\"},\"datePublished\":\"2020-09-13T10:47:13+00:00\",\"dateModified\":\"2020-09-13T10:55:04+00:00\",\"author\":{\"@id\":\"https:\/\/franciscanos.org.br\/noticias\/#\/schema\/person\/b5c8cba458c330ccff548b056e95a5d4\"},\"breadcrumb\":{\"@id\":\"https:\/\/franciscanos.org.br\/noticias\/papa-nossa-compaixao-e-a-melhor-vacina-contra-a-epidemia-da-indiferenca.html#breadcrumb\"},\"inLanguage\":\"pt-BR\",\"potentialAction\":[{\"@type\":\"ReadAction\",\"target\":[\"https:\/\/franciscanos.org.br\/noticias\/papa-nossa-compaixao-e-a-melhor-vacina-contra-a-epidemia-da-indiferenca.html\"]}]},{\"@type\":\"BreadcrumbList\",\"@id\":\"https:\/\/franciscanos.org.br\/noticias\/papa-nossa-compaixao-e-a-melhor-vacina-contra-a-epidemia-da-indiferenca.html#breadcrumb\",\"itemListElement\":[{\"@type\":\"ListItem\",\"position\":1,\"name\":\"Home\",\"item\":\"https:\/\/franciscanos.org.br\/noticias\"},{\"@type\":\"ListItem\",\"position\":2,\"name\":\"Papa: \u201cHoje, a natureza que nos circunda n\u00e3o \u00e9 mais admirada, contemplada, mas devorada\u201d\"}]},{\"@type\":\"Person\",\"@id\":\"https:\/\/franciscanos.org.br\/noticias\/#\/schema\/person\/b5c8cba458c330ccff548b056e95a5d4\",\"name\":\"moacir\",\"image\":{\"@type\":\"ImageObject\",\"inLanguage\":\"pt-BR\",\"@id\":\"https:\/\/franciscanos.org.br\/noticias\/#\/schema\/person\/image\/\",\"url\":\"https:\/\/secure.gravatar.com\/avatar\/d08aa2ce4c8dd416d4479aa8536fcf64?s=96&d=mm&r=g\",\"contentUrl\":\"https:\/\/secure.gravatar.com\/avatar\/d08aa2ce4c8dd416d4479aa8536fcf64?s=96&d=mm&r=g\",\"caption\":\"moacir\"},\"url\":\"https:\/\/franciscanos.org.br\/noticias\/author\/moacir\"}]}<\/script>\n<!-- \/ Yoast SEO plugin. -->","yoast_head_json":{"title":"Papa: \u201cHoje, a natureza que nos circunda n\u00e3o \u00e9 mais admirada, contemplada, mas devorada\u201d - Not\u00edcias - Franciscanos","robots":{"index":"index","follow":"follow","max-snippet":"max-snippet:-1","max-image-preview":"max-image-preview:large","max-video-preview":"max-video-preview:-1"},"canonical":"https:\/\/franciscanos.org.br\/noticias\/papa-nossa-compaixao-e-a-melhor-vacina-contra-a-epidemia-da-indiferenca.html","og_locale":"pt_BR","og_type":"article","og_title":"Papa: \u201cHoje, a natureza que nos circunda n\u00e3o \u00e9 mais admirada, contemplada, mas devorada\u201d - Not\u00edcias - Franciscanos","og_description":"Revolu\u00e7\u00e3o Laudato Si'","og_url":"https:\/\/franciscanos.org.br\/noticias\/papa-nossa-compaixao-e-a-melhor-vacina-contra-a-epidemia-da-indiferenca.html","og_site_name":"Not\u00edcias - Franciscanos","article_published_time":"2020-09-13T10:47:13+00:00","article_modified_time":"2020-09-13T10:55:04+00:00","og_image":[{"width":800,"height":600,"url":"https:\/\/franciscanos.org.br\/noticias\/wp-content\/uploads\/2020\/09\/laudato_01d.jpg","type":"image\/jpeg"}],"author":"moacir","twitter_card":"summary_large_image","twitter_misc":{"Escrito por":"moacir","Est. tempo de leitura":"5 minutos"},"schema":{"@context":"https:\/\/schema.org","@graph":[{"@type":"WebSite","@id":"https:\/\/franciscanos.org.br\/noticias\/#website","url":"https:\/\/franciscanos.org.br\/noticias\/","name":"Not\u00edcias - Franciscanos","description":"Prov\u00edncia Franciscana da Imaculada Concei\u00e7\u00e3o do Brasil - Ordem dos Frades Menores - OFM","potentialAction":[{"@type":"SearchAction","target":{"@type":"EntryPoint","urlTemplate":"https:\/\/franciscanos.org.br\/noticias\/?s={search_term_string}"},"query-input":"required name=search_term_string"}],"inLanguage":"pt-BR"},{"@type":"ImageObject","inLanguage":"pt-BR","@id":"https:\/\/franciscanos.org.br\/noticias\/papa-nossa-compaixao-e-a-melhor-vacina-contra-a-epidemia-da-indiferenca.html#primaryimage","url":"https:\/\/franciscanos.org.br\/noticias\/wp-content\/uploads\/2020\/09\/laudato_01d.jpg","contentUrl":"https:\/\/franciscanos.org.br\/noticias\/wp-content\/uploads\/2020\/09\/laudato_01d.jpg","width":800,"height":600},{"@type":"WebPage","@id":"https:\/\/franciscanos.org.br\/noticias\/papa-nossa-compaixao-e-a-melhor-vacina-contra-a-epidemia-da-indiferenca.html#webpage","url":"https:\/\/franciscanos.org.br\/noticias\/papa-nossa-compaixao-e-a-melhor-vacina-contra-a-epidemia-da-indiferenca.html","name":"Papa: \u201cHoje, a natureza que nos circunda n\u00e3o \u00e9 mais admirada, contemplada, mas devorada\u201d - Not\u00edcias - Franciscanos","isPartOf":{"@id":"https:\/\/franciscanos.org.br\/noticias\/#website"},"primaryImageOfPage":{"@id":"https:\/\/franciscanos.org.br\/noticias\/papa-nossa-compaixao-e-a-melhor-vacina-contra-a-epidemia-da-indiferenca.html#primaryimage"},"datePublished":"2020-09-13T10:47:13+00:00","dateModified":"2020-09-13T10:55:04+00:00","author":{"@id":"https:\/\/franciscanos.org.br\/noticias\/#\/schema\/person\/b5c8cba458c330ccff548b056e95a5d4"},"breadcrumb":{"@id":"https:\/\/franciscanos.org.br\/noticias\/papa-nossa-compaixao-e-a-melhor-vacina-contra-a-epidemia-da-indiferenca.html#breadcrumb"},"inLanguage":"pt-BR","potentialAction":[{"@type":"ReadAction","target":["https:\/\/franciscanos.org.br\/noticias\/papa-nossa-compaixao-e-a-melhor-vacina-contra-a-epidemia-da-indiferenca.html"]}]},{"@type":"BreadcrumbList","@id":"https:\/\/franciscanos.org.br\/noticias\/papa-nossa-compaixao-e-a-melhor-vacina-contra-a-epidemia-da-indiferenca.html#breadcrumb","itemListElement":[{"@type":"ListItem","position":1,"name":"Home","item":"https:\/\/franciscanos.org.br\/noticias"},{"@type":"ListItem","position":2,"name":"Papa: \u201cHoje, a natureza que nos circunda n\u00e3o \u00e9 mais admirada, contemplada, mas devorada\u201d"}]},{"@type":"Person","@id":"https:\/\/franciscanos.org.br\/noticias\/#\/schema\/person\/b5c8cba458c330ccff548b056e95a5d4","name":"moacir","image":{"@type":"ImageObject","inLanguage":"pt-BR","@id":"https:\/\/franciscanos.org.br\/noticias\/#\/schema\/person\/image\/","url":"https:\/\/secure.gravatar.com\/avatar\/d08aa2ce4c8dd416d4479aa8536fcf64?s=96&d=mm&r=g","contentUrl":"https:\/\/secure.gravatar.com\/avatar\/d08aa2ce4c8dd416d4479aa8536fcf64?s=96&d=mm&r=g","caption":"moacir"},"url":"https:\/\/franciscanos.org.br\/noticias\/author\/moacir"}]}},"_links":{"self":[{"href":"https:\/\/franciscanos.org.br\/noticias\/wp-json\/wp\/v2\/posts\/228328"}],"collection":[{"href":"https:\/\/franciscanos.org.br\/noticias\/wp-json\/wp\/v2\/posts"}],"about":[{"href":"https:\/\/franciscanos.org.br\/noticias\/wp-json\/wp\/v2\/types\/post"}],"author":[{"embeddable":true,"href":"https:\/\/franciscanos.org.br\/noticias\/wp-json\/wp\/v2\/users\/3"}],"replies":[{"embeddable":true,"href":"https:\/\/franciscanos.org.br\/noticias\/wp-json\/wp\/v2\/comments?post=228328"}],"version-history":[{"count":4,"href":"https:\/\/franciscanos.org.br\/noticias\/wp-json\/wp\/v2\/posts\/228328\/revisions"}],"predecessor-version":[{"id":228334,"href":"https:\/\/franciscanos.org.br\/noticias\/wp-json\/wp\/v2\/posts\/228328\/revisions\/228334"}],"wp:featuredmedia":[{"embeddable":true,"href":"https:\/\/franciscanos.org.br\/noticias\/wp-json\/wp\/v2\/media\/228330"}],"wp:attachment":[{"href":"https:\/\/franciscanos.org.br\/noticias\/wp-json\/wp\/v2\/media?parent=228328"}],"wp:term":[{"taxonomy":"category","embeddable":true,"href":"https:\/\/franciscanos.org.br\/noticias\/wp-json\/wp\/v2\/categories?post=228328"},{"taxonomy":"post_tag","embeddable":true,"href":"https:\/\/franciscanos.org.br\/noticias\/wp-json\/wp\/v2\/tags?post=228328"}],"curies":[{"name":"wp","href":"https:\/\/api.w.org\/{rel}","templated":true}]}}