{"id":228301,"date":"2020-09-11T11:01:28","date_gmt":"2020-09-11T14:01:28","guid":{"rendered":"https:\/\/franciscanos.org.br\/noticias\/?p=228301"},"modified":"2020-09-12T10:10:44","modified_gmt":"2020-09-12T13:10:44","slug":"frei-gregorio-martins-aos-77-anos","status":"publish","type":"post","link":"https:\/\/franciscanos.org.br\/noticias\/frei-gregorio-martins-aos-77-anos.html","title":{"rendered":"Frei Greg\u00f3rio Martins falece aos 77 anos"},"content":{"rendered":"<p><img loading=\"lazy\" class=\"alignnone wp-image-228302 size-full\" src=\"https:\/\/franciscanos.org.br\/noticias\/wp-content\/uploads\/2020\/09\/gregorio_1109.jpg\" alt=\"\" width=\"1280\" height=\"720\" srcset=\"https:\/\/franciscanos.org.br\/noticias\/wp-content\/uploads\/2020\/09\/gregorio_1109.jpg 1280w, https:\/\/franciscanos.org.br\/noticias\/wp-content\/uploads\/2020\/09\/gregorio_1109-450x253.jpg 450w, https:\/\/franciscanos.org.br\/noticias\/wp-content\/uploads\/2020\/09\/gregorio_1109-1024x576.jpg 1024w, https:\/\/franciscanos.org.br\/noticias\/wp-content\/uploads\/2020\/09\/gregorio_1109-768x432.jpg 768w, https:\/\/franciscanos.org.br\/noticias\/wp-content\/uploads\/2020\/09\/gregorio_1109-150x84.jpg 150w\" sizes=\"(max-width: 1280px) 100vw, 1280px\" \/><\/p>\n<h3>*06\/06\/1943 +11\/09\/2020<\/h3>\n<p>Caros Irm\u00e3os,<\/p>\n<p>Paz e Bem!<br \/>\nFaleceu na madrugada desta sexta-feira, 11 de setembro de 2020, o confrade Frei Greg\u00f3rio Martins, carinhosamente chamado de \u201cFrei Gregorinho\u201d. Nos \u00faltimos meses, Frei Greg\u00f3rio vinha apresentando problemas graves de sa\u00fade. Fazia uso cont\u00ednuo de insulina, tinha osteoporose, fazia acompanhamento cardiol\u00f3gico e tratamento oncol\u00f3gico para pele. Considerando o seu quadro fragilizado, Frei Greg\u00f3rio havia sido transferido, em junho deste ano, para Bragan\u00e7a Paulista, em vista de um melhor tratamento de sa\u00fade e cuidados mais efetivos. Na manh\u00e3 de ontem, Frei Carlos K\u00f6rber comunicou que Frei Greg\u00f3rio havia tido um mal-estar. Durante o almo\u00e7o saiu do refeit\u00f3rio e caiu. Ficou sem respirar por um bom tempo e teve uma parada card\u00edaca. O SAMU veio e conseguiram entub\u00e1-lo mas ficou com arritmia. Na madrugada de hoje, em decorr\u00eancia desse epis\u00f3dio, Frei Greg\u00f3rio veio a falecer.<\/p>\n<div class=\"gs\">\n<div class=\"\">\n<div id=\":qn\" class=\"ii gt\">\n<div id=\":pw\" class=\"a3s aXjCH \">A missa de corpo presente ser\u00e1 amanh\u00e3, dia 12, \u00e0s 7h30, em Bragan\u00e7a Paulista. Depois o corpo seguir\u00e1 para o Semin\u00e1rio Frei Galv\u00e3o, em Guaratinguet\u00e1, onde haver\u00e1 a encomenda\u00e7\u00e3o e enterro, programado para \u00e0s 11 horas.<\/div>\n<\/div>\n<div class=\"hi\"><\/div>\n<\/div>\n<\/div>\n<p><strong>Dados pessoais, forma\u00e7\u00e3o e atividades<\/strong><\/p>\n<p>&#8211; Nascimento: 06.06.1943 (77 anos de idade)<br \/>\n&#8211; Santo Amaro da Imperatriz, SC.<br \/>\n&#8211; Vesti\u00e7\u00e3o na Ordem Terceira: 11.02.1960 (60 anos de Vida Franciscana)<br \/>\n&#8211; Primeira Profiss\u00e3o na Ordem Terceira: 12.02.1961<br \/>\n&#8211; Primeira Profiss\u00e3o na Ordem: 02.05.1965<br \/>\n&#8211; Profiss\u00e3o Solene: 26.05.1968<br \/>\n&#8211; 1965 \u2013 Semin\u00e1rio Santo Ant\u00f4nio\/Agudos-SP \u2013 Servi\u00e7os fraternos<br \/>\n&#8211; 22.02.1973 \u2013 Convento Santo Ant\u00f4nio\/Rio de Janeiro \u2013 Porteiro<br \/>\n&#8211; 09.12.1977 \u2013 Ipanema\/Rio de Janeiro \u2013 administra\u00e7\u00e3o econ\u00f4mica e cont\u00e1bil<br \/>\n&#8211; 14.12.1982 \u2013 Convento Bom Jesus\/Curitiba-PR &#8211; Porteiro<br \/>\n&#8211; 21.01.1986 \u2013 Convento S\u00e3o Francisco\/S\u00e3o Paulo \u2013 Porteiro e contabilidade<br \/>\n&#8211; 21.01.1989 \u2013 Convento Santo Ant\u00f4nio do Pari\/S\u00e3o Paulo \u2013 A servi\u00e7o do comissariado da Terra Santa<br \/>\n&#8211; 14.04.1993 \u2013 Santo Amaro da Imperatriz-SC \u2013 administra\u00e7\u00e3o do Conventinho<br \/>\n&#8211; 27.07.2001 \u2013 Semin\u00e1rio Frei Galv\u00e3o\/Guaratinguet\u00e1-SP \u2013 servi\u00e7os gerais<br \/>\n&#8211; 17.12.2009 \u2013 Convento S\u00e3o Boaventura\/Rondinha-PR \u2013 servi\u00e7os gerais<br \/>\n&#8211; 17.06.2020 \u2013 Bragan\u00e7a Paulista-SP &#8211; tratamento<\/p>\n<p><strong>O frade menor<\/strong><br \/>\nFrei Greg\u00f3rio Martins nasceu e cresceu na cidade de Santo Amaro da Imperatriz-SC. Sua fam\u00edlia trabalhava na lavoura, seus pais eram agricultores. Era o quinto filho de oito irm\u00e3os. Atribu\u00eda a sua voca\u00e7\u00e3o ao exemplo de religiosidade e f\u00e9 convicta dos pais. A presen\u00e7a dos franciscanos e a evangeliza\u00e7\u00e3o realizada na regi\u00e3o de Santo Amaro tamb\u00e9m motivaram o seu ingresso na Ordem Franciscana. Frequentou ainda a chamada \u201cCasa Azul\u201d em Rio Negro-PR, lugar para a forma\u00e7\u00e3o de irm\u00e3os leigos. Na Prov\u00edncia desenvolveu servi\u00e7os fraternos como alfaiate, sacrist\u00e3o, hortel\u00e3o, porteiro. Em muitas ocasi\u00f5es trabalhou na administra\u00e7\u00e3o e contabilidade das fraternidades; servi\u00e7o pelo qual tinha um zelo desmedido e um gosto especial. Colocava, assim, em pr\u00e1tica o curso de t\u00e9cnico cont\u00e1bil que, ainda jovem, havia feito. Em 1977, transferido para a Par\u00f3quia Nossa da Paz, em Ipanema, jocosamente, dizia-se o pr\u00f3prio \u201cgaroto de Ipanema\u201d!<\/p>\n<p>Na sua autobiografia, Frei Gregorinho se descreve como um frade simples e preocupado com a Prov\u00edncia. \u201cN\u00e3o entendo o frade que faz sua vida pr\u00f3pria e n\u00e3o procura participar da vida da Prov\u00edncia. N\u00e3o se deve criticar sem ser respons\u00e1vel pela Prov\u00edncia ou pela comunidade onde mora\u201d, dizia.<\/p>\n<p>Entre seus maiores sonhos, falava sobre o desejo de santifica\u00e7\u00e3o. Embora dissesse ainda n\u00e3o ter conquistado, acreditava que se adquire a santidade atrav\u00e9s da busca di\u00e1ria e renovada. As maiores dificuldades encontradas s\u00e3o aquelas do cotidiano, das quais ningu\u00e9m pode escapar.<\/p>\n<p>Nas suas devo\u00e7\u00f5es particulares rezava pelas almas do purgat\u00f3rio, pelo Sagrado Cora\u00e7\u00e3o de Jesus, Nossa Senhora e S\u00e3o Jos\u00e9. Acreditava firmemente que Deus \u00e9 quem d\u00e1 for\u00e7as e orienta na caminhada. Sobre a vida religiosa e sobre a a\u00e7\u00e3o evangelizadora dizia que o frade menor deve ser simples e humilde. N\u00e3o deve ter pretens\u00f5es para promo\u00e7\u00e3o pessoal. O religioso deve ser menor entre os menores, sem diminuir ningu\u00e9m, valorizando todos da mesma maneira.<\/p>\n<p>Quando se estiver numa situa\u00e7\u00e3o de conflito, por uma transfer\u00eancia, uma dif\u00edcil mudan\u00e7a de trabalho ou mesmo uma dificuldade corriqueira, Frei Greg\u00f3rio tinha como inspira\u00e7\u00e3o os pr\u00f3prios ensinamentos da Palavra de Deus: \u201cSe Deus \u00e9 por n\u00f3s quem ser\u00e1 contra n\u00f3s\u201d e \u201cTudo posso naquele que me conforta\u201d!<\/p>\n<p>Que o Bom Deus acolha na felicidade eterna esse nosso irm\u00e3o!<\/p>\n<p><strong>R.I.P.<\/strong><br \/>\n<em>Frei Je\u00e2 Paulo Andrade<\/em><\/p>\n","protected":false},"excerpt":{"rendered":"<p>Prov\u00edncia de luto<\/p>\n","protected":false},"author":3,"featured_media":228303,"comment_status":"open","ping_status":"open","sticky":false,"template":"","format":"standard","meta":[],"categories":[1],"tags":[1160],"acf":[],"yoast_head":"<!-- This site is optimized with the Yoast SEO plugin v19.2 - https:\/\/yoast.com\/wordpress\/plugins\/seo\/ -->\n<title>Frei Greg\u00f3rio Martins falece aos 77 anos - Not\u00edcias - Franciscanos<\/title>\n<meta name=\"robots\" content=\"index, follow, max-snippet:-1, max-image-preview:large, max-video-preview:-1\" \/>\n<link rel=\"canonical\" href=\"https:\/\/franciscanos.org.br\/noticias\/frei-gregorio-martins-aos-77-anos.html\" \/>\n<meta property=\"og:locale\" content=\"pt_BR\" \/>\n<meta property=\"og:type\" content=\"article\" \/>\n<meta property=\"og:title\" content=\"Frei Greg\u00f3rio Martins falece aos 77 anos - Not\u00edcias - Franciscanos\" \/>\n<meta property=\"og:description\" content=\"Prov\u00edncia de luto\" \/>\n<meta property=\"og:url\" content=\"https:\/\/franciscanos.org.br\/noticias\/frei-gregorio-martins-aos-77-anos.html\" \/>\n<meta property=\"og:site_name\" content=\"Not\u00edcias - Franciscanos\" \/>\n<meta property=\"article:published_time\" content=\"2020-09-11T14:01:28+00:00\" \/>\n<meta property=\"article:modified_time\" content=\"2020-09-12T13:10:44+00:00\" \/>\n<meta property=\"og:image\" content=\"https:\/\/franciscanos.org.br\/noticias\/wp-content\/uploads\/2020\/09\/gregorio_1109d.jpg\" \/>\n\t<meta property=\"og:image:width\" content=\"800\" \/>\n\t<meta property=\"og:image:height\" content=\"600\" \/>\n\t<meta property=\"og:image:type\" content=\"image\/jpeg\" \/>\n<meta name=\"author\" content=\"moacir\" \/>\n<meta name=\"twitter:card\" content=\"summary_large_image\" \/>\n<meta name=\"twitter:label1\" content=\"Escrito por\" \/>\n\t<meta name=\"twitter:data1\" content=\"moacir\" \/>\n\t<meta name=\"twitter:label2\" content=\"Est. tempo de leitura\" \/>\n\t<meta name=\"twitter:data2\" content=\"4 minutos\" \/>\n<script type=\"application\/ld+json\" class=\"yoast-schema-graph\">{\"@context\":\"https:\/\/schema.org\",\"@graph\":[{\"@type\":\"WebSite\",\"@id\":\"https:\/\/franciscanos.org.br\/noticias\/#website\",\"url\":\"https:\/\/franciscanos.org.br\/noticias\/\",\"name\":\"Not\u00edcias - Franciscanos\",\"description\":\"Prov\u00edncia Franciscana da Imaculada Concei\u00e7\u00e3o do Brasil - Ordem dos Frades Menores - OFM\",\"potentialAction\":[{\"@type\":\"SearchAction\",\"target\":{\"@type\":\"EntryPoint\",\"urlTemplate\":\"https:\/\/franciscanos.org.br\/noticias\/?s={search_term_string}\"},\"query-input\":\"required name=search_term_string\"}],\"inLanguage\":\"pt-BR\"},{\"@type\":\"ImageObject\",\"inLanguage\":\"pt-BR\",\"@id\":\"https:\/\/franciscanos.org.br\/noticias\/frei-gregorio-martins-aos-77-anos.html#primaryimage\",\"url\":\"https:\/\/franciscanos.org.br\/noticias\/wp-content\/uploads\/2020\/09\/gregorio_1109d.jpg\",\"contentUrl\":\"https:\/\/franciscanos.org.br\/noticias\/wp-content\/uploads\/2020\/09\/gregorio_1109d.jpg\",\"width\":800,\"height\":600},{\"@type\":\"WebPage\",\"@id\":\"https:\/\/franciscanos.org.br\/noticias\/frei-gregorio-martins-aos-77-anos.html#webpage\",\"url\":\"https:\/\/franciscanos.org.br\/noticias\/frei-gregorio-martins-aos-77-anos.html\",\"name\":\"Frei Greg\u00f3rio Martins falece aos 77 anos - Not\u00edcias - Franciscanos\",\"isPartOf\":{\"@id\":\"https:\/\/franciscanos.org.br\/noticias\/#website\"},\"primaryImageOfPage\":{\"@id\":\"https:\/\/franciscanos.org.br\/noticias\/frei-gregorio-martins-aos-77-anos.html#primaryimage\"},\"datePublished\":\"2020-09-11T14:01:28+00:00\",\"dateModified\":\"2020-09-12T13:10:44+00:00\",\"author\":{\"@id\":\"https:\/\/franciscanos.org.br\/noticias\/#\/schema\/person\/b5c8cba458c330ccff548b056e95a5d4\"},\"breadcrumb\":{\"@id\":\"https:\/\/franciscanos.org.br\/noticias\/frei-gregorio-martins-aos-77-anos.html#breadcrumb\"},\"inLanguage\":\"pt-BR\",\"potentialAction\":[{\"@type\":\"ReadAction\",\"target\":[\"https:\/\/franciscanos.org.br\/noticias\/frei-gregorio-martins-aos-77-anos.html\"]}]},{\"@type\":\"BreadcrumbList\",\"@id\":\"https:\/\/franciscanos.org.br\/noticias\/frei-gregorio-martins-aos-77-anos.html#breadcrumb\",\"itemListElement\":[{\"@type\":\"ListItem\",\"position\":1,\"name\":\"Home\",\"item\":\"https:\/\/franciscanos.org.br\/noticias\"},{\"@type\":\"ListItem\",\"position\":2,\"name\":\"Frei Greg\u00f3rio Martins falece aos 77 anos\"}]},{\"@type\":\"Person\",\"@id\":\"https:\/\/franciscanos.org.br\/noticias\/#\/schema\/person\/b5c8cba458c330ccff548b056e95a5d4\",\"name\":\"moacir\",\"image\":{\"@type\":\"ImageObject\",\"inLanguage\":\"pt-BR\",\"@id\":\"https:\/\/franciscanos.org.br\/noticias\/#\/schema\/person\/image\/\",\"url\":\"https:\/\/secure.gravatar.com\/avatar\/d08aa2ce4c8dd416d4479aa8536fcf64?s=96&d=mm&r=g\",\"contentUrl\":\"https:\/\/secure.gravatar.com\/avatar\/d08aa2ce4c8dd416d4479aa8536fcf64?s=96&d=mm&r=g\",\"caption\":\"moacir\"},\"url\":\"https:\/\/franciscanos.org.br\/noticias\/author\/moacir\"}]}<\/script>\n<!-- \/ Yoast SEO plugin. -->","yoast_head_json":{"title":"Frei Greg\u00f3rio Martins falece aos 77 anos - Not\u00edcias - Franciscanos","robots":{"index":"index","follow":"follow","max-snippet":"max-snippet:-1","max-image-preview":"max-image-preview:large","max-video-preview":"max-video-preview:-1"},"canonical":"https:\/\/franciscanos.org.br\/noticias\/frei-gregorio-martins-aos-77-anos.html","og_locale":"pt_BR","og_type":"article","og_title":"Frei Greg\u00f3rio Martins falece aos 77 anos - Not\u00edcias - Franciscanos","og_description":"Prov\u00edncia de luto","og_url":"https:\/\/franciscanos.org.br\/noticias\/frei-gregorio-martins-aos-77-anos.html","og_site_name":"Not\u00edcias - Franciscanos","article_published_time":"2020-09-11T14:01:28+00:00","article_modified_time":"2020-09-12T13:10:44+00:00","og_image":[{"width":800,"height":600,"url":"https:\/\/franciscanos.org.br\/noticias\/wp-content\/uploads\/2020\/09\/gregorio_1109d.jpg","type":"image\/jpeg"}],"author":"moacir","twitter_card":"summary_large_image","twitter_misc":{"Escrito por":"moacir","Est. tempo de leitura":"4 minutos"},"schema":{"@context":"https:\/\/schema.org","@graph":[{"@type":"WebSite","@id":"https:\/\/franciscanos.org.br\/noticias\/#website","url":"https:\/\/franciscanos.org.br\/noticias\/","name":"Not\u00edcias - Franciscanos","description":"Prov\u00edncia Franciscana da Imaculada Concei\u00e7\u00e3o do Brasil - Ordem dos Frades Menores - OFM","potentialAction":[{"@type":"SearchAction","target":{"@type":"EntryPoint","urlTemplate":"https:\/\/franciscanos.org.br\/noticias\/?s={search_term_string}"},"query-input":"required name=search_term_string"}],"inLanguage":"pt-BR"},{"@type":"ImageObject","inLanguage":"pt-BR","@id":"https:\/\/franciscanos.org.br\/noticias\/frei-gregorio-martins-aos-77-anos.html#primaryimage","url":"https:\/\/franciscanos.org.br\/noticias\/wp-content\/uploads\/2020\/09\/gregorio_1109d.jpg","contentUrl":"https:\/\/franciscanos.org.br\/noticias\/wp-content\/uploads\/2020\/09\/gregorio_1109d.jpg","width":800,"height":600},{"@type":"WebPage","@id":"https:\/\/franciscanos.org.br\/noticias\/frei-gregorio-martins-aos-77-anos.html#webpage","url":"https:\/\/franciscanos.org.br\/noticias\/frei-gregorio-martins-aos-77-anos.html","name":"Frei Greg\u00f3rio Martins falece aos 77 anos - Not\u00edcias - Franciscanos","isPartOf":{"@id":"https:\/\/franciscanos.org.br\/noticias\/#website"},"primaryImageOfPage":{"@id":"https:\/\/franciscanos.org.br\/noticias\/frei-gregorio-martins-aos-77-anos.html#primaryimage"},"datePublished":"2020-09-11T14:01:28+00:00","dateModified":"2020-09-12T13:10:44+00:00","author":{"@id":"https:\/\/franciscanos.org.br\/noticias\/#\/schema\/person\/b5c8cba458c330ccff548b056e95a5d4"},"breadcrumb":{"@id":"https:\/\/franciscanos.org.br\/noticias\/frei-gregorio-martins-aos-77-anos.html#breadcrumb"},"inLanguage":"pt-BR","potentialAction":[{"@type":"ReadAction","target":["https:\/\/franciscanos.org.br\/noticias\/frei-gregorio-martins-aos-77-anos.html"]}]},{"@type":"BreadcrumbList","@id":"https:\/\/franciscanos.org.br\/noticias\/frei-gregorio-martins-aos-77-anos.html#breadcrumb","itemListElement":[{"@type":"ListItem","position":1,"name":"Home","item":"https:\/\/franciscanos.org.br\/noticias"},{"@type":"ListItem","position":2,"name":"Frei Greg\u00f3rio Martins falece aos 77 anos"}]},{"@type":"Person","@id":"https:\/\/franciscanos.org.br\/noticias\/#\/schema\/person\/b5c8cba458c330ccff548b056e95a5d4","name":"moacir","image":{"@type":"ImageObject","inLanguage":"pt-BR","@id":"https:\/\/franciscanos.org.br\/noticias\/#\/schema\/person\/image\/","url":"https:\/\/secure.gravatar.com\/avatar\/d08aa2ce4c8dd416d4479aa8536fcf64?s=96&d=mm&r=g","contentUrl":"https:\/\/secure.gravatar.com\/avatar\/d08aa2ce4c8dd416d4479aa8536fcf64?s=96&d=mm&r=g","caption":"moacir"},"url":"https:\/\/franciscanos.org.br\/noticias\/author\/moacir"}]}},"_links":{"self":[{"href":"https:\/\/franciscanos.org.br\/noticias\/wp-json\/wp\/v2\/posts\/228301"}],"collection":[{"href":"https:\/\/franciscanos.org.br\/noticias\/wp-json\/wp\/v2\/posts"}],"about":[{"href":"https:\/\/franciscanos.org.br\/noticias\/wp-json\/wp\/v2\/types\/post"}],"author":[{"embeddable":true,"href":"https:\/\/franciscanos.org.br\/noticias\/wp-json\/wp\/v2\/users\/3"}],"replies":[{"embeddable":true,"href":"https:\/\/franciscanos.org.br\/noticias\/wp-json\/wp\/v2\/comments?post=228301"}],"version-history":[{"count":4,"href":"https:\/\/franciscanos.org.br\/noticias\/wp-json\/wp\/v2\/posts\/228301\/revisions"}],"predecessor-version":[{"id":228307,"href":"https:\/\/franciscanos.org.br\/noticias\/wp-json\/wp\/v2\/posts\/228301\/revisions\/228307"}],"wp:featuredmedia":[{"embeddable":true,"href":"https:\/\/franciscanos.org.br\/noticias\/wp-json\/wp\/v2\/media\/228303"}],"wp:attachment":[{"href":"https:\/\/franciscanos.org.br\/noticias\/wp-json\/wp\/v2\/media?parent=228301"}],"wp:term":[{"taxonomy":"category","embeddable":true,"href":"https:\/\/franciscanos.org.br\/noticias\/wp-json\/wp\/v2\/categories?post=228301"},{"taxonomy":"post_tag","embeddable":true,"href":"https:\/\/franciscanos.org.br\/noticias\/wp-json\/wp\/v2\/tags?post=228301"}],"curies":[{"name":"wp","href":"https:\/\/api.w.org\/{rel}","templated":true}]}}