{"id":228289,"date":"2020-09-10T07:11:20","date_gmt":"2020-09-10T10:11:20","guid":{"rendered":"https:\/\/franciscanos.org.br\/noticias\/?p=228289"},"modified":"2020-09-10T07:11:20","modified_gmt":"2020-09-10T10:11:20","slug":"candomble-formacao-e-compreensao-religiosa-de-uma-tradicao-afro-brasileira-novo-livro-de-frei-volney","status":"publish","type":"post","link":"https:\/\/franciscanos.org.br\/noticias\/candomble-formacao-e-compreensao-religiosa-de-uma-tradicao-afro-brasileira-novo-livro-de-frei-volney.html","title":{"rendered":"\u201cCandombl\u00e9 &#8211; Forma\u00e7\u00e3o e compreens\u00e3o religiosa de uma tradi\u00e7\u00e3o afro-brasileira\u201d, novo livro de Frei Volney"},"content":{"rendered":"<p><img loading=\"lazy\" class=\"alignright size-full wp-image-228290\" src=\"https:\/\/franciscanos.org.br\/noticias\/wp-content\/uploads\/2020\/09\/volney_1009.jpg\" alt=\"\" width=\"449\" height=\"640\" srcset=\"https:\/\/franciscanos.org.br\/noticias\/wp-content\/uploads\/2020\/09\/volney_1009.jpg 449w, https:\/\/franciscanos.org.br\/noticias\/wp-content\/uploads\/2020\/09\/volney_1009-316x450.jpg 316w, https:\/\/franciscanos.org.br\/noticias\/wp-content\/uploads\/2020\/09\/volney_1009-150x214.jpg 150w\" sizes=\"(max-width: 449px) 100vw, 449px\" \/>A lei 10.639\/03 (alterada com mais especifica\u00e7\u00f5es pela Lei 11.645\/08) tornou obrigat\u00f3rio no Brasil o ensino da hist\u00f3ria e cultura afro-brasileira e africana em todas as escolas, p\u00fablicas e particulares, do ensino fundamental at\u00e9 o ensino m\u00e9dio. Assim, disciplinas como Hist\u00f3ria, Geografia, Artes, Literatura, Ensino Religioso passaram a incorporar conte\u00fados ligados \u00e0 tem\u00e1tica africana e afro-brasileira. Esta disposi\u00e7\u00e3o legal n\u00e3o \u00e9 uma inven\u00e7\u00e3o infundada dado que mais de 50% da popula\u00e7\u00e3o brasileira \u00e9 afrodescendente. N\u00e3o conhecer minimamente elementos da hist\u00f3ria e cultura africana e afro-brasileira era at\u00e9 ent\u00e3o uma grande lacuna no sistema de ensino, o que a disposi\u00e7\u00e3o legal se prop\u00f4s a corrigir. A implanta\u00e7\u00e3o desta lei foi um processo longo (e que conhece inclusive retrocessos) e esbarrava \u2013 entre outros problemas \u2013 no fato de que boa parte dos professores de ensino fundamental e m\u00e9dio n\u00e3o havia tido estes conte\u00fados em sua forma\u00e7\u00e3o superior. Para contribuir com a forma\u00e7\u00e3o de professores das redes municipais e estadual da Zona da Mata mineira, a Universidade Federal de Juiz de Fora ofereceu gratuitamente cursos de p\u00f3s-gradua\u00e7\u00e3o abertos \u00e0 popula\u00e7\u00e3o, mas voltados especialmente a professores que desejavam se atualizar nesta tem\u00e1tica.<\/p>\n<p>O livro \u201cCandombl\u00e9 \u2013 Forma\u00e7\u00e3o e compreens\u00e3o religiosa de uma tradi\u00e7\u00e3o afro-brasileira\u201d, de Frei Volney Jos\u00e9 Berkenbrock, nasceu das aulas que o autor ministrou por muitos anos nestas turmas de p\u00f3s-gradua\u00e7\u00e3o da UFJF. A publica\u00e7\u00e3o agora em forma de livro \u2013 feita pela Editora UFJF \u2013 tem o intuito de tornar o acesso deste conte\u00fado a um p\u00fablico mais amplo. A obra est\u00e1 dividida em quatro cap\u00edtulos. O primeiro cap\u00edtulo trata da hist\u00f3ria da passagem das culturas africanas para o Brasil, especialmente do sistema escravocrata e suas consequ\u00eancias; o segundo cap\u00edtulo apresenta a compreens\u00e3o cosmol\u00f3gica e existencial dos iorubanos, povo que cultua os Orix\u00e1s, e que est\u00e1 na base da forma\u00e7\u00e3o do Candombl\u00e9 no Brasil; o terceiro cap\u00edtulo descreve a organiza\u00e7\u00e3o religiosa do Candombl\u00e9, sua estrutura, hierarquia, culto e inicia\u00e7\u00e3o; o quarto e \u00faltimo cap\u00edtulo aborda de forma ampla a liga\u00e7\u00e3o entre Candombl\u00e9, cultura e educa\u00e7\u00e3o, a partir de quatro eixos: o sincretismo como processo de di\u00e1logo cultural, a teologia como sabedoria inici\u00e1tica nesta tradi\u00e7\u00e3o religiosa, a antropologia religiosa do Candombl\u00e9 e por fim o lugar e a fun\u00e7\u00e3o da mitologia nesta tradi\u00e7\u00e3o.<\/p>\n<p>A disposi\u00e7\u00e3o da obra nestes quatro cap\u00edtulos faz com que o livro tenha toda uma parte hist\u00f3rica (1\u00ba cap\u00edtulo), que aborda tanto conhecimentos sobre a \u00c1frica, bem como a hist\u00f3ria da escraviza\u00e7\u00e3o, o envolvimento da Igreja Cat\u00f3lica neste processo e as consequ\u00eancias culturais e religiosas desta hist\u00f3ria; uma parte cosmol\u00f3gico-religiosa (2\u00ba cap\u00edtulo), onde se exp\u00f5e o modo de pensar que sustenta a religi\u00e3o do Candombl\u00e9, sua vis\u00e3o de mundo e especialmente, a compreens\u00e3o sobre os Orix\u00e1s, ponto central desta tradi\u00e7\u00e3o; uma parte mais descritiva da religi\u00e3o (3\u00ba cap\u00edtulo) onde \u00e9 abordada sua estrutura\u00e7\u00e3o religiosa em comunidades (popularmente conhecidos como terreiros), a hierarquia dentro de uma comunidade religiosa (a chamada fam\u00edlia-de-santo), os rituais e sua l\u00f3gica neste sistema religioso, e o que \u00e9 espec\u00edfico para se fazer parte da religi\u00e3o, que \u00e9 o processo iniciat\u00f3rio; a \u00faltima parte do livro (4\u00ba cap\u00edtulo) exp\u00f5e, a partir do exemplo de quatro temas, como a discuss\u00e3o em torno desta tradi\u00e7\u00e3o religiosa abrange elementos muitos amplos. Assim, apresenta-se a quest\u00e3o do sincretismo como um longo processo de di\u00e1logo cultural (que ocorre em todas as religi\u00f5es); a quest\u00e3o do conhecimento religioso no Candombl\u00e9, que \u00e9 resultado n\u00e3o de estudos acad\u00eamicos, mas de uma teologia\/sabedoria inici\u00e1tica adquirida pela experi\u00eancia religiosa; a antropologia religiosa presente nesta tradi\u00e7\u00e3o, onde se aborda a complexa compreens\u00e3o de ser humano ali presente; e, por fim, o mundo dos mitos no Candombl\u00e9, mitos estes chamados de it\u00e3s, que s\u00e3o hist\u00f3rias do porque das coisas. A obra \u00e9, desta forma, uma grande introdu\u00e7\u00e3o ao sistema religioso do Candombl\u00e9.<\/p>\n<p><strong>O autor<\/strong><br \/>\nVolney J. Berkenbrock \u00e9 frei franciscano e doutor em Teologia pela Faculdade de Teologia Cat\u00f3lica da Universidade Federal de Bonn, Alemanha, t\u00edtulo que obteve com a tese A experi\u00eancia dos Orix\u00e1s (Petr\u00f3polis: Vozes, 1998), trabalho publicado em 1995 na Alemanha (Die Erfahrung der Orix\u00e1s. Bonn: Verlag N. Borengaesser, 1995) e em 1998 no Brasil. Atualmente \u00e9 professor do programa de P\u00f3s-gradua\u00e7\u00e3o em Ci\u00eancia da Religi\u00e3o na Universidade Federal de Juiz de Fora \u2013 UFJF.<\/p>\n<hr \/>\n<p><em>O livro \u201cCandombl\u00e9 &#8211; Forma\u00e7\u00e3o e compreens\u00e3o religiosa de uma tradi\u00e7\u00e3o afro-brasileira\u201d \u00e9 uma publica\u00e7\u00e3o da Editora UFJF e tem 236 p\u00e1ginas.<\/em><\/p>\n","protected":false},"excerpt":{"rendered":"<p>Lan\u00e7amento<\/p>\n","protected":false},"author":3,"featured_media":228291,"comment_status":"open","ping_status":"open","sticky":false,"template":"","format":"standard","meta":[],"categories":[1],"tags":[870],"acf":[],"yoast_head":"<!-- This site is optimized with the Yoast SEO plugin v19.2 - https:\/\/yoast.com\/wordpress\/plugins\/seo\/ -->\n<title>\u201cCandombl\u00e9 - Forma\u00e7\u00e3o e compreens\u00e3o religiosa de uma tradi\u00e7\u00e3o afro-brasileira\u201d, novo livro de Frei Volney - Not\u00edcias - Franciscanos<\/title>\n<meta name=\"robots\" content=\"index, follow, max-snippet:-1, max-image-preview:large, max-video-preview:-1\" \/>\n<link rel=\"canonical\" href=\"https:\/\/franciscanos.org.br\/noticias\/candomble-formacao-e-compreensao-religiosa-de-uma-tradicao-afro-brasileira-novo-livro-de-frei-volney.html\" \/>\n<meta property=\"og:locale\" content=\"pt_BR\" \/>\n<meta property=\"og:type\" content=\"article\" \/>\n<meta property=\"og:title\" content=\"\u201cCandombl\u00e9 - Forma\u00e7\u00e3o e compreens\u00e3o religiosa de uma tradi\u00e7\u00e3o afro-brasileira\u201d, novo livro de Frei Volney - Not\u00edcias - Franciscanos\" \/>\n<meta property=\"og:description\" content=\"Lan\u00e7amento\" \/>\n<meta property=\"og:url\" content=\"https:\/\/franciscanos.org.br\/noticias\/candomble-formacao-e-compreensao-religiosa-de-uma-tradicao-afro-brasileira-novo-livro-de-frei-volney.html\" \/>\n<meta property=\"og:site_name\" content=\"Not\u00edcias - Franciscanos\" \/>\n<meta property=\"article:published_time\" content=\"2020-09-10T10:11:20+00:00\" \/>\n<meta property=\"og:image\" content=\"https:\/\/franciscanos.org.br\/noticias\/wp-content\/uploads\/2020\/09\/volney_1009d.jpg\" \/>\n\t<meta property=\"og:image:width\" content=\"800\" \/>\n\t<meta property=\"og:image:height\" content=\"600\" \/>\n\t<meta property=\"og:image:type\" content=\"image\/jpeg\" \/>\n<meta name=\"author\" content=\"moacir\" \/>\n<meta name=\"twitter:card\" content=\"summary_large_image\" \/>\n<meta name=\"twitter:label1\" content=\"Escrito por\" \/>\n\t<meta name=\"twitter:data1\" content=\"moacir\" \/>\n\t<meta name=\"twitter:label2\" content=\"Est. tempo de leitura\" \/>\n\t<meta name=\"twitter:data2\" content=\"4 minutos\" \/>\n<script type=\"application\/ld+json\" class=\"yoast-schema-graph\">{\"@context\":\"https:\/\/schema.org\",\"@graph\":[{\"@type\":\"WebSite\",\"@id\":\"https:\/\/franciscanos.org.br\/noticias\/#website\",\"url\":\"https:\/\/franciscanos.org.br\/noticias\/\",\"name\":\"Not\u00edcias - Franciscanos\",\"description\":\"Prov\u00edncia Franciscana da Imaculada Concei\u00e7\u00e3o do Brasil - Ordem dos Frades Menores - OFM\",\"potentialAction\":[{\"@type\":\"SearchAction\",\"target\":{\"@type\":\"EntryPoint\",\"urlTemplate\":\"https:\/\/franciscanos.org.br\/noticias\/?s={search_term_string}\"},\"query-input\":\"required name=search_term_string\"}],\"inLanguage\":\"pt-BR\"},{\"@type\":\"ImageObject\",\"inLanguage\":\"pt-BR\",\"@id\":\"https:\/\/franciscanos.org.br\/noticias\/candomble-formacao-e-compreensao-religiosa-de-uma-tradicao-afro-brasileira-novo-livro-de-frei-volney.html#primaryimage\",\"url\":\"https:\/\/franciscanos.org.br\/noticias\/wp-content\/uploads\/2020\/09\/volney_1009d.jpg\",\"contentUrl\":\"https:\/\/franciscanos.org.br\/noticias\/wp-content\/uploads\/2020\/09\/volney_1009d.jpg\",\"width\":800,\"height\":600},{\"@type\":\"WebPage\",\"@id\":\"https:\/\/franciscanos.org.br\/noticias\/candomble-formacao-e-compreensao-religiosa-de-uma-tradicao-afro-brasileira-novo-livro-de-frei-volney.html#webpage\",\"url\":\"https:\/\/franciscanos.org.br\/noticias\/candomble-formacao-e-compreensao-religiosa-de-uma-tradicao-afro-brasileira-novo-livro-de-frei-volney.html\",\"name\":\"\u201cCandombl\u00e9 - Forma\u00e7\u00e3o e compreens\u00e3o religiosa de uma tradi\u00e7\u00e3o afro-brasileira\u201d, novo livro de Frei Volney - Not\u00edcias - Franciscanos\",\"isPartOf\":{\"@id\":\"https:\/\/franciscanos.org.br\/noticias\/#website\"},\"primaryImageOfPage\":{\"@id\":\"https:\/\/franciscanos.org.br\/noticias\/candomble-formacao-e-compreensao-religiosa-de-uma-tradicao-afro-brasileira-novo-livro-de-frei-volney.html#primaryimage\"},\"datePublished\":\"2020-09-10T10:11:20+00:00\",\"dateModified\":\"2020-09-10T10:11:20+00:00\",\"author\":{\"@id\":\"https:\/\/franciscanos.org.br\/noticias\/#\/schema\/person\/b5c8cba458c330ccff548b056e95a5d4\"},\"breadcrumb\":{\"@id\":\"https:\/\/franciscanos.org.br\/noticias\/candomble-formacao-e-compreensao-religiosa-de-uma-tradicao-afro-brasileira-novo-livro-de-frei-volney.html#breadcrumb\"},\"inLanguage\":\"pt-BR\",\"potentialAction\":[{\"@type\":\"ReadAction\",\"target\":[\"https:\/\/franciscanos.org.br\/noticias\/candomble-formacao-e-compreensao-religiosa-de-uma-tradicao-afro-brasileira-novo-livro-de-frei-volney.html\"]}]},{\"@type\":\"BreadcrumbList\",\"@id\":\"https:\/\/franciscanos.org.br\/noticias\/candomble-formacao-e-compreensao-religiosa-de-uma-tradicao-afro-brasileira-novo-livro-de-frei-volney.html#breadcrumb\",\"itemListElement\":[{\"@type\":\"ListItem\",\"position\":1,\"name\":\"Home\",\"item\":\"https:\/\/franciscanos.org.br\/noticias\"},{\"@type\":\"ListItem\",\"position\":2,\"name\":\"\u201cCandombl\u00e9 &#8211; Forma\u00e7\u00e3o e compreens\u00e3o religiosa de uma tradi\u00e7\u00e3o afro-brasileira\u201d, novo livro de Frei Volney\"}]},{\"@type\":\"Person\",\"@id\":\"https:\/\/franciscanos.org.br\/noticias\/#\/schema\/person\/b5c8cba458c330ccff548b056e95a5d4\",\"name\":\"moacir\",\"image\":{\"@type\":\"ImageObject\",\"inLanguage\":\"pt-BR\",\"@id\":\"https:\/\/franciscanos.org.br\/noticias\/#\/schema\/person\/image\/\",\"url\":\"https:\/\/secure.gravatar.com\/avatar\/d08aa2ce4c8dd416d4479aa8536fcf64?s=96&d=mm&r=g\",\"contentUrl\":\"https:\/\/secure.gravatar.com\/avatar\/d08aa2ce4c8dd416d4479aa8536fcf64?s=96&d=mm&r=g\",\"caption\":\"moacir\"},\"url\":\"https:\/\/franciscanos.org.br\/noticias\/author\/moacir\"}]}<\/script>\n<!-- \/ Yoast SEO plugin. -->","yoast_head_json":{"title":"\u201cCandombl\u00e9 - Forma\u00e7\u00e3o e compreens\u00e3o religiosa de uma tradi\u00e7\u00e3o afro-brasileira\u201d, novo livro de Frei Volney - Not\u00edcias - Franciscanos","robots":{"index":"index","follow":"follow","max-snippet":"max-snippet:-1","max-image-preview":"max-image-preview:large","max-video-preview":"max-video-preview:-1"},"canonical":"https:\/\/franciscanos.org.br\/noticias\/candomble-formacao-e-compreensao-religiosa-de-uma-tradicao-afro-brasileira-novo-livro-de-frei-volney.html","og_locale":"pt_BR","og_type":"article","og_title":"\u201cCandombl\u00e9 - Forma\u00e7\u00e3o e compreens\u00e3o religiosa de uma tradi\u00e7\u00e3o afro-brasileira\u201d, novo livro de Frei Volney - Not\u00edcias - Franciscanos","og_description":"Lan\u00e7amento","og_url":"https:\/\/franciscanos.org.br\/noticias\/candomble-formacao-e-compreensao-religiosa-de-uma-tradicao-afro-brasileira-novo-livro-de-frei-volney.html","og_site_name":"Not\u00edcias - Franciscanos","article_published_time":"2020-09-10T10:11:20+00:00","og_image":[{"width":800,"height":600,"url":"https:\/\/franciscanos.org.br\/noticias\/wp-content\/uploads\/2020\/09\/volney_1009d.jpg","type":"image\/jpeg"}],"author":"moacir","twitter_card":"summary_large_image","twitter_misc":{"Escrito por":"moacir","Est. tempo de leitura":"4 minutos"},"schema":{"@context":"https:\/\/schema.org","@graph":[{"@type":"WebSite","@id":"https:\/\/franciscanos.org.br\/noticias\/#website","url":"https:\/\/franciscanos.org.br\/noticias\/","name":"Not\u00edcias - Franciscanos","description":"Prov\u00edncia Franciscana da Imaculada Concei\u00e7\u00e3o do Brasil - Ordem dos Frades Menores - OFM","potentialAction":[{"@type":"SearchAction","target":{"@type":"EntryPoint","urlTemplate":"https:\/\/franciscanos.org.br\/noticias\/?s={search_term_string}"},"query-input":"required name=search_term_string"}],"inLanguage":"pt-BR"},{"@type":"ImageObject","inLanguage":"pt-BR","@id":"https:\/\/franciscanos.org.br\/noticias\/candomble-formacao-e-compreensao-religiosa-de-uma-tradicao-afro-brasileira-novo-livro-de-frei-volney.html#primaryimage","url":"https:\/\/franciscanos.org.br\/noticias\/wp-content\/uploads\/2020\/09\/volney_1009d.jpg","contentUrl":"https:\/\/franciscanos.org.br\/noticias\/wp-content\/uploads\/2020\/09\/volney_1009d.jpg","width":800,"height":600},{"@type":"WebPage","@id":"https:\/\/franciscanos.org.br\/noticias\/candomble-formacao-e-compreensao-religiosa-de-uma-tradicao-afro-brasileira-novo-livro-de-frei-volney.html#webpage","url":"https:\/\/franciscanos.org.br\/noticias\/candomble-formacao-e-compreensao-religiosa-de-uma-tradicao-afro-brasileira-novo-livro-de-frei-volney.html","name":"\u201cCandombl\u00e9 - Forma\u00e7\u00e3o e compreens\u00e3o religiosa de uma tradi\u00e7\u00e3o afro-brasileira\u201d, novo livro de Frei Volney - Not\u00edcias - Franciscanos","isPartOf":{"@id":"https:\/\/franciscanos.org.br\/noticias\/#website"},"primaryImageOfPage":{"@id":"https:\/\/franciscanos.org.br\/noticias\/candomble-formacao-e-compreensao-religiosa-de-uma-tradicao-afro-brasileira-novo-livro-de-frei-volney.html#primaryimage"},"datePublished":"2020-09-10T10:11:20+00:00","dateModified":"2020-09-10T10:11:20+00:00","author":{"@id":"https:\/\/franciscanos.org.br\/noticias\/#\/schema\/person\/b5c8cba458c330ccff548b056e95a5d4"},"breadcrumb":{"@id":"https:\/\/franciscanos.org.br\/noticias\/candomble-formacao-e-compreensao-religiosa-de-uma-tradicao-afro-brasileira-novo-livro-de-frei-volney.html#breadcrumb"},"inLanguage":"pt-BR","potentialAction":[{"@type":"ReadAction","target":["https:\/\/franciscanos.org.br\/noticias\/candomble-formacao-e-compreensao-religiosa-de-uma-tradicao-afro-brasileira-novo-livro-de-frei-volney.html"]}]},{"@type":"BreadcrumbList","@id":"https:\/\/franciscanos.org.br\/noticias\/candomble-formacao-e-compreensao-religiosa-de-uma-tradicao-afro-brasileira-novo-livro-de-frei-volney.html#breadcrumb","itemListElement":[{"@type":"ListItem","position":1,"name":"Home","item":"https:\/\/franciscanos.org.br\/noticias"},{"@type":"ListItem","position":2,"name":"\u201cCandombl\u00e9 &#8211; Forma\u00e7\u00e3o e compreens\u00e3o religiosa de uma tradi\u00e7\u00e3o afro-brasileira\u201d, novo livro de Frei Volney"}]},{"@type":"Person","@id":"https:\/\/franciscanos.org.br\/noticias\/#\/schema\/person\/b5c8cba458c330ccff548b056e95a5d4","name":"moacir","image":{"@type":"ImageObject","inLanguage":"pt-BR","@id":"https:\/\/franciscanos.org.br\/noticias\/#\/schema\/person\/image\/","url":"https:\/\/secure.gravatar.com\/avatar\/d08aa2ce4c8dd416d4479aa8536fcf64?s=96&d=mm&r=g","contentUrl":"https:\/\/secure.gravatar.com\/avatar\/d08aa2ce4c8dd416d4479aa8536fcf64?s=96&d=mm&r=g","caption":"moacir"},"url":"https:\/\/franciscanos.org.br\/noticias\/author\/moacir"}]}},"_links":{"self":[{"href":"https:\/\/franciscanos.org.br\/noticias\/wp-json\/wp\/v2\/posts\/228289"}],"collection":[{"href":"https:\/\/franciscanos.org.br\/noticias\/wp-json\/wp\/v2\/posts"}],"about":[{"href":"https:\/\/franciscanos.org.br\/noticias\/wp-json\/wp\/v2\/types\/post"}],"author":[{"embeddable":true,"href":"https:\/\/franciscanos.org.br\/noticias\/wp-json\/wp\/v2\/users\/3"}],"replies":[{"embeddable":true,"href":"https:\/\/franciscanos.org.br\/noticias\/wp-json\/wp\/v2\/comments?post=228289"}],"version-history":[{"count":1,"href":"https:\/\/franciscanos.org.br\/noticias\/wp-json\/wp\/v2\/posts\/228289\/revisions"}],"predecessor-version":[{"id":228292,"href":"https:\/\/franciscanos.org.br\/noticias\/wp-json\/wp\/v2\/posts\/228289\/revisions\/228292"}],"wp:featuredmedia":[{"embeddable":true,"href":"https:\/\/franciscanos.org.br\/noticias\/wp-json\/wp\/v2\/media\/228291"}],"wp:attachment":[{"href":"https:\/\/franciscanos.org.br\/noticias\/wp-json\/wp\/v2\/media?parent=228289"}],"wp:term":[{"taxonomy":"category","embeddable":true,"href":"https:\/\/franciscanos.org.br\/noticias\/wp-json\/wp\/v2\/categories?post=228289"},{"taxonomy":"post_tag","embeddable":true,"href":"https:\/\/franciscanos.org.br\/noticias\/wp-json\/wp\/v2\/tags?post=228289"}],"curies":[{"name":"wp","href":"https:\/\/api.w.org\/{rel}","templated":true}]}}