{"id":228285,"date":"2020-09-10T07:03:32","date_gmt":"2020-09-10T10:03:32","guid":{"rendered":"https:\/\/franciscanos.org.br\/noticias\/?p=228285"},"modified":"2020-09-10T07:03:32","modified_gmt":"2020-09-10T10:03:32","slug":"acao-livros-que-alimentam-acontece-neste-fim-de-semana","status":"publish","type":"post","link":"https:\/\/franciscanos.org.br\/noticias\/acao-livros-que-alimentam-acontece-neste-fim-de-semana.html","title":{"rendered":"A\u00e7\u00e3o &#8220;Livros que Alimentam&#8221; acontece neste fim de semana"},"content":{"rendered":"<p><img loading=\"lazy\" class=\"alignnone size-full wp-image-228286\" src=\"https:\/\/franciscanos.org.br\/noticias\/wp-content\/uploads\/2020\/09\/projetoamar_1009.jpg\" alt=\"\" width=\"1040\" height=\"585\" srcset=\"https:\/\/franciscanos.org.br\/noticias\/wp-content\/uploads\/2020\/09\/projetoamar_1009.jpg 1040w, https:\/\/franciscanos.org.br\/noticias\/wp-content\/uploads\/2020\/09\/projetoamar_1009-450x253.jpg 450w, https:\/\/franciscanos.org.br\/noticias\/wp-content\/uploads\/2020\/09\/projetoamar_1009-1024x576.jpg 1024w, https:\/\/franciscanos.org.br\/noticias\/wp-content\/uploads\/2020\/09\/projetoamar_1009-768x432.jpg 768w, https:\/\/franciscanos.org.br\/noticias\/wp-content\/uploads\/2020\/09\/projetoamar_1009-150x84.jpg 150w\" sizes=\"(max-width: 1040px) 100vw, 1040px\" \/><\/p>\n<p>Organizada pelo Projeto Amar e pelas Pastorais Sociais da Diocese de Lages, a a\u00e7\u00e3o visa promover conhecimento por troca de alimentos. Essa iniciativa nasceu da demanda de pessoas em situa\u00e7\u00e3o de vulnerabilidade. O evento acontece nesta sexta (11) e s\u00e1bado (12), das 9 \u00e0s 17 horas, no Espa\u00e7o Cultural da Pra\u00e7a Jo\u00e3o Costa, o cal\u00e7ad\u00e3o, no centro de Lages.<\/p>\n<p>Durante tr\u00eas meses, os volunt\u00e1rios do projeto arrecadaram livros de todos os g\u00eaneros que agora poder\u00e3o ser trocados por 2kg de alimentos n\u00e3o perec\u00edveis, dois litros de leite ou por R$ 10 cada volume.<\/p>\n<p>Elisa Lima, coordenadora do Projeto Amar, iniciativa volunt\u00e1ria da Par\u00f3quia Nossa Senhora Aparecida do Navio, informa que as arrecada\u00e7\u00f5es ser\u00e3o destinadas para a confec\u00e7\u00e3o de cestas b\u00e1sicas, que ser\u00e3o destinadas para comunidades carentes do munic\u00edpio.<\/p>\n<p>A a\u00e7\u00e3o tem o apoio de outros grupos, como a Fraternidade Franciscana da Juventude e Grupo Betel, al\u00e9m de entidades p\u00fablicas e privadas como a Amures, Acil, CDL, Banco da Fam\u00edlia, Sesi, Credicomin, Sesc, Senai, OAB-Lages, CIS-Amures, Cisama, Conserra, Uniplac, Sebrae, Lages Garden Shopping, F\u00f3rum das Entidades, Arteris Planalto Sul e Gered Lages. Essas institui\u00e7\u00f5es abra\u00e7am a campanha &#8220;Juntos+Fortes&#8221; e somam \u00e0 a\u00e7\u00e3o beneficente.<\/p>\n<hr \/>\n<p><em>Divulga\u00e7\u00e3o do Projeto Amar, por Luan Turcati.<\/em><\/p>\n","protected":false},"excerpt":{"rendered":"<p>A\u00e7\u00e3o social em Lages<\/p>\n","protected":false},"author":3,"featured_media":228287,"comment_status":"open","ping_status":"open","sticky":false,"template":"","format":"standard","meta":[],"categories":[1],"tags":[166],"acf":[],"yoast_head":"<!-- This site is optimized with the Yoast SEO plugin v19.2 - https:\/\/yoast.com\/wordpress\/plugins\/seo\/ -->\n<title>A\u00e7\u00e3o &quot;Livros que Alimentam&quot; acontece neste fim de semana - Not\u00edcias - Franciscanos<\/title>\n<meta name=\"robots\" content=\"index, follow, max-snippet:-1, max-image-preview:large, max-video-preview:-1\" \/>\n<link rel=\"canonical\" href=\"https:\/\/franciscanos.org.br\/noticias\/acao-livros-que-alimentam-acontece-neste-fim-de-semana.html\" \/>\n<meta property=\"og:locale\" content=\"pt_BR\" \/>\n<meta property=\"og:type\" content=\"article\" \/>\n<meta property=\"og:title\" content=\"A\u00e7\u00e3o &quot;Livros que Alimentam&quot; acontece neste fim de semana - Not\u00edcias - Franciscanos\" \/>\n<meta property=\"og:description\" content=\"A\u00e7\u00e3o social em Lages\" \/>\n<meta property=\"og:url\" content=\"https:\/\/franciscanos.org.br\/noticias\/acao-livros-que-alimentam-acontece-neste-fim-de-semana.html\" \/>\n<meta property=\"og:site_name\" content=\"Not\u00edcias - Franciscanos\" \/>\n<meta property=\"article:published_time\" content=\"2020-09-10T10:03:32+00:00\" \/>\n<meta property=\"og:image\" content=\"https:\/\/franciscanos.org.br\/noticias\/wp-content\/uploads\/2020\/09\/livros_10d.jpg\" \/>\n\t<meta property=\"og:image:width\" content=\"800\" \/>\n\t<meta property=\"og:image:height\" content=\"600\" \/>\n\t<meta property=\"og:image:type\" content=\"image\/jpeg\" \/>\n<meta name=\"author\" content=\"moacir\" \/>\n<meta name=\"twitter:card\" content=\"summary_large_image\" \/>\n<meta name=\"twitter:label1\" content=\"Escrito por\" \/>\n\t<meta name=\"twitter:data1\" content=\"moacir\" \/>\n\t<meta name=\"twitter:label2\" content=\"Est. tempo de leitura\" \/>\n\t<meta name=\"twitter:data2\" content=\"1 minuto\" \/>\n<script type=\"application\/ld+json\" class=\"yoast-schema-graph\">{\"@context\":\"https:\/\/schema.org\",\"@graph\":[{\"@type\":\"WebSite\",\"@id\":\"https:\/\/franciscanos.org.br\/noticias\/#website\",\"url\":\"https:\/\/franciscanos.org.br\/noticias\/\",\"name\":\"Not\u00edcias - Franciscanos\",\"description\":\"Prov\u00edncia Franciscana da Imaculada Concei\u00e7\u00e3o do Brasil - Ordem dos Frades Menores - OFM\",\"potentialAction\":[{\"@type\":\"SearchAction\",\"target\":{\"@type\":\"EntryPoint\",\"urlTemplate\":\"https:\/\/franciscanos.org.br\/noticias\/?s={search_term_string}\"},\"query-input\":\"required name=search_term_string\"}],\"inLanguage\":\"pt-BR\"},{\"@type\":\"ImageObject\",\"inLanguage\":\"pt-BR\",\"@id\":\"https:\/\/franciscanos.org.br\/noticias\/acao-livros-que-alimentam-acontece-neste-fim-de-semana.html#primaryimage\",\"url\":\"https:\/\/franciscanos.org.br\/noticias\/wp-content\/uploads\/2020\/09\/livros_10d.jpg\",\"contentUrl\":\"https:\/\/franciscanos.org.br\/noticias\/wp-content\/uploads\/2020\/09\/livros_10d.jpg\",\"width\":800,\"height\":600},{\"@type\":\"WebPage\",\"@id\":\"https:\/\/franciscanos.org.br\/noticias\/acao-livros-que-alimentam-acontece-neste-fim-de-semana.html#webpage\",\"url\":\"https:\/\/franciscanos.org.br\/noticias\/acao-livros-que-alimentam-acontece-neste-fim-de-semana.html\",\"name\":\"A\u00e7\u00e3o \\\"Livros que Alimentam\\\" acontece neste fim de semana - Not\u00edcias - Franciscanos\",\"isPartOf\":{\"@id\":\"https:\/\/franciscanos.org.br\/noticias\/#website\"},\"primaryImageOfPage\":{\"@id\":\"https:\/\/franciscanos.org.br\/noticias\/acao-livros-que-alimentam-acontece-neste-fim-de-semana.html#primaryimage\"},\"datePublished\":\"2020-09-10T10:03:32+00:00\",\"dateModified\":\"2020-09-10T10:03:32+00:00\",\"author\":{\"@id\":\"https:\/\/franciscanos.org.br\/noticias\/#\/schema\/person\/b5c8cba458c330ccff548b056e95a5d4\"},\"breadcrumb\":{\"@id\":\"https:\/\/franciscanos.org.br\/noticias\/acao-livros-que-alimentam-acontece-neste-fim-de-semana.html#breadcrumb\"},\"inLanguage\":\"pt-BR\",\"potentialAction\":[{\"@type\":\"ReadAction\",\"target\":[\"https:\/\/franciscanos.org.br\/noticias\/acao-livros-que-alimentam-acontece-neste-fim-de-semana.html\"]}]},{\"@type\":\"BreadcrumbList\",\"@id\":\"https:\/\/franciscanos.org.br\/noticias\/acao-livros-que-alimentam-acontece-neste-fim-de-semana.html#breadcrumb\",\"itemListElement\":[{\"@type\":\"ListItem\",\"position\":1,\"name\":\"Home\",\"item\":\"https:\/\/franciscanos.org.br\/noticias\"},{\"@type\":\"ListItem\",\"position\":2,\"name\":\"A\u00e7\u00e3o &#8220;Livros que Alimentam&#8221; acontece neste fim de semana\"}]},{\"@type\":\"Person\",\"@id\":\"https:\/\/franciscanos.org.br\/noticias\/#\/schema\/person\/b5c8cba458c330ccff548b056e95a5d4\",\"name\":\"moacir\",\"image\":{\"@type\":\"ImageObject\",\"inLanguage\":\"pt-BR\",\"@id\":\"https:\/\/franciscanos.org.br\/noticias\/#\/schema\/person\/image\/\",\"url\":\"https:\/\/secure.gravatar.com\/avatar\/d08aa2ce4c8dd416d4479aa8536fcf64?s=96&d=mm&r=g\",\"contentUrl\":\"https:\/\/secure.gravatar.com\/avatar\/d08aa2ce4c8dd416d4479aa8536fcf64?s=96&d=mm&r=g\",\"caption\":\"moacir\"},\"url\":\"https:\/\/franciscanos.org.br\/noticias\/author\/moacir\"}]}<\/script>\n<!-- \/ Yoast SEO plugin. -->","yoast_head_json":{"title":"A\u00e7\u00e3o \"Livros que Alimentam\" acontece neste fim de semana - Not\u00edcias - Franciscanos","robots":{"index":"index","follow":"follow","max-snippet":"max-snippet:-1","max-image-preview":"max-image-preview:large","max-video-preview":"max-video-preview:-1"},"canonical":"https:\/\/franciscanos.org.br\/noticias\/acao-livros-que-alimentam-acontece-neste-fim-de-semana.html","og_locale":"pt_BR","og_type":"article","og_title":"A\u00e7\u00e3o \"Livros que Alimentam\" acontece neste fim de semana - Not\u00edcias - Franciscanos","og_description":"A\u00e7\u00e3o social em Lages","og_url":"https:\/\/franciscanos.org.br\/noticias\/acao-livros-que-alimentam-acontece-neste-fim-de-semana.html","og_site_name":"Not\u00edcias - Franciscanos","article_published_time":"2020-09-10T10:03:32+00:00","og_image":[{"width":800,"height":600,"url":"https:\/\/franciscanos.org.br\/noticias\/wp-content\/uploads\/2020\/09\/livros_10d.jpg","type":"image\/jpeg"}],"author":"moacir","twitter_card":"summary_large_image","twitter_misc":{"Escrito por":"moacir","Est. tempo de leitura":"1 minuto"},"schema":{"@context":"https:\/\/schema.org","@graph":[{"@type":"WebSite","@id":"https:\/\/franciscanos.org.br\/noticias\/#website","url":"https:\/\/franciscanos.org.br\/noticias\/","name":"Not\u00edcias - Franciscanos","description":"Prov\u00edncia Franciscana da Imaculada Concei\u00e7\u00e3o do Brasil - Ordem dos Frades Menores - OFM","potentialAction":[{"@type":"SearchAction","target":{"@type":"EntryPoint","urlTemplate":"https:\/\/franciscanos.org.br\/noticias\/?s={search_term_string}"},"query-input":"required name=search_term_string"}],"inLanguage":"pt-BR"},{"@type":"ImageObject","inLanguage":"pt-BR","@id":"https:\/\/franciscanos.org.br\/noticias\/acao-livros-que-alimentam-acontece-neste-fim-de-semana.html#primaryimage","url":"https:\/\/franciscanos.org.br\/noticias\/wp-content\/uploads\/2020\/09\/livros_10d.jpg","contentUrl":"https:\/\/franciscanos.org.br\/noticias\/wp-content\/uploads\/2020\/09\/livros_10d.jpg","width":800,"height":600},{"@type":"WebPage","@id":"https:\/\/franciscanos.org.br\/noticias\/acao-livros-que-alimentam-acontece-neste-fim-de-semana.html#webpage","url":"https:\/\/franciscanos.org.br\/noticias\/acao-livros-que-alimentam-acontece-neste-fim-de-semana.html","name":"A\u00e7\u00e3o \"Livros que Alimentam\" acontece neste fim de semana - Not\u00edcias - Franciscanos","isPartOf":{"@id":"https:\/\/franciscanos.org.br\/noticias\/#website"},"primaryImageOfPage":{"@id":"https:\/\/franciscanos.org.br\/noticias\/acao-livros-que-alimentam-acontece-neste-fim-de-semana.html#primaryimage"},"datePublished":"2020-09-10T10:03:32+00:00","dateModified":"2020-09-10T10:03:32+00:00","author":{"@id":"https:\/\/franciscanos.org.br\/noticias\/#\/schema\/person\/b5c8cba458c330ccff548b056e95a5d4"},"breadcrumb":{"@id":"https:\/\/franciscanos.org.br\/noticias\/acao-livros-que-alimentam-acontece-neste-fim-de-semana.html#breadcrumb"},"inLanguage":"pt-BR","potentialAction":[{"@type":"ReadAction","target":["https:\/\/franciscanos.org.br\/noticias\/acao-livros-que-alimentam-acontece-neste-fim-de-semana.html"]}]},{"@type":"BreadcrumbList","@id":"https:\/\/franciscanos.org.br\/noticias\/acao-livros-que-alimentam-acontece-neste-fim-de-semana.html#breadcrumb","itemListElement":[{"@type":"ListItem","position":1,"name":"Home","item":"https:\/\/franciscanos.org.br\/noticias"},{"@type":"ListItem","position":2,"name":"A\u00e7\u00e3o &#8220;Livros que Alimentam&#8221; acontece neste fim de semana"}]},{"@type":"Person","@id":"https:\/\/franciscanos.org.br\/noticias\/#\/schema\/person\/b5c8cba458c330ccff548b056e95a5d4","name":"moacir","image":{"@type":"ImageObject","inLanguage":"pt-BR","@id":"https:\/\/franciscanos.org.br\/noticias\/#\/schema\/person\/image\/","url":"https:\/\/secure.gravatar.com\/avatar\/d08aa2ce4c8dd416d4479aa8536fcf64?s=96&d=mm&r=g","contentUrl":"https:\/\/secure.gravatar.com\/avatar\/d08aa2ce4c8dd416d4479aa8536fcf64?s=96&d=mm&r=g","caption":"moacir"},"url":"https:\/\/franciscanos.org.br\/noticias\/author\/moacir"}]}},"_links":{"self":[{"href":"https:\/\/franciscanos.org.br\/noticias\/wp-json\/wp\/v2\/posts\/228285"}],"collection":[{"href":"https:\/\/franciscanos.org.br\/noticias\/wp-json\/wp\/v2\/posts"}],"about":[{"href":"https:\/\/franciscanos.org.br\/noticias\/wp-json\/wp\/v2\/types\/post"}],"author":[{"embeddable":true,"href":"https:\/\/franciscanos.org.br\/noticias\/wp-json\/wp\/v2\/users\/3"}],"replies":[{"embeddable":true,"href":"https:\/\/franciscanos.org.br\/noticias\/wp-json\/wp\/v2\/comments?post=228285"}],"version-history":[{"count":1,"href":"https:\/\/franciscanos.org.br\/noticias\/wp-json\/wp\/v2\/posts\/228285\/revisions"}],"predecessor-version":[{"id":228288,"href":"https:\/\/franciscanos.org.br\/noticias\/wp-json\/wp\/v2\/posts\/228285\/revisions\/228288"}],"wp:featuredmedia":[{"embeddable":true,"href":"https:\/\/franciscanos.org.br\/noticias\/wp-json\/wp\/v2\/media\/228287"}],"wp:attachment":[{"href":"https:\/\/franciscanos.org.br\/noticias\/wp-json\/wp\/v2\/media?parent=228285"}],"wp:term":[{"taxonomy":"category","embeddable":true,"href":"https:\/\/franciscanos.org.br\/noticias\/wp-json\/wp\/v2\/categories?post=228285"},{"taxonomy":"post_tag","embeddable":true,"href":"https:\/\/franciscanos.org.br\/noticias\/wp-json\/wp\/v2\/tags?post=228285"}],"curies":[{"name":"wp","href":"https:\/\/api.w.org\/{rel}","templated":true}]}}