{"id":228201,"date":"2020-09-08T09:44:45","date_gmt":"2020-09-08T12:44:45","guid":{"rendered":"https:\/\/franciscanos.org.br\/noticias\/?p=228201"},"modified":"2020-09-08T09:44:45","modified_gmt":"2020-09-08T12:44:45","slug":"jovens-franciscanos-de-lages-participam-do-grito-dos-excluidos","status":"publish","type":"post","link":"https:\/\/franciscanos.org.br\/noticias\/jovens-franciscanos-de-lages-participam-do-grito-dos-excluidos.html","title":{"rendered":"Jovens franciscanos de Lages participam do Grito dos Exclu\u00eddos"},"content":{"rendered":"<p><img loading=\"lazy\" class=\"alignnone wp-image-228202 size-full\" src=\"https:\/\/franciscanos.org.br\/noticias\/wp-content\/uploads\/2020\/09\/lages_0809.jpg\" alt=\"\" width=\"1280\" height=\"688\" srcset=\"https:\/\/franciscanos.org.br\/noticias\/wp-content\/uploads\/2020\/09\/lages_0809.jpg 1280w, https:\/\/franciscanos.org.br\/noticias\/wp-content\/uploads\/2020\/09\/lages_0809-450x242.jpg 450w, https:\/\/franciscanos.org.br\/noticias\/wp-content\/uploads\/2020\/09\/lages_0809-1024x550.jpg 1024w, https:\/\/franciscanos.org.br\/noticias\/wp-content\/uploads\/2020\/09\/lages_0809-768x413.jpg 768w, https:\/\/franciscanos.org.br\/noticias\/wp-content\/uploads\/2020\/09\/lages_0809-150x81.jpg 150w\" sizes=\"(max-width: 1280px) 100vw, 1280px\" \/><\/p>\n<p>A Fraternidade Franciscana da Juventude, grupo da Par\u00f3quia Nossa Senhora Aparecida do Navio de Lages (SC), mobilizou cerca de 10 jovens para uma participa\u00e7\u00e3o teatral na programa\u00e7\u00e3o do 26\u00ba Grito dos Exclu\u00eddos da Diocese de Lages. Desde 1995, o Grito dos Exclu\u00eddos mobiliza o povo brasileiro em todo o pa\u00eds no 7 de setembro como um contraponto ao grito da Independ\u00eancia. O tema permanente do Grito dos Exclu\u00eddos \u00e9 \u201cVida em primeiro lugar\u201d.<\/p>\n<p>Os jovens mostraram um pouco da vida de S\u00e3o Francisco, como a convers\u00e3o, a doa\u00e7\u00e3o dos bens, a reconstru\u00e7\u00e3o da capelinha de S\u00e3o Dami\u00e3o e o &#8220;C\u00e2ntico das Criaturas&#8221;, marcando o evento com a espiritualidade franciscana. Carolina Couto, que ingressou na Fraternidade h\u00e1 poucos meses e participou de um evento pela primeira vez, falou da alegria de fazer parte deste momento inspirador. \u201cEu me senti muito acolhida por esse carisma. Participo h\u00e1 pouco tempo na Fraternidade, mas j\u00e1 sou franciscana de alma e cora\u00e7\u00e3o. Que essa seja a primeira de muitas oportunidades\u201d, disse.<\/p>\n<p>Para, Krauana Moraes, uma das atrizes que interpretou o sol, os cantos foram emocionantes: \u201cParece que n\u00f3s sentimos a presen\u00e7a de Francisco. Certamente, ele estava ao nosso lado, contando essa linda e inspiradora hist\u00f3ria\u201d, observou.<br \/>\nJ\u00e1 Tha\u00eds Pereira interpretou uma irm\u00e3 Clarissa: \u201cEssa pe\u00e7a que preparamos \u00e9 um pequeno relato da vida de Francisco. Se hoje estamos aqui, \u00e9 porque nos sentimos tocados por sua hist\u00f3ria\u201d, disse a jovem , esperando cativar mais pessoas para conhecer a espiritualidade franciscana.<\/p>\n<p><img loading=\"lazy\" class=\"alignnone wp-image-228204 size-full\" src=\"https:\/\/franciscanos.org.br\/noticias\/wp-content\/uploads\/2020\/09\/lages_0809_1.jpg\" alt=\"\" width=\"1280\" height=\"754\" srcset=\"https:\/\/franciscanos.org.br\/noticias\/wp-content\/uploads\/2020\/09\/lages_0809_1.jpg 1280w, https:\/\/franciscanos.org.br\/noticias\/wp-content\/uploads\/2020\/09\/lages_0809_1-450x265.jpg 450w, https:\/\/franciscanos.org.br\/noticias\/wp-content\/uploads\/2020\/09\/lages_0809_1-1024x603.jpg 1024w, https:\/\/franciscanos.org.br\/noticias\/wp-content\/uploads\/2020\/09\/lages_0809_1-768x452.jpg 768w, https:\/\/franciscanos.org.br\/noticias\/wp-content\/uploads\/2020\/09\/lages_0809_1-150x88.jpg 150w\" sizes=\"(max-width: 1280px) 100vw, 1280px\" \/><\/p>\n<p><strong>Tr\u00e2nsito de S\u00e3o Francisco<\/strong><br \/>\nSegundo os jovens, o objetivo \u00e9 chegar ao sexto ano consecutivo de celebra\u00e7\u00f5es franciscanas. O trabalho foi iniciado por outro grupo que existia na cidade, mas h\u00e1 quatro anos a Fraternidade deu sequ\u00eancia ao trabalho. Segundo as lideran\u00e7as do Setor de Artes, respons\u00e1vel pela prepara\u00e7\u00e3o de pe\u00e7as, dan\u00e7as e apresenta\u00e7\u00f5es em geral, a celebra\u00e7\u00e3o de S\u00e3o Francisco ser\u00e1 realizada de uma forma diferente.<\/p>\n<p>Em virtude da pandemia, o n\u00famero de atores (incluindo m\u00fasicos) em cena, que em anos anteriores chegava a 20, poder\u00e1 ser reduzido pela metade. \u201c\u00c9 um momento de celebrar, mas tamb\u00e9m de se cuidar. N\u00e3o poder\u00edamos deixar passar essa data em branco. Ent\u00e3o, seguindo todos os cuidados, vamos preparar com muito carinho, para a comunidade do Convento Franciscano, a passagem da vida para a morte\u201d. A apresenta\u00e7\u00e3o dever\u00e1 acontecer no s\u00e1bado (03) de forma presencial e com transmiss\u00e3o pelas redes sociais.<\/p>\n<hr \/>\n<p><em>Setor de Comunica\u00e7\u00e3o\/Fraternidade<\/em><\/p>\n","protected":false},"excerpt":{"rendered":"<p>Grito dos Exclu\u00eddos<\/p>\n","protected":false},"author":3,"featured_media":228203,"comment_status":"open","ping_status":"open","sticky":false,"template":"","format":"standard","meta":[],"categories":[1],"tags":[478],"acf":[],"yoast_head":"<!-- This site is optimized with the Yoast SEO plugin v19.2 - https:\/\/yoast.com\/wordpress\/plugins\/seo\/ -->\n<title>Jovens franciscanos de Lages participam do Grito dos Exclu\u00eddos - Not\u00edcias - Franciscanos<\/title>\n<meta name=\"robots\" content=\"index, follow, max-snippet:-1, max-image-preview:large, max-video-preview:-1\" \/>\n<link rel=\"canonical\" href=\"https:\/\/franciscanos.org.br\/noticias\/jovens-franciscanos-de-lages-participam-do-grito-dos-excluidos.html\" \/>\n<meta property=\"og:locale\" content=\"pt_BR\" \/>\n<meta property=\"og:type\" content=\"article\" \/>\n<meta property=\"og:title\" content=\"Jovens franciscanos de Lages participam do Grito dos Exclu\u00eddos - Not\u00edcias - Franciscanos\" \/>\n<meta property=\"og:description\" content=\"Grito dos Exclu\u00eddos\" \/>\n<meta property=\"og:url\" content=\"https:\/\/franciscanos.org.br\/noticias\/jovens-franciscanos-de-lages-participam-do-grito-dos-excluidos.html\" \/>\n<meta property=\"og:site_name\" content=\"Not\u00edcias - Franciscanos\" \/>\n<meta property=\"article:published_time\" content=\"2020-09-08T12:44:45+00:00\" \/>\n<meta property=\"og:image\" content=\"https:\/\/franciscanos.org.br\/noticias\/wp-content\/uploads\/2020\/09\/lages_0809d.jpg\" \/>\n\t<meta property=\"og:image:width\" content=\"800\" \/>\n\t<meta property=\"og:image:height\" content=\"600\" \/>\n\t<meta property=\"og:image:type\" content=\"image\/jpeg\" \/>\n<meta name=\"author\" content=\"moacir\" \/>\n<meta name=\"twitter:card\" content=\"summary_large_image\" \/>\n<meta name=\"twitter:label1\" content=\"Escrito por\" \/>\n\t<meta name=\"twitter:data1\" content=\"moacir\" \/>\n\t<meta name=\"twitter:label2\" content=\"Est. tempo de leitura\" \/>\n\t<meta name=\"twitter:data2\" content=\"2 minutos\" \/>\n<script type=\"application\/ld+json\" class=\"yoast-schema-graph\">{\"@context\":\"https:\/\/schema.org\",\"@graph\":[{\"@type\":\"WebSite\",\"@id\":\"https:\/\/franciscanos.org.br\/noticias\/#website\",\"url\":\"https:\/\/franciscanos.org.br\/noticias\/\",\"name\":\"Not\u00edcias - Franciscanos\",\"description\":\"Prov\u00edncia Franciscana da Imaculada Concei\u00e7\u00e3o do Brasil - Ordem dos Frades Menores - OFM\",\"potentialAction\":[{\"@type\":\"SearchAction\",\"target\":{\"@type\":\"EntryPoint\",\"urlTemplate\":\"https:\/\/franciscanos.org.br\/noticias\/?s={search_term_string}\"},\"query-input\":\"required name=search_term_string\"}],\"inLanguage\":\"pt-BR\"},{\"@type\":\"ImageObject\",\"inLanguage\":\"pt-BR\",\"@id\":\"https:\/\/franciscanos.org.br\/noticias\/jovens-franciscanos-de-lages-participam-do-grito-dos-excluidos.html#primaryimage\",\"url\":\"https:\/\/franciscanos.org.br\/noticias\/wp-content\/uploads\/2020\/09\/lages_0809d.jpg\",\"contentUrl\":\"https:\/\/franciscanos.org.br\/noticias\/wp-content\/uploads\/2020\/09\/lages_0809d.jpg\",\"width\":800,\"height\":600},{\"@type\":\"WebPage\",\"@id\":\"https:\/\/franciscanos.org.br\/noticias\/jovens-franciscanos-de-lages-participam-do-grito-dos-excluidos.html#webpage\",\"url\":\"https:\/\/franciscanos.org.br\/noticias\/jovens-franciscanos-de-lages-participam-do-grito-dos-excluidos.html\",\"name\":\"Jovens franciscanos de Lages participam do Grito dos Exclu\u00eddos - Not\u00edcias - Franciscanos\",\"isPartOf\":{\"@id\":\"https:\/\/franciscanos.org.br\/noticias\/#website\"},\"primaryImageOfPage\":{\"@id\":\"https:\/\/franciscanos.org.br\/noticias\/jovens-franciscanos-de-lages-participam-do-grito-dos-excluidos.html#primaryimage\"},\"datePublished\":\"2020-09-08T12:44:45+00:00\",\"dateModified\":\"2020-09-08T12:44:45+00:00\",\"author\":{\"@id\":\"https:\/\/franciscanos.org.br\/noticias\/#\/schema\/person\/b5c8cba458c330ccff548b056e95a5d4\"},\"breadcrumb\":{\"@id\":\"https:\/\/franciscanos.org.br\/noticias\/jovens-franciscanos-de-lages-participam-do-grito-dos-excluidos.html#breadcrumb\"},\"inLanguage\":\"pt-BR\",\"potentialAction\":[{\"@type\":\"ReadAction\",\"target\":[\"https:\/\/franciscanos.org.br\/noticias\/jovens-franciscanos-de-lages-participam-do-grito-dos-excluidos.html\"]}]},{\"@type\":\"BreadcrumbList\",\"@id\":\"https:\/\/franciscanos.org.br\/noticias\/jovens-franciscanos-de-lages-participam-do-grito-dos-excluidos.html#breadcrumb\",\"itemListElement\":[{\"@type\":\"ListItem\",\"position\":1,\"name\":\"Home\",\"item\":\"https:\/\/franciscanos.org.br\/noticias\"},{\"@type\":\"ListItem\",\"position\":2,\"name\":\"Jovens franciscanos de Lages participam do Grito dos Exclu\u00eddos\"}]},{\"@type\":\"Person\",\"@id\":\"https:\/\/franciscanos.org.br\/noticias\/#\/schema\/person\/b5c8cba458c330ccff548b056e95a5d4\",\"name\":\"moacir\",\"image\":{\"@type\":\"ImageObject\",\"inLanguage\":\"pt-BR\",\"@id\":\"https:\/\/franciscanos.org.br\/noticias\/#\/schema\/person\/image\/\",\"url\":\"https:\/\/secure.gravatar.com\/avatar\/d08aa2ce4c8dd416d4479aa8536fcf64?s=96&d=mm&r=g\",\"contentUrl\":\"https:\/\/secure.gravatar.com\/avatar\/d08aa2ce4c8dd416d4479aa8536fcf64?s=96&d=mm&r=g\",\"caption\":\"moacir\"},\"url\":\"https:\/\/franciscanos.org.br\/noticias\/author\/moacir\"}]}<\/script>\n<!-- \/ Yoast SEO plugin. -->","yoast_head_json":{"title":"Jovens franciscanos de Lages participam do Grito dos Exclu\u00eddos - Not\u00edcias - Franciscanos","robots":{"index":"index","follow":"follow","max-snippet":"max-snippet:-1","max-image-preview":"max-image-preview:large","max-video-preview":"max-video-preview:-1"},"canonical":"https:\/\/franciscanos.org.br\/noticias\/jovens-franciscanos-de-lages-participam-do-grito-dos-excluidos.html","og_locale":"pt_BR","og_type":"article","og_title":"Jovens franciscanos de Lages participam do Grito dos Exclu\u00eddos - Not\u00edcias - Franciscanos","og_description":"Grito dos Exclu\u00eddos","og_url":"https:\/\/franciscanos.org.br\/noticias\/jovens-franciscanos-de-lages-participam-do-grito-dos-excluidos.html","og_site_name":"Not\u00edcias - Franciscanos","article_published_time":"2020-09-08T12:44:45+00:00","og_image":[{"width":800,"height":600,"url":"https:\/\/franciscanos.org.br\/noticias\/wp-content\/uploads\/2020\/09\/lages_0809d.jpg","type":"image\/jpeg"}],"author":"moacir","twitter_card":"summary_large_image","twitter_misc":{"Escrito por":"moacir","Est. tempo de leitura":"2 minutos"},"schema":{"@context":"https:\/\/schema.org","@graph":[{"@type":"WebSite","@id":"https:\/\/franciscanos.org.br\/noticias\/#website","url":"https:\/\/franciscanos.org.br\/noticias\/","name":"Not\u00edcias - Franciscanos","description":"Prov\u00edncia Franciscana da Imaculada Concei\u00e7\u00e3o do Brasil - Ordem dos Frades Menores - OFM","potentialAction":[{"@type":"SearchAction","target":{"@type":"EntryPoint","urlTemplate":"https:\/\/franciscanos.org.br\/noticias\/?s={search_term_string}"},"query-input":"required name=search_term_string"}],"inLanguage":"pt-BR"},{"@type":"ImageObject","inLanguage":"pt-BR","@id":"https:\/\/franciscanos.org.br\/noticias\/jovens-franciscanos-de-lages-participam-do-grito-dos-excluidos.html#primaryimage","url":"https:\/\/franciscanos.org.br\/noticias\/wp-content\/uploads\/2020\/09\/lages_0809d.jpg","contentUrl":"https:\/\/franciscanos.org.br\/noticias\/wp-content\/uploads\/2020\/09\/lages_0809d.jpg","width":800,"height":600},{"@type":"WebPage","@id":"https:\/\/franciscanos.org.br\/noticias\/jovens-franciscanos-de-lages-participam-do-grito-dos-excluidos.html#webpage","url":"https:\/\/franciscanos.org.br\/noticias\/jovens-franciscanos-de-lages-participam-do-grito-dos-excluidos.html","name":"Jovens franciscanos de Lages participam do Grito dos Exclu\u00eddos - Not\u00edcias - Franciscanos","isPartOf":{"@id":"https:\/\/franciscanos.org.br\/noticias\/#website"},"primaryImageOfPage":{"@id":"https:\/\/franciscanos.org.br\/noticias\/jovens-franciscanos-de-lages-participam-do-grito-dos-excluidos.html#primaryimage"},"datePublished":"2020-09-08T12:44:45+00:00","dateModified":"2020-09-08T12:44:45+00:00","author":{"@id":"https:\/\/franciscanos.org.br\/noticias\/#\/schema\/person\/b5c8cba458c330ccff548b056e95a5d4"},"breadcrumb":{"@id":"https:\/\/franciscanos.org.br\/noticias\/jovens-franciscanos-de-lages-participam-do-grito-dos-excluidos.html#breadcrumb"},"inLanguage":"pt-BR","potentialAction":[{"@type":"ReadAction","target":["https:\/\/franciscanos.org.br\/noticias\/jovens-franciscanos-de-lages-participam-do-grito-dos-excluidos.html"]}]},{"@type":"BreadcrumbList","@id":"https:\/\/franciscanos.org.br\/noticias\/jovens-franciscanos-de-lages-participam-do-grito-dos-excluidos.html#breadcrumb","itemListElement":[{"@type":"ListItem","position":1,"name":"Home","item":"https:\/\/franciscanos.org.br\/noticias"},{"@type":"ListItem","position":2,"name":"Jovens franciscanos de Lages participam do Grito dos Exclu\u00eddos"}]},{"@type":"Person","@id":"https:\/\/franciscanos.org.br\/noticias\/#\/schema\/person\/b5c8cba458c330ccff548b056e95a5d4","name":"moacir","image":{"@type":"ImageObject","inLanguage":"pt-BR","@id":"https:\/\/franciscanos.org.br\/noticias\/#\/schema\/person\/image\/","url":"https:\/\/secure.gravatar.com\/avatar\/d08aa2ce4c8dd416d4479aa8536fcf64?s=96&d=mm&r=g","contentUrl":"https:\/\/secure.gravatar.com\/avatar\/d08aa2ce4c8dd416d4479aa8536fcf64?s=96&d=mm&r=g","caption":"moacir"},"url":"https:\/\/franciscanos.org.br\/noticias\/author\/moacir"}]}},"_links":{"self":[{"href":"https:\/\/franciscanos.org.br\/noticias\/wp-json\/wp\/v2\/posts\/228201"}],"collection":[{"href":"https:\/\/franciscanos.org.br\/noticias\/wp-json\/wp\/v2\/posts"}],"about":[{"href":"https:\/\/franciscanos.org.br\/noticias\/wp-json\/wp\/v2\/types\/post"}],"author":[{"embeddable":true,"href":"https:\/\/franciscanos.org.br\/noticias\/wp-json\/wp\/v2\/users\/3"}],"replies":[{"embeddable":true,"href":"https:\/\/franciscanos.org.br\/noticias\/wp-json\/wp\/v2\/comments?post=228201"}],"version-history":[{"count":1,"href":"https:\/\/franciscanos.org.br\/noticias\/wp-json\/wp\/v2\/posts\/228201\/revisions"}],"predecessor-version":[{"id":228205,"href":"https:\/\/franciscanos.org.br\/noticias\/wp-json\/wp\/v2\/posts\/228201\/revisions\/228205"}],"wp:featuredmedia":[{"embeddable":true,"href":"https:\/\/franciscanos.org.br\/noticias\/wp-json\/wp\/v2\/media\/228203"}],"wp:attachment":[{"href":"https:\/\/franciscanos.org.br\/noticias\/wp-json\/wp\/v2\/media?parent=228201"}],"wp:term":[{"taxonomy":"category","embeddable":true,"href":"https:\/\/franciscanos.org.br\/noticias\/wp-json\/wp\/v2\/categories?post=228201"},{"taxonomy":"post_tag","embeddable":true,"href":"https:\/\/franciscanos.org.br\/noticias\/wp-json\/wp\/v2\/tags?post=228201"}],"curies":[{"name":"wp","href":"https:\/\/api.w.org\/{rel}","templated":true}]}}