{"id":228193,"date":"2020-09-08T07:00:09","date_gmt":"2020-09-08T10:00:09","guid":{"rendered":"https:\/\/franciscanos.org.br\/noticias\/?p=228193"},"modified":"2020-09-08T07:01:48","modified_gmt":"2020-09-08T10:01:48","slug":"missao-de-angola-celebra-o-tempo-da-criacao","status":"publish","type":"post","link":"https:\/\/franciscanos.org.br\/noticias\/missao-de-angola-celebra-o-tempo-da-criacao.html","title":{"rendered":"Miss\u00e3o de Angola celebra o &#8220;Tempo da Cria\u00e7\u00e3o&#8221;"},"content":{"rendered":"<p><img loading=\"lazy\" class=\"alignnone wp-image-228194 size-full\" src=\"https:\/\/franciscanos.org.br\/noticias\/wp-content\/uploads\/2020\/09\/angla_0809.jpg\" alt=\"\" width=\"1280\" height=\"720\" srcset=\"https:\/\/franciscanos.org.br\/noticias\/wp-content\/uploads\/2020\/09\/angla_0809.jpg 1280w, https:\/\/franciscanos.org.br\/noticias\/wp-content\/uploads\/2020\/09\/angla_0809-450x253.jpg 450w, https:\/\/franciscanos.org.br\/noticias\/wp-content\/uploads\/2020\/09\/angla_0809-1024x576.jpg 1024w, https:\/\/franciscanos.org.br\/noticias\/wp-content\/uploads\/2020\/09\/angla_0809-768x432.jpg 768w, https:\/\/franciscanos.org.br\/noticias\/wp-content\/uploads\/2020\/09\/angla_0809-150x84.jpg 150w\" sizes=\"(max-width: 1280px) 100vw, 1280px\" \/><\/p>\n<p>O &#8220;Tempo da Cria\u00e7\u00e3o&#8221; teve in\u00edcio na Funda\u00e7\u00e3o Imaculada M\u00e3e de Deus de Angola com a Santa Missa no Kimbo S\u00e3o Francisco de Assis, \u00e0s 10h30 deste domingo (6\/9). O &#8220;Tempo da Cria\u00e7\u00e3o&#8221;, que come\u00e7ou no dia 1\u00ba de setembro e vai at\u00e9 o dia 4 de outubro, quando se celebra S\u00e3o Francisco de Assis, \u00e9 um per\u00edodo para renovar a nossa rela\u00e7\u00e3o com o nosso Criador e com toda a cria\u00e7\u00e3o por meio da celebra\u00e7\u00e3o, da convers\u00e3o e do compromisso juntos.<\/p>\n<p>A Celebra\u00e7\u00e3o Eucar\u00edstica foi presidida pelo Pe. Celestino Epalanga, mission\u00e1rio da Companhia de Jesus e Coordenador da Comiss\u00e3o Episcopal de Justi\u00e7a e Paz da CEAST (Confer\u00eancia Episcopal de Angola e S\u00e3o Tom\u00e9); e concelebrada pelo Frei Jo\u00e3o Alberto Bunga, mestre dos frades de profiss\u00e3o tempor\u00e1ria. A Missa contou com a participa\u00e7\u00e3o de alguns leigos, membros da Comiss\u00e3o de Justi\u00e7a e Paz; e irm\u00e3s do Instituto Colaboradoras de A\u00e7\u00e3o Social (ICAS). Animaram os diversos minist\u00e9rios os frades estudantes.<\/p>\n<p><img loading=\"lazy\" class=\"alignnone wp-image-228195 size-full\" src=\"https:\/\/franciscanos.org.br\/noticias\/wp-content\/uploads\/2020\/09\/angla_0809_2.jpg\" alt=\"\" width=\"1280\" height=\"663\" srcset=\"https:\/\/franciscanos.org.br\/noticias\/wp-content\/uploads\/2020\/09\/angla_0809_2.jpg 1280w, https:\/\/franciscanos.org.br\/noticias\/wp-content\/uploads\/2020\/09\/angla_0809_2-450x233.jpg 450w, https:\/\/franciscanos.org.br\/noticias\/wp-content\/uploads\/2020\/09\/angla_0809_2-1024x530.jpg 1024w, https:\/\/franciscanos.org.br\/noticias\/wp-content\/uploads\/2020\/09\/angla_0809_2-768x398.jpg 768w, https:\/\/franciscanos.org.br\/noticias\/wp-content\/uploads\/2020\/09\/angla_0809_2-150x78.jpg 150w\" sizes=\"(max-width: 1280px) 100vw, 1280px\" \/><\/p>\n<p>O celebrante, na sua hom\u00edlia, dizia que se comemorava, neste ano, o quinquag\u00e9simo anivers\u00e1rio da institui\u00e7\u00e3o do Dia da Terra, ou seja, o jubileu de ouro da Terra e, consequentemente, o tema deste ano \u00e9: &#8220;O grito da terra e o grito dos pobres&#8221;. \u00ab\u00c9 preciso cuidar, preservar e defender a cria\u00e7\u00e3o. Esse cuidado n\u00e3o \u00e9 s\u00f3 para um grupo reservado, mas para todos&#8221;, exortou.<\/p>\n<p>No final da Missa, o presidente agradeceu aos frades pela hospitalidade e encorajou-os a continuar nesse esp\u00edrito de coopera\u00e7\u00e3o com a Comiss\u00e3o Episcopal de Justi\u00e7a e Paz.<\/p>\n<hr \/>\n<p><em>Frei Abel Ndala Sahuma Nganji e Frei Evaristo Seque Joaquim.<\/em><\/p>\n<p><img loading=\"lazy\" class=\"alignnone wp-image-228196 size-full\" src=\"https:\/\/franciscanos.org.br\/noticias\/wp-content\/uploads\/2020\/09\/angla_0809_1.jpg\" alt=\"\" width=\"1085\" height=\"493\" srcset=\"https:\/\/franciscanos.org.br\/noticias\/wp-content\/uploads\/2020\/09\/angla_0809_1.jpg 1085w, https:\/\/franciscanos.org.br\/noticias\/wp-content\/uploads\/2020\/09\/angla_0809_1-450x204.jpg 450w, https:\/\/franciscanos.org.br\/noticias\/wp-content\/uploads\/2020\/09\/angla_0809_1-1024x465.jpg 1024w, https:\/\/franciscanos.org.br\/noticias\/wp-content\/uploads\/2020\/09\/angla_0809_1-768x349.jpg 768w, https:\/\/franciscanos.org.br\/noticias\/wp-content\/uploads\/2020\/09\/angla_0809_1-150x68.jpg 150w\" sizes=\"(max-width: 1085px) 100vw, 1085px\" \/><\/p>\n","protected":false},"excerpt":{"rendered":"<p>Miss\u00e3o de Angola<\/p>\n","protected":false},"author":3,"featured_media":228197,"comment_status":"open","ping_status":"open","sticky":false,"template":"","format":"standard","meta":[],"categories":[1],"tags":[360],"acf":[],"yoast_head":"<!-- This site is optimized with the Yoast SEO plugin v19.2 - https:\/\/yoast.com\/wordpress\/plugins\/seo\/ -->\n<title>Miss\u00e3o de Angola celebra o &quot;Tempo da Cria\u00e7\u00e3o&quot; - Not\u00edcias - Franciscanos<\/title>\n<meta name=\"robots\" content=\"index, follow, max-snippet:-1, max-image-preview:large, max-video-preview:-1\" \/>\n<link rel=\"canonical\" href=\"https:\/\/franciscanos.org.br\/noticias\/missao-de-angola-celebra-o-tempo-da-criacao.html\" \/>\n<meta property=\"og:locale\" content=\"pt_BR\" \/>\n<meta property=\"og:type\" content=\"article\" \/>\n<meta property=\"og:title\" content=\"Miss\u00e3o de Angola celebra o &quot;Tempo da Cria\u00e7\u00e3o&quot; - Not\u00edcias - Franciscanos\" \/>\n<meta property=\"og:description\" content=\"Miss\u00e3o de Angola\" \/>\n<meta property=\"og:url\" content=\"https:\/\/franciscanos.org.br\/noticias\/missao-de-angola-celebra-o-tempo-da-criacao.html\" \/>\n<meta property=\"og:site_name\" content=\"Not\u00edcias - Franciscanos\" \/>\n<meta property=\"article:published_time\" content=\"2020-09-08T10:00:09+00:00\" \/>\n<meta property=\"article:modified_time\" content=\"2020-09-08T10:01:48+00:00\" \/>\n<meta property=\"og:image\" content=\"https:\/\/franciscanos.org.br\/noticias\/wp-content\/uploads\/2020\/09\/angla_0809d.jpg\" \/>\n\t<meta property=\"og:image:width\" content=\"800\" \/>\n\t<meta property=\"og:image:height\" content=\"600\" \/>\n\t<meta property=\"og:image:type\" content=\"image\/jpeg\" \/>\n<meta name=\"author\" content=\"moacir\" \/>\n<meta name=\"twitter:card\" content=\"summary_large_image\" \/>\n<meta name=\"twitter:label1\" content=\"Escrito por\" \/>\n\t<meta name=\"twitter:data1\" content=\"moacir\" \/>\n\t<meta name=\"twitter:label2\" content=\"Est. tempo de leitura\" \/>\n\t<meta name=\"twitter:data2\" content=\"1 minuto\" \/>\n<script type=\"application\/ld+json\" class=\"yoast-schema-graph\">{\"@context\":\"https:\/\/schema.org\",\"@graph\":[{\"@type\":\"WebSite\",\"@id\":\"https:\/\/franciscanos.org.br\/noticias\/#website\",\"url\":\"https:\/\/franciscanos.org.br\/noticias\/\",\"name\":\"Not\u00edcias - Franciscanos\",\"description\":\"Prov\u00edncia Franciscana da Imaculada Concei\u00e7\u00e3o do Brasil - Ordem dos Frades Menores - OFM\",\"potentialAction\":[{\"@type\":\"SearchAction\",\"target\":{\"@type\":\"EntryPoint\",\"urlTemplate\":\"https:\/\/franciscanos.org.br\/noticias\/?s={search_term_string}\"},\"query-input\":\"required name=search_term_string\"}],\"inLanguage\":\"pt-BR\"},{\"@type\":\"ImageObject\",\"inLanguage\":\"pt-BR\",\"@id\":\"https:\/\/franciscanos.org.br\/noticias\/missao-de-angola-celebra-o-tempo-da-criacao.html#primaryimage\",\"url\":\"https:\/\/franciscanos.org.br\/noticias\/wp-content\/uploads\/2020\/09\/angla_0809d.jpg\",\"contentUrl\":\"https:\/\/franciscanos.org.br\/noticias\/wp-content\/uploads\/2020\/09\/angla_0809d.jpg\",\"width\":800,\"height\":600},{\"@type\":\"WebPage\",\"@id\":\"https:\/\/franciscanos.org.br\/noticias\/missao-de-angola-celebra-o-tempo-da-criacao.html#webpage\",\"url\":\"https:\/\/franciscanos.org.br\/noticias\/missao-de-angola-celebra-o-tempo-da-criacao.html\",\"name\":\"Miss\u00e3o de Angola celebra o \\\"Tempo da Cria\u00e7\u00e3o\\\" - Not\u00edcias - Franciscanos\",\"isPartOf\":{\"@id\":\"https:\/\/franciscanos.org.br\/noticias\/#website\"},\"primaryImageOfPage\":{\"@id\":\"https:\/\/franciscanos.org.br\/noticias\/missao-de-angola-celebra-o-tempo-da-criacao.html#primaryimage\"},\"datePublished\":\"2020-09-08T10:00:09+00:00\",\"dateModified\":\"2020-09-08T10:01:48+00:00\",\"author\":{\"@id\":\"https:\/\/franciscanos.org.br\/noticias\/#\/schema\/person\/b5c8cba458c330ccff548b056e95a5d4\"},\"breadcrumb\":{\"@id\":\"https:\/\/franciscanos.org.br\/noticias\/missao-de-angola-celebra-o-tempo-da-criacao.html#breadcrumb\"},\"inLanguage\":\"pt-BR\",\"potentialAction\":[{\"@type\":\"ReadAction\",\"target\":[\"https:\/\/franciscanos.org.br\/noticias\/missao-de-angola-celebra-o-tempo-da-criacao.html\"]}]},{\"@type\":\"BreadcrumbList\",\"@id\":\"https:\/\/franciscanos.org.br\/noticias\/missao-de-angola-celebra-o-tempo-da-criacao.html#breadcrumb\",\"itemListElement\":[{\"@type\":\"ListItem\",\"position\":1,\"name\":\"Home\",\"item\":\"https:\/\/franciscanos.org.br\/noticias\"},{\"@type\":\"ListItem\",\"position\":2,\"name\":\"Miss\u00e3o de Angola celebra o &#8220;Tempo da Cria\u00e7\u00e3o&#8221;\"}]},{\"@type\":\"Person\",\"@id\":\"https:\/\/franciscanos.org.br\/noticias\/#\/schema\/person\/b5c8cba458c330ccff548b056e95a5d4\",\"name\":\"moacir\",\"image\":{\"@type\":\"ImageObject\",\"inLanguage\":\"pt-BR\",\"@id\":\"https:\/\/franciscanos.org.br\/noticias\/#\/schema\/person\/image\/\",\"url\":\"https:\/\/secure.gravatar.com\/avatar\/d08aa2ce4c8dd416d4479aa8536fcf64?s=96&d=mm&r=g\",\"contentUrl\":\"https:\/\/secure.gravatar.com\/avatar\/d08aa2ce4c8dd416d4479aa8536fcf64?s=96&d=mm&r=g\",\"caption\":\"moacir\"},\"url\":\"https:\/\/franciscanos.org.br\/noticias\/author\/moacir\"}]}<\/script>\n<!-- \/ Yoast SEO plugin. -->","yoast_head_json":{"title":"Miss\u00e3o de Angola celebra o \"Tempo da Cria\u00e7\u00e3o\" - Not\u00edcias - Franciscanos","robots":{"index":"index","follow":"follow","max-snippet":"max-snippet:-1","max-image-preview":"max-image-preview:large","max-video-preview":"max-video-preview:-1"},"canonical":"https:\/\/franciscanos.org.br\/noticias\/missao-de-angola-celebra-o-tempo-da-criacao.html","og_locale":"pt_BR","og_type":"article","og_title":"Miss\u00e3o de Angola celebra o \"Tempo da Cria\u00e7\u00e3o\" - Not\u00edcias - Franciscanos","og_description":"Miss\u00e3o de Angola","og_url":"https:\/\/franciscanos.org.br\/noticias\/missao-de-angola-celebra-o-tempo-da-criacao.html","og_site_name":"Not\u00edcias - Franciscanos","article_published_time":"2020-09-08T10:00:09+00:00","article_modified_time":"2020-09-08T10:01:48+00:00","og_image":[{"width":800,"height":600,"url":"https:\/\/franciscanos.org.br\/noticias\/wp-content\/uploads\/2020\/09\/angla_0809d.jpg","type":"image\/jpeg"}],"author":"moacir","twitter_card":"summary_large_image","twitter_misc":{"Escrito por":"moacir","Est. tempo de leitura":"1 minuto"},"schema":{"@context":"https:\/\/schema.org","@graph":[{"@type":"WebSite","@id":"https:\/\/franciscanos.org.br\/noticias\/#website","url":"https:\/\/franciscanos.org.br\/noticias\/","name":"Not\u00edcias - Franciscanos","description":"Prov\u00edncia Franciscana da Imaculada Concei\u00e7\u00e3o do Brasil - Ordem dos Frades Menores - OFM","potentialAction":[{"@type":"SearchAction","target":{"@type":"EntryPoint","urlTemplate":"https:\/\/franciscanos.org.br\/noticias\/?s={search_term_string}"},"query-input":"required name=search_term_string"}],"inLanguage":"pt-BR"},{"@type":"ImageObject","inLanguage":"pt-BR","@id":"https:\/\/franciscanos.org.br\/noticias\/missao-de-angola-celebra-o-tempo-da-criacao.html#primaryimage","url":"https:\/\/franciscanos.org.br\/noticias\/wp-content\/uploads\/2020\/09\/angla_0809d.jpg","contentUrl":"https:\/\/franciscanos.org.br\/noticias\/wp-content\/uploads\/2020\/09\/angla_0809d.jpg","width":800,"height":600},{"@type":"WebPage","@id":"https:\/\/franciscanos.org.br\/noticias\/missao-de-angola-celebra-o-tempo-da-criacao.html#webpage","url":"https:\/\/franciscanos.org.br\/noticias\/missao-de-angola-celebra-o-tempo-da-criacao.html","name":"Miss\u00e3o de Angola celebra o \"Tempo da Cria\u00e7\u00e3o\" - Not\u00edcias - Franciscanos","isPartOf":{"@id":"https:\/\/franciscanos.org.br\/noticias\/#website"},"primaryImageOfPage":{"@id":"https:\/\/franciscanos.org.br\/noticias\/missao-de-angola-celebra-o-tempo-da-criacao.html#primaryimage"},"datePublished":"2020-09-08T10:00:09+00:00","dateModified":"2020-09-08T10:01:48+00:00","author":{"@id":"https:\/\/franciscanos.org.br\/noticias\/#\/schema\/person\/b5c8cba458c330ccff548b056e95a5d4"},"breadcrumb":{"@id":"https:\/\/franciscanos.org.br\/noticias\/missao-de-angola-celebra-o-tempo-da-criacao.html#breadcrumb"},"inLanguage":"pt-BR","potentialAction":[{"@type":"ReadAction","target":["https:\/\/franciscanos.org.br\/noticias\/missao-de-angola-celebra-o-tempo-da-criacao.html"]}]},{"@type":"BreadcrumbList","@id":"https:\/\/franciscanos.org.br\/noticias\/missao-de-angola-celebra-o-tempo-da-criacao.html#breadcrumb","itemListElement":[{"@type":"ListItem","position":1,"name":"Home","item":"https:\/\/franciscanos.org.br\/noticias"},{"@type":"ListItem","position":2,"name":"Miss\u00e3o de Angola celebra o &#8220;Tempo da Cria\u00e7\u00e3o&#8221;"}]},{"@type":"Person","@id":"https:\/\/franciscanos.org.br\/noticias\/#\/schema\/person\/b5c8cba458c330ccff548b056e95a5d4","name":"moacir","image":{"@type":"ImageObject","inLanguage":"pt-BR","@id":"https:\/\/franciscanos.org.br\/noticias\/#\/schema\/person\/image\/","url":"https:\/\/secure.gravatar.com\/avatar\/d08aa2ce4c8dd416d4479aa8536fcf64?s=96&d=mm&r=g","contentUrl":"https:\/\/secure.gravatar.com\/avatar\/d08aa2ce4c8dd416d4479aa8536fcf64?s=96&d=mm&r=g","caption":"moacir"},"url":"https:\/\/franciscanos.org.br\/noticias\/author\/moacir"}]}},"_links":{"self":[{"href":"https:\/\/franciscanos.org.br\/noticias\/wp-json\/wp\/v2\/posts\/228193"}],"collection":[{"href":"https:\/\/franciscanos.org.br\/noticias\/wp-json\/wp\/v2\/posts"}],"about":[{"href":"https:\/\/franciscanos.org.br\/noticias\/wp-json\/wp\/v2\/types\/post"}],"author":[{"embeddable":true,"href":"https:\/\/franciscanos.org.br\/noticias\/wp-json\/wp\/v2\/users\/3"}],"replies":[{"embeddable":true,"href":"https:\/\/franciscanos.org.br\/noticias\/wp-json\/wp\/v2\/comments?post=228193"}],"version-history":[{"count":3,"href":"https:\/\/franciscanos.org.br\/noticias\/wp-json\/wp\/v2\/posts\/228193\/revisions"}],"predecessor-version":[{"id":228200,"href":"https:\/\/franciscanos.org.br\/noticias\/wp-json\/wp\/v2\/posts\/228193\/revisions\/228200"}],"wp:featuredmedia":[{"embeddable":true,"href":"https:\/\/franciscanos.org.br\/noticias\/wp-json\/wp\/v2\/media\/228197"}],"wp:attachment":[{"href":"https:\/\/franciscanos.org.br\/noticias\/wp-json\/wp\/v2\/media?parent=228193"}],"wp:term":[{"taxonomy":"category","embeddable":true,"href":"https:\/\/franciscanos.org.br\/noticias\/wp-json\/wp\/v2\/categories?post=228193"},{"taxonomy":"post_tag","embeddable":true,"href":"https:\/\/franciscanos.org.br\/noticias\/wp-json\/wp\/v2\/tags?post=228193"}],"curies":[{"name":"wp","href":"https:\/\/api.w.org\/{rel}","templated":true}]}}