{"id":228180,"date":"2020-09-05T07:58:42","date_gmt":"2020-09-05T10:58:42","guid":{"rendered":"https:\/\/franciscanos.org.br\/noticias\/?p=228180"},"modified":"2021-08-29T10:44:39","modified_gmt":"2021-08-29T13:44:39","slug":"papa-volta-a-assis-no-dia-3-de-outubro-para-lancar-a-encilica-irmaos-todos","status":"publish","type":"post","link":"https:\/\/franciscanos.org.br\/noticias\/papa-volta-a-assis-no-dia-3-de-outubro-para-lancar-a-encilica-irmaos-todos.html","title":{"rendered":"Papa volta a Assis no dia 3 de outubro para lan\u00e7ar a enc\u00edclica \u201cFratelli tutti\u201d"},"content":{"rendered":"<div id=\"attachment_228182\" style=\"width: 1290px\" class=\"wp-caption alignnone\"><img aria-describedby=\"caption-attachment-228182\" loading=\"lazy\" class=\"wp-image-228182 size-full\" src=\"https:\/\/franciscanos.org.br\/noticias\/wp-content\/uploads\/2020\/09\/basilica_0509.jpg\" alt=\"\" width=\"1280\" height=\"720\" srcset=\"https:\/\/franciscanos.org.br\/noticias\/wp-content\/uploads\/2020\/09\/basilica_0509.jpg 1280w, https:\/\/franciscanos.org.br\/noticias\/wp-content\/uploads\/2020\/09\/basilica_0509-450x253.jpg 450w, https:\/\/franciscanos.org.br\/noticias\/wp-content\/uploads\/2020\/09\/basilica_0509-1024x576.jpg 1024w, https:\/\/franciscanos.org.br\/noticias\/wp-content\/uploads\/2020\/09\/basilica_0509-768x432.jpg 768w, https:\/\/franciscanos.org.br\/noticias\/wp-content\/uploads\/2020\/09\/basilica_0509-150x84.jpg 150w\" sizes=\"(max-width: 1280px) 100vw, 1280px\" \/><p id=\"caption-attachment-228182\" class=\"wp-caption-text\">\u00a0 \u00a0 \u00a0 \u00a0 \u00a0 \u00a0 \u00a0 \u00a0 \u00a0 \u00a0 \u00a0 \u00a0 \u00a0 \u00a0 \u00a0 \u00a0 \u00a0 \u00a0 \u00a0 \u00a0 \u00a0 \u00a0 \u00a0 \u00a0 \u00a0 \u00a0 \u00a0 \u00a0 \u00a0 \u00a0 \u00a0 \u00a0 \u00a0 \u00a0 \u00a0 \u00a0 \u00a0 \u00a0 \u00a0 \u00a0 \u00a0 \u00a0 \u00a0 \u00a0 \u00a0 \u00a0 \u00a0 \u00a0 \u00a0 \u00a0<em> \u00a0 \u00a0 \u00a0 \u00a0Imagem: Acervo Prov\u00edncia<\/em><\/p><\/div>\n<p>Sobre o t\u00famulo de S\u00e3o Francisco de Assis que viu a fraternidade em cada criatura de Deus e a transformou em um canto sem tempo. Inicia dali a nova etapa do Magist\u00e9rio do Papa que escolheu carregar o nome do Santo da \u00dambria. Depois da \u201cLumen fidei\u201d (2013) e \u201cLaudato Si&#8217;\u201d (2015) &#8211; que ecoa no t\u00edtulo o in\u00edcio do C\u00e2ntico dos C\u00e2nticos &#8211; desta vez \u00e9 a cidade do Pobrezinho que batizar\u00e1 a terceira <strong>Enc\u00edclica Irm\u00e3o todos<\/strong>&#8230;, que o Papa assinar\u00e1 na tarde do dia 3 de outubro, depois de chegar a Assis \u00e0s 15h e celebrar a Santa Missa na Bas\u00edlica inferior. Uma celebra\u00e7\u00e3o ainda condicionada pela pandemia, j\u00e1 que a Prefeitura da Casa Pontif\u00edcia refere em uma declara\u00e7\u00e3o o desejo de Francisco de que a visita &#8220;se realize de forma privada, sem qualquer participa\u00e7\u00e3o dos fi\u00e9is&#8221;, &#8220;por causa da situa\u00e7\u00e3o de sa\u00fade&#8221;.<\/p>\n<p><strong>No cora\u00e7\u00e3o de um magist\u00e9rio<\/strong><br \/>\nO t\u00edtulo do \u00faltimo documento se refere a um valor central do Magist\u00e9rio de Francisco, que na noite de sua elei\u00e7\u00e3o, 13 de mar\u00e7o de 2013, se apresentou ao mundo com a palavra &#8220;irm\u00e3os&#8221;. E irm\u00e3os s\u00e3o os invis\u00edveis que ele abra\u00e7a em Lampedusa, os imigrantes, em sua primeira sa\u00edda como Pont\u00edfice. Tamb\u00e9m Shimon Peres e Abu Mazen que apertam juntos a m\u00e3o com o Papa em 2014 s\u00e3o um exemplo dessa fraternidade que tem a paz como meta. At\u00e9 a Declara\u00e7\u00e3o de Abu Dhabi do ano passado, tamb\u00e9m neste caso um documento sobre a &#8220;fraternidade humana&#8221; que, disse Francisco, &#8220;nasce da f\u00e9 em Deus que \u00e9 Pai de todos e Pai da paz&#8221;.<\/p>\n<p><strong>Sorrentino: do gesto do Papa, a for\u00e7a para recome\u00e7ar<\/strong><br \/>\nCom a de 3 de outubro ser\u00e3o quatro as visitas do Papa a Assis, ap\u00f3s as etapas de 4 de outubro de 2013 e a dupla visita de 2016, 4 de agosto e 20 de setembro. Um retorno que o bispo da cidade, Dom Domenico Sorrentino, espera com &#8220;emo\u00e7\u00e3o e gratid\u00e3o&#8221;, como se l\u00ea em uma declara\u00e7\u00e3o. &#8220;Enquanto o mundo sofre uma pandemia que coloca tantos povos em dificuldade e nos faz sentir irm\u00e3os na dor, n\u00e3o podemos deixar de sentir a necessidade de nos tornarmos acima de tudo irm\u00e3os no amor&#8221;, escreve Dom Sorrentino, que fala da &#8220;fraternidade c\u00f3smica&#8221; de S\u00e3o Francisco. &#8220;Este gesto do Papa Francisco &#8211; conclui o bispo de Assis &#8211; nos d\u00e1 nova coragem e for\u00e7a para &#8216;reiniciar&#8217; em nome da fraternidade que nos une a todos&#8221;.<\/p>\n<hr \/>\n<p><em>Fonte: Vatican News<\/em><\/p>\n","protected":false},"excerpt":{"rendered":"<p>Nova Enc\u00edclica do Papa Francisco <\/p>\n","protected":false},"author":3,"featured_media":228181,"comment_status":"open","ping_status":"open","sticky":false,"template":"","format":"standard","meta":[],"categories":[1428],"tags":[1249],"acf":[],"yoast_head":"<!-- This site is optimized with the Yoast SEO plugin v19.2 - https:\/\/yoast.com\/wordpress\/plugins\/seo\/ -->\n<title>Papa volta a Assis no dia 3 de outubro para lan\u00e7ar a enc\u00edclica \u201cFratelli tutti\u201d - Not\u00edcias - Franciscanos<\/title>\n<meta name=\"robots\" content=\"index, follow, max-snippet:-1, max-image-preview:large, max-video-preview:-1\" \/>\n<link rel=\"canonical\" href=\"https:\/\/franciscanos.org.br\/noticias\/papa-volta-a-assis-no-dia-3-de-outubro-para-lancar-a-encilica-irmaos-todos.html\" \/>\n<meta property=\"og:locale\" content=\"pt_BR\" \/>\n<meta property=\"og:type\" content=\"article\" \/>\n<meta property=\"og:title\" content=\"Papa volta a Assis no dia 3 de outubro para lan\u00e7ar a enc\u00edclica \u201cFratelli tutti\u201d - Not\u00edcias - Franciscanos\" \/>\n<meta property=\"og:description\" content=\"Nova Enc\u00edclica do Papa Francisco\" \/>\n<meta property=\"og:url\" content=\"https:\/\/franciscanos.org.br\/noticias\/papa-volta-a-assis-no-dia-3-de-outubro-para-lancar-a-encilica-irmaos-todos.html\" \/>\n<meta property=\"og:site_name\" content=\"Not\u00edcias - Franciscanos\" \/>\n<meta property=\"article:published_time\" content=\"2020-09-05T10:58:42+00:00\" \/>\n<meta property=\"article:modified_time\" content=\"2021-08-29T13:44:39+00:00\" \/>\n<meta property=\"og:image\" content=\"https:\/\/franciscanos.org.br\/noticias\/wp-content\/uploads\/2020\/09\/basilica_0509d.jpg\" \/>\n\t<meta property=\"og:image:width\" content=\"800\" \/>\n\t<meta property=\"og:image:height\" content=\"600\" \/>\n\t<meta property=\"og:image:type\" content=\"image\/jpeg\" \/>\n<meta name=\"author\" content=\"moacir\" \/>\n<meta name=\"twitter:card\" content=\"summary_large_image\" \/>\n<meta name=\"twitter:label1\" content=\"Escrito por\" \/>\n\t<meta name=\"twitter:data1\" content=\"moacir\" \/>\n\t<meta name=\"twitter:label2\" content=\"Est. tempo de leitura\" \/>\n\t<meta name=\"twitter:data2\" content=\"2 minutos\" \/>\n<script type=\"application\/ld+json\" class=\"yoast-schema-graph\">{\"@context\":\"https:\/\/schema.org\",\"@graph\":[{\"@type\":\"WebSite\",\"@id\":\"https:\/\/franciscanos.org.br\/noticias\/#website\",\"url\":\"https:\/\/franciscanos.org.br\/noticias\/\",\"name\":\"Not\u00edcias - Franciscanos\",\"description\":\"Prov\u00edncia Franciscana da Imaculada Concei\u00e7\u00e3o do Brasil - Ordem dos Frades Menores - OFM\",\"potentialAction\":[{\"@type\":\"SearchAction\",\"target\":{\"@type\":\"EntryPoint\",\"urlTemplate\":\"https:\/\/franciscanos.org.br\/noticias\/?s={search_term_string}\"},\"query-input\":\"required name=search_term_string\"}],\"inLanguage\":\"pt-BR\"},{\"@type\":\"ImageObject\",\"inLanguage\":\"pt-BR\",\"@id\":\"https:\/\/franciscanos.org.br\/noticias\/papa-volta-a-assis-no-dia-3-de-outubro-para-lancar-a-encilica-irmaos-todos.html#primaryimage\",\"url\":\"https:\/\/franciscanos.org.br\/noticias\/wp-content\/uploads\/2020\/09\/basilica_0509d.jpg\",\"contentUrl\":\"https:\/\/franciscanos.org.br\/noticias\/wp-content\/uploads\/2020\/09\/basilica_0509d.jpg\",\"width\":800,\"height\":600},{\"@type\":\"WebPage\",\"@id\":\"https:\/\/franciscanos.org.br\/noticias\/papa-volta-a-assis-no-dia-3-de-outubro-para-lancar-a-encilica-irmaos-todos.html#webpage\",\"url\":\"https:\/\/franciscanos.org.br\/noticias\/papa-volta-a-assis-no-dia-3-de-outubro-para-lancar-a-encilica-irmaos-todos.html\",\"name\":\"Papa volta a Assis no dia 3 de outubro para lan\u00e7ar a enc\u00edclica \u201cFratelli tutti\u201d - Not\u00edcias - Franciscanos\",\"isPartOf\":{\"@id\":\"https:\/\/franciscanos.org.br\/noticias\/#website\"},\"primaryImageOfPage\":{\"@id\":\"https:\/\/franciscanos.org.br\/noticias\/papa-volta-a-assis-no-dia-3-de-outubro-para-lancar-a-encilica-irmaos-todos.html#primaryimage\"},\"datePublished\":\"2020-09-05T10:58:42+00:00\",\"dateModified\":\"2021-08-29T13:44:39+00:00\",\"author\":{\"@id\":\"https:\/\/franciscanos.org.br\/noticias\/#\/schema\/person\/b5c8cba458c330ccff548b056e95a5d4\"},\"breadcrumb\":{\"@id\":\"https:\/\/franciscanos.org.br\/noticias\/papa-volta-a-assis-no-dia-3-de-outubro-para-lancar-a-encilica-irmaos-todos.html#breadcrumb\"},\"inLanguage\":\"pt-BR\",\"potentialAction\":[{\"@type\":\"ReadAction\",\"target\":[\"https:\/\/franciscanos.org.br\/noticias\/papa-volta-a-assis-no-dia-3-de-outubro-para-lancar-a-encilica-irmaos-todos.html\"]}]},{\"@type\":\"BreadcrumbList\",\"@id\":\"https:\/\/franciscanos.org.br\/noticias\/papa-volta-a-assis-no-dia-3-de-outubro-para-lancar-a-encilica-irmaos-todos.html#breadcrumb\",\"itemListElement\":[{\"@type\":\"ListItem\",\"position\":1,\"name\":\"Home\",\"item\":\"https:\/\/franciscanos.org.br\/noticias\"},{\"@type\":\"ListItem\",\"position\":2,\"name\":\"Papa volta a Assis no dia 3 de outubro para lan\u00e7ar a enc\u00edclica \u201cFratelli tutti\u201d\"}]},{\"@type\":\"Person\",\"@id\":\"https:\/\/franciscanos.org.br\/noticias\/#\/schema\/person\/b5c8cba458c330ccff548b056e95a5d4\",\"name\":\"moacir\",\"image\":{\"@type\":\"ImageObject\",\"inLanguage\":\"pt-BR\",\"@id\":\"https:\/\/franciscanos.org.br\/noticias\/#\/schema\/person\/image\/\",\"url\":\"https:\/\/secure.gravatar.com\/avatar\/d08aa2ce4c8dd416d4479aa8536fcf64?s=96&d=mm&r=g\",\"contentUrl\":\"https:\/\/secure.gravatar.com\/avatar\/d08aa2ce4c8dd416d4479aa8536fcf64?s=96&d=mm&r=g\",\"caption\":\"moacir\"},\"url\":\"https:\/\/franciscanos.org.br\/noticias\/author\/moacir\"}]}<\/script>\n<!-- \/ Yoast SEO plugin. -->","yoast_head_json":{"title":"Papa volta a Assis no dia 3 de outubro para lan\u00e7ar a enc\u00edclica \u201cFratelli tutti\u201d - Not\u00edcias - Franciscanos","robots":{"index":"index","follow":"follow","max-snippet":"max-snippet:-1","max-image-preview":"max-image-preview:large","max-video-preview":"max-video-preview:-1"},"canonical":"https:\/\/franciscanos.org.br\/noticias\/papa-volta-a-assis-no-dia-3-de-outubro-para-lancar-a-encilica-irmaos-todos.html","og_locale":"pt_BR","og_type":"article","og_title":"Papa volta a Assis no dia 3 de outubro para lan\u00e7ar a enc\u00edclica \u201cFratelli tutti\u201d - Not\u00edcias - Franciscanos","og_description":"Nova Enc\u00edclica do Papa Francisco","og_url":"https:\/\/franciscanos.org.br\/noticias\/papa-volta-a-assis-no-dia-3-de-outubro-para-lancar-a-encilica-irmaos-todos.html","og_site_name":"Not\u00edcias - Franciscanos","article_published_time":"2020-09-05T10:58:42+00:00","article_modified_time":"2021-08-29T13:44:39+00:00","og_image":[{"width":800,"height":600,"url":"https:\/\/franciscanos.org.br\/noticias\/wp-content\/uploads\/2020\/09\/basilica_0509d.jpg","type":"image\/jpeg"}],"author":"moacir","twitter_card":"summary_large_image","twitter_misc":{"Escrito por":"moacir","Est. tempo de leitura":"2 minutos"},"schema":{"@context":"https:\/\/schema.org","@graph":[{"@type":"WebSite","@id":"https:\/\/franciscanos.org.br\/noticias\/#website","url":"https:\/\/franciscanos.org.br\/noticias\/","name":"Not\u00edcias - Franciscanos","description":"Prov\u00edncia Franciscana da Imaculada Concei\u00e7\u00e3o do Brasil - Ordem dos Frades Menores - OFM","potentialAction":[{"@type":"SearchAction","target":{"@type":"EntryPoint","urlTemplate":"https:\/\/franciscanos.org.br\/noticias\/?s={search_term_string}"},"query-input":"required name=search_term_string"}],"inLanguage":"pt-BR"},{"@type":"ImageObject","inLanguage":"pt-BR","@id":"https:\/\/franciscanos.org.br\/noticias\/papa-volta-a-assis-no-dia-3-de-outubro-para-lancar-a-encilica-irmaos-todos.html#primaryimage","url":"https:\/\/franciscanos.org.br\/noticias\/wp-content\/uploads\/2020\/09\/basilica_0509d.jpg","contentUrl":"https:\/\/franciscanos.org.br\/noticias\/wp-content\/uploads\/2020\/09\/basilica_0509d.jpg","width":800,"height":600},{"@type":"WebPage","@id":"https:\/\/franciscanos.org.br\/noticias\/papa-volta-a-assis-no-dia-3-de-outubro-para-lancar-a-encilica-irmaos-todos.html#webpage","url":"https:\/\/franciscanos.org.br\/noticias\/papa-volta-a-assis-no-dia-3-de-outubro-para-lancar-a-encilica-irmaos-todos.html","name":"Papa volta a Assis no dia 3 de outubro para lan\u00e7ar a enc\u00edclica \u201cFratelli tutti\u201d - Not\u00edcias - Franciscanos","isPartOf":{"@id":"https:\/\/franciscanos.org.br\/noticias\/#website"},"primaryImageOfPage":{"@id":"https:\/\/franciscanos.org.br\/noticias\/papa-volta-a-assis-no-dia-3-de-outubro-para-lancar-a-encilica-irmaos-todos.html#primaryimage"},"datePublished":"2020-09-05T10:58:42+00:00","dateModified":"2021-08-29T13:44:39+00:00","author":{"@id":"https:\/\/franciscanos.org.br\/noticias\/#\/schema\/person\/b5c8cba458c330ccff548b056e95a5d4"},"breadcrumb":{"@id":"https:\/\/franciscanos.org.br\/noticias\/papa-volta-a-assis-no-dia-3-de-outubro-para-lancar-a-encilica-irmaos-todos.html#breadcrumb"},"inLanguage":"pt-BR","potentialAction":[{"@type":"ReadAction","target":["https:\/\/franciscanos.org.br\/noticias\/papa-volta-a-assis-no-dia-3-de-outubro-para-lancar-a-encilica-irmaos-todos.html"]}]},{"@type":"BreadcrumbList","@id":"https:\/\/franciscanos.org.br\/noticias\/papa-volta-a-assis-no-dia-3-de-outubro-para-lancar-a-encilica-irmaos-todos.html#breadcrumb","itemListElement":[{"@type":"ListItem","position":1,"name":"Home","item":"https:\/\/franciscanos.org.br\/noticias"},{"@type":"ListItem","position":2,"name":"Papa volta a Assis no dia 3 de outubro para lan\u00e7ar a enc\u00edclica \u201cFratelli tutti\u201d"}]},{"@type":"Person","@id":"https:\/\/franciscanos.org.br\/noticias\/#\/schema\/person\/b5c8cba458c330ccff548b056e95a5d4","name":"moacir","image":{"@type":"ImageObject","inLanguage":"pt-BR","@id":"https:\/\/franciscanos.org.br\/noticias\/#\/schema\/person\/image\/","url":"https:\/\/secure.gravatar.com\/avatar\/d08aa2ce4c8dd416d4479aa8536fcf64?s=96&d=mm&r=g","contentUrl":"https:\/\/secure.gravatar.com\/avatar\/d08aa2ce4c8dd416d4479aa8536fcf64?s=96&d=mm&r=g","caption":"moacir"},"url":"https:\/\/franciscanos.org.br\/noticias\/author\/moacir"}]}},"_links":{"self":[{"href":"https:\/\/franciscanos.org.br\/noticias\/wp-json\/wp\/v2\/posts\/228180"}],"collection":[{"href":"https:\/\/franciscanos.org.br\/noticias\/wp-json\/wp\/v2\/posts"}],"about":[{"href":"https:\/\/franciscanos.org.br\/noticias\/wp-json\/wp\/v2\/types\/post"}],"author":[{"embeddable":true,"href":"https:\/\/franciscanos.org.br\/noticias\/wp-json\/wp\/v2\/users\/3"}],"replies":[{"embeddable":true,"href":"https:\/\/franciscanos.org.br\/noticias\/wp-json\/wp\/v2\/comments?post=228180"}],"version-history":[{"count":4,"href":"https:\/\/franciscanos.org.br\/noticias\/wp-json\/wp\/v2\/posts\/228180\/revisions"}],"predecessor-version":[{"id":233962,"href":"https:\/\/franciscanos.org.br\/noticias\/wp-json\/wp\/v2\/posts\/228180\/revisions\/233962"}],"wp:featuredmedia":[{"embeddable":true,"href":"https:\/\/franciscanos.org.br\/noticias\/wp-json\/wp\/v2\/media\/228181"}],"wp:attachment":[{"href":"https:\/\/franciscanos.org.br\/noticias\/wp-json\/wp\/v2\/media?parent=228180"}],"wp:term":[{"taxonomy":"category","embeddable":true,"href":"https:\/\/franciscanos.org.br\/noticias\/wp-json\/wp\/v2\/categories?post=228180"},{"taxonomy":"post_tag","embeddable":true,"href":"https:\/\/franciscanos.org.br\/noticias\/wp-json\/wp\/v2\/tags?post=228180"}],"curies":[{"name":"wp","href":"https:\/\/api.w.org\/{rel}","templated":true}]}}