{"id":228171,"date":"2020-09-04T07:04:31","date_gmt":"2020-09-04T10:04:31","guid":{"rendered":"https:\/\/franciscanos.org.br\/noticias\/?p=228171"},"modified":"2020-09-04T07:06:25","modified_gmt":"2020-09-04T10:06:25","slug":"unifag-recebe-habilitacao-para-realizacao-de-testes-para-diagnostico-da-covid-19","status":"publish","type":"post","link":"https:\/\/franciscanos.org.br\/noticias\/unifag-recebe-habilitacao-para-realizacao-de-testes-para-diagnostico-da-covid-19.html","title":{"rendered":"UNIFAG recebe\u00a0 habilita\u00e7\u00e3o para realiza\u00e7\u00e3o de testes para diagn\u00f3stico da Covid-19"},"content":{"rendered":"<p dir=\"ltr\"><img loading=\"lazy\" class=\"alignright size-full wp-image-228172\" src=\"https:\/\/franciscanos.org.br\/noticias\/wp-content\/uploads\/2020\/09\/usf_0409.jpg\" alt=\"\" width=\"450\" height=\"600\" srcset=\"https:\/\/franciscanos.org.br\/noticias\/wp-content\/uploads\/2020\/09\/usf_0409.jpg 450w, https:\/\/franciscanos.org.br\/noticias\/wp-content\/uploads\/2020\/09\/usf_0409-338x450.jpg 338w, https:\/\/franciscanos.org.br\/noticias\/wp-content\/uploads\/2020\/09\/usf_0409-150x200.jpg 150w\" sizes=\"(max-width: 450px) 100vw, 450px\" \/><\/p>\n<p dir=\"ltr\"><strong>Bragan\u00e7a Paulista (SP)<\/strong> &#8211; A Unidade de Pesquisa da Universidade S\u00e3o Francisco (USF), Unidade Integrada de Farmacologia e Gastroenterologia (UNIFAG), em parceria com o Programa de P\u00f3s-Gradua\u00e7\u00e3o Stricto Sensu em Ci\u00eancias da Sa\u00fade da USF, recebeu a habilita\u00e7\u00e3o do Instituto Adolfo Lutz (IAL)para a realiza\u00e7\u00e3o da identifica\u00e7\u00e3o do v\u00edrus SARS-CoV-2 e do diagn\u00f3stico laboratorial da Covid-19. O Instituto \u00e9 o \u00f3rg\u00e3o respons\u00e1vel por certificar os laborat\u00f3rios no Brasil.<\/p>\n<p dir=\"ltr\">Para receber a habilita\u00e7\u00e3o, a UNIFAG atendeu a uma s\u00e9rie de requisitos, envolvendo infraestrutura, normas de biosseguran\u00e7a, qualifica\u00e7\u00e3o de profissionais, entre outros itens considerados requisitos m\u00ednimos pelo IAL para a realiza\u00e7\u00e3o do diagn\u00f3stico da Covid-19, atrav\u00e9s do exame de RT-PCR. Este exame \u00e9 considerado atualmente o \u201cpadr\u00e3o-ouro\u201d para identifica\u00e7\u00e3o do v\u00edrus SARS-CoV-2.<\/p>\n<p dir=\"ltr\">A UNIFAG realizar\u00e1 os testes em participantes dos estudos de biodisponibilidade e bioequival\u00eancia, que s\u00e3o necess\u00e1rios para o registro de medicamentos gen\u00e9ricos e similares no Brasil, assim como para pesquisas acad\u00eamicas. Atualmente, a Anvisa recomendou a ado\u00e7\u00e3o de procedimentos especiais para a continuidade destas pesquisas, dentre os quais destaca-se a realiza\u00e7\u00e3o de testagem RT-PCR para SARS-COV-2, imediatamente antes da admiss\u00e3o dos participantes de pesquisa. Assim, cada participante passa por entrevista para avalia\u00e7\u00e3o m\u00e9dica, quando s\u00e3o realizados mais de 20 exames laboratoriais e, agora, entre eles o exame de RT-PCR para diagn\u00f3stico da Covid-19.<\/p>\n<p dir=\"ltr\">A Unidade Integrada tamb\u00e9m tem contribu\u00eddo com a identifica\u00e7\u00e3o de casos no munic\u00edpio de Bragan\u00e7a Paulista e arredores. Casos positivos de Covid-19 s\u00e3o notificados para a Divis\u00e3o de Vigil\u00e2ncia Epidemiol\u00f3gica e Controle de Doen\u00e7as da Prefeitura Municipal de Bragan\u00e7a Paulista (DIVE), auxiliando na identifica\u00e7\u00e3o de casos assintom\u00e1ticos. \u201cH\u00e1 mais de 20 anos a UNIFAG, atrav\u00e9s dos estudos cl\u00ednicos que\u00a0 realiza, contribui para o desenvolvimento cient\u00edfico e tecnol\u00f3gico na \u00e1rea da sa\u00fade e para a democratiza\u00e7\u00e3o do acesso aos medicamentos; a partir de agora, com a implanta\u00e7\u00e3o deste novo servi\u00e7o de diagn\u00f3stico, ser\u00e1 poss\u00edvel, al\u00e9m de garantir a seguran\u00e7a dos participantes do nossos estudos, tamb\u00e9m apoiar os servi\u00e7os municipais de sa\u00fade da regi\u00e3o bragantina no enfrentamento dessa emerg\u00eancia de sa\u00fade p\u00fablica\u201d, comenta a Profa. Dra. M\u00e1rcia Aparecida Ant\u00f4nio, pesquisadora principal da UNIFAG.<\/p>\n<p dir=\"ltr\"><strong>Laborat\u00f3rio de Biologia Molecular para os testes de Covid-19<\/strong><\/p>\n<p dir=\"ltr\">A partir da parceria\u00a0 entre a UNIFAG e o Programa de P\u00f3s-Gradua\u00e7\u00e3o Stricto Sensu em Ci\u00eancias da Sa\u00fade (Mestrado e Doutorado) da Universidade S\u00e3o Francisco (USF) foi poss\u00edvel implantar um novo Laborat\u00f3rio de Biologia Molecular, onde poder\u00e3o ser desenvolvidas pesquisas com v\u00edrus, bact\u00e9rias ou outros pat\u00f3genos, sendo poss\u00edvel realizar diagn\u00f3stico da Covid-19 atrav\u00e9s da identifica\u00e7\u00e3o do SARS-CoV-2 por meio de exame de RT-PCR.<\/p>\n<p dir=\"ltr\">Os equipamentos de an\u00e1lise s\u00e3o utilizados tamb\u00e9m para outras pesquisas do Programa de P\u00f3s-Gradua\u00e7\u00e3o Stricto Sensu em Ci\u00eancias da Sa\u00fade (Mestrado e Doutorado) da USF. Toda a reestrutura\u00e7\u00e3o do espa\u00e7o foi realizada em um per\u00edodo de um m\u00eas.<\/p>\n<hr \/>\n<p dir=\"ltr\"><em>Ana Paula Moreira<\/em><\/p>\n","protected":false},"excerpt":{"rendered":"<p>Universidade S\u00e3o Francisco<\/p>\n","protected":false},"author":3,"featured_media":228173,"comment_status":"open","ping_status":"open","sticky":false,"template":"","format":"standard","meta":[],"categories":[1],"tags":[354],"acf":[],"yoast_head":"<!-- This site is optimized with the Yoast SEO plugin v19.2 - https:\/\/yoast.com\/wordpress\/plugins\/seo\/ -->\n<title>UNIFAG recebe\u00a0 habilita\u00e7\u00e3o para realiza\u00e7\u00e3o de testes para diagn\u00f3stico da Covid-19 - Not\u00edcias - Franciscanos<\/title>\n<meta name=\"robots\" content=\"index, follow, max-snippet:-1, max-image-preview:large, max-video-preview:-1\" \/>\n<link rel=\"canonical\" href=\"https:\/\/franciscanos.org.br\/noticias\/unifag-recebe-habilitacao-para-realizacao-de-testes-para-diagnostico-da-covid-19.html\" \/>\n<meta property=\"og:locale\" content=\"pt_BR\" \/>\n<meta property=\"og:type\" content=\"article\" \/>\n<meta property=\"og:title\" content=\"UNIFAG recebe\u00a0 habilita\u00e7\u00e3o para realiza\u00e7\u00e3o de testes para diagn\u00f3stico da Covid-19 - Not\u00edcias - Franciscanos\" \/>\n<meta property=\"og:description\" content=\"Universidade S\u00e3o Francisco\" \/>\n<meta property=\"og:url\" content=\"https:\/\/franciscanos.org.br\/noticias\/unifag-recebe-habilitacao-para-realizacao-de-testes-para-diagnostico-da-covid-19.html\" \/>\n<meta property=\"og:site_name\" content=\"Not\u00edcias - Franciscanos\" \/>\n<meta property=\"article:published_time\" content=\"2020-09-04T10:04:31+00:00\" \/>\n<meta property=\"article:modified_time\" content=\"2020-09-04T10:06:25+00:00\" \/>\n<meta property=\"og:image\" content=\"https:\/\/franciscanos.org.br\/noticias\/wp-content\/uploads\/2020\/09\/usf_0409d.jpg\" \/>\n\t<meta property=\"og:image:width\" content=\"800\" \/>\n\t<meta property=\"og:image:height\" content=\"601\" \/>\n\t<meta property=\"og:image:type\" content=\"image\/jpeg\" \/>\n<meta name=\"author\" content=\"moacir\" \/>\n<meta name=\"twitter:card\" content=\"summary_large_image\" \/>\n<meta name=\"twitter:label1\" content=\"Escrito por\" \/>\n\t<meta name=\"twitter:data1\" content=\"moacir\" \/>\n\t<meta name=\"twitter:label2\" content=\"Est. tempo de leitura\" \/>\n\t<meta name=\"twitter:data2\" content=\"3 minutos\" \/>\n<script type=\"application\/ld+json\" class=\"yoast-schema-graph\">{\"@context\":\"https:\/\/schema.org\",\"@graph\":[{\"@type\":\"WebSite\",\"@id\":\"https:\/\/franciscanos.org.br\/noticias\/#website\",\"url\":\"https:\/\/franciscanos.org.br\/noticias\/\",\"name\":\"Not\u00edcias - Franciscanos\",\"description\":\"Prov\u00edncia Franciscana da Imaculada Concei\u00e7\u00e3o do Brasil - Ordem dos Frades Menores - OFM\",\"potentialAction\":[{\"@type\":\"SearchAction\",\"target\":{\"@type\":\"EntryPoint\",\"urlTemplate\":\"https:\/\/franciscanos.org.br\/noticias\/?s={search_term_string}\"},\"query-input\":\"required name=search_term_string\"}],\"inLanguage\":\"pt-BR\"},{\"@type\":\"ImageObject\",\"inLanguage\":\"pt-BR\",\"@id\":\"https:\/\/franciscanos.org.br\/noticias\/unifag-recebe-habilitacao-para-realizacao-de-testes-para-diagnostico-da-covid-19.html#primaryimage\",\"url\":\"https:\/\/franciscanos.org.br\/noticias\/wp-content\/uploads\/2020\/09\/usf_0409d.jpg\",\"contentUrl\":\"https:\/\/franciscanos.org.br\/noticias\/wp-content\/uploads\/2020\/09\/usf_0409d.jpg\",\"width\":800,\"height\":601},{\"@type\":\"WebPage\",\"@id\":\"https:\/\/franciscanos.org.br\/noticias\/unifag-recebe-habilitacao-para-realizacao-de-testes-para-diagnostico-da-covid-19.html#webpage\",\"url\":\"https:\/\/franciscanos.org.br\/noticias\/unifag-recebe-habilitacao-para-realizacao-de-testes-para-diagnostico-da-covid-19.html\",\"name\":\"UNIFAG recebe\u00a0 habilita\u00e7\u00e3o para realiza\u00e7\u00e3o de testes para diagn\u00f3stico da Covid-19 - Not\u00edcias - Franciscanos\",\"isPartOf\":{\"@id\":\"https:\/\/franciscanos.org.br\/noticias\/#website\"},\"primaryImageOfPage\":{\"@id\":\"https:\/\/franciscanos.org.br\/noticias\/unifag-recebe-habilitacao-para-realizacao-de-testes-para-diagnostico-da-covid-19.html#primaryimage\"},\"datePublished\":\"2020-09-04T10:04:31+00:00\",\"dateModified\":\"2020-09-04T10:06:25+00:00\",\"author\":{\"@id\":\"https:\/\/franciscanos.org.br\/noticias\/#\/schema\/person\/b5c8cba458c330ccff548b056e95a5d4\"},\"breadcrumb\":{\"@id\":\"https:\/\/franciscanos.org.br\/noticias\/unifag-recebe-habilitacao-para-realizacao-de-testes-para-diagnostico-da-covid-19.html#breadcrumb\"},\"inLanguage\":\"pt-BR\",\"potentialAction\":[{\"@type\":\"ReadAction\",\"target\":[\"https:\/\/franciscanos.org.br\/noticias\/unifag-recebe-habilitacao-para-realizacao-de-testes-para-diagnostico-da-covid-19.html\"]}]},{\"@type\":\"BreadcrumbList\",\"@id\":\"https:\/\/franciscanos.org.br\/noticias\/unifag-recebe-habilitacao-para-realizacao-de-testes-para-diagnostico-da-covid-19.html#breadcrumb\",\"itemListElement\":[{\"@type\":\"ListItem\",\"position\":1,\"name\":\"Home\",\"item\":\"https:\/\/franciscanos.org.br\/noticias\"},{\"@type\":\"ListItem\",\"position\":2,\"name\":\"UNIFAG recebe\u00a0 habilita\u00e7\u00e3o para realiza\u00e7\u00e3o de testes para diagn\u00f3stico da Covid-19\"}]},{\"@type\":\"Person\",\"@id\":\"https:\/\/franciscanos.org.br\/noticias\/#\/schema\/person\/b5c8cba458c330ccff548b056e95a5d4\",\"name\":\"moacir\",\"image\":{\"@type\":\"ImageObject\",\"inLanguage\":\"pt-BR\",\"@id\":\"https:\/\/franciscanos.org.br\/noticias\/#\/schema\/person\/image\/\",\"url\":\"https:\/\/secure.gravatar.com\/avatar\/d08aa2ce4c8dd416d4479aa8536fcf64?s=96&d=mm&r=g\",\"contentUrl\":\"https:\/\/secure.gravatar.com\/avatar\/d08aa2ce4c8dd416d4479aa8536fcf64?s=96&d=mm&r=g\",\"caption\":\"moacir\"},\"url\":\"https:\/\/franciscanos.org.br\/noticias\/author\/moacir\"}]}<\/script>\n<!-- \/ Yoast SEO plugin. -->","yoast_head_json":{"title":"UNIFAG recebe\u00a0 habilita\u00e7\u00e3o para realiza\u00e7\u00e3o de testes para diagn\u00f3stico da Covid-19 - Not\u00edcias - Franciscanos","robots":{"index":"index","follow":"follow","max-snippet":"max-snippet:-1","max-image-preview":"max-image-preview:large","max-video-preview":"max-video-preview:-1"},"canonical":"https:\/\/franciscanos.org.br\/noticias\/unifag-recebe-habilitacao-para-realizacao-de-testes-para-diagnostico-da-covid-19.html","og_locale":"pt_BR","og_type":"article","og_title":"UNIFAG recebe\u00a0 habilita\u00e7\u00e3o para realiza\u00e7\u00e3o de testes para diagn\u00f3stico da Covid-19 - Not\u00edcias - Franciscanos","og_description":"Universidade S\u00e3o Francisco","og_url":"https:\/\/franciscanos.org.br\/noticias\/unifag-recebe-habilitacao-para-realizacao-de-testes-para-diagnostico-da-covid-19.html","og_site_name":"Not\u00edcias - Franciscanos","article_published_time":"2020-09-04T10:04:31+00:00","article_modified_time":"2020-09-04T10:06:25+00:00","og_image":[{"width":800,"height":601,"url":"https:\/\/franciscanos.org.br\/noticias\/wp-content\/uploads\/2020\/09\/usf_0409d.jpg","type":"image\/jpeg"}],"author":"moacir","twitter_card":"summary_large_image","twitter_misc":{"Escrito por":"moacir","Est. tempo de leitura":"3 minutos"},"schema":{"@context":"https:\/\/schema.org","@graph":[{"@type":"WebSite","@id":"https:\/\/franciscanos.org.br\/noticias\/#website","url":"https:\/\/franciscanos.org.br\/noticias\/","name":"Not\u00edcias - Franciscanos","description":"Prov\u00edncia Franciscana da Imaculada Concei\u00e7\u00e3o do Brasil - Ordem dos Frades Menores - OFM","potentialAction":[{"@type":"SearchAction","target":{"@type":"EntryPoint","urlTemplate":"https:\/\/franciscanos.org.br\/noticias\/?s={search_term_string}"},"query-input":"required name=search_term_string"}],"inLanguage":"pt-BR"},{"@type":"ImageObject","inLanguage":"pt-BR","@id":"https:\/\/franciscanos.org.br\/noticias\/unifag-recebe-habilitacao-para-realizacao-de-testes-para-diagnostico-da-covid-19.html#primaryimage","url":"https:\/\/franciscanos.org.br\/noticias\/wp-content\/uploads\/2020\/09\/usf_0409d.jpg","contentUrl":"https:\/\/franciscanos.org.br\/noticias\/wp-content\/uploads\/2020\/09\/usf_0409d.jpg","width":800,"height":601},{"@type":"WebPage","@id":"https:\/\/franciscanos.org.br\/noticias\/unifag-recebe-habilitacao-para-realizacao-de-testes-para-diagnostico-da-covid-19.html#webpage","url":"https:\/\/franciscanos.org.br\/noticias\/unifag-recebe-habilitacao-para-realizacao-de-testes-para-diagnostico-da-covid-19.html","name":"UNIFAG recebe\u00a0 habilita\u00e7\u00e3o para realiza\u00e7\u00e3o de testes para diagn\u00f3stico da Covid-19 - Not\u00edcias - Franciscanos","isPartOf":{"@id":"https:\/\/franciscanos.org.br\/noticias\/#website"},"primaryImageOfPage":{"@id":"https:\/\/franciscanos.org.br\/noticias\/unifag-recebe-habilitacao-para-realizacao-de-testes-para-diagnostico-da-covid-19.html#primaryimage"},"datePublished":"2020-09-04T10:04:31+00:00","dateModified":"2020-09-04T10:06:25+00:00","author":{"@id":"https:\/\/franciscanos.org.br\/noticias\/#\/schema\/person\/b5c8cba458c330ccff548b056e95a5d4"},"breadcrumb":{"@id":"https:\/\/franciscanos.org.br\/noticias\/unifag-recebe-habilitacao-para-realizacao-de-testes-para-diagnostico-da-covid-19.html#breadcrumb"},"inLanguage":"pt-BR","potentialAction":[{"@type":"ReadAction","target":["https:\/\/franciscanos.org.br\/noticias\/unifag-recebe-habilitacao-para-realizacao-de-testes-para-diagnostico-da-covid-19.html"]}]},{"@type":"BreadcrumbList","@id":"https:\/\/franciscanos.org.br\/noticias\/unifag-recebe-habilitacao-para-realizacao-de-testes-para-diagnostico-da-covid-19.html#breadcrumb","itemListElement":[{"@type":"ListItem","position":1,"name":"Home","item":"https:\/\/franciscanos.org.br\/noticias"},{"@type":"ListItem","position":2,"name":"UNIFAG recebe\u00a0 habilita\u00e7\u00e3o para realiza\u00e7\u00e3o de testes para diagn\u00f3stico da Covid-19"}]},{"@type":"Person","@id":"https:\/\/franciscanos.org.br\/noticias\/#\/schema\/person\/b5c8cba458c330ccff548b056e95a5d4","name":"moacir","image":{"@type":"ImageObject","inLanguage":"pt-BR","@id":"https:\/\/franciscanos.org.br\/noticias\/#\/schema\/person\/image\/","url":"https:\/\/secure.gravatar.com\/avatar\/d08aa2ce4c8dd416d4479aa8536fcf64?s=96&d=mm&r=g","contentUrl":"https:\/\/secure.gravatar.com\/avatar\/d08aa2ce4c8dd416d4479aa8536fcf64?s=96&d=mm&r=g","caption":"moacir"},"url":"https:\/\/franciscanos.org.br\/noticias\/author\/moacir"}]}},"_links":{"self":[{"href":"https:\/\/franciscanos.org.br\/noticias\/wp-json\/wp\/v2\/posts\/228171"}],"collection":[{"href":"https:\/\/franciscanos.org.br\/noticias\/wp-json\/wp\/v2\/posts"}],"about":[{"href":"https:\/\/franciscanos.org.br\/noticias\/wp-json\/wp\/v2\/types\/post"}],"author":[{"embeddable":true,"href":"https:\/\/franciscanos.org.br\/noticias\/wp-json\/wp\/v2\/users\/3"}],"replies":[{"embeddable":true,"href":"https:\/\/franciscanos.org.br\/noticias\/wp-json\/wp\/v2\/comments?post=228171"}],"version-history":[{"count":3,"href":"https:\/\/franciscanos.org.br\/noticias\/wp-json\/wp\/v2\/posts\/228171\/revisions"}],"predecessor-version":[{"id":228176,"href":"https:\/\/franciscanos.org.br\/noticias\/wp-json\/wp\/v2\/posts\/228171\/revisions\/228176"}],"wp:featuredmedia":[{"embeddable":true,"href":"https:\/\/franciscanos.org.br\/noticias\/wp-json\/wp\/v2\/media\/228173"}],"wp:attachment":[{"href":"https:\/\/franciscanos.org.br\/noticias\/wp-json\/wp\/v2\/media?parent=228171"}],"wp:term":[{"taxonomy":"category","embeddable":true,"href":"https:\/\/franciscanos.org.br\/noticias\/wp-json\/wp\/v2\/categories?post=228171"},{"taxonomy":"post_tag","embeddable":true,"href":"https:\/\/franciscanos.org.br\/noticias\/wp-json\/wp\/v2\/tags?post=228171"}],"curies":[{"name":"wp","href":"https:\/\/api.w.org\/{rel}","templated":true}]}}