{"id":228133,"date":"2020-09-03T07:31:48","date_gmt":"2020-09-03T10:31:48","guid":{"rendered":"https:\/\/franciscanos.org.br\/noticias\/?p=228133"},"modified":"2021-08-29T10:45:40","modified_gmt":"2021-08-29T13:45:40","slug":"jesuitas-e-franciscanos-se-unem-na-revolucao-laudato-si","status":"publish","type":"post","link":"https:\/\/franciscanos.org.br\/noticias\/jesuitas-e-franciscanos-se-unem-na-revolucao-laudato-si.html","title":{"rendered":"Jesu\u00edtas e franciscanos se unem na \u201cRevolu\u00e7\u00e3o Laudato Si&#8217;\u201d"},"content":{"rendered":"<div id=\"attachment_228134\" style=\"width: 900px\" class=\"wp-caption alignnone\"><img aria-describedby=\"caption-attachment-228134\" loading=\"lazy\" class=\"wp-image-228134 size-full\" src=\"https:\/\/franciscanos.org.br\/noticias\/wp-content\/uploads\/2020\/09\/laudato_0309.png\" alt=\"\" width=\"890\" height=\"500\" srcset=\"https:\/\/franciscanos.org.br\/noticias\/wp-content\/uploads\/2020\/09\/laudato_0309.png 890w, https:\/\/franciscanos.org.br\/noticias\/wp-content\/uploads\/2020\/09\/laudato_0309-450x253.png 450w, https:\/\/franciscanos.org.br\/noticias\/wp-content\/uploads\/2020\/09\/laudato_0309-768x431.png 768w, https:\/\/franciscanos.org.br\/noticias\/wp-content\/uploads\/2020\/09\/laudato_0309-150x84.png 150w\" sizes=\"(max-width: 890px) 100vw, 890px\" \/><p id=\"caption-attachment-228134\" class=\"wp-caption-text\">\u00a0 \u00a0 \u00a0 \u00a0 \u00a0 \u00a0 \u00a0 \u00a0 \u00a0 \u00a0 \u00a0 \u00a0 \u00a0 \u00a0 \u00a0 \u00a0 \u00a0 \u00a0 \u00a0 \u00a0 \u00a0 \u00a0 \u00a0 \u00a0 \u00a0 \u00a0 \u00a0 \u00a0 \u00a0 \u00a0 \u00a0 \u00a0 \u00a0 \u00a0 \u00a0 \u00a0 \u00a0 \u00a0 \u00a0 \u00a0 \u00a0 \u00a0 \u00a0 \u00a0 \u00a0 \u00a0 \u00a0 \u00a0 \u00a0<em> \u00a0 \u00a0 \u00a0 \u00a0 \u00a0 \u00a0 \u00a0 Imagens: Divulga\u00e7\u00e3o OFM<\/em><\/p><\/div>\n<p>Inspirados pela enc\u00edclica <em>Laudato Si&#8217;<\/em> do Papa Francisco, pelo Documento Final do S\u00ednodo para a Amaz\u00f4nia e pela Exorta\u00e7\u00e3o P\u00f3s-Sinodal \u201cQuerida Amaz\u00f4nia\u201d, franciscanos\/as e jesu\u00edtas presentes no Brasil decidiram unir-se para empreender reflex\u00f5es e a\u00e7\u00f5es voltadas \u00e0 luta pela justi\u00e7a socioambiental, contra toda forma de explora\u00e7\u00e3o e desigualdade socioecon\u00f4mica, contra toda express\u00e3o de racismo e em defesa dos povos ind\u00edgenas e da democracia.<\/p>\n<div class=\"article__text\">\n<p>A uni\u00e3o de franciscanos\/as e jesu\u00edtas insere-se em um movimento internacional \u2013 a <em>\u201cLaudato Si&#8217; Revolution\u201d<\/em> &#8211; e reveste-se de um grande simbolismo, por aproximar os carismas e as for\u00e7as dos dois grandes santos fundadores &#8211; Francisco e In\u00e1cio \u2013 que se refletem na imagem do Papa Francisco que personifica os dois, enquanto jesu\u00edta escolhendo o nome de Francisco. Tal uni\u00e3o prop\u00f5e uma \u201crevolu\u00e7\u00e3o\u201d que incorpora uma profunda mudan\u00e7a de paradigma no relacionamento com a Terra, nossa \u201ccasa comum\u201d; em defesa dos pobres e exclu\u00eddos, concebendo-os como interlocutores e n\u00e3o apenas destinat\u00e1rios; em defesa dos povos ind\u00edgenas e outras minorias; e, enfim, em defesa da democracia e contra todo tipo de autoritarismo.<\/p>\n<p>Para marcar o lan\u00e7amento dessa uni\u00e3o entre franciscanos\/as e jesu\u00edtas, ser\u00e1 realizado um \u201cwebn\u00e1rio\u201d no dia 30 de setembro, \u00e0s 20 horas, com a presen\u00e7a do Te\u00f3logo Leonardo Boff e da te\u00f3loga Maria Clara Bingemer, que apresentar\u00e3o, alicer\u00e7ados, respectivamente, na espiritualidade franciscana e inaciana, os fundamentos inspiradores desse encontro simb\u00f3lico entre as duas tradi\u00e7\u00f5es. A media\u00e7\u00e3o ser\u00e1 da antrop\u00f3loga Moema Miranda, assessora da Comiss\u00e3o Especial de Ecologia Integral e Minera\u00e7\u00e3o da CNBB e da Rede Eclesial Pan-Amaz\u00f4nica\/Repam-Brasil. As inscri\u00e7\u00f5es podem ser feitas na p\u00e1gina no <strong>facebook: http:\/\/facebook.com\/revolucaolsbrasil<\/strong><\/p>\n<p>Para os idealizadores da uni\u00e3o entre franciscanos\/as e jesu\u00edtas, a \u201cRevolu\u00e7\u00e3o Laudato Si&#8217;\u201d est\u00e1 alinhada em dois caminhos vigorosos movidos por duas espiritualidades que s\u00e3o intensamente convergentes. \u201cDesde o Santo de Assis e o Santo de Loyola, at\u00e9 nossos dias, existe algo de muito profundo que interconecta estes dois caminhos e as pr\u00e1ticas que lhes s\u00e3o inerentes, em um natural enriquecimento m\u00fatuo. A fam\u00edlia inaciana e a fam\u00edlia franciscana se percebem unidas, especialmente, no cuidado com os dons da cria\u00e7\u00e3o, com a casa comum e com a constru\u00e7\u00e3o de rela\u00e7\u00f5es justas e respeitosas\u201d, explicam.<\/p>\n<p><img loading=\"lazy\" class=\"alignnone size-full wp-image-228141\" src=\"https:\/\/franciscanos.org.br\/noticias\/wp-content\/uploads\/2020\/09\/laudato_02.jpg\" alt=\"\" width=\"890\" height=\"890\" srcset=\"https:\/\/franciscanos.org.br\/noticias\/wp-content\/uploads\/2020\/09\/laudato_02.jpg 890w, https:\/\/franciscanos.org.br\/noticias\/wp-content\/uploads\/2020\/09\/laudato_02-450x450.jpg 450w, https:\/\/franciscanos.org.br\/noticias\/wp-content\/uploads\/2020\/09\/laudato_02-300x300.jpg 300w, https:\/\/franciscanos.org.br\/noticias\/wp-content\/uploads\/2020\/09\/laudato_02-768x768.jpg 768w, https:\/\/franciscanos.org.br\/noticias\/wp-content\/uploads\/2020\/09\/laudato_02-150x150.jpg 150w, https:\/\/franciscanos.org.br\/noticias\/wp-content\/uploads\/2020\/09\/laudato_02-100x100.jpg 100w\" sizes=\"(max-width: 890px) 100vw, 890px\" \/><\/p>\n<p>\u00c0 frente da organiza\u00e7\u00e3o da <em>Revolu\u00e7\u00e3o Laudato Si&#8217;<\/em> <em>Brasil<\/em> est\u00e3o o Servi\u00e7o Interfranciscano de Justi\u00e7a, Paz e Ecologia da Confer\u00eancia da Fam\u00edlia Franciscana no Brasil (Sinfrajupe), o Observat\u00f3rio Luciano Mendes de Almeida (OLMA), articulador da Rede de Justi\u00e7a Socioambiental dos Jesu\u00edtas, e o Movimento Cat\u00f3lico Global pelo Clima. S\u00e3o parceiros o programa MAGIS Brasil e a Faculdade Jesu\u00edta de Filosofia e Teologia (FAJE).<\/p>\n<p>Na Carta em que explicitam o sentido e os objetivos da uni\u00e3o entre as duas for\u00e7as, os idealizadores afirmam: \u201cMuitos elementos potentes nos unem. Franciscanos e Jesu\u00edtas possuem uma hist\u00f3ria em comum, s\u00e3o c\u00famplices em uma declarada alian\u00e7a com os pobres, com os descartados de nossa sociedade, com os vulnerabilizados em sua dignidade. Para n\u00f3s, franciscanos e jesu\u00edtas, n\u00e3o existe Revolu\u00e7\u00e3o sem combater os pilares que estruturam as desigualdades de nossa sociedade, n\u00e3o existe Revolu\u00e7\u00e3o longe da defesa da verdadeira democracia, n\u00e3o existe Revolu\u00e7\u00e3o sem caminhar junto aos pobres e perseguidos.<\/p>\n<p>\u00c9 neste contexto de processo din\u00e2mico de caminhada, que franciscanos\/as e jesu\u00edtas entendemos a necessidade de nos unir no projeto <em>Revolu\u00e7\u00e3o Laudato Si&#8217;.<\/em> Entre nossos povos latino-americanos e caribenhos encontramos muitas formas alternativas e respeitosas \u00e0 totalidade de vida, buscas de outros estilos de vida, gerando economias solid\u00e1rias, sustent\u00e1veis e integrais, bem como muitos processos de resist\u00eancia e luta populares contra o modelo consumista e neoliberal.<\/p>\n<p>Construir rela\u00e7\u00f5es justas com os outros e com os Dons da cria\u00e7\u00e3o s\u00e3o elementos imperativos nesta Revolu\u00e7\u00e3o. A coragem de nossos Santos fundadores nos intima para nos alinharmos juntos e abra\u00e7ados nesta mesma miss\u00e3o revolucion\u00e1ria. Que Cristo, nosso Irm\u00e3o Maior e Companheiro ilumine nossos caminhos e nos fa\u00e7a crescer no amor, f\u00e9 e esperan\u00e7a! Que sintamos em profundidade Deus em todas as coisas e sejamos permanentes construtores da paz e do bem.<\/p>\n<hr \/>\n<p>Acesse: <a href=\"https:\/\/www.facebook.com\/revolucaolsbrasil\/\"><strong>https:\/\/www.facebook.com\/revolucaolsbrasil\/<\/strong><\/a><\/p>\n<\/div>\n","protected":false},"excerpt":{"rendered":"<p>Revolu\u00e7\u00e3o Laudato Si&#8217;<\/p>\n","protected":false},"author":3,"featured_media":228135,"comment_status":"open","ping_status":"open","sticky":false,"template":"","format":"standard","meta":[],"categories":[1428],"tags":[1755],"acf":[],"yoast_head":"<!-- This site is optimized with the Yoast SEO plugin v19.2 - https:\/\/yoast.com\/wordpress\/plugins\/seo\/ -->\n<title>Jesu\u00edtas e franciscanos se unem na \u201cRevolu\u00e7\u00e3o Laudato Si&#039;\u201d - Not\u00edcias - Franciscanos<\/title>\n<meta name=\"robots\" content=\"index, follow, max-snippet:-1, max-image-preview:large, max-video-preview:-1\" \/>\n<link rel=\"canonical\" href=\"https:\/\/franciscanos.org.br\/noticias\/jesuitas-e-franciscanos-se-unem-na-revolucao-laudato-si.html\" \/>\n<meta property=\"og:locale\" content=\"pt_BR\" \/>\n<meta property=\"og:type\" content=\"article\" \/>\n<meta property=\"og:title\" content=\"Jesu\u00edtas e franciscanos se unem na \u201cRevolu\u00e7\u00e3o Laudato Si&#039;\u201d - Not\u00edcias - Franciscanos\" \/>\n<meta property=\"og:description\" content=\"Revolu\u00e7\u00e3o Laudato Si&#039;\" \/>\n<meta property=\"og:url\" content=\"https:\/\/franciscanos.org.br\/noticias\/jesuitas-e-franciscanos-se-unem-na-revolucao-laudato-si.html\" \/>\n<meta property=\"og:site_name\" content=\"Not\u00edcias - Franciscanos\" \/>\n<meta property=\"article:published_time\" content=\"2020-09-03T10:31:48+00:00\" \/>\n<meta property=\"article:modified_time\" content=\"2021-08-29T13:45:40+00:00\" \/>\n<meta property=\"og:image\" content=\"https:\/\/franciscanos.org.br\/noticias\/wp-content\/uploads\/2020\/09\/laudato_0309d.png\" \/>\n\t<meta property=\"og:image:width\" content=\"800\" \/>\n\t<meta property=\"og:image:height\" content=\"600\" \/>\n\t<meta property=\"og:image:type\" content=\"image\/png\" \/>\n<meta name=\"author\" content=\"moacir\" \/>\n<meta name=\"twitter:card\" content=\"summary_large_image\" \/>\n<meta name=\"twitter:label1\" content=\"Escrito por\" \/>\n\t<meta name=\"twitter:data1\" content=\"moacir\" \/>\n\t<meta name=\"twitter:label2\" content=\"Est. tempo de leitura\" \/>\n\t<meta name=\"twitter:data2\" content=\"4 minutos\" \/>\n<script type=\"application\/ld+json\" class=\"yoast-schema-graph\">{\"@context\":\"https:\/\/schema.org\",\"@graph\":[{\"@type\":\"WebSite\",\"@id\":\"https:\/\/franciscanos.org.br\/noticias\/#website\",\"url\":\"https:\/\/franciscanos.org.br\/noticias\/\",\"name\":\"Not\u00edcias - Franciscanos\",\"description\":\"Prov\u00edncia Franciscana da Imaculada Concei\u00e7\u00e3o do Brasil - Ordem dos Frades Menores - OFM\",\"potentialAction\":[{\"@type\":\"SearchAction\",\"target\":{\"@type\":\"EntryPoint\",\"urlTemplate\":\"https:\/\/franciscanos.org.br\/noticias\/?s={search_term_string}\"},\"query-input\":\"required name=search_term_string\"}],\"inLanguage\":\"pt-BR\"},{\"@type\":\"ImageObject\",\"inLanguage\":\"pt-BR\",\"@id\":\"https:\/\/franciscanos.org.br\/noticias\/jesuitas-e-franciscanos-se-unem-na-revolucao-laudato-si.html#primaryimage\",\"url\":\"https:\/\/franciscanos.org.br\/noticias\/wp-content\/uploads\/2020\/09\/laudato_0309d.png\",\"contentUrl\":\"https:\/\/franciscanos.org.br\/noticias\/wp-content\/uploads\/2020\/09\/laudato_0309d.png\",\"width\":800,\"height\":600},{\"@type\":\"WebPage\",\"@id\":\"https:\/\/franciscanos.org.br\/noticias\/jesuitas-e-franciscanos-se-unem-na-revolucao-laudato-si.html#webpage\",\"url\":\"https:\/\/franciscanos.org.br\/noticias\/jesuitas-e-franciscanos-se-unem-na-revolucao-laudato-si.html\",\"name\":\"Jesu\u00edtas e franciscanos se unem na \u201cRevolu\u00e7\u00e3o Laudato Si'\u201d - Not\u00edcias - Franciscanos\",\"isPartOf\":{\"@id\":\"https:\/\/franciscanos.org.br\/noticias\/#website\"},\"primaryImageOfPage\":{\"@id\":\"https:\/\/franciscanos.org.br\/noticias\/jesuitas-e-franciscanos-se-unem-na-revolucao-laudato-si.html#primaryimage\"},\"datePublished\":\"2020-09-03T10:31:48+00:00\",\"dateModified\":\"2021-08-29T13:45:40+00:00\",\"author\":{\"@id\":\"https:\/\/franciscanos.org.br\/noticias\/#\/schema\/person\/b5c8cba458c330ccff548b056e95a5d4\"},\"breadcrumb\":{\"@id\":\"https:\/\/franciscanos.org.br\/noticias\/jesuitas-e-franciscanos-se-unem-na-revolucao-laudato-si.html#breadcrumb\"},\"inLanguage\":\"pt-BR\",\"potentialAction\":[{\"@type\":\"ReadAction\",\"target\":[\"https:\/\/franciscanos.org.br\/noticias\/jesuitas-e-franciscanos-se-unem-na-revolucao-laudato-si.html\"]}]},{\"@type\":\"BreadcrumbList\",\"@id\":\"https:\/\/franciscanos.org.br\/noticias\/jesuitas-e-franciscanos-se-unem-na-revolucao-laudato-si.html#breadcrumb\",\"itemListElement\":[{\"@type\":\"ListItem\",\"position\":1,\"name\":\"Home\",\"item\":\"https:\/\/franciscanos.org.br\/noticias\"},{\"@type\":\"ListItem\",\"position\":2,\"name\":\"Jesu\u00edtas e franciscanos se unem na \u201cRevolu\u00e7\u00e3o Laudato Si&#8217;\u201d\"}]},{\"@type\":\"Person\",\"@id\":\"https:\/\/franciscanos.org.br\/noticias\/#\/schema\/person\/b5c8cba458c330ccff548b056e95a5d4\",\"name\":\"moacir\",\"image\":{\"@type\":\"ImageObject\",\"inLanguage\":\"pt-BR\",\"@id\":\"https:\/\/franciscanos.org.br\/noticias\/#\/schema\/person\/image\/\",\"url\":\"https:\/\/secure.gravatar.com\/avatar\/d08aa2ce4c8dd416d4479aa8536fcf64?s=96&d=mm&r=g\",\"contentUrl\":\"https:\/\/secure.gravatar.com\/avatar\/d08aa2ce4c8dd416d4479aa8536fcf64?s=96&d=mm&r=g\",\"caption\":\"moacir\"},\"url\":\"https:\/\/franciscanos.org.br\/noticias\/author\/moacir\"}]}<\/script>\n<!-- \/ Yoast SEO plugin. -->","yoast_head_json":{"title":"Jesu\u00edtas e franciscanos se unem na \u201cRevolu\u00e7\u00e3o Laudato Si'\u201d - Not\u00edcias - Franciscanos","robots":{"index":"index","follow":"follow","max-snippet":"max-snippet:-1","max-image-preview":"max-image-preview:large","max-video-preview":"max-video-preview:-1"},"canonical":"https:\/\/franciscanos.org.br\/noticias\/jesuitas-e-franciscanos-se-unem-na-revolucao-laudato-si.html","og_locale":"pt_BR","og_type":"article","og_title":"Jesu\u00edtas e franciscanos se unem na \u201cRevolu\u00e7\u00e3o Laudato Si'\u201d - Not\u00edcias - Franciscanos","og_description":"Revolu\u00e7\u00e3o Laudato Si'","og_url":"https:\/\/franciscanos.org.br\/noticias\/jesuitas-e-franciscanos-se-unem-na-revolucao-laudato-si.html","og_site_name":"Not\u00edcias - Franciscanos","article_published_time":"2020-09-03T10:31:48+00:00","article_modified_time":"2021-08-29T13:45:40+00:00","og_image":[{"width":800,"height":600,"url":"https:\/\/franciscanos.org.br\/noticias\/wp-content\/uploads\/2020\/09\/laudato_0309d.png","type":"image\/png"}],"author":"moacir","twitter_card":"summary_large_image","twitter_misc":{"Escrito por":"moacir","Est. tempo de leitura":"4 minutos"},"schema":{"@context":"https:\/\/schema.org","@graph":[{"@type":"WebSite","@id":"https:\/\/franciscanos.org.br\/noticias\/#website","url":"https:\/\/franciscanos.org.br\/noticias\/","name":"Not\u00edcias - Franciscanos","description":"Prov\u00edncia Franciscana da Imaculada Concei\u00e7\u00e3o do Brasil - Ordem dos Frades Menores - OFM","potentialAction":[{"@type":"SearchAction","target":{"@type":"EntryPoint","urlTemplate":"https:\/\/franciscanos.org.br\/noticias\/?s={search_term_string}"},"query-input":"required name=search_term_string"}],"inLanguage":"pt-BR"},{"@type":"ImageObject","inLanguage":"pt-BR","@id":"https:\/\/franciscanos.org.br\/noticias\/jesuitas-e-franciscanos-se-unem-na-revolucao-laudato-si.html#primaryimage","url":"https:\/\/franciscanos.org.br\/noticias\/wp-content\/uploads\/2020\/09\/laudato_0309d.png","contentUrl":"https:\/\/franciscanos.org.br\/noticias\/wp-content\/uploads\/2020\/09\/laudato_0309d.png","width":800,"height":600},{"@type":"WebPage","@id":"https:\/\/franciscanos.org.br\/noticias\/jesuitas-e-franciscanos-se-unem-na-revolucao-laudato-si.html#webpage","url":"https:\/\/franciscanos.org.br\/noticias\/jesuitas-e-franciscanos-se-unem-na-revolucao-laudato-si.html","name":"Jesu\u00edtas e franciscanos se unem na \u201cRevolu\u00e7\u00e3o Laudato Si'\u201d - Not\u00edcias - Franciscanos","isPartOf":{"@id":"https:\/\/franciscanos.org.br\/noticias\/#website"},"primaryImageOfPage":{"@id":"https:\/\/franciscanos.org.br\/noticias\/jesuitas-e-franciscanos-se-unem-na-revolucao-laudato-si.html#primaryimage"},"datePublished":"2020-09-03T10:31:48+00:00","dateModified":"2021-08-29T13:45:40+00:00","author":{"@id":"https:\/\/franciscanos.org.br\/noticias\/#\/schema\/person\/b5c8cba458c330ccff548b056e95a5d4"},"breadcrumb":{"@id":"https:\/\/franciscanos.org.br\/noticias\/jesuitas-e-franciscanos-se-unem-na-revolucao-laudato-si.html#breadcrumb"},"inLanguage":"pt-BR","potentialAction":[{"@type":"ReadAction","target":["https:\/\/franciscanos.org.br\/noticias\/jesuitas-e-franciscanos-se-unem-na-revolucao-laudato-si.html"]}]},{"@type":"BreadcrumbList","@id":"https:\/\/franciscanos.org.br\/noticias\/jesuitas-e-franciscanos-se-unem-na-revolucao-laudato-si.html#breadcrumb","itemListElement":[{"@type":"ListItem","position":1,"name":"Home","item":"https:\/\/franciscanos.org.br\/noticias"},{"@type":"ListItem","position":2,"name":"Jesu\u00edtas e franciscanos se unem na \u201cRevolu\u00e7\u00e3o Laudato Si&#8217;\u201d"}]},{"@type":"Person","@id":"https:\/\/franciscanos.org.br\/noticias\/#\/schema\/person\/b5c8cba458c330ccff548b056e95a5d4","name":"moacir","image":{"@type":"ImageObject","inLanguage":"pt-BR","@id":"https:\/\/franciscanos.org.br\/noticias\/#\/schema\/person\/image\/","url":"https:\/\/secure.gravatar.com\/avatar\/d08aa2ce4c8dd416d4479aa8536fcf64?s=96&d=mm&r=g","contentUrl":"https:\/\/secure.gravatar.com\/avatar\/d08aa2ce4c8dd416d4479aa8536fcf64?s=96&d=mm&r=g","caption":"moacir"},"url":"https:\/\/franciscanos.org.br\/noticias\/author\/moacir"}]}},"_links":{"self":[{"href":"https:\/\/franciscanos.org.br\/noticias\/wp-json\/wp\/v2\/posts\/228133"}],"collection":[{"href":"https:\/\/franciscanos.org.br\/noticias\/wp-json\/wp\/v2\/posts"}],"about":[{"href":"https:\/\/franciscanos.org.br\/noticias\/wp-json\/wp\/v2\/types\/post"}],"author":[{"embeddable":true,"href":"https:\/\/franciscanos.org.br\/noticias\/wp-json\/wp\/v2\/users\/3"}],"replies":[{"embeddable":true,"href":"https:\/\/franciscanos.org.br\/noticias\/wp-json\/wp\/v2\/comments?post=228133"}],"version-history":[{"count":7,"href":"https:\/\/franciscanos.org.br\/noticias\/wp-json\/wp\/v2\/posts\/228133\/revisions"}],"predecessor-version":[{"id":233963,"href":"https:\/\/franciscanos.org.br\/noticias\/wp-json\/wp\/v2\/posts\/228133\/revisions\/233963"}],"wp:featuredmedia":[{"embeddable":true,"href":"https:\/\/franciscanos.org.br\/noticias\/wp-json\/wp\/v2\/media\/228135"}],"wp:attachment":[{"href":"https:\/\/franciscanos.org.br\/noticias\/wp-json\/wp\/v2\/media?parent=228133"}],"wp:term":[{"taxonomy":"category","embeddable":true,"href":"https:\/\/franciscanos.org.br\/noticias\/wp-json\/wp\/v2\/categories?post=228133"},{"taxonomy":"post_tag","embeddable":true,"href":"https:\/\/franciscanos.org.br\/noticias\/wp-json\/wp\/v2\/tags?post=228133"}],"curies":[{"name":"wp","href":"https:\/\/api.w.org\/{rel}","templated":true}]}}