{"id":228115,"date":"2020-09-02T09:36:34","date_gmt":"2020-09-02T12:36:34","guid":{"rendered":"https:\/\/franciscanos.org.br\/noticias\/?p=228115"},"modified":"2020-09-03T14:43:29","modified_gmt":"2020-09-03T17:43:29","slug":"lages-varal-solidario-beneficia-dezenas-de-pessoas","status":"publish","type":"post","link":"https:\/\/franciscanos.org.br\/noticias\/lages-varal-solidario-beneficia-dezenas-de-pessoas.html","title":{"rendered":"Lages: Varal Solid\u00e1rio beneficia dezenas de pessoas"},"content":{"rendered":"<p><img loading=\"lazy\" class=\"alignnone size-full wp-image-228116\" src=\"https:\/\/franciscanos.org.br\/noticias\/wp-content\/uploads\/2020\/09\/lages_0209.jpg\" alt=\"\" width=\"1072\" height=\"603\" srcset=\"https:\/\/franciscanos.org.br\/noticias\/wp-content\/uploads\/2020\/09\/lages_0209.jpg 1072w, https:\/\/franciscanos.org.br\/noticias\/wp-content\/uploads\/2020\/09\/lages_0209-450x253.jpg 450w, https:\/\/franciscanos.org.br\/noticias\/wp-content\/uploads\/2020\/09\/lages_0209-1024x576.jpg 1024w, https:\/\/franciscanos.org.br\/noticias\/wp-content\/uploads\/2020\/09\/lages_0209-768x432.jpg 768w, https:\/\/franciscanos.org.br\/noticias\/wp-content\/uploads\/2020\/09\/lages_0209-150x84.jpg 150w\" sizes=\"(max-width: 1072px) 100vw, 1072px\" \/><\/p>\n<p><strong>Lages (SC)<\/strong> &#8211; Uma grande quantidade de roupas masculinas, femininas e infantis, al\u00e9m de cal\u00e7ados, foram doados no s\u00e1bado (29), pela Fraternidade Franciscana da Juventude, grupo da Par\u00f3quia Nossa Senhora Aparecida do Navio, em Lages. A a\u00e7\u00e3o intitulada de Varal Solid\u00e1rio, disp\u00f5e de doa\u00e7\u00e3o para a comunidade lageana. No local, houve um espa\u00e7o de arrecada\u00e7\u00e3o de m\u00e1scaras descart\u00e1veis.<\/p>\n<p>Foram tr\u00eas horas de a\u00e7\u00e3o onde 10 volunt\u00e1rios representaram todo o grupo. Da separa\u00e7\u00e3o, triagem at\u00e9 a organiza\u00e7\u00e3o com os beneficiados, foi uma tarde de intenso trabalho e dedica\u00e7\u00e3o. A l\u00edder de setor na Fraternidade, Krauana Moraes, destacou a import\u00e2ncia de viver essa experi\u00eancia. \u201cDurante a quaresma vivemos a campanha da Fraternidade. O lema de ver, sentir compaix\u00e3o e cuidar deles, nunca fez tanto sentido\u201d. E continua: \u201cSei que esse ano ficar\u00e1 marcado na hist\u00f3ria de todos n\u00f3s, pelas a\u00e7\u00f5es que est\u00e3o sendo desenvolvidas para pessoas desassistidas\u201d, conclui.<\/p>\n<p><img loading=\"lazy\" class=\"alignnone size-full wp-image-228117\" src=\"https:\/\/franciscanos.org.br\/noticias\/wp-content\/uploads\/2020\/09\/lages_0209_2.jpg\" alt=\"\" width=\"1072\" height=\"464\" srcset=\"https:\/\/franciscanos.org.br\/noticias\/wp-content\/uploads\/2020\/09\/lages_0209_2.jpg 1072w, https:\/\/franciscanos.org.br\/noticias\/wp-content\/uploads\/2020\/09\/lages_0209_2-450x195.jpg 450w, https:\/\/franciscanos.org.br\/noticias\/wp-content\/uploads\/2020\/09\/lages_0209_2-1024x443.jpg 1024w, https:\/\/franciscanos.org.br\/noticias\/wp-content\/uploads\/2020\/09\/lages_0209_2-768x332.jpg 768w, https:\/\/franciscanos.org.br\/noticias\/wp-content\/uploads\/2020\/09\/lages_0209_2-150x65.jpg 150w\" sizes=\"(max-width: 1072px) 100vw, 1072px\" \/><\/p>\n<p>Mesmo com a doa\u00e7\u00e3o, uma consider\u00e1vel quantidade de roupas permanece para doa\u00e7\u00e3o. O Instituto Miss\u00e3o Amar o Pr\u00f3ximo \u2013 MAP, ser\u00e1 destino delas. A coordena\u00e7\u00e3o informa a popula\u00e7\u00e3o que caso alguma institui\u00e7\u00e3o, pessoa ou comunidade esteja necessitada, o contato pode ser feito por meio das redes sociais e em seguida ser\u00e3o dados os devidos encaminhamentos.<\/p>\n<p>Na arrecada\u00e7\u00e3o, foram recebidas cerca de 200 m\u00e1scaras descart\u00e1veis. Essas ser\u00e3o destinadas \u00e0 Casas Asilares do munic\u00edpio.<\/p>\n<hr \/>\n<p><em>Setor de Comunica\u00e7\u00e3o\/Fraternidade<\/em><\/p>\n<p><img loading=\"lazy\" class=\"alignnone size-full wp-image-228118\" src=\"https:\/\/franciscanos.org.br\/noticias\/wp-content\/uploads\/2020\/09\/lages_0209_1.jpg\" alt=\"\" width=\"1072\" height=\"712\" srcset=\"https:\/\/franciscanos.org.br\/noticias\/wp-content\/uploads\/2020\/09\/lages_0209_1.jpg 1072w, https:\/\/franciscanos.org.br\/noticias\/wp-content\/uploads\/2020\/09\/lages_0209_1-450x299.jpg 450w, https:\/\/franciscanos.org.br\/noticias\/wp-content\/uploads\/2020\/09\/lages_0209_1-1024x680.jpg 1024w, https:\/\/franciscanos.org.br\/noticias\/wp-content\/uploads\/2020\/09\/lages_0209_1-768x510.jpg 768w, https:\/\/franciscanos.org.br\/noticias\/wp-content\/uploads\/2020\/09\/lages_0209_1-150x100.jpg 150w\" sizes=\"(max-width: 1072px) 100vw, 1072px\" \/><\/p>\n","protected":false},"excerpt":{"rendered":"<p>Par\u00f3quia do Navio de Lages<\/p>\n","protected":false},"author":3,"featured_media":228116,"comment_status":"open","ping_status":"open","sticky":false,"template":"","format":"standard","meta":[],"categories":[1488,1],"tags":[199,1629],"acf":[],"yoast_head":"<!-- This site is optimized with the Yoast SEO plugin v19.2 - https:\/\/yoast.com\/wordpress\/plugins\/seo\/ -->\n<title>Lages: Varal Solid\u00e1rio beneficia dezenas de pessoas - Not\u00edcias - Franciscanos<\/title>\n<meta name=\"robots\" content=\"index, follow, max-snippet:-1, max-image-preview:large, max-video-preview:-1\" \/>\n<link rel=\"canonical\" href=\"https:\/\/franciscanos.org.br\/noticias\/lages-varal-solidario-beneficia-dezenas-de-pessoas.html\" \/>\n<meta property=\"og:locale\" content=\"pt_BR\" \/>\n<meta property=\"og:type\" content=\"article\" \/>\n<meta property=\"og:title\" content=\"Lages: Varal Solid\u00e1rio beneficia dezenas de pessoas - Not\u00edcias - Franciscanos\" \/>\n<meta property=\"og:description\" content=\"Par\u00f3quia do Navio de Lages\" \/>\n<meta property=\"og:url\" content=\"https:\/\/franciscanos.org.br\/noticias\/lages-varal-solidario-beneficia-dezenas-de-pessoas.html\" \/>\n<meta property=\"og:site_name\" content=\"Not\u00edcias - Franciscanos\" \/>\n<meta property=\"article:published_time\" content=\"2020-09-02T12:36:34+00:00\" \/>\n<meta property=\"article:modified_time\" content=\"2020-09-03T17:43:29+00:00\" \/>\n<meta property=\"og:image\" content=\"https:\/\/franciscanos.org.br\/noticias\/wp-content\/uploads\/2020\/09\/lages_0209.jpg\" \/>\n\t<meta property=\"og:image:width\" content=\"1072\" \/>\n\t<meta property=\"og:image:height\" content=\"603\" \/>\n\t<meta property=\"og:image:type\" content=\"image\/jpeg\" \/>\n<meta name=\"author\" content=\"moacir\" \/>\n<meta name=\"twitter:card\" content=\"summary_large_image\" \/>\n<meta name=\"twitter:label1\" content=\"Escrito por\" \/>\n\t<meta name=\"twitter:data1\" content=\"moacir\" \/>\n\t<meta name=\"twitter:label2\" content=\"Est. tempo de leitura\" \/>\n\t<meta name=\"twitter:data2\" content=\"1 minuto\" \/>\n<script type=\"application\/ld+json\" class=\"yoast-schema-graph\">{\"@context\":\"https:\/\/schema.org\",\"@graph\":[{\"@type\":\"WebSite\",\"@id\":\"https:\/\/franciscanos.org.br\/noticias\/#website\",\"url\":\"https:\/\/franciscanos.org.br\/noticias\/\",\"name\":\"Not\u00edcias - Franciscanos\",\"description\":\"Prov\u00edncia Franciscana da Imaculada Concei\u00e7\u00e3o do Brasil - Ordem dos Frades Menores - OFM\",\"potentialAction\":[{\"@type\":\"SearchAction\",\"target\":{\"@type\":\"EntryPoint\",\"urlTemplate\":\"https:\/\/franciscanos.org.br\/noticias\/?s={search_term_string}\"},\"query-input\":\"required name=search_term_string\"}],\"inLanguage\":\"pt-BR\"},{\"@type\":\"ImageObject\",\"inLanguage\":\"pt-BR\",\"@id\":\"https:\/\/franciscanos.org.br\/noticias\/lages-varal-solidario-beneficia-dezenas-de-pessoas.html#primaryimage\",\"url\":\"https:\/\/franciscanos.org.br\/noticias\/wp-content\/uploads\/2020\/09\/lages_0209.jpg\",\"contentUrl\":\"https:\/\/franciscanos.org.br\/noticias\/wp-content\/uploads\/2020\/09\/lages_0209.jpg\",\"width\":1072,\"height\":603},{\"@type\":\"WebPage\",\"@id\":\"https:\/\/franciscanos.org.br\/noticias\/lages-varal-solidario-beneficia-dezenas-de-pessoas.html#webpage\",\"url\":\"https:\/\/franciscanos.org.br\/noticias\/lages-varal-solidario-beneficia-dezenas-de-pessoas.html\",\"name\":\"Lages: Varal Solid\u00e1rio beneficia dezenas de pessoas - Not\u00edcias - Franciscanos\",\"isPartOf\":{\"@id\":\"https:\/\/franciscanos.org.br\/noticias\/#website\"},\"primaryImageOfPage\":{\"@id\":\"https:\/\/franciscanos.org.br\/noticias\/lages-varal-solidario-beneficia-dezenas-de-pessoas.html#primaryimage\"},\"datePublished\":\"2020-09-02T12:36:34+00:00\",\"dateModified\":\"2020-09-03T17:43:29+00:00\",\"author\":{\"@id\":\"https:\/\/franciscanos.org.br\/noticias\/#\/schema\/person\/b5c8cba458c330ccff548b056e95a5d4\"},\"breadcrumb\":{\"@id\":\"https:\/\/franciscanos.org.br\/noticias\/lages-varal-solidario-beneficia-dezenas-de-pessoas.html#breadcrumb\"},\"inLanguage\":\"pt-BR\",\"potentialAction\":[{\"@type\":\"ReadAction\",\"target\":[\"https:\/\/franciscanos.org.br\/noticias\/lages-varal-solidario-beneficia-dezenas-de-pessoas.html\"]}]},{\"@type\":\"BreadcrumbList\",\"@id\":\"https:\/\/franciscanos.org.br\/noticias\/lages-varal-solidario-beneficia-dezenas-de-pessoas.html#breadcrumb\",\"itemListElement\":[{\"@type\":\"ListItem\",\"position\":1,\"name\":\"Home\",\"item\":\"https:\/\/franciscanos.org.br\/noticias\"},{\"@type\":\"ListItem\",\"position\":2,\"name\":\"Lages: Varal Solid\u00e1rio beneficia dezenas de pessoas\"}]},{\"@type\":\"Person\",\"@id\":\"https:\/\/franciscanos.org.br\/noticias\/#\/schema\/person\/b5c8cba458c330ccff548b056e95a5d4\",\"name\":\"moacir\",\"image\":{\"@type\":\"ImageObject\",\"inLanguage\":\"pt-BR\",\"@id\":\"https:\/\/franciscanos.org.br\/noticias\/#\/schema\/person\/image\/\",\"url\":\"https:\/\/secure.gravatar.com\/avatar\/d08aa2ce4c8dd416d4479aa8536fcf64?s=96&d=mm&r=g\",\"contentUrl\":\"https:\/\/secure.gravatar.com\/avatar\/d08aa2ce4c8dd416d4479aa8536fcf64?s=96&d=mm&r=g\",\"caption\":\"moacir\"},\"url\":\"https:\/\/franciscanos.org.br\/noticias\/author\/moacir\"}]}<\/script>\n<!-- \/ Yoast SEO plugin. -->","yoast_head_json":{"title":"Lages: Varal Solid\u00e1rio beneficia dezenas de pessoas - Not\u00edcias - Franciscanos","robots":{"index":"index","follow":"follow","max-snippet":"max-snippet:-1","max-image-preview":"max-image-preview:large","max-video-preview":"max-video-preview:-1"},"canonical":"https:\/\/franciscanos.org.br\/noticias\/lages-varal-solidario-beneficia-dezenas-de-pessoas.html","og_locale":"pt_BR","og_type":"article","og_title":"Lages: Varal Solid\u00e1rio beneficia dezenas de pessoas - Not\u00edcias - Franciscanos","og_description":"Par\u00f3quia do Navio de Lages","og_url":"https:\/\/franciscanos.org.br\/noticias\/lages-varal-solidario-beneficia-dezenas-de-pessoas.html","og_site_name":"Not\u00edcias - Franciscanos","article_published_time":"2020-09-02T12:36:34+00:00","article_modified_time":"2020-09-03T17:43:29+00:00","og_image":[{"width":1072,"height":603,"url":"https:\/\/franciscanos.org.br\/noticias\/wp-content\/uploads\/2020\/09\/lages_0209.jpg","type":"image\/jpeg"}],"author":"moacir","twitter_card":"summary_large_image","twitter_misc":{"Escrito por":"moacir","Est. tempo de leitura":"1 minuto"},"schema":{"@context":"https:\/\/schema.org","@graph":[{"@type":"WebSite","@id":"https:\/\/franciscanos.org.br\/noticias\/#website","url":"https:\/\/franciscanos.org.br\/noticias\/","name":"Not\u00edcias - Franciscanos","description":"Prov\u00edncia Franciscana da Imaculada Concei\u00e7\u00e3o do Brasil - Ordem dos Frades Menores - OFM","potentialAction":[{"@type":"SearchAction","target":{"@type":"EntryPoint","urlTemplate":"https:\/\/franciscanos.org.br\/noticias\/?s={search_term_string}"},"query-input":"required name=search_term_string"}],"inLanguage":"pt-BR"},{"@type":"ImageObject","inLanguage":"pt-BR","@id":"https:\/\/franciscanos.org.br\/noticias\/lages-varal-solidario-beneficia-dezenas-de-pessoas.html#primaryimage","url":"https:\/\/franciscanos.org.br\/noticias\/wp-content\/uploads\/2020\/09\/lages_0209.jpg","contentUrl":"https:\/\/franciscanos.org.br\/noticias\/wp-content\/uploads\/2020\/09\/lages_0209.jpg","width":1072,"height":603},{"@type":"WebPage","@id":"https:\/\/franciscanos.org.br\/noticias\/lages-varal-solidario-beneficia-dezenas-de-pessoas.html#webpage","url":"https:\/\/franciscanos.org.br\/noticias\/lages-varal-solidario-beneficia-dezenas-de-pessoas.html","name":"Lages: Varal Solid\u00e1rio beneficia dezenas de pessoas - Not\u00edcias - Franciscanos","isPartOf":{"@id":"https:\/\/franciscanos.org.br\/noticias\/#website"},"primaryImageOfPage":{"@id":"https:\/\/franciscanos.org.br\/noticias\/lages-varal-solidario-beneficia-dezenas-de-pessoas.html#primaryimage"},"datePublished":"2020-09-02T12:36:34+00:00","dateModified":"2020-09-03T17:43:29+00:00","author":{"@id":"https:\/\/franciscanos.org.br\/noticias\/#\/schema\/person\/b5c8cba458c330ccff548b056e95a5d4"},"breadcrumb":{"@id":"https:\/\/franciscanos.org.br\/noticias\/lages-varal-solidario-beneficia-dezenas-de-pessoas.html#breadcrumb"},"inLanguage":"pt-BR","potentialAction":[{"@type":"ReadAction","target":["https:\/\/franciscanos.org.br\/noticias\/lages-varal-solidario-beneficia-dezenas-de-pessoas.html"]}]},{"@type":"BreadcrumbList","@id":"https:\/\/franciscanos.org.br\/noticias\/lages-varal-solidario-beneficia-dezenas-de-pessoas.html#breadcrumb","itemListElement":[{"@type":"ListItem","position":1,"name":"Home","item":"https:\/\/franciscanos.org.br\/noticias"},{"@type":"ListItem","position":2,"name":"Lages: Varal Solid\u00e1rio beneficia dezenas de pessoas"}]},{"@type":"Person","@id":"https:\/\/franciscanos.org.br\/noticias\/#\/schema\/person\/b5c8cba458c330ccff548b056e95a5d4","name":"moacir","image":{"@type":"ImageObject","inLanguage":"pt-BR","@id":"https:\/\/franciscanos.org.br\/noticias\/#\/schema\/person\/image\/","url":"https:\/\/secure.gravatar.com\/avatar\/d08aa2ce4c8dd416d4479aa8536fcf64?s=96&d=mm&r=g","contentUrl":"https:\/\/secure.gravatar.com\/avatar\/d08aa2ce4c8dd416d4479aa8536fcf64?s=96&d=mm&r=g","caption":"moacir"},"url":"https:\/\/franciscanos.org.br\/noticias\/author\/moacir"}]}},"_links":{"self":[{"href":"https:\/\/franciscanos.org.br\/noticias\/wp-json\/wp\/v2\/posts\/228115"}],"collection":[{"href":"https:\/\/franciscanos.org.br\/noticias\/wp-json\/wp\/v2\/posts"}],"about":[{"href":"https:\/\/franciscanos.org.br\/noticias\/wp-json\/wp\/v2\/types\/post"}],"author":[{"embeddable":true,"href":"https:\/\/franciscanos.org.br\/noticias\/wp-json\/wp\/v2\/users\/3"}],"replies":[{"embeddable":true,"href":"https:\/\/franciscanos.org.br\/noticias\/wp-json\/wp\/v2\/comments?post=228115"}],"version-history":[{"count":2,"href":"https:\/\/franciscanos.org.br\/noticias\/wp-json\/wp\/v2\/posts\/228115\/revisions"}],"predecessor-version":[{"id":228120,"href":"https:\/\/franciscanos.org.br\/noticias\/wp-json\/wp\/v2\/posts\/228115\/revisions\/228120"}],"wp:featuredmedia":[{"embeddable":true,"href":"https:\/\/franciscanos.org.br\/noticias\/wp-json\/wp\/v2\/media\/228116"}],"wp:attachment":[{"href":"https:\/\/franciscanos.org.br\/noticias\/wp-json\/wp\/v2\/media?parent=228115"}],"wp:term":[{"taxonomy":"category","embeddable":true,"href":"https:\/\/franciscanos.org.br\/noticias\/wp-json\/wp\/v2\/categories?post=228115"},{"taxonomy":"post_tag","embeddable":true,"href":"https:\/\/franciscanos.org.br\/noticias\/wp-json\/wp\/v2\/tags?post=228115"}],"curies":[{"name":"wp","href":"https:\/\/api.w.org\/{rel}","templated":true}]}}