{"id":228078,"date":"2020-09-01T08:02:43","date_gmt":"2020-09-01T11:02:43","guid":{"rendered":"https:\/\/franciscanos.org.br\/noticias\/?p=228078"},"modified":"2020-09-01T08:09:17","modified_gmt":"2020-09-01T11:09:17","slug":"laudato-si-revolution-rap-para-uma-conversao-ecologica","status":"publish","type":"post","link":"https:\/\/franciscanos.org.br\/noticias\/laudato-si-revolution-rap-para-uma-conversao-ecologica.html","title":{"rendered":"&#8220;Laudato Si\u2019 Revolution&#8221;: Rap para uma convers\u00e3o ecol\u00f3gica"},"content":{"rendered":"<p><img loading=\"lazy\" class=\"size-full wp-image-228080 aligncenter\" src=\"https:\/\/franciscanos.org.br\/noticias\/wp-content\/uploads\/2020\/09\/laudato_0509.jpg\" alt=\"\" width=\"1280\" height=\"651\" srcset=\"https:\/\/franciscanos.org.br\/noticias\/wp-content\/uploads\/2020\/09\/laudato_0509.jpg 1280w, https:\/\/franciscanos.org.br\/noticias\/wp-content\/uploads\/2020\/09\/laudato_0509-450x229.jpg 450w, https:\/\/franciscanos.org.br\/noticias\/wp-content\/uploads\/2020\/09\/laudato_0509-1024x521.jpg 1024w, https:\/\/franciscanos.org.br\/noticias\/wp-content\/uploads\/2020\/09\/laudato_0509-768x391.jpg 768w, https:\/\/franciscanos.org.br\/noticias\/wp-content\/uploads\/2020\/09\/laudato_0509-150x76.jpg 150w\" sizes=\"(max-width: 1280px) 100vw, 1280px\" \/><\/p>\n<p>Este dia 1\u00ba de setembro, Dia Mundial de Ora\u00e7\u00e3o pelo Cuidado da Cria\u00e7\u00e3o, abre o Tempo da Cria\u00e7\u00e3o, como parte da Revolu\u00e7\u00e3o Laudato Si\u2019, uma campanha franciscana global para a convers\u00e3o ecol\u00f3gica integral. O escrit\u00f3rio do Servi\u00e7o de Justi\u00e7a Paz e Integridade da Cria\u00e7\u00e3o (JPIC) da Ordem dos Frades Menores celebra o Dia Mundial de Ora\u00e7\u00e3o pelo Cuidado da Cria\u00e7\u00e3o deste ano com o RAP\u00a0 \u201cLaudato Si\u2019 Revolution\u201d, recentemente lan\u00e7ado pelo Frei Sandesh Manuel, OFM.<\/p>\n<p>O v\u00eddeo musical, que \u00e9 o segundo da campanha, est\u00e1 cheio de energia e inspira\u00e7\u00e3o para uma convers\u00e3o ecol\u00f3gica. Nos convida a dar um passo de ousadia para viver nossa voca\u00e7\u00e3o franciscana de um modo mais radical no mundo de hoje.\u00a0 O Papa Francisco pediu que nos compromet\u00eassemos com o di\u00e1logo inter-religioso pela ecologia integral. \u00c9 por isso que o v\u00eddeo cont\u00e9m alguns clips de grupos multirreligiosos de todo o mundo. Veja, cante, compartilhe com os demais e participe desta a\u00e7\u00e3o! Cremos que tem suficiente poder para unir outras tradi\u00e7\u00f5es religiosas e a juventude na campanha. Sintamos o ritmo e atuemos!<\/p>\n<p><iframe loading=\"lazy\" src=\"https:\/\/www.youtube.com\/embed\/8GJLgCxeiPI\" width=\"100%\" height=\"480\" frameborder=\"0\" allowfullscreen=\"allowfullscreen\"><span data-mce-type=\"bookmark\" style=\"display: inline-block; width: 0px; overflow: hidden; line-height: 0;\" class=\"mce_SELRES_start\">\ufeff<\/span><\/iframe><br \/>\nNecessitamos deixar nosso ego, at\u00e9 que abandonemos a nossa vaidade<\/p>\n<p>N\u00e3o somos Deus, nosso papel \u00e9 ser humanidade<\/p>\n<p>Muitas coisas devem mudar, porque n\u00e3o come\u00e7ar por n\u00f3s mesmos?<\/p>\n<p>Mas eu sei que existem detratores que querem discutir.<\/p>\n<p>&nbsp;<\/p>\n<p>Outros s\u00e3o passivos, preferem n\u00e3o mudar<\/p>\n<p>Todos os seus h\u00e1bitos, ent\u00e3o se perguntam porque s\u00e3o culpados<\/p>\n<p>E em termos de neg\u00f3cios e consumismo<\/p>\n<p>Penso que perdemos a no\u00e7\u00e3o do que \u00e9 real e o que n\u00e3o \u00e9.<\/p>\n<p>&nbsp;<\/p>\n<p>De uma forma ou de outra todos queremos ver a luz<\/p>\n<p>Ent\u00e3o porque n\u00e3o come\u00e7ar a viver desde hoje em nome de Cristo?<\/p>\n<p>Como S\u00e3o Francisco e deixar todas nossas posses<\/p>\n<p>Faz isso e ver\u00e1s o que acontece com as tuas obsess\u00f5es.<\/p>\n<p>&nbsp;<\/p>\n<p>Eleva tuas m\u00e3os para o alto enquanto escutas esta can\u00e7\u00e3o<\/p>\n<p>Alegra-te em nome de Jesus, percebe que podemos seguir bem<\/p>\n<p>N\u00e3o podemos substituir a beleza com constru\u00e7\u00f5es feitas por homens<\/p>\n<p>Muda tua forma de viver e deixa para tr\u00e1s todos os empecilhos.<\/p>\n<p>(vers\u00edculo 2)<\/p>\n<p><img loading=\"lazy\" class=\"size-full wp-image-228081 aligncenter\" src=\"https:\/\/franciscanos.org.br\/noticias\/wp-content\/uploads\/2020\/09\/laudato_0509_1.jpg\" alt=\"\" width=\"1280\" height=\"643\" srcset=\"https:\/\/franciscanos.org.br\/noticias\/wp-content\/uploads\/2020\/09\/laudato_0509_1.jpg 1280w, https:\/\/franciscanos.org.br\/noticias\/wp-content\/uploads\/2020\/09\/laudato_0509_1-450x226.jpg 450w, https:\/\/franciscanos.org.br\/noticias\/wp-content\/uploads\/2020\/09\/laudato_0509_1-1024x514.jpg 1024w, https:\/\/franciscanos.org.br\/noticias\/wp-content\/uploads\/2020\/09\/laudato_0509_1-768x386.jpg 768w, https:\/\/franciscanos.org.br\/noticias\/wp-content\/uploads\/2020\/09\/laudato_0509_1-150x75.jpg 150w\" sizes=\"(max-width: 1280px) 100vw, 1280px\" \/><\/p>\n<p>&nbsp;<\/p>\n<p><strong>O Conselho Plen\u00e1rio da Ordem 2018, no n\u00famero 188 nos diz:<\/strong><\/p>\n<p>\u201cNa evangeliza\u00e7\u00e3o e na catequese, valer-nos da arte, da cultura e da natureza \u00e0 luz da Laudato Si\u2019; usar os instrumentos das novas tecnologias para convidar os jovens a participarem mais profundamente do mundo real, para envolv\u00ea-los na realidade dos pobres, da Igreja e de Deus de modo mais concreto e encarnado; fazer de modo que se criem conex\u00f5es com pessoas de outras culturas, pa\u00edses e continentes\u201d<\/p>\n<hr \/>\n<p><strong>\u00a0Escrit\u00f3rio Geral de Justi\u00e7a, Paz e Integridade da Cria\u00e7\u00e3o (<\/strong><em><strong>JPIC<\/strong><\/em><strong>)<\/strong><\/p>\n","protected":false},"excerpt":{"rendered":"<p>Justi\u00e7a, Paz e Integridade da Cria\u00e7\u00e3o<\/p>\n","protected":false},"author":3,"featured_media":228082,"comment_status":"open","ping_status":"open","sticky":false,"template":"","format":"standard","meta":[],"categories":[1],"tags":[202],"acf":[],"yoast_head":"<!-- This site is optimized with the Yoast SEO plugin v19.2 - https:\/\/yoast.com\/wordpress\/plugins\/seo\/ -->\n<title>&quot;Laudato Si\u2019 Revolution&quot;: Rap para uma convers\u00e3o ecol\u00f3gica - Not\u00edcias - Franciscanos<\/title>\n<meta name=\"robots\" content=\"index, follow, max-snippet:-1, max-image-preview:large, max-video-preview:-1\" \/>\n<link rel=\"canonical\" href=\"https:\/\/franciscanos.org.br\/noticias\/laudato-si-revolution-rap-para-uma-conversao-ecologica.html\" \/>\n<meta property=\"og:locale\" content=\"pt_BR\" \/>\n<meta property=\"og:type\" content=\"article\" \/>\n<meta property=\"og:title\" content=\"&quot;Laudato Si\u2019 Revolution&quot;: Rap para uma convers\u00e3o ecol\u00f3gica - Not\u00edcias - Franciscanos\" \/>\n<meta property=\"og:description\" content=\"Justi\u00e7a, Paz e Integridade da Cria\u00e7\u00e3o\" \/>\n<meta property=\"og:url\" content=\"https:\/\/franciscanos.org.br\/noticias\/laudato-si-revolution-rap-para-uma-conversao-ecologica.html\" \/>\n<meta property=\"og:site_name\" content=\"Not\u00edcias - Franciscanos\" \/>\n<meta property=\"article:published_time\" content=\"2020-09-01T11:02:43+00:00\" \/>\n<meta property=\"article:modified_time\" content=\"2020-09-01T11:09:17+00:00\" \/>\n<meta property=\"og:image\" content=\"https:\/\/franciscanos.org.br\/noticias\/wp-content\/uploads\/2020\/09\/laudato_d.jpg\" \/>\n\t<meta property=\"og:image:width\" content=\"800\" \/>\n\t<meta property=\"og:image:height\" content=\"600\" \/>\n\t<meta property=\"og:image:type\" content=\"image\/jpeg\" \/>\n<meta name=\"author\" content=\"moacir\" \/>\n<meta name=\"twitter:card\" content=\"summary_large_image\" \/>\n<meta name=\"twitter:label1\" content=\"Escrito por\" \/>\n\t<meta name=\"twitter:data1\" content=\"moacir\" \/>\n\t<meta name=\"twitter:label2\" content=\"Est. tempo de leitura\" \/>\n\t<meta name=\"twitter:data2\" content=\"2 minutos\" \/>\n<script type=\"application\/ld+json\" class=\"yoast-schema-graph\">{\"@context\":\"https:\/\/schema.org\",\"@graph\":[{\"@type\":\"WebSite\",\"@id\":\"https:\/\/franciscanos.org.br\/noticias\/#website\",\"url\":\"https:\/\/franciscanos.org.br\/noticias\/\",\"name\":\"Not\u00edcias - Franciscanos\",\"description\":\"Prov\u00edncia Franciscana da Imaculada Concei\u00e7\u00e3o do Brasil - Ordem dos Frades Menores - OFM\",\"potentialAction\":[{\"@type\":\"SearchAction\",\"target\":{\"@type\":\"EntryPoint\",\"urlTemplate\":\"https:\/\/franciscanos.org.br\/noticias\/?s={search_term_string}\"},\"query-input\":\"required name=search_term_string\"}],\"inLanguage\":\"pt-BR\"},{\"@type\":\"ImageObject\",\"inLanguage\":\"pt-BR\",\"@id\":\"https:\/\/franciscanos.org.br\/noticias\/laudato-si-revolution-rap-para-uma-conversao-ecologica.html#primaryimage\",\"url\":\"https:\/\/franciscanos.org.br\/noticias\/wp-content\/uploads\/2020\/09\/laudato_d.jpg\",\"contentUrl\":\"https:\/\/franciscanos.org.br\/noticias\/wp-content\/uploads\/2020\/09\/laudato_d.jpg\",\"width\":800,\"height\":600},{\"@type\":\"WebPage\",\"@id\":\"https:\/\/franciscanos.org.br\/noticias\/laudato-si-revolution-rap-para-uma-conversao-ecologica.html#webpage\",\"url\":\"https:\/\/franciscanos.org.br\/noticias\/laudato-si-revolution-rap-para-uma-conversao-ecologica.html\",\"name\":\"\\\"Laudato Si\u2019 Revolution\\\": Rap para uma convers\u00e3o ecol\u00f3gica - Not\u00edcias - Franciscanos\",\"isPartOf\":{\"@id\":\"https:\/\/franciscanos.org.br\/noticias\/#website\"},\"primaryImageOfPage\":{\"@id\":\"https:\/\/franciscanos.org.br\/noticias\/laudato-si-revolution-rap-para-uma-conversao-ecologica.html#primaryimage\"},\"datePublished\":\"2020-09-01T11:02:43+00:00\",\"dateModified\":\"2020-09-01T11:09:17+00:00\",\"author\":{\"@id\":\"https:\/\/franciscanos.org.br\/noticias\/#\/schema\/person\/b5c8cba458c330ccff548b056e95a5d4\"},\"breadcrumb\":{\"@id\":\"https:\/\/franciscanos.org.br\/noticias\/laudato-si-revolution-rap-para-uma-conversao-ecologica.html#breadcrumb\"},\"inLanguage\":\"pt-BR\",\"potentialAction\":[{\"@type\":\"ReadAction\",\"target\":[\"https:\/\/franciscanos.org.br\/noticias\/laudato-si-revolution-rap-para-uma-conversao-ecologica.html\"]}]},{\"@type\":\"BreadcrumbList\",\"@id\":\"https:\/\/franciscanos.org.br\/noticias\/laudato-si-revolution-rap-para-uma-conversao-ecologica.html#breadcrumb\",\"itemListElement\":[{\"@type\":\"ListItem\",\"position\":1,\"name\":\"Home\",\"item\":\"https:\/\/franciscanos.org.br\/noticias\"},{\"@type\":\"ListItem\",\"position\":2,\"name\":\"&#8220;Laudato Si\u2019 Revolution&#8221;: Rap para uma convers\u00e3o ecol\u00f3gica\"}]},{\"@type\":\"Person\",\"@id\":\"https:\/\/franciscanos.org.br\/noticias\/#\/schema\/person\/b5c8cba458c330ccff548b056e95a5d4\",\"name\":\"moacir\",\"image\":{\"@type\":\"ImageObject\",\"inLanguage\":\"pt-BR\",\"@id\":\"https:\/\/franciscanos.org.br\/noticias\/#\/schema\/person\/image\/\",\"url\":\"https:\/\/secure.gravatar.com\/avatar\/d08aa2ce4c8dd416d4479aa8536fcf64?s=96&d=mm&r=g\",\"contentUrl\":\"https:\/\/secure.gravatar.com\/avatar\/d08aa2ce4c8dd416d4479aa8536fcf64?s=96&d=mm&r=g\",\"caption\":\"moacir\"},\"url\":\"https:\/\/franciscanos.org.br\/noticias\/author\/moacir\"}]}<\/script>\n<!-- \/ Yoast SEO plugin. -->","yoast_head_json":{"title":"\"Laudato Si\u2019 Revolution\": Rap para uma convers\u00e3o ecol\u00f3gica - Not\u00edcias - Franciscanos","robots":{"index":"index","follow":"follow","max-snippet":"max-snippet:-1","max-image-preview":"max-image-preview:large","max-video-preview":"max-video-preview:-1"},"canonical":"https:\/\/franciscanos.org.br\/noticias\/laudato-si-revolution-rap-para-uma-conversao-ecologica.html","og_locale":"pt_BR","og_type":"article","og_title":"\"Laudato Si\u2019 Revolution\": Rap para uma convers\u00e3o ecol\u00f3gica - Not\u00edcias - Franciscanos","og_description":"Justi\u00e7a, Paz e Integridade da Cria\u00e7\u00e3o","og_url":"https:\/\/franciscanos.org.br\/noticias\/laudato-si-revolution-rap-para-uma-conversao-ecologica.html","og_site_name":"Not\u00edcias - Franciscanos","article_published_time":"2020-09-01T11:02:43+00:00","article_modified_time":"2020-09-01T11:09:17+00:00","og_image":[{"width":800,"height":600,"url":"https:\/\/franciscanos.org.br\/noticias\/wp-content\/uploads\/2020\/09\/laudato_d.jpg","type":"image\/jpeg"}],"author":"moacir","twitter_card":"summary_large_image","twitter_misc":{"Escrito por":"moacir","Est. tempo de leitura":"2 minutos"},"schema":{"@context":"https:\/\/schema.org","@graph":[{"@type":"WebSite","@id":"https:\/\/franciscanos.org.br\/noticias\/#website","url":"https:\/\/franciscanos.org.br\/noticias\/","name":"Not\u00edcias - Franciscanos","description":"Prov\u00edncia Franciscana da Imaculada Concei\u00e7\u00e3o do Brasil - Ordem dos Frades Menores - OFM","potentialAction":[{"@type":"SearchAction","target":{"@type":"EntryPoint","urlTemplate":"https:\/\/franciscanos.org.br\/noticias\/?s={search_term_string}"},"query-input":"required name=search_term_string"}],"inLanguage":"pt-BR"},{"@type":"ImageObject","inLanguage":"pt-BR","@id":"https:\/\/franciscanos.org.br\/noticias\/laudato-si-revolution-rap-para-uma-conversao-ecologica.html#primaryimage","url":"https:\/\/franciscanos.org.br\/noticias\/wp-content\/uploads\/2020\/09\/laudato_d.jpg","contentUrl":"https:\/\/franciscanos.org.br\/noticias\/wp-content\/uploads\/2020\/09\/laudato_d.jpg","width":800,"height":600},{"@type":"WebPage","@id":"https:\/\/franciscanos.org.br\/noticias\/laudato-si-revolution-rap-para-uma-conversao-ecologica.html#webpage","url":"https:\/\/franciscanos.org.br\/noticias\/laudato-si-revolution-rap-para-uma-conversao-ecologica.html","name":"\"Laudato Si\u2019 Revolution\": Rap para uma convers\u00e3o ecol\u00f3gica - Not\u00edcias - Franciscanos","isPartOf":{"@id":"https:\/\/franciscanos.org.br\/noticias\/#website"},"primaryImageOfPage":{"@id":"https:\/\/franciscanos.org.br\/noticias\/laudato-si-revolution-rap-para-uma-conversao-ecologica.html#primaryimage"},"datePublished":"2020-09-01T11:02:43+00:00","dateModified":"2020-09-01T11:09:17+00:00","author":{"@id":"https:\/\/franciscanos.org.br\/noticias\/#\/schema\/person\/b5c8cba458c330ccff548b056e95a5d4"},"breadcrumb":{"@id":"https:\/\/franciscanos.org.br\/noticias\/laudato-si-revolution-rap-para-uma-conversao-ecologica.html#breadcrumb"},"inLanguage":"pt-BR","potentialAction":[{"@type":"ReadAction","target":["https:\/\/franciscanos.org.br\/noticias\/laudato-si-revolution-rap-para-uma-conversao-ecologica.html"]}]},{"@type":"BreadcrumbList","@id":"https:\/\/franciscanos.org.br\/noticias\/laudato-si-revolution-rap-para-uma-conversao-ecologica.html#breadcrumb","itemListElement":[{"@type":"ListItem","position":1,"name":"Home","item":"https:\/\/franciscanos.org.br\/noticias"},{"@type":"ListItem","position":2,"name":"&#8220;Laudato Si\u2019 Revolution&#8221;: Rap para uma convers\u00e3o ecol\u00f3gica"}]},{"@type":"Person","@id":"https:\/\/franciscanos.org.br\/noticias\/#\/schema\/person\/b5c8cba458c330ccff548b056e95a5d4","name":"moacir","image":{"@type":"ImageObject","inLanguage":"pt-BR","@id":"https:\/\/franciscanos.org.br\/noticias\/#\/schema\/person\/image\/","url":"https:\/\/secure.gravatar.com\/avatar\/d08aa2ce4c8dd416d4479aa8536fcf64?s=96&d=mm&r=g","contentUrl":"https:\/\/secure.gravatar.com\/avatar\/d08aa2ce4c8dd416d4479aa8536fcf64?s=96&d=mm&r=g","caption":"moacir"},"url":"https:\/\/franciscanos.org.br\/noticias\/author\/moacir"}]}},"_links":{"self":[{"href":"https:\/\/franciscanos.org.br\/noticias\/wp-json\/wp\/v2\/posts\/228078"}],"collection":[{"href":"https:\/\/franciscanos.org.br\/noticias\/wp-json\/wp\/v2\/posts"}],"about":[{"href":"https:\/\/franciscanos.org.br\/noticias\/wp-json\/wp\/v2\/types\/post"}],"author":[{"embeddable":true,"href":"https:\/\/franciscanos.org.br\/noticias\/wp-json\/wp\/v2\/users\/3"}],"replies":[{"embeddable":true,"href":"https:\/\/franciscanos.org.br\/noticias\/wp-json\/wp\/v2\/comments?post=228078"}],"version-history":[{"count":2,"href":"https:\/\/franciscanos.org.br\/noticias\/wp-json\/wp\/v2\/posts\/228078\/revisions"}],"predecessor-version":[{"id":228084,"href":"https:\/\/franciscanos.org.br\/noticias\/wp-json\/wp\/v2\/posts\/228078\/revisions\/228084"}],"wp:featuredmedia":[{"embeddable":true,"href":"https:\/\/franciscanos.org.br\/noticias\/wp-json\/wp\/v2\/media\/228082"}],"wp:attachment":[{"href":"https:\/\/franciscanos.org.br\/noticias\/wp-json\/wp\/v2\/media?parent=228078"}],"wp:term":[{"taxonomy":"category","embeddable":true,"href":"https:\/\/franciscanos.org.br\/noticias\/wp-json\/wp\/v2\/categories?post=228078"},{"taxonomy":"post_tag","embeddable":true,"href":"https:\/\/franciscanos.org.br\/noticias\/wp-json\/wp\/v2\/tags?post=228078"}],"curies":[{"name":"wp","href":"https:\/\/api.w.org\/{rel}","templated":true}]}}