{"id":228049,"date":"2020-08-31T09:56:02","date_gmt":"2020-08-31T12:56:02","guid":{"rendered":"https:\/\/franciscanos.org.br\/noticias\/?p=228049"},"modified":"2020-09-11T08:21:56","modified_gmt":"2020-09-11T11:21:56","slug":"franciscanos-se-unem-para-celebrar-o-tempo-da-criacao","status":"publish","type":"post","link":"https:\/\/franciscanos.org.br\/noticias\/franciscanos-se-unem-para-celebrar-o-tempo-da-criacao.html","title":{"rendered":"Franciscanos se unem para celebrar o &#8220;Tempo da Cria\u00e7\u00e3o&#8221;"},"content":{"rendered":"<div id=\"attachment_228050\" style=\"width: 990px\" class=\"wp-caption alignnone\"><img aria-describedby=\"caption-attachment-228050\" loading=\"lazy\" class=\"wp-image-228050 size-full\" src=\"https:\/\/franciscanos.org.br\/noticias\/wp-content\/uploads\/2020\/08\/jpic_3108.jpg\" alt=\"\" width=\"980\" height=\"401\" srcset=\"https:\/\/franciscanos.org.br\/noticias\/wp-content\/uploads\/2020\/08\/jpic_3108.jpg 980w, https:\/\/franciscanos.org.br\/noticias\/wp-content\/uploads\/2020\/08\/jpic_3108-450x184.jpg 450w, https:\/\/franciscanos.org.br\/noticias\/wp-content\/uploads\/2020\/08\/jpic_3108-768x314.jpg 768w, https:\/\/franciscanos.org.br\/noticias\/wp-content\/uploads\/2020\/08\/jpic_3108-150x61.jpg 150w\" sizes=\"(max-width: 980px) 100vw, 980px\" \/><p id=\"caption-attachment-228050\" class=\"wp-caption-text\"><em> Ilustra\u00e7\u00e3o (fonte: site da OFM)<\/em><\/p><\/div>\n<p>Neste 1\u00ba de setembro, com a celebra\u00e7\u00e3o do Dia Mundial de Ora\u00e7\u00e3o pelo Cuidado da Cria\u00e7\u00e3o at\u00e9 o dia 4 de outubro, festa de S\u00e3o Francisco de Assis, Padroeiro da ecologia, tem in\u00edcio do Tempo da Cria\u00e7\u00e3o. Muitos crist\u00e3os se unem neste momento especial para refletir, rezar e realizar a\u00e7\u00f5es concretas que permitam \u00e0 humanidade viver um estilo de vida que cuida solidariamente da Casa Comum.<\/p>\n<p>O Tempo da Cria\u00e7\u00e3o \u00e9 uma iniciativa ecum\u00eanica celebrada desde 1989. Por d\u00e9cadas, os crist\u00e3os em todo o mundo se reconciliaram com nosso Criador durante esta celebra\u00e7\u00e3o anual. O Patriarca Ecum\u00eanico Dimitrios I, da Igreja Ortodoxa, proclamou, em 1989, o dia 1\u00ba de setembro como Dia de Ora\u00e7\u00e3o pela Cria\u00e7\u00e3o. Na verdade, o ano da Igreja Ortodoxa come\u00e7a naquele dia com uma comemora\u00e7\u00e3o de como Deus criou o mundo. Outras grandes igrejas crist\u00e3s europeias deram as boas vindas a este dia em 2001, e o Papa Francisco o fez pela Igreja Cat\u00f3lica Romana em 2015.<\/p>\n<p>Os frades franciscanos aderem com entusiasmo a esta iniciativa ecum\u00eanica. V\u00e1rias Prov\u00edncias da Ordem, por meio dos escrit\u00f3rios de Justi\u00e7a, Paz e Integridade da Cria\u00e7\u00e3o (JPIC), organizam atividades em conjunto com a Fam\u00edlia Franciscana. Este ano nos reunimos com mais for\u00e7a e esperan\u00e7a desde a Revolu\u00e7\u00e3o <em>Laudato Si&#8217;<\/em>. O Escrit\u00f3rio de JPIC da C\u00faria Geral dos Frades Menores compartilha algumas atividades:<\/p>\n<p><strong>1\u00ba de setembro<\/strong> &#8211; lan\u00e7amento do videoclipe da Revolu\u00e7\u00e3o Laudato Si&#8217; (<strong><a href=\"https:\/\/www.youtube.com\/watch?time_continue=1&amp;v=8GJLgCxeiPI&amp;feature=emb_logo\">https:\/\/www.youtube.com\/watch?time_continue=1&amp;v=8GJLgCxeiPI&amp;feature=emb_logo<\/a>)<\/strong><\/p>\n<p><iframe loading=\"lazy\" src=\"https:\/\/www.youtube.com\/embed\/8GJLgCxeiPI\" width=\"100%\" height=\"480\" frameborder=\"0\" allowfullscreen=\"allowfullscreen\"><span data-mce-type=\"bookmark\" style=\"display: inline-block; width: 0px; overflow: hidden; line-height: 0;\" class=\"mce_SELRES_start\">\ufeff<\/span><\/iframe><\/p>\n<p><strong>5 de setembro<\/strong> &#8211; Webinar: \u201cCentro Eco-Pastoral e o Movimento Eco-aldeia\u201d. Dispon\u00edvel apenas em ingl\u00eas, inscri\u00e7\u00e3o obrigat\u00f3ria <a href=\"https:\/\/us02web.zoom.us\/webinar\/register\/WN_4T8K2uYARyy_Viq9m4CU_Q\">AQUI.<\/a><\/p>\n<p><strong>5 de setembro<\/strong> &#8211; Ao vivo: Revolu\u00e7\u00e3o <em>Laudato Si<\/em>&#8216; &#8211; Dispon\u00edvel apenas em espanhol (<a href=\"https:\/\/www.facebook.com\/ofmjpic\">Facebook<\/a> e Youtube)<\/p>\n<p><strong>12 de setembro<\/strong> &#8211; Webinar <em>\u201cLaudato Si\u2019<\/em> Global \u201d. Destina-se aos irm\u00e3os em forma\u00e7\u00e3o inicial da Ordem. Em colabora\u00e7\u00e3o com a Secretaria-Geral de Forma\u00e7\u00e3o e Estudos.<\/p>\n<p><strong>19 de setembro<\/strong> &#8211; Webinar <em>\u201cLaudato Si\u2019<\/em> Global \u201d. Destina-se aos irm\u00e3os em forma\u00e7\u00e3o inicial da Ordem. Em colabora\u00e7\u00e3o com a Secretaria-Geral de Forma\u00e7\u00e3o e Estudos.<\/p>\n<p><strong>19 de setembro<\/strong> &#8211; Ao vivo: Revolu\u00e7\u00e3o<em> Laudato Si&#8217;<\/em> &#8211; Dispon\u00edvel apenas em portugu\u00eas (<a href=\"https:\/\/www.facebook.com\/ofmjpic\">Facebook<\/a> e Youtube)<\/p>\n<p><strong>26 e 27 de setembro<\/strong> &#8211; \u201cRetiro de Convers\u00e3o Ecol\u00f3gica\u201d em colabora\u00e7\u00e3o com o Movimento Cat\u00f3lico Mundial pelo Clima e JPIC &#8211; Fam\u00edlia Franciscana da Col\u00f4mbia. Dispon\u00edvel apenas em espanhol. <a href=\"http:\/\/www.ofmjpic.org\/aula-virtual\/\">Inscri\u00e7\u00f5es obrigat\u00f3rias at\u00e9 24 de setembro.<\/a><\/p>\n<p><iframe loading=\"lazy\" title=\"Pope Francis invites us to join the Season of Creation\" width=\"500\" height=\"281\" src=\"https:\/\/www.youtube.com\/embed\/tbK5l8OcjJg?feature=oembed\" frameborder=\"0\" allow=\"accelerometer; autoplay; encrypted-media; gyroscope; picture-in-picture\" allowfullscreen><\/iframe><\/p>\n<hr \/>\n<p><strong>Jubileu pela Terra<\/strong><br \/>\nPor todas estas raz\u00f5es, os Presidentes das Igrejas da Europa convidam a celebrar neste ano o Tempo da Cria\u00e7\u00e3o sob o t\u00edtulo de \u201cJubileu pela Terra\u201d. Pois, o conceito de Jubileu est\u00e1 enraizado na B\u00edblia e enfatiza que deve haver um equil\u00edbrio justo e sustent\u00e1vel entre as realidades sociais, econ\u00f4micas e ecol\u00f3gicas. A li\u00e7\u00e3o do jubileu b\u00edblico nos mostra a necessidade de reequilibrar os sistemas de vida, afirma a necessidade de igualdade, justi\u00e7a e sustentabilidade, afirma a necessidade de uma voz prof\u00e9tica em defesa da casa do homem.<\/p>\n<p>Por fim, o Documento convida todos os Pastores e crist\u00e3os europeus, as par\u00f3quias, as comunidades eclesiais e todas as pessoas de boa vontade, a acompanhar atentamente o Tempo da Cria\u00e7\u00e3o e a viv\u00ea-lo com esp\u00edrito ecum\u00eanico, unidos em ora\u00e7\u00e3o e a\u00e7\u00e3o.<\/p>\n<p><strong>C\u00e1ritas: rezar e agir para o bem da Casa Comum<\/strong><br \/>\n&#8220;A pandemia da Covid-19 deve representar um chamado a respeitar a casa comum&#8221;: \u00e9 o que escreve a C\u00e1ritas Internacional em uma nota, por ocasi\u00e3o do Dia Mundial de Ora\u00e7\u00e3o pelo Cuidado da Cria\u00e7\u00e3o em 1\u00ba de setembro. Uma recorr\u00eancia que &#8220;representa uma ocasi\u00e3o importante para celebrar a riqueza da f\u00e9 crist\u00e3 que se expressa tamb\u00e9m na salvaguarda de nossa Casa comum&#8221; e para &#8220;renovar nosso cora\u00e7\u00e3o e nossa mente&#8221;, &#8220;renovando nosso relacionamento com Deus&#8221;.<\/p>\n<p>Refletindo sobre os dif\u00edceis meses vividos no mundo inteiro devido \u00e0 pandemia do coronav\u00edrus, a Caritas observa como isso nos permitiu tomar consci\u00eancia de uma humanidade comum e de todas as interconex\u00f5es presentes entre as dimens\u00f5es &#8220;pol\u00edtica, econ\u00f4mica, social, espiritual e cultural&#8221;. \u201cNos demos conta&#8221;, continua o \u00f3rg\u00e3o caritativo, &#8220;como os sistemas sociais injustos criaram um terreno f\u00e9rtil para a propaga\u00e7\u00e3o das doen\u00e7as, como nossas vidas s\u00e3o fr\u00e1geis e como \u00e9ramos vulner\u00e1veis mesmo antes da propaga\u00e7\u00e3o deste v\u00edrus&#8221;.<\/p>\n<hr \/>\n<h1 class=\"article__title\">Bartolomeu I: n\u00e3o h\u00e1 progresso com base na destrui\u00e7\u00e3o da natureza<\/h1>\n<p>A pergunta que chega na metade da mensagem faz com que se pare e reflita: &#8220;Por quanto tempo ainda a natureza vai suportar discuss\u00f5es e consultas infrut\u00edferas e in\u00fameros atrasos adicionais na tomada de medidas decisivas para sua prote\u00e7\u00e3o?&#8221;. \u00c9 uma quest\u00e3o que n\u00e3o pode ser contornada e sobre a qual o Patriarca de Constantinopla, Bartolomeu I, concentra sua mensagem para o Dia Mundial de Ora\u00e7\u00e3o pelo Cuidado da Cria\u00e7\u00e3o de 1\u00ba de setembro.<\/p>\n<div class=\"article__text\">\n<p>A quest\u00e3o \u00e9 precedida por uma an\u00e1lise realista: &#8220;\u00c9 uma convic\u00e7\u00e3o compartilhada &#8211; escreve Bartolomeu I &#8211; que, em nosso tempo, o ambiente natural est\u00e1 amea\u00e7ado como nunca antes na hist\u00f3ria da humanidade&#8221; e a extens\u00e3o da amea\u00e7a \u00e9 deixada clara, diz ele, pelo fato de que &#8220;o que est\u00e1 em jogo n\u00e3o \u00e9 mais a qualidade, mas a preserva\u00e7\u00e3o da vida em nosso planeta&#8221;. Estamos testemunhando, &#8220;a destrui\u00e7\u00e3o do ambiente natural, da biodiversidade, da flora e da fauna, a polui\u00e7\u00e3o dos recursos aqu\u00e1ticos e da atmosfera, o colapso progressivo do equil\u00edbrio clim\u00e1tico&#8221; e outros excessos. Um complexo de situa\u00e7\u00f5es, observa Bartolomeu I, que mostra como &#8220;a integridade da natureza&#8221; \u00e9 um &#8220;imperativo categ\u00f3rico&#8221; para a humanidade contempor\u00e2nea. E, no entanto, n\u00e3o \u00e9 compreendido em sua import\u00e2ncia em todos os n\u00edveis.<\/p>\n<div>\n<aside class=\"article__readmore\">\n<div class=\"teaser--labelEvidence teaser teaser--type-article \">\n<article>\n<div class=\"teaser__labelWrapper\"><\/div>\n<\/article>\n<\/div>\n<\/aside>\n<\/div>\n<p>Enquanto em n\u00edvel pessoal, de grupos e organiza\u00e7\u00f5es, vem \u00e0 tona uma &#8220;grande sensibilidade e responsabilidade ecol\u00f3gica&#8221;, o mesmo n\u00e3o acontece &#8211; observa o Patriarca de Constantinopla &#8211; se considerarmos os administradores de assuntos p\u00fablicos. &#8220;Na\u00e7\u00f5es e agentes econ\u00f4micos n\u00e3o s\u00e3o capazes &#8211; em nome das ambi\u00e7\u00f5es geopol\u00edticas e da &#8220;autonomia da economia&#8221; &#8211; de tomar as decis\u00f5es corretas para a prote\u00e7\u00e3o da cria\u00e7\u00e3o&#8221;, \u00e9 a observa\u00e7\u00e3o do Patriarca ortodoxo, e de fato cultivam &#8220;a ilus\u00e3o&#8221; de que &#8220;o ambiente natural tem o poder de se renovar&#8221;.<\/p>\n<p>A crise da Covid, comenta o Patriarca, demonstrou o impacto da atividade humana na cria\u00e7\u00e3o, com a queda da polui\u00e7\u00e3o registrada durante o lockdown. Portanto, Bartolomeu I \u00e9 convicto de que, se a ind\u00fastria de hoje, os transportes, o sistema econ\u00f4mico baseado na &#8220;maximiza\u00e7\u00e3o do lucro&#8221; tem um &#8220;impacto negativo sobre o equil\u00edbrio ambiental&#8221;, uma &#8220;mudan\u00e7a na dire\u00e7\u00e3o de uma economia ecol\u00f3gica \u00e9 uma necessidade que n\u00e3o se pode evitar&#8221;. N\u00e3o h\u00e1 um progresso verdadeiro baseado na destrui\u00e7\u00e3o do ambiente natural&#8221;. \u00c9 inconceb\u00edvel&#8221;, continua ele, &#8220;que as decis\u00f5es econ\u00f4micas sejam tomadas sem levar em conta suas consequ\u00eancias ecol\u00f3gicas&#8221;. O desenvolvimento econ\u00f4mico n\u00e3o pode continuar sendo um pesadelo para a ecologia\u201d.<\/p>\n<p>Na parte final da mensagem, Bartolomeu I recorda o grande compromisso do Patriarcado Ortodoxo com as quest\u00f5es ecol\u00f3gicas e a necessidade de colaborar a esse respeito. Afinal, ele conclui, &#8220;a pr\u00f3pria vida da Igreja \u00e9 uma ecologia aplicada. Os sacramentos da Igreja, toda sua vida de adora\u00e7\u00e3o, a ascese e vida comunit\u00e1ria, a vida di\u00e1ria de seus fi\u00e9is, expressam e geram o mais profundo respeito pela cria\u00e7\u00e3o&#8221;.<\/p>\n<\/div>\n","protected":false},"excerpt":{"rendered":"<p>Dia Mundial de Ora\u00e7\u00e3o pelo Cuidado da Cria\u00e7\u00e3o<\/p>\n","protected":false},"author":3,"featured_media":228051,"comment_status":"open","ping_status":"open","sticky":false,"template":"","format":"standard","meta":[],"categories":[1],"tags":[202],"acf":[],"yoast_head":"<!-- This site is optimized with the Yoast SEO plugin v19.2 - https:\/\/yoast.com\/wordpress\/plugins\/seo\/ -->\n<title>Franciscanos se unem para celebrar o &quot;Tempo da Cria\u00e7\u00e3o&quot; - Not\u00edcias - Franciscanos<\/title>\n<meta name=\"robots\" content=\"index, follow, max-snippet:-1, max-image-preview:large, max-video-preview:-1\" \/>\n<link rel=\"canonical\" href=\"https:\/\/franciscanos.org.br\/noticias\/franciscanos-se-unem-para-celebrar-o-tempo-da-criacao.html\" \/>\n<meta property=\"og:locale\" content=\"pt_BR\" \/>\n<meta property=\"og:type\" content=\"article\" \/>\n<meta property=\"og:title\" content=\"Franciscanos se unem para celebrar o &quot;Tempo da Cria\u00e7\u00e3o&quot; - Not\u00edcias - Franciscanos\" \/>\n<meta property=\"og:description\" content=\"Dia Mundial de Ora\u00e7\u00e3o pelo Cuidado da Cria\u00e7\u00e3o\" \/>\n<meta property=\"og:url\" content=\"https:\/\/franciscanos.org.br\/noticias\/franciscanos-se-unem-para-celebrar-o-tempo-da-criacao.html\" \/>\n<meta property=\"og:site_name\" content=\"Not\u00edcias - Franciscanos\" \/>\n<meta property=\"article:published_time\" content=\"2020-08-31T12:56:02+00:00\" \/>\n<meta property=\"article:modified_time\" content=\"2020-09-11T11:21:56+00:00\" \/>\n<meta property=\"og:image\" content=\"https:\/\/franciscanos.org.br\/noticias\/wp-content\/uploads\/2020\/08\/jpic_d.jpg\" \/>\n\t<meta property=\"og:image:width\" content=\"800\" \/>\n\t<meta property=\"og:image:height\" content=\"600\" \/>\n\t<meta property=\"og:image:type\" content=\"image\/jpeg\" \/>\n<meta name=\"author\" content=\"moacir\" \/>\n<meta name=\"twitter:card\" content=\"summary_large_image\" \/>\n<meta name=\"twitter:label1\" content=\"Escrito por\" \/>\n\t<meta name=\"twitter:data1\" content=\"moacir\" \/>\n\t<meta name=\"twitter:label2\" content=\"Est. tempo de leitura\" \/>\n\t<meta name=\"twitter:data2\" content=\"7 minutos\" \/>\n<script type=\"application\/ld+json\" class=\"yoast-schema-graph\">{\"@context\":\"https:\/\/schema.org\",\"@graph\":[{\"@type\":\"WebSite\",\"@id\":\"https:\/\/franciscanos.org.br\/noticias\/#website\",\"url\":\"https:\/\/franciscanos.org.br\/noticias\/\",\"name\":\"Not\u00edcias - Franciscanos\",\"description\":\"Prov\u00edncia Franciscana da Imaculada Concei\u00e7\u00e3o do Brasil - Ordem dos Frades Menores - OFM\",\"potentialAction\":[{\"@type\":\"SearchAction\",\"target\":{\"@type\":\"EntryPoint\",\"urlTemplate\":\"https:\/\/franciscanos.org.br\/noticias\/?s={search_term_string}\"},\"query-input\":\"required name=search_term_string\"}],\"inLanguage\":\"pt-BR\"},{\"@type\":\"ImageObject\",\"inLanguage\":\"pt-BR\",\"@id\":\"https:\/\/franciscanos.org.br\/noticias\/franciscanos-se-unem-para-celebrar-o-tempo-da-criacao.html#primaryimage\",\"url\":\"https:\/\/franciscanos.org.br\/noticias\/wp-content\/uploads\/2020\/08\/jpic_d.jpg\",\"contentUrl\":\"https:\/\/franciscanos.org.br\/noticias\/wp-content\/uploads\/2020\/08\/jpic_d.jpg\",\"width\":800,\"height\":600},{\"@type\":\"WebPage\",\"@id\":\"https:\/\/franciscanos.org.br\/noticias\/franciscanos-se-unem-para-celebrar-o-tempo-da-criacao.html#webpage\",\"url\":\"https:\/\/franciscanos.org.br\/noticias\/franciscanos-se-unem-para-celebrar-o-tempo-da-criacao.html\",\"name\":\"Franciscanos se unem para celebrar o \\\"Tempo da Cria\u00e7\u00e3o\\\" - Not\u00edcias - Franciscanos\",\"isPartOf\":{\"@id\":\"https:\/\/franciscanos.org.br\/noticias\/#website\"},\"primaryImageOfPage\":{\"@id\":\"https:\/\/franciscanos.org.br\/noticias\/franciscanos-se-unem-para-celebrar-o-tempo-da-criacao.html#primaryimage\"},\"datePublished\":\"2020-08-31T12:56:02+00:00\",\"dateModified\":\"2020-09-11T11:21:56+00:00\",\"author\":{\"@id\":\"https:\/\/franciscanos.org.br\/noticias\/#\/schema\/person\/b5c8cba458c330ccff548b056e95a5d4\"},\"breadcrumb\":{\"@id\":\"https:\/\/franciscanos.org.br\/noticias\/franciscanos-se-unem-para-celebrar-o-tempo-da-criacao.html#breadcrumb\"},\"inLanguage\":\"pt-BR\",\"potentialAction\":[{\"@type\":\"ReadAction\",\"target\":[\"https:\/\/franciscanos.org.br\/noticias\/franciscanos-se-unem-para-celebrar-o-tempo-da-criacao.html\"]}]},{\"@type\":\"BreadcrumbList\",\"@id\":\"https:\/\/franciscanos.org.br\/noticias\/franciscanos-se-unem-para-celebrar-o-tempo-da-criacao.html#breadcrumb\",\"itemListElement\":[{\"@type\":\"ListItem\",\"position\":1,\"name\":\"Home\",\"item\":\"https:\/\/franciscanos.org.br\/noticias\"},{\"@type\":\"ListItem\",\"position\":2,\"name\":\"Franciscanos se unem para celebrar o &#8220;Tempo da Cria\u00e7\u00e3o&#8221;\"}]},{\"@type\":\"Person\",\"@id\":\"https:\/\/franciscanos.org.br\/noticias\/#\/schema\/person\/b5c8cba458c330ccff548b056e95a5d4\",\"name\":\"moacir\",\"image\":{\"@type\":\"ImageObject\",\"inLanguage\":\"pt-BR\",\"@id\":\"https:\/\/franciscanos.org.br\/noticias\/#\/schema\/person\/image\/\",\"url\":\"https:\/\/secure.gravatar.com\/avatar\/d08aa2ce4c8dd416d4479aa8536fcf64?s=96&d=mm&r=g\",\"contentUrl\":\"https:\/\/secure.gravatar.com\/avatar\/d08aa2ce4c8dd416d4479aa8536fcf64?s=96&d=mm&r=g\",\"caption\":\"moacir\"},\"url\":\"https:\/\/franciscanos.org.br\/noticias\/author\/moacir\"}]}<\/script>\n<!-- \/ Yoast SEO plugin. -->","yoast_head_json":{"title":"Franciscanos se unem para celebrar o \"Tempo da Cria\u00e7\u00e3o\" - Not\u00edcias - Franciscanos","robots":{"index":"index","follow":"follow","max-snippet":"max-snippet:-1","max-image-preview":"max-image-preview:large","max-video-preview":"max-video-preview:-1"},"canonical":"https:\/\/franciscanos.org.br\/noticias\/franciscanos-se-unem-para-celebrar-o-tempo-da-criacao.html","og_locale":"pt_BR","og_type":"article","og_title":"Franciscanos se unem para celebrar o \"Tempo da Cria\u00e7\u00e3o\" - Not\u00edcias - Franciscanos","og_description":"Dia Mundial de Ora\u00e7\u00e3o pelo Cuidado da Cria\u00e7\u00e3o","og_url":"https:\/\/franciscanos.org.br\/noticias\/franciscanos-se-unem-para-celebrar-o-tempo-da-criacao.html","og_site_name":"Not\u00edcias - Franciscanos","article_published_time":"2020-08-31T12:56:02+00:00","article_modified_time":"2020-09-11T11:21:56+00:00","og_image":[{"width":800,"height":600,"url":"https:\/\/franciscanos.org.br\/noticias\/wp-content\/uploads\/2020\/08\/jpic_d.jpg","type":"image\/jpeg"}],"author":"moacir","twitter_card":"summary_large_image","twitter_misc":{"Escrito por":"moacir","Est. tempo de leitura":"7 minutos"},"schema":{"@context":"https:\/\/schema.org","@graph":[{"@type":"WebSite","@id":"https:\/\/franciscanos.org.br\/noticias\/#website","url":"https:\/\/franciscanos.org.br\/noticias\/","name":"Not\u00edcias - Franciscanos","description":"Prov\u00edncia Franciscana da Imaculada Concei\u00e7\u00e3o do Brasil - Ordem dos Frades Menores - OFM","potentialAction":[{"@type":"SearchAction","target":{"@type":"EntryPoint","urlTemplate":"https:\/\/franciscanos.org.br\/noticias\/?s={search_term_string}"},"query-input":"required name=search_term_string"}],"inLanguage":"pt-BR"},{"@type":"ImageObject","inLanguage":"pt-BR","@id":"https:\/\/franciscanos.org.br\/noticias\/franciscanos-se-unem-para-celebrar-o-tempo-da-criacao.html#primaryimage","url":"https:\/\/franciscanos.org.br\/noticias\/wp-content\/uploads\/2020\/08\/jpic_d.jpg","contentUrl":"https:\/\/franciscanos.org.br\/noticias\/wp-content\/uploads\/2020\/08\/jpic_d.jpg","width":800,"height":600},{"@type":"WebPage","@id":"https:\/\/franciscanos.org.br\/noticias\/franciscanos-se-unem-para-celebrar-o-tempo-da-criacao.html#webpage","url":"https:\/\/franciscanos.org.br\/noticias\/franciscanos-se-unem-para-celebrar-o-tempo-da-criacao.html","name":"Franciscanos se unem para celebrar o \"Tempo da Cria\u00e7\u00e3o\" - Not\u00edcias - Franciscanos","isPartOf":{"@id":"https:\/\/franciscanos.org.br\/noticias\/#website"},"primaryImageOfPage":{"@id":"https:\/\/franciscanos.org.br\/noticias\/franciscanos-se-unem-para-celebrar-o-tempo-da-criacao.html#primaryimage"},"datePublished":"2020-08-31T12:56:02+00:00","dateModified":"2020-09-11T11:21:56+00:00","author":{"@id":"https:\/\/franciscanos.org.br\/noticias\/#\/schema\/person\/b5c8cba458c330ccff548b056e95a5d4"},"breadcrumb":{"@id":"https:\/\/franciscanos.org.br\/noticias\/franciscanos-se-unem-para-celebrar-o-tempo-da-criacao.html#breadcrumb"},"inLanguage":"pt-BR","potentialAction":[{"@type":"ReadAction","target":["https:\/\/franciscanos.org.br\/noticias\/franciscanos-se-unem-para-celebrar-o-tempo-da-criacao.html"]}]},{"@type":"BreadcrumbList","@id":"https:\/\/franciscanos.org.br\/noticias\/franciscanos-se-unem-para-celebrar-o-tempo-da-criacao.html#breadcrumb","itemListElement":[{"@type":"ListItem","position":1,"name":"Home","item":"https:\/\/franciscanos.org.br\/noticias"},{"@type":"ListItem","position":2,"name":"Franciscanos se unem para celebrar o &#8220;Tempo da Cria\u00e7\u00e3o&#8221;"}]},{"@type":"Person","@id":"https:\/\/franciscanos.org.br\/noticias\/#\/schema\/person\/b5c8cba458c330ccff548b056e95a5d4","name":"moacir","image":{"@type":"ImageObject","inLanguage":"pt-BR","@id":"https:\/\/franciscanos.org.br\/noticias\/#\/schema\/person\/image\/","url":"https:\/\/secure.gravatar.com\/avatar\/d08aa2ce4c8dd416d4479aa8536fcf64?s=96&d=mm&r=g","contentUrl":"https:\/\/secure.gravatar.com\/avatar\/d08aa2ce4c8dd416d4479aa8536fcf64?s=96&d=mm&r=g","caption":"moacir"},"url":"https:\/\/franciscanos.org.br\/noticias\/author\/moacir"}]}},"_links":{"self":[{"href":"https:\/\/franciscanos.org.br\/noticias\/wp-json\/wp\/v2\/posts\/228049"}],"collection":[{"href":"https:\/\/franciscanos.org.br\/noticias\/wp-json\/wp\/v2\/posts"}],"about":[{"href":"https:\/\/franciscanos.org.br\/noticias\/wp-json\/wp\/v2\/types\/post"}],"author":[{"embeddable":true,"href":"https:\/\/franciscanos.org.br\/noticias\/wp-json\/wp\/v2\/users\/3"}],"replies":[{"embeddable":true,"href":"https:\/\/franciscanos.org.br\/noticias\/wp-json\/wp\/v2\/comments?post=228049"}],"version-history":[{"count":6,"href":"https:\/\/franciscanos.org.br\/noticias\/wp-json\/wp\/v2\/posts\/228049\/revisions"}],"predecessor-version":[{"id":228300,"href":"https:\/\/franciscanos.org.br\/noticias\/wp-json\/wp\/v2\/posts\/228049\/revisions\/228300"}],"wp:featuredmedia":[{"embeddable":true,"href":"https:\/\/franciscanos.org.br\/noticias\/wp-json\/wp\/v2\/media\/228051"}],"wp:attachment":[{"href":"https:\/\/franciscanos.org.br\/noticias\/wp-json\/wp\/v2\/media?parent=228049"}],"wp:term":[{"taxonomy":"category","embeddable":true,"href":"https:\/\/franciscanos.org.br\/noticias\/wp-json\/wp\/v2\/categories?post=228049"},{"taxonomy":"post_tag","embeddable":true,"href":"https:\/\/franciscanos.org.br\/noticias\/wp-json\/wp\/v2\/tags?post=228049"}],"curies":[{"name":"wp","href":"https:\/\/api.w.org\/{rel}","templated":true}]}}