{"id":228035,"date":"2020-08-30T18:36:04","date_gmt":"2020-08-30T21:36:04","guid":{"rendered":"https:\/\/franciscanos.org.br\/noticias\/?p=228035"},"modified":"2020-08-31T11:30:43","modified_gmt":"2020-08-31T14:30:43","slug":"sav-encerra-agosto-com-live-vocacional","status":"publish","type":"post","link":"https:\/\/franciscanos.org.br\/noticias\/sav-encerra-agosto-com-live-vocacional.html","title":{"rendered":"SAV encerra agosto com \u201cLive\u201d Vocacional"},"content":{"rendered":"<p><img loading=\"lazy\" class=\"alignnone wp-image-228036 size-full\" src=\"https:\/\/franciscanos.org.br\/noticias\/wp-content\/uploads\/2020\/08\/sav_3008_2.jpg\" alt=\"\" width=\"1280\" height=\"720\" srcset=\"https:\/\/franciscanos.org.br\/noticias\/wp-content\/uploads\/2020\/08\/sav_3008_2.jpg 1280w, https:\/\/franciscanos.org.br\/noticias\/wp-content\/uploads\/2020\/08\/sav_3008_2-450x253.jpg 450w, https:\/\/franciscanos.org.br\/noticias\/wp-content\/uploads\/2020\/08\/sav_3008_2-1024x576.jpg 1024w, https:\/\/franciscanos.org.br\/noticias\/wp-content\/uploads\/2020\/08\/sav_3008_2-768x432.jpg 768w, https:\/\/franciscanos.org.br\/noticias\/wp-content\/uploads\/2020\/08\/sav_3008_2-150x84.jpg 150w\" sizes=\"(max-width: 1280px) 100vw, 1280px\" \/><\/p>\n<p><strong>Moacir Beggo e Lucas Santos<\/strong><strong>\u00a0<\/strong><\/p>\n<p><strong>S\u00e3o Paulo (SP)<\/strong> &#8211; O m\u00eas vocacional de agosto foi conclu\u00eddo pelo Servi\u00e7o de Anima\u00e7\u00e3o Vocacional (SAV) da Prov\u00edncia da Imaculada Concei\u00e7\u00e3o com uma <em>live<\/em>, transmitida diretamente da bela e hist\u00f3rica capela do Convento S\u00e3o Francisco de S\u00e3o Paulo. Este momento virtual, que se repetiu pela segunda vez durante a pandemia, reuniu os frades que trabalham neste servi\u00e7o de anima\u00e7\u00e3o da Prov\u00edncia da Imaculada: Frei Diego Melo, Frei Alisson Zanetti, Frei Odilon Voss e Frei Leandro Costa. &#8220;Esse encontro Vocacional <em>on-line<\/em> veio como forma de coroa\u00e7\u00e3o do m\u00eas dedicado \u00e0s voca\u00e7\u00f5es&#8221;, disse Frei Diego.<\/p>\n<p>O encontro come\u00e7ou com a ora\u00e7\u00e3o dos novi\u00e7os de Angola, que louvaram Maria no dialeto angolano Kimbundu. Essa participa\u00e7\u00e3o dos novi\u00e7os foi especial. Este \u00e9 o segundo ano que o Noviciado acontece em Angola e, neste 30\u00ba anivers\u00e1rio da Miss\u00e3o, a casa de forma\u00e7\u00e3o em Quibala recebe 27 novi\u00e7os. (<strong><a href=\"https:\/\/www.youtube.com\/watch?v=-u2zl4LrluA\">VEJA O V\u00cdDEO<\/a>)<\/strong>.<\/p>\n<p>Para a reflex\u00e3o desta tarde, o jovem Frei Odilon, que est\u00e1 fazendo o Ano Mission\u00e1rio no SAV, trouxe um trecho das Fontes Franciscanas, onde S\u00e3o Francisco reflete sobre as qualidades e virtudes para se tornar um bom frade menor.<\/p>\n<p>Segundo Frei Odilon, trata-se de um dos textos mais fortes da espiritualidade franciscana. Segundo S\u00e3o Francisco, o frade perfeito s\u00f3 existe no conjunto da fraternidade. &#8220;N\u00e3o existe esse frade ut\u00f3pico, mas existe o frade que, com suas qualidades, junta-se a outras qualidades dos demais frades&#8221;, disse. Nos escritos da Ordem, Francisco soma as seguintes qualidades e virtudes para descrever o frade menor: a f\u00e9 de Frei Bernardo; a simplicidade e a pureza de Frei Le\u00e3o; a cortesia de Frei \u00c2ngelo; o aspecto gracioso e o senso natural com a fala bonita e devota de Frei Masseo; a mente elevada em contempla\u00e7\u00e3o de Frei Eg\u00eddio; a virtuosa e constante ora\u00e7\u00e3o de Frei Rufino; a paci\u00eancia de Frei Jun\u00edpero; o vigor corporal e espiritual de Frei Jo\u00e3o das <em>Laudes<\/em>; a caridade de Frei Rog\u00e9rio; e a solicitude de Frei L\u00facido.<\/p>\n<p><img loading=\"lazy\" class=\"alignnone wp-image-228037 size-full\" src=\"https:\/\/franciscanos.org.br\/noticias\/wp-content\/uploads\/2020\/08\/sav_3008_3.jpg\" alt=\"\" width=\"1280\" height=\"720\" srcset=\"https:\/\/franciscanos.org.br\/noticias\/wp-content\/uploads\/2020\/08\/sav_3008_3.jpg 1280w, https:\/\/franciscanos.org.br\/noticias\/wp-content\/uploads\/2020\/08\/sav_3008_3-450x253.jpg 450w, https:\/\/franciscanos.org.br\/noticias\/wp-content\/uploads\/2020\/08\/sav_3008_3-1024x576.jpg 1024w, https:\/\/franciscanos.org.br\/noticias\/wp-content\/uploads\/2020\/08\/sav_3008_3-768x432.jpg 768w, https:\/\/franciscanos.org.br\/noticias\/wp-content\/uploads\/2020\/08\/sav_3008_3-150x84.jpg 150w\" sizes=\"(max-width: 1280px) 100vw, 1280px\" \/><\/p>\n<p>Para Frei Odilon, S\u00e3o Francisco olha para as qualidades que trazemos no cora\u00e7\u00e3o. &#8220;N\u00e3o \u00e9 algo ut\u00f3pico&#8221;, falou especialmente para os vocacionados.<\/p>\n<p>Uma das primeiras can\u00e7\u00f5es vocacionais de Pe. Zezinho, &#8220;Voca\u00e7\u00e3o&#8221;, ditou o ritmo do encontro em seguida: &#8220;Se ouvires a voz do vento, chamando sem cessar. Se ouvires a voz do tempo; mandando esperar. A decis\u00e3o \u00e9 tua&#8230;&#8221;.<\/p>\n<p>Foi a decis\u00e3o de ser frade menor que tomou o vocacionado Gustavo da Silva Gomes, natural de Gar\u00e7a, no interior de S\u00e3o Paulo. Segundo ele, sempre foi engajado em trabalhos pastorais. Mas no in\u00edcio da pandemia, sua vida tomou outro rumo. &#8220;Havia sa\u00eddo do trabalho e percebia que precisava modificar algo em minha vida. De forma muito providencial, chegou at\u00e9 mim a not\u00edcia do trabalho feito na Tenda Franciscana no Largo S\u00e3o Francisco. Foi, ent\u00e3o, que resolvi dar o passo de vir at\u00e9 aqui. Falei com Frei Diego e fui acolhido pela Fraternidade do Pari. Estou tendo a oportunidade de conviver com os frades do Pari e do Largo S\u00e3o Francisco. Quando eu disse que sentia esse inc\u00f4modo, eu n\u00e3o sabia o que era, mas, quando cheguei aqui, eu entendi. Era a vida fraterna e esse estado de miss\u00e3o que queria e que conheci no conv\u00edvio com os frades e os volunt\u00e1rios na diversidade da Tenda. Ali, n\u00e3o se trata s\u00f3 de um trabalho social, mas de um trabalho com espiritualidade&#8221;, contou o jovem volunt\u00e1rio. Para ele, essa m\u00faltipla forma de ser franciscano no mundo chamou sua aten\u00e7\u00e3o. &#8220;Na Tenda, conheci essa f\u00e9 que se manifesta atrav\u00e9s de obras. Uma f\u00e9 que se manifesta por testemunho. Foi isso que me tocou e toca tantos outros&#8221;, revelou.<\/p>\n<p>Segundo Frei Diego, falando a Gustavo, completou: &#8220;Nessa experi\u00eancia de tr\u00eas meses, voc\u00ea respondeu \u00e0quele convite que j\u00e1 estava no seu cora\u00e7\u00e3o&#8221;, disse. O animador vocacional, que est\u00e1 trabalhando na Tenda Franciscana no Largo da Carioca, no Rio de Janeiro, e veio a S\u00e3o Paulo especialmente para participar desta <em>live<\/em>, fez um convite aos jovens: &#8220;Eu tenho certeza que muitos jovens t\u00eam essa mesma inquieta\u00e7\u00e3o nos seus cora\u00e7\u00f5es, como teve o Gustavo. N\u00e3o deixem passar essa oportunidade&#8221;, pediu o frade.<\/p>\n<p>&#8220;Continue firme que ano que vem Ituporanga te espera&#8221;, disse Frei Diego a Gustavo, referindo-se <strong><a href=\"https:\/\/www.youtube.com\/watch?v=z4asvGhgYiM\">\u00e0 etapa do Aspirantado (VEJA O V\u00cdDEO)<\/a><\/strong>\u00a0que \u00e9 feita no Semin\u00e1rio S\u00e3o Francisco de Assis, em Ituporanga (SC).<\/p>\n<p>Os seminaristas de Ituporanga fazem o Ensino M\u00e9dio e o Aspirantado. Segundo o guardi\u00e3o Frei Pedro da Silva, \u00e9 um tempo de discernimento.<\/p>\n<p><img loading=\"lazy\" class=\"alignnone wp-image-228038 size-full\" src=\"https:\/\/franciscanos.org.br\/noticias\/wp-content\/uploads\/2020\/08\/sav_3008.jpg\" alt=\"\" width=\"1280\" height=\"720\" srcset=\"https:\/\/franciscanos.org.br\/noticias\/wp-content\/uploads\/2020\/08\/sav_3008.jpg 1280w, https:\/\/franciscanos.org.br\/noticias\/wp-content\/uploads\/2020\/08\/sav_3008-450x253.jpg 450w, https:\/\/franciscanos.org.br\/noticias\/wp-content\/uploads\/2020\/08\/sav_3008-1024x576.jpg 1024w, https:\/\/franciscanos.org.br\/noticias\/wp-content\/uploads\/2020\/08\/sav_3008-768x432.jpg 768w, https:\/\/franciscanos.org.br\/noticias\/wp-content\/uploads\/2020\/08\/sav_3008-150x84.jpg 150w\" sizes=\"(max-width: 1280px) 100vw, 1280px\" \/><\/p>\n<p>Neste caminho formativo que o jovem vai fazer at\u00e9 a profiss\u00e3o solene, depois ele ingressar\u00e1 no Postulantado e no Noviciado, onde fara a Primeira Profiss\u00e3o na Ordem dos Frades Menores ou receber\u00e1 os votos tempor\u00e1rios. Na Profiss\u00e3o Solene, o frade d\u00e1 o seu<em> sim definitivo<\/em> a Deus. Veja os depoimentos dos frades que far\u00e3o a Profiss\u00e3o Solene neste ano <a href=\"https:\/\/www.youtube.com\/watch?v=670qY2A4jyo&amp;feature=youtu.be\">(<strong>VEJA V\u00cdDEO)<\/strong><\/a><\/p>\n<p>O acompanhamento vocacional \u00e9 feito pelos procuradores em cada Par\u00f3quia ou Convento da Prov\u00edncia. Em junho ou julho, os candidatos fazem tr\u00eas encontros regionais em casas formativas da Prov\u00edncia. Mas s\u00f3 no final do ano, com o grande Est\u00e1gio Vocacional, s\u00e3o escolhidos os candidatos que iniciar\u00e3o essa experi\u00eancia formativa.<\/p>\n<p>Devido \u00e0 pandemia, n\u00e3o ser\u00e1 poss\u00edvel este Est\u00e1gio e, para isso, o SAV dividiu este evento nos estados em que a Prov\u00edncia est\u00e1 presente: Ituporanga SC), Campo Largo (PR), S\u00e3o Paulo (SP), Rio de Janeiro (RJ) e Vila Velha (ES). Segundo Frei Alisson, os candidatos conhecer\u00e3o os crit\u00e9rios que precisam seguir para serem admitidos na Ordem Franciscana e na Prov\u00edncia. Nestes encontros, os frades entrevistar\u00e3o os candidatos para conhec\u00ea-los melhor.<\/p>\n<p>&#8220;Embora os desafios em fun\u00e7\u00e3o da pandemia sejam grandes, n\u00e3o podemos deixar de continuar motivando os nossos vocacionados, esclarecendo suas d\u00favidas e acolhendo-os em nossas Fraternidades, ainda que tudo isso de um modo virtual e \u00e0 dist\u00e2ncia&#8221;, disse Frei Diego, que destacou o \u00a0envolvimento e participa\u00e7\u00e3o dos Frades do Noviciado de Quibala, dos aspirantes e seminaristas de Ituporanga, o testemunho bonito dos Frades que far\u00e3o a profiss\u00e3o solene nesse ano, bem como a b\u00ean\u00e7\u00e3o do Frei Jos\u00e9 Cambolo, frade angolano ordenado nesses tempos de pandemia.<\/p>\n<p>&#8220;Embora tenhamos tido algumas dificuldades t\u00e9cnicas na transmiss\u00e3o, o envolvimento de todas essas casas de forma\u00e7\u00e3o e Frades, certamente, j\u00e1 \u00e9 um sinal do quanto a anima\u00e7\u00e3o Vocacional toca diretamente as nossas fraternidades. Al\u00e9m disso, cabe destacar a presen\u00e7a e o testemunho do jovem Gustavo, que amadureceu a sua pr\u00f3pria voca\u00e7\u00e3o durante o voluntariado na Tenda Franciscana, do Sefras, ao longo de 3 meses de conviv\u00eancia com a fraternidade Santo Ant\u00f4nio do Pari. O despertar Vocacional dele \u00e9 a certeza de que n\u00e3o existe voca\u00e7\u00e3o desvinculada da miss\u00e3o, e que todo chamado exige uma resposta bem concreta de servi\u00e7o a Deus e ao pr\u00f3ximo&#8221;, avaliou Frei Diego.<\/p>\n<p>At\u00e9 os Est\u00e1gios, os candidatos t\u00eam um n\u00famero do Whatsapp exclusivo para tirar as d\u00favidas: <strong>(11) 96607-3441.<\/strong><\/p>\n<p>Frei Alisson fez os agradecimentos antes da b\u00ean\u00e7\u00e3o final. &#8220;S\u00e3o Francisco foi o santo da gratid\u00e3o. Primeiro, agradecemos a Deus pela voca\u00e7\u00e3o \u00e0 vida&#8221;, disse, enumerando uma lista de agradecimentos, a come\u00e7ar pela Prov\u00edncia, em nome do Ministro Provincial, Frei C\u00e9sar K\u00fclkamp, &#8220;que sempre nos apoia e nos estimula dando as ferramentas para que o trabalho do servi\u00e7o de anima\u00e7\u00e3o aconte\u00e7a&#8221;; aos frades do Convento S\u00e3o Francisco; aos frades e novi\u00e7os de Angola; aos frades e seminaristas de Ituporanga; aos volunt\u00e1rios da Tenda. &#8220;Hoje, \u00e9 o dia do Catequista. Esses volunt\u00e1rios s\u00e3o para n\u00f3s tamb\u00e9m catequistas ao entregarem as quentinhas&#8221;, disse. Frei Alisson, chamado carinhosamente de Frei Tio, agradeceu a todos que participaram virtualmente deste momento e aos envolvidos na produ\u00e7\u00e3o e, de modo especial, aos vocacionados, esperando finalmente rev\u00ea-los, desta vez presencialmente, nos est\u00e1gios em novembro.<\/p>\n<p><img loading=\"lazy\" class=\"alignnone wp-image-228039 size-full\" src=\"https:\/\/franciscanos.org.br\/noticias\/wp-content\/uploads\/2020\/08\/sav_3008_4.jpg\" alt=\"\" width=\"1280\" height=\"864\" srcset=\"https:\/\/franciscanos.org.br\/noticias\/wp-content\/uploads\/2020\/08\/sav_3008_4.jpg 1280w, https:\/\/franciscanos.org.br\/noticias\/wp-content\/uploads\/2020\/08\/sav_3008_4-450x304.jpg 450w, https:\/\/franciscanos.org.br\/noticias\/wp-content\/uploads\/2020\/08\/sav_3008_4-1024x691.jpg 1024w, https:\/\/franciscanos.org.br\/noticias\/wp-content\/uploads\/2020\/08\/sav_3008_4-768x518.jpg 768w, https:\/\/franciscanos.org.br\/noticias\/wp-content\/uploads\/2020\/08\/sav_3008_4-150x101.jpg 150w\" sizes=\"(max-width: 1280px) 100vw, 1280px\" \/><\/p>\n","protected":false},"excerpt":{"rendered":"<p>Servi\u00e7o de Anima\u00e7\u00e3o Vocacional<\/p>\n","protected":false},"author":3,"featured_media":228040,"comment_status":"open","ping_status":"open","sticky":false,"template":"","format":"standard","meta":[],"categories":[1],"tags":[552],"acf":[],"yoast_head":"<!-- This site is optimized with the Yoast SEO plugin v19.2 - https:\/\/yoast.com\/wordpress\/plugins\/seo\/ -->\n<title>SAV encerra agosto com \u201cLive\u201d Vocacional - Not\u00edcias - Franciscanos<\/title>\n<meta name=\"robots\" content=\"index, follow, max-snippet:-1, max-image-preview:large, max-video-preview:-1\" \/>\n<link rel=\"canonical\" href=\"https:\/\/franciscanos.org.br\/noticias\/sav-encerra-agosto-com-live-vocacional.html\" \/>\n<meta property=\"og:locale\" content=\"pt_BR\" \/>\n<meta property=\"og:type\" content=\"article\" \/>\n<meta property=\"og:title\" content=\"SAV encerra agosto com \u201cLive\u201d Vocacional - Not\u00edcias - Franciscanos\" \/>\n<meta property=\"og:description\" content=\"Servi\u00e7o de Anima\u00e7\u00e3o Vocacional\" \/>\n<meta property=\"og:url\" content=\"https:\/\/franciscanos.org.br\/noticias\/sav-encerra-agosto-com-live-vocacional.html\" \/>\n<meta property=\"og:site_name\" content=\"Not\u00edcias - Franciscanos\" \/>\n<meta property=\"article:published_time\" content=\"2020-08-30T21:36:04+00:00\" \/>\n<meta property=\"article:modified_time\" content=\"2020-08-31T14:30:43+00:00\" \/>\n<meta property=\"og:image\" content=\"https:\/\/franciscanos.org.br\/noticias\/wp-content\/uploads\/2020\/08\/sav_3008d.jpg\" \/>\n\t<meta property=\"og:image:width\" content=\"800\" \/>\n\t<meta property=\"og:image:height\" content=\"600\" \/>\n\t<meta property=\"og:image:type\" content=\"image\/jpeg\" \/>\n<meta name=\"author\" content=\"moacir\" \/>\n<meta name=\"twitter:card\" content=\"summary_large_image\" \/>\n<meta name=\"twitter:label1\" content=\"Escrito por\" \/>\n\t<meta name=\"twitter:data1\" content=\"moacir\" \/>\n\t<meta name=\"twitter:label2\" content=\"Est. tempo de leitura\" \/>\n\t<meta name=\"twitter:data2\" content=\"7 minutos\" \/>\n<script type=\"application\/ld+json\" class=\"yoast-schema-graph\">{\"@context\":\"https:\/\/schema.org\",\"@graph\":[{\"@type\":\"WebSite\",\"@id\":\"https:\/\/franciscanos.org.br\/noticias\/#website\",\"url\":\"https:\/\/franciscanos.org.br\/noticias\/\",\"name\":\"Not\u00edcias - Franciscanos\",\"description\":\"Prov\u00edncia Franciscana da Imaculada Concei\u00e7\u00e3o do Brasil - Ordem dos Frades Menores - OFM\",\"potentialAction\":[{\"@type\":\"SearchAction\",\"target\":{\"@type\":\"EntryPoint\",\"urlTemplate\":\"https:\/\/franciscanos.org.br\/noticias\/?s={search_term_string}\"},\"query-input\":\"required name=search_term_string\"}],\"inLanguage\":\"pt-BR\"},{\"@type\":\"ImageObject\",\"inLanguage\":\"pt-BR\",\"@id\":\"https:\/\/franciscanos.org.br\/noticias\/sav-encerra-agosto-com-live-vocacional.html#primaryimage\",\"url\":\"https:\/\/franciscanos.org.br\/noticias\/wp-content\/uploads\/2020\/08\/sav_3008d.jpg\",\"contentUrl\":\"https:\/\/franciscanos.org.br\/noticias\/wp-content\/uploads\/2020\/08\/sav_3008d.jpg\",\"width\":800,\"height\":600},{\"@type\":\"WebPage\",\"@id\":\"https:\/\/franciscanos.org.br\/noticias\/sav-encerra-agosto-com-live-vocacional.html#webpage\",\"url\":\"https:\/\/franciscanos.org.br\/noticias\/sav-encerra-agosto-com-live-vocacional.html\",\"name\":\"SAV encerra agosto com \u201cLive\u201d Vocacional - Not\u00edcias - Franciscanos\",\"isPartOf\":{\"@id\":\"https:\/\/franciscanos.org.br\/noticias\/#website\"},\"primaryImageOfPage\":{\"@id\":\"https:\/\/franciscanos.org.br\/noticias\/sav-encerra-agosto-com-live-vocacional.html#primaryimage\"},\"datePublished\":\"2020-08-30T21:36:04+00:00\",\"dateModified\":\"2020-08-31T14:30:43+00:00\",\"author\":{\"@id\":\"https:\/\/franciscanos.org.br\/noticias\/#\/schema\/person\/b5c8cba458c330ccff548b056e95a5d4\"},\"breadcrumb\":{\"@id\":\"https:\/\/franciscanos.org.br\/noticias\/sav-encerra-agosto-com-live-vocacional.html#breadcrumb\"},\"inLanguage\":\"pt-BR\",\"potentialAction\":[{\"@type\":\"ReadAction\",\"target\":[\"https:\/\/franciscanos.org.br\/noticias\/sav-encerra-agosto-com-live-vocacional.html\"]}]},{\"@type\":\"BreadcrumbList\",\"@id\":\"https:\/\/franciscanos.org.br\/noticias\/sav-encerra-agosto-com-live-vocacional.html#breadcrumb\",\"itemListElement\":[{\"@type\":\"ListItem\",\"position\":1,\"name\":\"Home\",\"item\":\"https:\/\/franciscanos.org.br\/noticias\"},{\"@type\":\"ListItem\",\"position\":2,\"name\":\"SAV encerra agosto com \u201cLive\u201d Vocacional\"}]},{\"@type\":\"Person\",\"@id\":\"https:\/\/franciscanos.org.br\/noticias\/#\/schema\/person\/b5c8cba458c330ccff548b056e95a5d4\",\"name\":\"moacir\",\"image\":{\"@type\":\"ImageObject\",\"inLanguage\":\"pt-BR\",\"@id\":\"https:\/\/franciscanos.org.br\/noticias\/#\/schema\/person\/image\/\",\"url\":\"https:\/\/secure.gravatar.com\/avatar\/d08aa2ce4c8dd416d4479aa8536fcf64?s=96&d=mm&r=g\",\"contentUrl\":\"https:\/\/secure.gravatar.com\/avatar\/d08aa2ce4c8dd416d4479aa8536fcf64?s=96&d=mm&r=g\",\"caption\":\"moacir\"},\"url\":\"https:\/\/franciscanos.org.br\/noticias\/author\/moacir\"}]}<\/script>\n<!-- \/ Yoast SEO plugin. -->","yoast_head_json":{"title":"SAV encerra agosto com \u201cLive\u201d Vocacional - Not\u00edcias - Franciscanos","robots":{"index":"index","follow":"follow","max-snippet":"max-snippet:-1","max-image-preview":"max-image-preview:large","max-video-preview":"max-video-preview:-1"},"canonical":"https:\/\/franciscanos.org.br\/noticias\/sav-encerra-agosto-com-live-vocacional.html","og_locale":"pt_BR","og_type":"article","og_title":"SAV encerra agosto com \u201cLive\u201d Vocacional - Not\u00edcias - Franciscanos","og_description":"Servi\u00e7o de Anima\u00e7\u00e3o Vocacional","og_url":"https:\/\/franciscanos.org.br\/noticias\/sav-encerra-agosto-com-live-vocacional.html","og_site_name":"Not\u00edcias - Franciscanos","article_published_time":"2020-08-30T21:36:04+00:00","article_modified_time":"2020-08-31T14:30:43+00:00","og_image":[{"width":800,"height":600,"url":"https:\/\/franciscanos.org.br\/noticias\/wp-content\/uploads\/2020\/08\/sav_3008d.jpg","type":"image\/jpeg"}],"author":"moacir","twitter_card":"summary_large_image","twitter_misc":{"Escrito por":"moacir","Est. tempo de leitura":"7 minutos"},"schema":{"@context":"https:\/\/schema.org","@graph":[{"@type":"WebSite","@id":"https:\/\/franciscanos.org.br\/noticias\/#website","url":"https:\/\/franciscanos.org.br\/noticias\/","name":"Not\u00edcias - Franciscanos","description":"Prov\u00edncia Franciscana da Imaculada Concei\u00e7\u00e3o do Brasil - Ordem dos Frades Menores - OFM","potentialAction":[{"@type":"SearchAction","target":{"@type":"EntryPoint","urlTemplate":"https:\/\/franciscanos.org.br\/noticias\/?s={search_term_string}"},"query-input":"required name=search_term_string"}],"inLanguage":"pt-BR"},{"@type":"ImageObject","inLanguage":"pt-BR","@id":"https:\/\/franciscanos.org.br\/noticias\/sav-encerra-agosto-com-live-vocacional.html#primaryimage","url":"https:\/\/franciscanos.org.br\/noticias\/wp-content\/uploads\/2020\/08\/sav_3008d.jpg","contentUrl":"https:\/\/franciscanos.org.br\/noticias\/wp-content\/uploads\/2020\/08\/sav_3008d.jpg","width":800,"height":600},{"@type":"WebPage","@id":"https:\/\/franciscanos.org.br\/noticias\/sav-encerra-agosto-com-live-vocacional.html#webpage","url":"https:\/\/franciscanos.org.br\/noticias\/sav-encerra-agosto-com-live-vocacional.html","name":"SAV encerra agosto com \u201cLive\u201d Vocacional - Not\u00edcias - Franciscanos","isPartOf":{"@id":"https:\/\/franciscanos.org.br\/noticias\/#website"},"primaryImageOfPage":{"@id":"https:\/\/franciscanos.org.br\/noticias\/sav-encerra-agosto-com-live-vocacional.html#primaryimage"},"datePublished":"2020-08-30T21:36:04+00:00","dateModified":"2020-08-31T14:30:43+00:00","author":{"@id":"https:\/\/franciscanos.org.br\/noticias\/#\/schema\/person\/b5c8cba458c330ccff548b056e95a5d4"},"breadcrumb":{"@id":"https:\/\/franciscanos.org.br\/noticias\/sav-encerra-agosto-com-live-vocacional.html#breadcrumb"},"inLanguage":"pt-BR","potentialAction":[{"@type":"ReadAction","target":["https:\/\/franciscanos.org.br\/noticias\/sav-encerra-agosto-com-live-vocacional.html"]}]},{"@type":"BreadcrumbList","@id":"https:\/\/franciscanos.org.br\/noticias\/sav-encerra-agosto-com-live-vocacional.html#breadcrumb","itemListElement":[{"@type":"ListItem","position":1,"name":"Home","item":"https:\/\/franciscanos.org.br\/noticias"},{"@type":"ListItem","position":2,"name":"SAV encerra agosto com \u201cLive\u201d Vocacional"}]},{"@type":"Person","@id":"https:\/\/franciscanos.org.br\/noticias\/#\/schema\/person\/b5c8cba458c330ccff548b056e95a5d4","name":"moacir","image":{"@type":"ImageObject","inLanguage":"pt-BR","@id":"https:\/\/franciscanos.org.br\/noticias\/#\/schema\/person\/image\/","url":"https:\/\/secure.gravatar.com\/avatar\/d08aa2ce4c8dd416d4479aa8536fcf64?s=96&d=mm&r=g","contentUrl":"https:\/\/secure.gravatar.com\/avatar\/d08aa2ce4c8dd416d4479aa8536fcf64?s=96&d=mm&r=g","caption":"moacir"},"url":"https:\/\/franciscanos.org.br\/noticias\/author\/moacir"}]}},"_links":{"self":[{"href":"https:\/\/franciscanos.org.br\/noticias\/wp-json\/wp\/v2\/posts\/228035"}],"collection":[{"href":"https:\/\/franciscanos.org.br\/noticias\/wp-json\/wp\/v2\/posts"}],"about":[{"href":"https:\/\/franciscanos.org.br\/noticias\/wp-json\/wp\/v2\/types\/post"}],"author":[{"embeddable":true,"href":"https:\/\/franciscanos.org.br\/noticias\/wp-json\/wp\/v2\/users\/3"}],"replies":[{"embeddable":true,"href":"https:\/\/franciscanos.org.br\/noticias\/wp-json\/wp\/v2\/comments?post=228035"}],"version-history":[{"count":9,"href":"https:\/\/franciscanos.org.br\/noticias\/wp-json\/wp\/v2\/posts\/228035\/revisions"}],"predecessor-version":[{"id":228057,"href":"https:\/\/franciscanos.org.br\/noticias\/wp-json\/wp\/v2\/posts\/228035\/revisions\/228057"}],"wp:featuredmedia":[{"embeddable":true,"href":"https:\/\/franciscanos.org.br\/noticias\/wp-json\/wp\/v2\/media\/228040"}],"wp:attachment":[{"href":"https:\/\/franciscanos.org.br\/noticias\/wp-json\/wp\/v2\/media?parent=228035"}],"wp:term":[{"taxonomy":"category","embeddable":true,"href":"https:\/\/franciscanos.org.br\/noticias\/wp-json\/wp\/v2\/categories?post=228035"},{"taxonomy":"post_tag","embeddable":true,"href":"https:\/\/franciscanos.org.br\/noticias\/wp-json\/wp\/v2\/tags?post=228035"}],"curies":[{"name":"wp","href":"https:\/\/api.w.org\/{rel}","templated":true}]}}