{"id":228030,"date":"2020-08-30T08:16:26","date_gmt":"2020-08-30T11:16:26","guid":{"rendered":"https:\/\/franciscanos.org.br\/noticias\/?p=228030"},"modified":"2021-08-29T10:41:07","modified_gmt":"2021-08-29T13:41:07","slug":"papa-francisco-cada-um-de-nos-deve-tomar-a-propria-cruz","status":"publish","type":"post","link":"https:\/\/franciscanos.org.br\/noticias\/papa-francisco-cada-um-de-nos-deve-tomar-a-propria-cruz.html","title":{"rendered":"Papa Francisco: cada um de n\u00f3s deve tomar a pr\u00f3pria cruz"},"content":{"rendered":"<div id=\"attachment_228031\" style=\"width: 1290px\" class=\"wp-caption alignnone\"><img aria-describedby=\"caption-attachment-228031\" loading=\"lazy\" class=\"wp-image-228031 size-full\" src=\"https:\/\/franciscanos.org.br\/noticias\/wp-content\/uploads\/2020\/08\/angelus_300820.jpg\" alt=\"\" width=\"1280\" height=\"720\" srcset=\"https:\/\/franciscanos.org.br\/noticias\/wp-content\/uploads\/2020\/08\/angelus_300820.jpg 1280w, https:\/\/franciscanos.org.br\/noticias\/wp-content\/uploads\/2020\/08\/angelus_300820-450x253.jpg 450w, https:\/\/franciscanos.org.br\/noticias\/wp-content\/uploads\/2020\/08\/angelus_300820-1024x576.jpg 1024w, https:\/\/franciscanos.org.br\/noticias\/wp-content\/uploads\/2020\/08\/angelus_300820-768x432.jpg 768w, https:\/\/franciscanos.org.br\/noticias\/wp-content\/uploads\/2020\/08\/angelus_300820-150x84.jpg 150w\" sizes=\"(max-width: 1280px) 100vw, 1280px\" \/><p id=\"caption-attachment-228031\" class=\"wp-caption-text\">\u00a0 \u00a0 \u00a0 \u00a0 \u00a0 \u00a0 \u00a0 \u00a0 \u00a0 \u00a0 \u00a0 \u00a0 \u00a0 \u00a0 \u00a0 \u00a0 \u00a0 \u00a0 \u00a0 \u00a0 \u00a0 \u00a0 \u00a0 \u00a0 \u00a0 \u00a0 \u00a0 \u00a0 \u00a0 \u00a0 \u00a0 \u00a0 \u00a0 \u00a0 \u00a0 \u00a0 \u00a0 \u00a0 \u00a0 \u00a0 \u00a0 \u00a0 \u00a0 \u00a0 \u00a0 \u00a0 \u00a0 \u00a0 \u00a0 \u00a0 \u00a0 \u00a0 \u00a0<em> \u00a0 \u00a0 \u00a0 \u00a0 \u00a0 \u00a0 \u00a0 \u00a0 Imagem: Vatican media<\/em><\/p><\/div>\n<p><strong>Cidade do Vaticano &#8211;<\/strong>\u00a0 Na ora\u00e7\u00e3o do Angelus deste domingo (30\/08), o Santo Padre refletiu sobre o compromisso de cada um de n\u00f3s de \u201ctomar a pr\u00f3pria cruz\u201d. Francisco discorreu sobre o Evangelho de Mateus quando Jesus, pela primeira vez, falou aos seus disc\u00edpulos sobre o final que o espera na Cidade Santa: \u201cDiz que ter\u00e1 que \u2018sofrer muito por parte dos anci\u00e3os, dos chefes dos sacerdotes e dos escribas, e ser morto e ressuscitar ao terceiro dia\u2019\u201d<\/p>\n<p>A rea\u00e7\u00e3o dos disc\u00edpulos a esta predi\u00e7\u00e3o \u00e9 considerada imatura por Jesus: \u201cAinda t\u00eam uma f\u00e9 imatura e muito ligada \u00e0 mentalidade deste mundo\u201d. Eles n\u00e3o querem que Jesus passe por isso. \u201cPara Pedro e os outros disc\u00edpulos &#8211; mas tamb\u00e9m para n\u00f3s! &#8211; a cruz \u00e9 um \u2018esc\u00e2ndalo\u2019, enquanto Jesus considera um \u2018esc\u00e2ndalo\u2019 fugir da cruz, o que significaria fugir da vontade do Pai, da miss\u00e3o que Ele lhe confiou para nossa salva\u00e7\u00e3o\u201d<\/p>\n<p><strong>Tomar a pr\u00f3pria cruz<\/strong><br \/>\nJesus, continua Francisco, aponta o caminho do verdadeiro disc\u00edpulo mostrando duas atitudes: \u201cA primeira \u00e9 \u2018renunciar a si mesmo\u2019, o que n\u00e3o significa uma mudan\u00e7a superficial, mas uma convers\u00e3o, uma invers\u00e3o de valores. A outra atitude \u00e9 tomar a pr\u00f3pria cruz\u201d . Explicando que \u201cn\u00e3o se trata apenas de suportar pacientemente as tribula\u00e7\u00f5es di\u00e1rias, mas de carregar com f\u00e9 e responsabilidade aquela parte do esfor\u00e7o e do sofrimento que a luta contra o mal implica\u201d.<\/p>\n<p>O Papa aprofunda este ponto exortando: \u201cFa\u00e7amos com que a cruz pendurada na parede de casa, ou a pequena que usamos no pesco\u00e7o, seja um sinal de nosso desejo de nos unirmos a Cristo no servi\u00e7o a nossos irm\u00e3os com amor, especialmente os pequenos e mais fr\u00e1geis\u201d<\/p>\n<p><strong>Jesus crucificado, verdadeiro Servo do Senhor<\/strong><br \/>\nEm seguida recorda ainda que a cruz \u00e9 sinal sagrado do Amor de Deus e do Sacrif\u00edcio de Jesus, e n\u00e3o deve ser reduzida a um objeto de supersti\u00e7\u00e3o ou uma joia ornamental. \u201cToda vez que fixamos o olhar na imagem de Cristo crucificado, pensamos que Ele, como verdadeiro Servo do Senhor, cumpriu Sua miss\u00e3o dando a vida, derramando Seu sangue para a remiss\u00e3o dos pecados\u201d.<\/p>\n<p>Por fim ensina que \u201cse quisermos ser seus disc\u00edpulos, somos chamados a imit\u00e1-Lo, entregando nossas vidas sem reservas por amor a Deus e ao pr\u00f3ximo\u201d.<\/p>\n<hr \/>\n<h3><strong>Nomeado o novo N\u00fancio Apost\u00f3lico para o Brasil<\/strong><\/h3>\n<p><img loading=\"lazy\" class=\"size-medium wp-image-228033 alignleft\" src=\"https:\/\/franciscanos.org.br\/noticias\/wp-content\/uploads\/2020\/08\/nuncio_30-450x338.jpg\" alt=\"\" width=\"450\" height=\"338\" srcset=\"https:\/\/franciscanos.org.br\/noticias\/wp-content\/uploads\/2020\/08\/nuncio_30-450x338.jpg 450w, https:\/\/franciscanos.org.br\/noticias\/wp-content\/uploads\/2020\/08\/nuncio_30-150x113.jpg 150w, https:\/\/franciscanos.org.br\/noticias\/wp-content\/uploads\/2020\/08\/nuncio_30.jpg 562w\" sizes=\"(max-width: 450px) 100vw, 450px\" \/>O Santo Padre nomeou o novo N\u00fancio Apost\u00f3lico para o Brasil. Trata-se de Sua Excel\u00eancia Reverend\u00edssima Dom Giambattista Diquattro, Arcebispo titular de Giromonte, at\u00e9 agora N\u00fancio Apost\u00f3lico na \u00cdndia e Nepal.<\/p>\n<p>Giambattista Diquattro nasceu em Bolonha, Em\u00edlia-Romanha, It\u00e1lia, em 18 de mar\u00e7o de 1954 \u00e9 arcebispo, diplomata, te\u00f3logo e canonista. Foi ordenado sacerdote em 1981. Recebeu seu mestrado em Direito Civil na Universidade de Cat\u00e2nia, e doutorado em Direito Can\u00f4nico na Pontif\u00edcia Universidade Lateranense em Roma e mestrado em Teologia Dogm\u00e1tica na Pontif\u00edcia Universidade Gregoriana em Roma.<\/p>\n<p>Entrou para o Servi\u00e7o Diplom\u00e1tico da Santa S\u00e9 em 1\u00ba de maio de 1985, e serviu em miss\u00f5es diplom\u00e1ticas nas representa\u00e7\u00f5es pontif\u00edcias na Rep\u00fablica Centro-Africana, Rep\u00fablica Democr\u00e1tica do Congo e Chade, nas Na\u00e7\u00f5es Unidas em Nova York, e mais tarde na Secretaria de Estado do Vaticano, e na Nunciatura Apost\u00f3lica na It\u00e1lia. O Papa Jo\u00e3o Paulo II o nomeou n\u00fancio apost\u00f3lico no Panam\u00e1 em 2 de abril de 2005. Bento XVI o nomeou n\u00fancio apost\u00f3lico na Bol\u00edvia em 21 de novembro de 2008 e em 21 de janeiro de 2017, o Papa Francisco o nomeou N\u00fancio Apost\u00f3lico na \u00cdndia e no Nepal.<\/p>\n<hr \/>\n<p><em>Fonte: textos e fotos Vatican Media<\/em><\/p>\n","protected":false},"excerpt":{"rendered":"<p>Angelus<\/p>\n","protected":false},"author":3,"featured_media":228032,"comment_status":"open","ping_status":"open","sticky":false,"template":"","format":"standard","meta":[],"categories":[1428],"tags":[403],"acf":[],"yoast_head":"<!-- This site is optimized with the Yoast SEO plugin v19.2 - https:\/\/yoast.com\/wordpress\/plugins\/seo\/ -->\n<title>Papa Francisco: cada um de n\u00f3s deve tomar a pr\u00f3pria cruz - Not\u00edcias - Franciscanos<\/title>\n<meta name=\"robots\" content=\"index, follow, max-snippet:-1, max-image-preview:large, max-video-preview:-1\" \/>\n<link rel=\"canonical\" href=\"https:\/\/franciscanos.org.br\/noticias\/papa-francisco-cada-um-de-nos-deve-tomar-a-propria-cruz.html\" \/>\n<meta property=\"og:locale\" content=\"pt_BR\" \/>\n<meta property=\"og:type\" content=\"article\" \/>\n<meta property=\"og:title\" content=\"Papa Francisco: cada um de n\u00f3s deve tomar a pr\u00f3pria cruz - Not\u00edcias - Franciscanos\" \/>\n<meta property=\"og:description\" content=\"Angelus\" \/>\n<meta property=\"og:url\" content=\"https:\/\/franciscanos.org.br\/noticias\/papa-francisco-cada-um-de-nos-deve-tomar-a-propria-cruz.html\" \/>\n<meta property=\"og:site_name\" content=\"Not\u00edcias - Franciscanos\" \/>\n<meta property=\"article:published_time\" content=\"2020-08-30T11:16:26+00:00\" \/>\n<meta property=\"article:modified_time\" content=\"2021-08-29T13:41:07+00:00\" \/>\n<meta property=\"og:image\" content=\"https:\/\/franciscanos.org.br\/noticias\/wp-content\/uploads\/2020\/08\/angelus_300820d.jpg\" \/>\n\t<meta property=\"og:image:width\" content=\"800\" \/>\n\t<meta property=\"og:image:height\" content=\"600\" \/>\n\t<meta property=\"og:image:type\" content=\"image\/jpeg\" \/>\n<meta name=\"author\" content=\"moacir\" \/>\n<meta name=\"twitter:card\" content=\"summary_large_image\" \/>\n<meta name=\"twitter:label1\" content=\"Escrito por\" \/>\n\t<meta name=\"twitter:data1\" content=\"moacir\" \/>\n\t<meta name=\"twitter:label2\" content=\"Est. tempo de leitura\" \/>\n\t<meta name=\"twitter:data2\" content=\"3 minutos\" \/>\n<script type=\"application\/ld+json\" class=\"yoast-schema-graph\">{\"@context\":\"https:\/\/schema.org\",\"@graph\":[{\"@type\":\"WebSite\",\"@id\":\"https:\/\/franciscanos.org.br\/noticias\/#website\",\"url\":\"https:\/\/franciscanos.org.br\/noticias\/\",\"name\":\"Not\u00edcias - Franciscanos\",\"description\":\"Prov\u00edncia Franciscana da Imaculada Concei\u00e7\u00e3o do Brasil - Ordem dos Frades Menores - OFM\",\"potentialAction\":[{\"@type\":\"SearchAction\",\"target\":{\"@type\":\"EntryPoint\",\"urlTemplate\":\"https:\/\/franciscanos.org.br\/noticias\/?s={search_term_string}\"},\"query-input\":\"required name=search_term_string\"}],\"inLanguage\":\"pt-BR\"},{\"@type\":\"ImageObject\",\"inLanguage\":\"pt-BR\",\"@id\":\"https:\/\/franciscanos.org.br\/noticias\/papa-francisco-cada-um-de-nos-deve-tomar-a-propria-cruz.html#primaryimage\",\"url\":\"https:\/\/franciscanos.org.br\/noticias\/wp-content\/uploads\/2020\/08\/angelus_300820d.jpg\",\"contentUrl\":\"https:\/\/franciscanos.org.br\/noticias\/wp-content\/uploads\/2020\/08\/angelus_300820d.jpg\",\"width\":800,\"height\":600},{\"@type\":\"WebPage\",\"@id\":\"https:\/\/franciscanos.org.br\/noticias\/papa-francisco-cada-um-de-nos-deve-tomar-a-propria-cruz.html#webpage\",\"url\":\"https:\/\/franciscanos.org.br\/noticias\/papa-francisco-cada-um-de-nos-deve-tomar-a-propria-cruz.html\",\"name\":\"Papa Francisco: cada um de n\u00f3s deve tomar a pr\u00f3pria cruz - Not\u00edcias - Franciscanos\",\"isPartOf\":{\"@id\":\"https:\/\/franciscanos.org.br\/noticias\/#website\"},\"primaryImageOfPage\":{\"@id\":\"https:\/\/franciscanos.org.br\/noticias\/papa-francisco-cada-um-de-nos-deve-tomar-a-propria-cruz.html#primaryimage\"},\"datePublished\":\"2020-08-30T11:16:26+00:00\",\"dateModified\":\"2021-08-29T13:41:07+00:00\",\"author\":{\"@id\":\"https:\/\/franciscanos.org.br\/noticias\/#\/schema\/person\/b5c8cba458c330ccff548b056e95a5d4\"},\"breadcrumb\":{\"@id\":\"https:\/\/franciscanos.org.br\/noticias\/papa-francisco-cada-um-de-nos-deve-tomar-a-propria-cruz.html#breadcrumb\"},\"inLanguage\":\"pt-BR\",\"potentialAction\":[{\"@type\":\"ReadAction\",\"target\":[\"https:\/\/franciscanos.org.br\/noticias\/papa-francisco-cada-um-de-nos-deve-tomar-a-propria-cruz.html\"]}]},{\"@type\":\"BreadcrumbList\",\"@id\":\"https:\/\/franciscanos.org.br\/noticias\/papa-francisco-cada-um-de-nos-deve-tomar-a-propria-cruz.html#breadcrumb\",\"itemListElement\":[{\"@type\":\"ListItem\",\"position\":1,\"name\":\"Home\",\"item\":\"https:\/\/franciscanos.org.br\/noticias\"},{\"@type\":\"ListItem\",\"position\":2,\"name\":\"Papa Francisco: cada um de n\u00f3s deve tomar a pr\u00f3pria cruz\"}]},{\"@type\":\"Person\",\"@id\":\"https:\/\/franciscanos.org.br\/noticias\/#\/schema\/person\/b5c8cba458c330ccff548b056e95a5d4\",\"name\":\"moacir\",\"image\":{\"@type\":\"ImageObject\",\"inLanguage\":\"pt-BR\",\"@id\":\"https:\/\/franciscanos.org.br\/noticias\/#\/schema\/person\/image\/\",\"url\":\"https:\/\/secure.gravatar.com\/avatar\/d08aa2ce4c8dd416d4479aa8536fcf64?s=96&d=mm&r=g\",\"contentUrl\":\"https:\/\/secure.gravatar.com\/avatar\/d08aa2ce4c8dd416d4479aa8536fcf64?s=96&d=mm&r=g\",\"caption\":\"moacir\"},\"url\":\"https:\/\/franciscanos.org.br\/noticias\/author\/moacir\"}]}<\/script>\n<!-- \/ Yoast SEO plugin. -->","yoast_head_json":{"title":"Papa Francisco: cada um de n\u00f3s deve tomar a pr\u00f3pria cruz - Not\u00edcias - Franciscanos","robots":{"index":"index","follow":"follow","max-snippet":"max-snippet:-1","max-image-preview":"max-image-preview:large","max-video-preview":"max-video-preview:-1"},"canonical":"https:\/\/franciscanos.org.br\/noticias\/papa-francisco-cada-um-de-nos-deve-tomar-a-propria-cruz.html","og_locale":"pt_BR","og_type":"article","og_title":"Papa Francisco: cada um de n\u00f3s deve tomar a pr\u00f3pria cruz - Not\u00edcias - Franciscanos","og_description":"Angelus","og_url":"https:\/\/franciscanos.org.br\/noticias\/papa-francisco-cada-um-de-nos-deve-tomar-a-propria-cruz.html","og_site_name":"Not\u00edcias - Franciscanos","article_published_time":"2020-08-30T11:16:26+00:00","article_modified_time":"2021-08-29T13:41:07+00:00","og_image":[{"width":800,"height":600,"url":"https:\/\/franciscanos.org.br\/noticias\/wp-content\/uploads\/2020\/08\/angelus_300820d.jpg","type":"image\/jpeg"}],"author":"moacir","twitter_card":"summary_large_image","twitter_misc":{"Escrito por":"moacir","Est. tempo de leitura":"3 minutos"},"schema":{"@context":"https:\/\/schema.org","@graph":[{"@type":"WebSite","@id":"https:\/\/franciscanos.org.br\/noticias\/#website","url":"https:\/\/franciscanos.org.br\/noticias\/","name":"Not\u00edcias - Franciscanos","description":"Prov\u00edncia Franciscana da Imaculada Concei\u00e7\u00e3o do Brasil - Ordem dos Frades Menores - OFM","potentialAction":[{"@type":"SearchAction","target":{"@type":"EntryPoint","urlTemplate":"https:\/\/franciscanos.org.br\/noticias\/?s={search_term_string}"},"query-input":"required name=search_term_string"}],"inLanguage":"pt-BR"},{"@type":"ImageObject","inLanguage":"pt-BR","@id":"https:\/\/franciscanos.org.br\/noticias\/papa-francisco-cada-um-de-nos-deve-tomar-a-propria-cruz.html#primaryimage","url":"https:\/\/franciscanos.org.br\/noticias\/wp-content\/uploads\/2020\/08\/angelus_300820d.jpg","contentUrl":"https:\/\/franciscanos.org.br\/noticias\/wp-content\/uploads\/2020\/08\/angelus_300820d.jpg","width":800,"height":600},{"@type":"WebPage","@id":"https:\/\/franciscanos.org.br\/noticias\/papa-francisco-cada-um-de-nos-deve-tomar-a-propria-cruz.html#webpage","url":"https:\/\/franciscanos.org.br\/noticias\/papa-francisco-cada-um-de-nos-deve-tomar-a-propria-cruz.html","name":"Papa Francisco: cada um de n\u00f3s deve tomar a pr\u00f3pria cruz - Not\u00edcias - Franciscanos","isPartOf":{"@id":"https:\/\/franciscanos.org.br\/noticias\/#website"},"primaryImageOfPage":{"@id":"https:\/\/franciscanos.org.br\/noticias\/papa-francisco-cada-um-de-nos-deve-tomar-a-propria-cruz.html#primaryimage"},"datePublished":"2020-08-30T11:16:26+00:00","dateModified":"2021-08-29T13:41:07+00:00","author":{"@id":"https:\/\/franciscanos.org.br\/noticias\/#\/schema\/person\/b5c8cba458c330ccff548b056e95a5d4"},"breadcrumb":{"@id":"https:\/\/franciscanos.org.br\/noticias\/papa-francisco-cada-um-de-nos-deve-tomar-a-propria-cruz.html#breadcrumb"},"inLanguage":"pt-BR","potentialAction":[{"@type":"ReadAction","target":["https:\/\/franciscanos.org.br\/noticias\/papa-francisco-cada-um-de-nos-deve-tomar-a-propria-cruz.html"]}]},{"@type":"BreadcrumbList","@id":"https:\/\/franciscanos.org.br\/noticias\/papa-francisco-cada-um-de-nos-deve-tomar-a-propria-cruz.html#breadcrumb","itemListElement":[{"@type":"ListItem","position":1,"name":"Home","item":"https:\/\/franciscanos.org.br\/noticias"},{"@type":"ListItem","position":2,"name":"Papa Francisco: cada um de n\u00f3s deve tomar a pr\u00f3pria cruz"}]},{"@type":"Person","@id":"https:\/\/franciscanos.org.br\/noticias\/#\/schema\/person\/b5c8cba458c330ccff548b056e95a5d4","name":"moacir","image":{"@type":"ImageObject","inLanguage":"pt-BR","@id":"https:\/\/franciscanos.org.br\/noticias\/#\/schema\/person\/image\/","url":"https:\/\/secure.gravatar.com\/avatar\/d08aa2ce4c8dd416d4479aa8536fcf64?s=96&d=mm&r=g","contentUrl":"https:\/\/secure.gravatar.com\/avatar\/d08aa2ce4c8dd416d4479aa8536fcf64?s=96&d=mm&r=g","caption":"moacir"},"url":"https:\/\/franciscanos.org.br\/noticias\/author\/moacir"}]}},"_links":{"self":[{"href":"https:\/\/franciscanos.org.br\/noticias\/wp-json\/wp\/v2\/posts\/228030"}],"collection":[{"href":"https:\/\/franciscanos.org.br\/noticias\/wp-json\/wp\/v2\/posts"}],"about":[{"href":"https:\/\/franciscanos.org.br\/noticias\/wp-json\/wp\/v2\/types\/post"}],"author":[{"embeddable":true,"href":"https:\/\/franciscanos.org.br\/noticias\/wp-json\/wp\/v2\/users\/3"}],"replies":[{"embeddable":true,"href":"https:\/\/franciscanos.org.br\/noticias\/wp-json\/wp\/v2\/comments?post=228030"}],"version-history":[{"count":2,"href":"https:\/\/franciscanos.org.br\/noticias\/wp-json\/wp\/v2\/posts\/228030\/revisions"}],"predecessor-version":[{"id":233959,"href":"https:\/\/franciscanos.org.br\/noticias\/wp-json\/wp\/v2\/posts\/228030\/revisions\/233959"}],"wp:featuredmedia":[{"embeddable":true,"href":"https:\/\/franciscanos.org.br\/noticias\/wp-json\/wp\/v2\/media\/228032"}],"wp:attachment":[{"href":"https:\/\/franciscanos.org.br\/noticias\/wp-json\/wp\/v2\/media?parent=228030"}],"wp:term":[{"taxonomy":"category","embeddable":true,"href":"https:\/\/franciscanos.org.br\/noticias\/wp-json\/wp\/v2\/categories?post=228030"},{"taxonomy":"post_tag","embeddable":true,"href":"https:\/\/franciscanos.org.br\/noticias\/wp-json\/wp\/v2\/tags?post=228030"}],"curies":[{"name":"wp","href":"https:\/\/api.w.org\/{rel}","templated":true}]}}