{"id":227986,"date":"2020-08-25T11:36:19","date_gmt":"2020-08-25T14:36:19","guid":{"rendered":"https:\/\/franciscanos.org.br\/noticias\/?p=227986"},"modified":"2020-08-25T13:08:24","modified_gmt":"2020-08-25T16:08:24","slug":"coleta-em-favor-da-terra-santa-sera-no-dia-13-de-setembro","status":"publish","type":"post","link":"https:\/\/franciscanos.org.br\/noticias\/coleta-em-favor-da-terra-santa-sera-no-dia-13-de-setembro.html","title":{"rendered":"Coleta em favor da Terra Santa ser\u00e1 no dia 13 de setembro"},"content":{"rendered":"<p><img loading=\"lazy\" class=\"alignnone size-full wp-image-227987\" src=\"https:\/\/franciscanos.org.br\/noticias\/wp-content\/uploads\/2020\/08\/comissariado_01.png\" alt=\"\" width=\"1232\" height=\"293\" srcset=\"https:\/\/franciscanos.org.br\/noticias\/wp-content\/uploads\/2020\/08\/comissariado_01.png 1232w, https:\/\/franciscanos.org.br\/noticias\/wp-content\/uploads\/2020\/08\/comissariado_01-450x107.png 450w, https:\/\/franciscanos.org.br\/noticias\/wp-content\/uploads\/2020\/08\/comissariado_01-1024x244.png 1024w, https:\/\/franciscanos.org.br\/noticias\/wp-content\/uploads\/2020\/08\/comissariado_01-768x183.png 768w, https:\/\/franciscanos.org.br\/noticias\/wp-content\/uploads\/2020\/08\/comissariado_01-150x36.png 150w\" sizes=\"(max-width: 1232px) 100vw, 1232px\" \/><\/p>\n<p>Tradicionalmente feita na Sexta-feira Santa, a Coleta em favor da Terra Santa foi transferida neste ano, com a autoriza\u00e7\u00e3o do Papa Francisco, para o dia 13 de setembro devido \u00e0 pandemia no mundo. A escolha da data foi feita, segundo o Cust\u00f3dio da Terra Santa, Frei Francesco Patton, \u201cporque \u00e9 o domingo mais pr\u00f3ximo da festa da Exalta\u00e7\u00e3o da Santa Cruz, que celebramos aqui, em Jerusal\u00e9m, com particular solenidade, para recordar at\u00e9 que ponto chegou o amor do Filho de Deus por n\u00f3s: a ponto de dar a vida na Cruz, pela nossa salva\u00e7\u00e3o\u201d. A iniciativa foi institu\u00edda pelo Papa Paulo VI em favor dos Lugares Santos e dos crist\u00e3os que vivem no Oriente M\u00e9dio.<\/p>\n<p>Segundo o comiss\u00e1rio da Terra Santa, Frei Ivo M\u00fcller, a miss\u00e3o de cuidar dos lugares sagrados \u00e9 dos franciscanos, que est\u00e3o reunidos na Cust\u00f3dia da Terra Santa. Eles cumprem a sua miss\u00e3o nesta terra, impulsionados por seu fundador, S\u00e3o Francisco de Assis desde quando chegaram ali em 1217. Atualmente, segundo Frei Ivo, um total de 278 mission\u00e1rios franciscanos vivem na Cust\u00f3dia. &#8220;Essa ajuda tamb\u00e9m \u00e9 necess\u00e1ria para a manuten\u00e7\u00e3o de 54 santu\u00e1rios, em destaque o da Anuncia\u00e7\u00e3o, de Cafarnaum, a Bas\u00edlica da Natividade, o Santu\u00e1rio de Gets\u00eamani, o Cen\u00e1culo, Bet\u00e2nia e especialmente o Santo Sepulcro&#8221;, explica o frade, lembrando que essa terra constitue o Evangelho vivo e \u00e9 uma oportunidade para crist\u00e3os de todo mundo pisarem o solo onde Jesus pisou. &#8220;Essa ajuda financeira ajuda tamb\u00e9m 24 par\u00f3quias, 14 escolas, 4 casas para enfermos e \u00f3rf\u00e3os e 3 institutos acad\u00eamicos, al\u00e9m de 2 editoras para divulgar o trabalho nesse ch\u00e3o&#8221;, acrescenta o comiss\u00e1rio.<\/p>\n<p>&#8220;Importante destacar tamb\u00e9m que foram constru\u00eddas 500 moradias para crist\u00e3os que n\u00e3o tinham onde morar. Esse patrim\u00f4nio na Cust\u00f3dia gera um total de 1.500 empregos&#8221;, explica Frei Ivo, lembrando que a Cust\u00f3dia Franciscana est\u00e1 presente tamb\u00e9m na Jord\u00e2nia, em Chipre, na S\u00edria e no L\u00edbano. &#8220;Com essa ajuda ser\u00e1 restaurado o Convento franciscano que foi destru\u00eddo na grande explos\u00e3o recentemente em Beirute&#8221;, adiantou.<\/p>\n<p>Na Exorta\u00e7\u00e3o Apost\u00f3lica Nobis in Animo, com a qual o Papa Paulo VI institui, em 1974, a Coleta, afirma: A Igreja de Jerusal\u00e9m ocupa um lugar de elei\u00e7\u00e3o na solicitude da Santa S\u00e9 e na preocupa\u00e7\u00e3o de todo o mundo crist\u00e3o, enquanto o interesse pelos Lugares Santos, e em particular pela cidade de Jerusal\u00e9m, emerge mesmo nos grandes consensos das Na\u00e7\u00f5es e nas maiores Organiza\u00e7\u00f5es internacionais. Tal aten\u00e7\u00e3o \u00e9 hoje primordialmente pedida em raz\u00e3o dos graves problemas de ordem religiosa, pol\u00edtica e social ali existentes\u201d.<\/p>\n<p>\u201cContamos mais uma vez com a contribui\u00e7\u00e3o generosa nas par\u00f3quias e de santu\u00e1rios ou capelas, por ocasi\u00e3o da devo\u00e7\u00e3o \u00e0 Santa Cruz. Queremos agradecer por essa ajuda e, devolver a voc\u00eas a b\u00ean\u00e7\u00e3o a partir da Terra Santa&#8221;, disse Frei Ivo.<\/p>\n<p>Segundo o frade, as pessoas que n\u00e3o puderam ir aos templos no dia 13 de setembro pr\u00f3ximo, poder\u00e3o fazer as doa\u00e7\u00f5es atrav\u00e9s da seguinte conta:<\/p>\n<p style=\"padding-left: 40px;\"><strong>Bco. Bradesco<\/strong><br \/>\n<strong>Ag. 3403<\/strong><br \/>\n<strong>Conta corrente: 11174-0<\/strong><br \/>\n<strong>Favorecido: Obra Pia da Terra Santa<\/strong><br \/>\n<strong>CNPJ: 62.670.062\/0001-68<\/strong><\/p>\n<p><strong>CONFIRA A MENSAGEM E AS INFORMA\u00c7\u00d5ES PARA A COLETA NOS V\u00cdDEOS ABAIXO<\/strong><\/p>\n<p><iframe loading=\"lazy\" src=\"https:\/\/www.youtube.com\/embed\/ilP1OsylqRM\" width=\"100%\" height=\"480\" frameborder=\"0\" allowfullscreen=\"allowfullscreen\"><\/iframe><\/p>\n<p><iframe loading=\"lazy\" src=\"https:\/\/www.youtube.com\/embed\/EemzJMqWktA\" width=\"100%\" height=\"480\" frameborder=\"0\" allowfullscreen=\"allowfullscreen\"><span data-mce-type=\"bookmark\" style=\"display: inline-block; width: 0px; overflow: hidden; line-height: 0;\" class=\"mce_SELRES_start\">\ufeff<\/span><\/iframe><\/p>\n","protected":false},"excerpt":{"rendered":"<p>Comissariado da Terra Santa<\/p>\n","protected":false},"author":3,"featured_media":227988,"comment_status":"open","ping_status":"open","sticky":false,"template":"","format":"standard","meta":[],"categories":[1],"tags":[1605],"acf":[],"yoast_head":"<!-- This site is optimized with the Yoast SEO plugin v19.2 - https:\/\/yoast.com\/wordpress\/plugins\/seo\/ -->\n<title>Coleta em favor da Terra Santa ser\u00e1 no dia 13 de setembro - Not\u00edcias - Franciscanos<\/title>\n<meta name=\"robots\" content=\"index, follow, max-snippet:-1, max-image-preview:large, max-video-preview:-1\" \/>\n<link rel=\"canonical\" href=\"https:\/\/franciscanos.org.br\/noticias\/coleta-em-favor-da-terra-santa-sera-no-dia-13-de-setembro.html\" \/>\n<meta property=\"og:locale\" content=\"pt_BR\" \/>\n<meta property=\"og:type\" content=\"article\" \/>\n<meta property=\"og:title\" content=\"Coleta em favor da Terra Santa ser\u00e1 no dia 13 de setembro - Not\u00edcias - Franciscanos\" \/>\n<meta property=\"og:description\" content=\"Comissariado da Terra Santa\" \/>\n<meta property=\"og:url\" content=\"https:\/\/franciscanos.org.br\/noticias\/coleta-em-favor-da-terra-santa-sera-no-dia-13-de-setembro.html\" \/>\n<meta property=\"og:site_name\" content=\"Not\u00edcias - Franciscanos\" \/>\n<meta property=\"article:published_time\" content=\"2020-08-25T14:36:19+00:00\" \/>\n<meta property=\"article:modified_time\" content=\"2020-08-25T16:08:24+00:00\" \/>\n<meta property=\"og:image\" content=\"https:\/\/franciscanos.org.br\/noticias\/wp-content\/uploads\/2020\/08\/comissariado_01d.png\" \/>\n\t<meta property=\"og:image:width\" content=\"800\" \/>\n\t<meta property=\"og:image:height\" content=\"600\" \/>\n\t<meta property=\"og:image:type\" content=\"image\/png\" \/>\n<meta name=\"author\" content=\"moacir\" \/>\n<meta name=\"twitter:card\" content=\"summary_large_image\" \/>\n<meta name=\"twitter:label1\" content=\"Escrito por\" \/>\n\t<meta name=\"twitter:data1\" content=\"moacir\" \/>\n\t<meta name=\"twitter:label2\" content=\"Est. tempo de leitura\" \/>\n\t<meta name=\"twitter:data2\" content=\"3 minutos\" \/>\n<script type=\"application\/ld+json\" class=\"yoast-schema-graph\">{\"@context\":\"https:\/\/schema.org\",\"@graph\":[{\"@type\":\"WebSite\",\"@id\":\"https:\/\/franciscanos.org.br\/noticias\/#website\",\"url\":\"https:\/\/franciscanos.org.br\/noticias\/\",\"name\":\"Not\u00edcias - Franciscanos\",\"description\":\"Prov\u00edncia Franciscana da Imaculada Concei\u00e7\u00e3o do Brasil - Ordem dos Frades Menores - OFM\",\"potentialAction\":[{\"@type\":\"SearchAction\",\"target\":{\"@type\":\"EntryPoint\",\"urlTemplate\":\"https:\/\/franciscanos.org.br\/noticias\/?s={search_term_string}\"},\"query-input\":\"required name=search_term_string\"}],\"inLanguage\":\"pt-BR\"},{\"@type\":\"ImageObject\",\"inLanguage\":\"pt-BR\",\"@id\":\"https:\/\/franciscanos.org.br\/noticias\/coleta-em-favor-da-terra-santa-sera-no-dia-13-de-setembro.html#primaryimage\",\"url\":\"https:\/\/franciscanos.org.br\/noticias\/wp-content\/uploads\/2020\/08\/comissariado_01d.png\",\"contentUrl\":\"https:\/\/franciscanos.org.br\/noticias\/wp-content\/uploads\/2020\/08\/comissariado_01d.png\",\"width\":800,\"height\":600},{\"@type\":\"WebPage\",\"@id\":\"https:\/\/franciscanos.org.br\/noticias\/coleta-em-favor-da-terra-santa-sera-no-dia-13-de-setembro.html#webpage\",\"url\":\"https:\/\/franciscanos.org.br\/noticias\/coleta-em-favor-da-terra-santa-sera-no-dia-13-de-setembro.html\",\"name\":\"Coleta em favor da Terra Santa ser\u00e1 no dia 13 de setembro - Not\u00edcias - Franciscanos\",\"isPartOf\":{\"@id\":\"https:\/\/franciscanos.org.br\/noticias\/#website\"},\"primaryImageOfPage\":{\"@id\":\"https:\/\/franciscanos.org.br\/noticias\/coleta-em-favor-da-terra-santa-sera-no-dia-13-de-setembro.html#primaryimage\"},\"datePublished\":\"2020-08-25T14:36:19+00:00\",\"dateModified\":\"2020-08-25T16:08:24+00:00\",\"author\":{\"@id\":\"https:\/\/franciscanos.org.br\/noticias\/#\/schema\/person\/b5c8cba458c330ccff548b056e95a5d4\"},\"breadcrumb\":{\"@id\":\"https:\/\/franciscanos.org.br\/noticias\/coleta-em-favor-da-terra-santa-sera-no-dia-13-de-setembro.html#breadcrumb\"},\"inLanguage\":\"pt-BR\",\"potentialAction\":[{\"@type\":\"ReadAction\",\"target\":[\"https:\/\/franciscanos.org.br\/noticias\/coleta-em-favor-da-terra-santa-sera-no-dia-13-de-setembro.html\"]}]},{\"@type\":\"BreadcrumbList\",\"@id\":\"https:\/\/franciscanos.org.br\/noticias\/coleta-em-favor-da-terra-santa-sera-no-dia-13-de-setembro.html#breadcrumb\",\"itemListElement\":[{\"@type\":\"ListItem\",\"position\":1,\"name\":\"Home\",\"item\":\"https:\/\/franciscanos.org.br\/noticias\"},{\"@type\":\"ListItem\",\"position\":2,\"name\":\"Coleta em favor da Terra Santa ser\u00e1 no dia 13 de setembro\"}]},{\"@type\":\"Person\",\"@id\":\"https:\/\/franciscanos.org.br\/noticias\/#\/schema\/person\/b5c8cba458c330ccff548b056e95a5d4\",\"name\":\"moacir\",\"image\":{\"@type\":\"ImageObject\",\"inLanguage\":\"pt-BR\",\"@id\":\"https:\/\/franciscanos.org.br\/noticias\/#\/schema\/person\/image\/\",\"url\":\"https:\/\/secure.gravatar.com\/avatar\/d08aa2ce4c8dd416d4479aa8536fcf64?s=96&d=mm&r=g\",\"contentUrl\":\"https:\/\/secure.gravatar.com\/avatar\/d08aa2ce4c8dd416d4479aa8536fcf64?s=96&d=mm&r=g\",\"caption\":\"moacir\"},\"url\":\"https:\/\/franciscanos.org.br\/noticias\/author\/moacir\"}]}<\/script>\n<!-- \/ Yoast SEO plugin. -->","yoast_head_json":{"title":"Coleta em favor da Terra Santa ser\u00e1 no dia 13 de setembro - Not\u00edcias - Franciscanos","robots":{"index":"index","follow":"follow","max-snippet":"max-snippet:-1","max-image-preview":"max-image-preview:large","max-video-preview":"max-video-preview:-1"},"canonical":"https:\/\/franciscanos.org.br\/noticias\/coleta-em-favor-da-terra-santa-sera-no-dia-13-de-setembro.html","og_locale":"pt_BR","og_type":"article","og_title":"Coleta em favor da Terra Santa ser\u00e1 no dia 13 de setembro - Not\u00edcias - Franciscanos","og_description":"Comissariado da Terra Santa","og_url":"https:\/\/franciscanos.org.br\/noticias\/coleta-em-favor-da-terra-santa-sera-no-dia-13-de-setembro.html","og_site_name":"Not\u00edcias - Franciscanos","article_published_time":"2020-08-25T14:36:19+00:00","article_modified_time":"2020-08-25T16:08:24+00:00","og_image":[{"width":800,"height":600,"url":"https:\/\/franciscanos.org.br\/noticias\/wp-content\/uploads\/2020\/08\/comissariado_01d.png","type":"image\/png"}],"author":"moacir","twitter_card":"summary_large_image","twitter_misc":{"Escrito por":"moacir","Est. tempo de leitura":"3 minutos"},"schema":{"@context":"https:\/\/schema.org","@graph":[{"@type":"WebSite","@id":"https:\/\/franciscanos.org.br\/noticias\/#website","url":"https:\/\/franciscanos.org.br\/noticias\/","name":"Not\u00edcias - Franciscanos","description":"Prov\u00edncia Franciscana da Imaculada Concei\u00e7\u00e3o do Brasil - Ordem dos Frades Menores - OFM","potentialAction":[{"@type":"SearchAction","target":{"@type":"EntryPoint","urlTemplate":"https:\/\/franciscanos.org.br\/noticias\/?s={search_term_string}"},"query-input":"required name=search_term_string"}],"inLanguage":"pt-BR"},{"@type":"ImageObject","inLanguage":"pt-BR","@id":"https:\/\/franciscanos.org.br\/noticias\/coleta-em-favor-da-terra-santa-sera-no-dia-13-de-setembro.html#primaryimage","url":"https:\/\/franciscanos.org.br\/noticias\/wp-content\/uploads\/2020\/08\/comissariado_01d.png","contentUrl":"https:\/\/franciscanos.org.br\/noticias\/wp-content\/uploads\/2020\/08\/comissariado_01d.png","width":800,"height":600},{"@type":"WebPage","@id":"https:\/\/franciscanos.org.br\/noticias\/coleta-em-favor-da-terra-santa-sera-no-dia-13-de-setembro.html#webpage","url":"https:\/\/franciscanos.org.br\/noticias\/coleta-em-favor-da-terra-santa-sera-no-dia-13-de-setembro.html","name":"Coleta em favor da Terra Santa ser\u00e1 no dia 13 de setembro - Not\u00edcias - Franciscanos","isPartOf":{"@id":"https:\/\/franciscanos.org.br\/noticias\/#website"},"primaryImageOfPage":{"@id":"https:\/\/franciscanos.org.br\/noticias\/coleta-em-favor-da-terra-santa-sera-no-dia-13-de-setembro.html#primaryimage"},"datePublished":"2020-08-25T14:36:19+00:00","dateModified":"2020-08-25T16:08:24+00:00","author":{"@id":"https:\/\/franciscanos.org.br\/noticias\/#\/schema\/person\/b5c8cba458c330ccff548b056e95a5d4"},"breadcrumb":{"@id":"https:\/\/franciscanos.org.br\/noticias\/coleta-em-favor-da-terra-santa-sera-no-dia-13-de-setembro.html#breadcrumb"},"inLanguage":"pt-BR","potentialAction":[{"@type":"ReadAction","target":["https:\/\/franciscanos.org.br\/noticias\/coleta-em-favor-da-terra-santa-sera-no-dia-13-de-setembro.html"]}]},{"@type":"BreadcrumbList","@id":"https:\/\/franciscanos.org.br\/noticias\/coleta-em-favor-da-terra-santa-sera-no-dia-13-de-setembro.html#breadcrumb","itemListElement":[{"@type":"ListItem","position":1,"name":"Home","item":"https:\/\/franciscanos.org.br\/noticias"},{"@type":"ListItem","position":2,"name":"Coleta em favor da Terra Santa ser\u00e1 no dia 13 de setembro"}]},{"@type":"Person","@id":"https:\/\/franciscanos.org.br\/noticias\/#\/schema\/person\/b5c8cba458c330ccff548b056e95a5d4","name":"moacir","image":{"@type":"ImageObject","inLanguage":"pt-BR","@id":"https:\/\/franciscanos.org.br\/noticias\/#\/schema\/person\/image\/","url":"https:\/\/secure.gravatar.com\/avatar\/d08aa2ce4c8dd416d4479aa8536fcf64?s=96&d=mm&r=g","contentUrl":"https:\/\/secure.gravatar.com\/avatar\/d08aa2ce4c8dd416d4479aa8536fcf64?s=96&d=mm&r=g","caption":"moacir"},"url":"https:\/\/franciscanos.org.br\/noticias\/author\/moacir"}]}},"_links":{"self":[{"href":"https:\/\/franciscanos.org.br\/noticias\/wp-json\/wp\/v2\/posts\/227986"}],"collection":[{"href":"https:\/\/franciscanos.org.br\/noticias\/wp-json\/wp\/v2\/posts"}],"about":[{"href":"https:\/\/franciscanos.org.br\/noticias\/wp-json\/wp\/v2\/types\/post"}],"author":[{"embeddable":true,"href":"https:\/\/franciscanos.org.br\/noticias\/wp-json\/wp\/v2\/users\/3"}],"replies":[{"embeddable":true,"href":"https:\/\/franciscanos.org.br\/noticias\/wp-json\/wp\/v2\/comments?post=227986"}],"version-history":[{"count":3,"href":"https:\/\/franciscanos.org.br\/noticias\/wp-json\/wp\/v2\/posts\/227986\/revisions"}],"predecessor-version":[{"id":227993,"href":"https:\/\/franciscanos.org.br\/noticias\/wp-json\/wp\/v2\/posts\/227986\/revisions\/227993"}],"wp:featuredmedia":[{"embeddable":true,"href":"https:\/\/franciscanos.org.br\/noticias\/wp-json\/wp\/v2\/media\/227988"}],"wp:attachment":[{"href":"https:\/\/franciscanos.org.br\/noticias\/wp-json\/wp\/v2\/media?parent=227986"}],"wp:term":[{"taxonomy":"category","embeddable":true,"href":"https:\/\/franciscanos.org.br\/noticias\/wp-json\/wp\/v2\/categories?post=227986"},{"taxonomy":"post_tag","embeddable":true,"href":"https:\/\/franciscanos.org.br\/noticias\/wp-json\/wp\/v2\/tags?post=227986"}],"curies":[{"name":"wp","href":"https:\/\/api.w.org\/{rel}","templated":true}]}}