{"id":227951,"date":"2020-08-21T12:37:26","date_gmt":"2020-08-21T15:37:26","guid":{"rendered":"https:\/\/franciscanos.org.br\/noticias\/?p=227951"},"modified":"2020-08-21T12:37:47","modified_gmt":"2020-08-21T15:37:47","slug":"licoes-para-a-comunicacao-nesse-tempo-de-pandemia","status":"publish","type":"post","link":"https:\/\/franciscanos.org.br\/noticias\/licoes-para-a-comunicacao-nesse-tempo-de-pandemia.html","title":{"rendered":"Li\u00e7\u00f5es para a comunica\u00e7\u00e3o nesse tempo de pandemia"},"content":{"rendered":"<p><img loading=\"lazy\" class=\"alignnone size-full wp-image-227952\" src=\"https:\/\/franciscanos.org.br\/noticias\/wp-content\/uploads\/2020\/08\/comunica_2108.png\" alt=\"\" width=\"1280\" height=\"720\" srcset=\"https:\/\/franciscanos.org.br\/noticias\/wp-content\/uploads\/2020\/08\/comunica_2108.png 1280w, https:\/\/franciscanos.org.br\/noticias\/wp-content\/uploads\/2020\/08\/comunica_2108-450x253.png 450w, https:\/\/franciscanos.org.br\/noticias\/wp-content\/uploads\/2020\/08\/comunica_2108-1024x576.png 1024w, https:\/\/franciscanos.org.br\/noticias\/wp-content\/uploads\/2020\/08\/comunica_2108-768x432.png 768w, https:\/\/franciscanos.org.br\/noticias\/wp-content\/uploads\/2020\/08\/comunica_2108-150x84.png 150w\" sizes=\"(max-width: 1280px) 100vw, 1280px\" \/><\/p>\n<p><strong>S\u00e3o Paulo (SP)<\/strong> \u2013 A Frente de Evangeliza\u00e7\u00e3o da Comunica\u00e7\u00e3o fez o terceiro encontro de forma\u00e7\u00e3o permanente este ano, reunindo nesta quinta-feira, 20 de agosto, os frades e colaboradores que atuam na Funda\u00e7\u00e3o Frei Rog\u00e9rio, em Curitibanos (SC); Rede Celinauta, em Pato Branco (PR); Editora Vozes, em Petr\u00f3polis (RJ); Universidade S\u00e3o Francisco, em Bragan\u00e7a Paulista (SP); Col\u00e9gio Bom Jesus, em Curitiba; Servi\u00e7o Franciscano de Solidariedade e Sede Provincial, em S\u00e3o Paulo (SP). O encontro foi conduzido por Frei Neuri Francisco Reinisch, coordenador da Frente.<\/p>\n<p>O Vig\u00e1rio Provincial e Secret\u00e1rio para a Evangeliza\u00e7\u00e3o da Prov\u00edncia da Imaculada Concei\u00e7\u00e3o, Frei Gustavo Medella, trouxe para a reflex\u00e3o um questionamento: O que esse tempo de pandemia tem significado para a comunica\u00e7\u00e3o? Para isso, tomou como base alguns pontos de uma palestra do Cardeal portugu\u00eas, Jos\u00e9 Tolentino de Mendon\u00e7a, sobre &#8220;espiritualidade e pandemia&#8221; para uma faculdade de Teologia de Belo Horizonte.<\/p>\n<p>Segundo Frei Medella, primeiro Tolentino destaca que estamos vivendo um tempo de improviso. &#8220;O improviso faz com que vivamos aquilo que est\u00e1 aberto diante de n\u00f3s. N\u00e3o h\u00e1 propriamente uma rota tra\u00e7ada, um caminho a seguir. O futuro chega de sopet\u00e3o e nos pega despreparados&#8221;, disse. &#8220;E por isso estamos mais fragilizados e vulner\u00e1veis. Muitos historiadores t\u00eam dito que esse evento da pandemia seria a entrada definitiva do s\u00e9culo 21, embora cronologicamente ela tenha ocorrido h\u00e1 mais tempo. Mas agora parece que a humanidade sente os efeitos de uma mudan\u00e7a de \u00e9poca&#8221;, acrescentou Frei Medella.<\/p>\n<p>Estamos vivendo tamb\u00e9m um tempo de perguntas. &#8220;Voc\u00eas que fazem a cobertura jornal\u00edstica di\u00e1ria, percebem o modo como as autoridades lidam com a pandemia. T\u00eam mais perguntas que respostas. E as respostas s\u00e3o muito provis\u00f3rias e parciais. As decis\u00f5es s\u00e3o mudadas de uma hora para outra&#8221;, observou o frade. &#8220;E a\u00ed o convite do Cardeal \u00e9 que n\u00f3s vivamos as perguntas na sua profundidade, a fim de provocar em n\u00f3s um questionamento que nos leve a mudan\u00e7as e transforma\u00e7\u00f5es profundas&#8221;, emendou.<\/p>\n<p>\u00c9 tamb\u00e9m um tempo de esvaziamento e de sil\u00eancio (kenosis). &#8220;\u00c9 um tempo de buscar brechas de esperan\u00e7a nesse cen\u00e1rio muito desafiante que se apresenta diante de n\u00f3s&#8217;, indicou Frei Medella.<\/p>\n<p>\u00c9 tempo de criar. &#8220;N\u00e3o \u00e9 tempo apenas de cancelar, suspender, suprimir, fechar e tardar. Mas de repropor, reorganizar, acelerar, inventar e abrir-se ao novo&#8221;, disse o frade, recordando as muitas mat\u00e9rias gravadas na sala de casa, as aulas remotas, as celebra\u00e7\u00f5es on-line. &#8220;\u00c9 tempo de criar e se abrir ao novo&#8221;, ressaltou.<\/p>\n<p>Outro ponto destacado \u00e9 o tempo de cuidar e de aprender. &#8220;N\u00e3o \u00e9 s\u00f3 uma c\u00e2mera que est\u00e1 na minha frente, ou um aparato de tecnologia que est\u00e1 diante de mim, mas \u00e9 um ambiente, um lugar, uma extens\u00e3o dos ambientes onde vivemos, onde criamos nossas rela\u00e7\u00f5es, onde testemunhamos nossos valores. A rede n\u00e3o \u00e9 um entrela\u00e7ado de fios, mas de pessoas&#8221;, observou.<\/p>\n<p>Frei Medella citou a enc\u00edlica <em>Laudato Si&#8217;<\/em> do Papa Francisco: &#8220;Tudo est\u00e1 interligado e agora mais do que nunca podemos perceber que o v\u00edrus foi registrado pela primeira vez a muitos quil\u00f4metros de dist\u00e2ncia do Brasil e, em pouqu\u00edssimo tempo, estava a\u00ed tomando todas partes do planeta&#8221;, lembrou. Ele tamb\u00e9m exemplificou que a exig\u00eancia de usar m\u00e1scara \u00e9 uma ades\u00e3o pessoal. No entanto, essa decis\u00e3o n\u00e3o atinge somente a pessoa, mas afeta toda uma comunidade.<\/p>\n<p>&#8220;\u00c9 um momento de vencermos a ilus\u00e3o de que a humanidade n\u00e3o precisa de limites. De que \u00e9 onipotente, onipresente e pode tudo. Aprendemos que precisamos baixar um pouco a bola, que \u00e9 preciso viver de forma mais simples, mais quieta. Tudo isso foram desafios e aprendizados que esse tempo trouxe para n\u00f3s&#8221;, disse Frei Medella.<\/p>\n<p>Por \u00faltimo, Frei Medella falou do Tempo dos Bem-aventuran\u00e7as. Tomou como base um material preparado pelo Servi\u00e7o de Apostolado Digital, da Diocese de Turim, na It\u00e1lia. Para cada bem-aventuran\u00e7a, foi elaborada uma reflex\u00e3o relativa \u00e0 comunica\u00e7\u00e3o, lembrando que a tarefa daquele que pretende ser um disc\u00edpulo de Cristo \u00e9 buscar o Reino e n\u00e3o um lugar de destaque nesse reinado.<\/p>\n<p><strong>Bem-aventurados os pobres de esp\u00edrito, porque deles \u00e9 o Reino dos C\u00e9us<\/strong> &#8211; Preferir estar com outros do que com as coisas. Buscar o fortalecimento e n\u00e3o saciedade. Bater \u00e0 porta daqueles com quem nos relacionamos virtualmente e com os que est\u00e3o sob o mesmo teto que n\u00f3s. Que a superexposi\u00e7\u00e3o digital e midi\u00e1tica n\u00e3o prejudique nossa capacidade de escolher e discernir.<\/p>\n<p><strong>Bem-aventurados os mansos, porque herdar\u00e3o a terra<\/strong> &#8211; Habitar um lar em vez de iniciar inc\u00eandios; Lembrar a mansid\u00e3o de Jesus na pris\u00e3o, quando pede a Pedro para guardar a espada; vencer a tenta\u00e7\u00e3o de se lamentar, de agredir, atacar, agir com cinismo ou por raiva e vingan\u00e7a &#8211; a tenta\u00e7\u00e3o de mostrar ao mundo que existimos pela pol\u00eamica ou pelo fundamentalismo. A mansid\u00e3o \u00e9 o que torna a casa um lar, e a rede um espa\u00e7o n\u00e3o hostil, lugares habitados por pessoas pacientes e humildes como Jesus.<\/p>\n<p><strong>Bem-aventurados os que t\u00eam fome e sede de justi\u00e7a, porque ser\u00e3o saciados<\/strong>. Buscar o essencial e selecionar os conte\u00fados &#8211; Exercer nossa liberdade de escolha com responsabilidade, pautados no bom senso, na intelig\u00eancia e nos valores que buscamos cultivar.<\/p>\n<p><strong>Bem-aventurados os misericordiosos, porque encontrar\u00e3o miseric\u00f3rdia<\/strong>. Deixar-nos encontrar pelo Cristo em nossas fragilidades. Vencer a ilus\u00e3o de onipot\u00eancia e onipresen\u00e7a que a tecnologia pode criar em n\u00f3s.<\/p>\n<p><strong>Bem-aventurados os puros de cora\u00e7\u00e3o, porque ver\u00e3o a Deus<\/strong> &#8211; Uma nova e mais forte socialidade.<\/p>\n<p><strong>Bem-aventurados os que promovem a paz, porque ser\u00e3o chamados filhos de Deus.<\/strong> Ficar em casa oferecendo o pr\u00f3prio cora\u00e7\u00e3o como casa.<\/p>\n<p><strong>Bem-aventurados os perseguidos por causa da justi\u00e7a, porque deles \u00e9 o reino dos c\u00e9us.<\/strong> Bem-aventurados s\u00e3o voc\u00eas quando lhes injuriarem e perseguirem e, mentindo, disserem todo mal contra voc\u00ea por causa de mim: ficar em casa oferecendo esperan\u00e7a para o futuro e n\u00e3o revanche pelo passado.<\/p>\n<p>Cristo nunca ostentou as suas raz\u00f5es, mesmo sendo ele a raz\u00e3o e, diante de Pilatos, ele simplesmente ficou em sil\u00eancio. Se, no passado, voc\u00ea sofreu pela sua f\u00e9 pisoteada e zombada, hoje n\u00e3o pisoteie nem zombe de ningu\u00e9m pelos seus medos, pela corrida um pouco supersticiosa ao sagrado e \u00e0 ora\u00e7\u00e3o, a formas de devo\u00e7\u00e3o talvez imaturas. Antes, v\u00e1 ao encontro dessas pessoas, alegre-se e exulte com elas, porque o Reino dos c\u00e9us tamb\u00e9m \u00e9 para elas, porque o Pai tamb\u00e9m \u00e9 delas. Seja justo, n\u00e3o para que o mundo lhe fa\u00e7a justi\u00e7a, mas porque o seu Pai que est\u00e1 nos c\u00e9us \u00e9 perfeito e justo.<\/p>\n<p>Terminada a reflex\u00e3o de Frei Medella, seguiu-se um momento de partilha entre os participantes. No final, o Vig\u00e1rio Provincial e Frei Neuri agradeceram a participa\u00e7\u00e3o e animaram a todos a continuar buscando &#8220;rela\u00e7\u00f5es al\u00e9m das conex\u00f5es&#8221;.<\/p>\n","protected":false},"excerpt":{"rendered":"<p>Frente da Comunica\u00e7\u00e3o<\/p>\n","protected":false},"author":3,"featured_media":227953,"comment_status":"open","ping_status":"open","sticky":false,"template":"","format":"standard","meta":[],"categories":[1],"tags":[550],"acf":[],"yoast_head":"<!-- This site is optimized with the Yoast SEO plugin v19.2 - https:\/\/yoast.com\/wordpress\/plugins\/seo\/ -->\n<title>Li\u00e7\u00f5es para a comunica\u00e7\u00e3o nesse tempo de pandemia - Not\u00edcias - Franciscanos<\/title>\n<meta name=\"robots\" content=\"index, follow, max-snippet:-1, max-image-preview:large, max-video-preview:-1\" \/>\n<link rel=\"canonical\" href=\"https:\/\/franciscanos.org.br\/noticias\/licoes-para-a-comunicacao-nesse-tempo-de-pandemia.html\" \/>\n<meta property=\"og:locale\" content=\"pt_BR\" \/>\n<meta property=\"og:type\" content=\"article\" \/>\n<meta property=\"og:title\" content=\"Li\u00e7\u00f5es para a comunica\u00e7\u00e3o nesse tempo de pandemia - Not\u00edcias - Franciscanos\" \/>\n<meta property=\"og:description\" content=\"Frente da Comunica\u00e7\u00e3o\" \/>\n<meta property=\"og:url\" content=\"https:\/\/franciscanos.org.br\/noticias\/licoes-para-a-comunicacao-nesse-tempo-de-pandemia.html\" \/>\n<meta property=\"og:site_name\" content=\"Not\u00edcias - Franciscanos\" \/>\n<meta property=\"article:published_time\" content=\"2020-08-21T15:37:26+00:00\" \/>\n<meta property=\"article:modified_time\" content=\"2020-08-21T15:37:47+00:00\" \/>\n<meta property=\"og:image\" content=\"https:\/\/franciscanos.org.br\/noticias\/wp-content\/uploads\/2020\/08\/mdella.png\" \/>\n\t<meta property=\"og:image:width\" content=\"800\" \/>\n\t<meta property=\"og:image:height\" content=\"601\" \/>\n\t<meta property=\"og:image:type\" content=\"image\/png\" \/>\n<meta name=\"author\" content=\"moacir\" \/>\n<meta name=\"twitter:card\" content=\"summary_large_image\" \/>\n<meta name=\"twitter:label1\" content=\"Escrito por\" \/>\n\t<meta name=\"twitter:data1\" content=\"moacir\" \/>\n\t<meta name=\"twitter:label2\" content=\"Est. tempo de leitura\" \/>\n\t<meta name=\"twitter:data2\" content=\"6 minutos\" \/>\n<script type=\"application\/ld+json\" class=\"yoast-schema-graph\">{\"@context\":\"https:\/\/schema.org\",\"@graph\":[{\"@type\":\"WebSite\",\"@id\":\"https:\/\/franciscanos.org.br\/noticias\/#website\",\"url\":\"https:\/\/franciscanos.org.br\/noticias\/\",\"name\":\"Not\u00edcias - Franciscanos\",\"description\":\"Prov\u00edncia Franciscana da Imaculada Concei\u00e7\u00e3o do Brasil - Ordem dos Frades Menores - OFM\",\"potentialAction\":[{\"@type\":\"SearchAction\",\"target\":{\"@type\":\"EntryPoint\",\"urlTemplate\":\"https:\/\/franciscanos.org.br\/noticias\/?s={search_term_string}\"},\"query-input\":\"required name=search_term_string\"}],\"inLanguage\":\"pt-BR\"},{\"@type\":\"ImageObject\",\"inLanguage\":\"pt-BR\",\"@id\":\"https:\/\/franciscanos.org.br\/noticias\/licoes-para-a-comunicacao-nesse-tempo-de-pandemia.html#primaryimage\",\"url\":\"https:\/\/franciscanos.org.br\/noticias\/wp-content\/uploads\/2020\/08\/mdella.png\",\"contentUrl\":\"https:\/\/franciscanos.org.br\/noticias\/wp-content\/uploads\/2020\/08\/mdella.png\",\"width\":800,\"height\":601},{\"@type\":\"WebPage\",\"@id\":\"https:\/\/franciscanos.org.br\/noticias\/licoes-para-a-comunicacao-nesse-tempo-de-pandemia.html#webpage\",\"url\":\"https:\/\/franciscanos.org.br\/noticias\/licoes-para-a-comunicacao-nesse-tempo-de-pandemia.html\",\"name\":\"Li\u00e7\u00f5es para a comunica\u00e7\u00e3o nesse tempo de pandemia - Not\u00edcias - Franciscanos\",\"isPartOf\":{\"@id\":\"https:\/\/franciscanos.org.br\/noticias\/#website\"},\"primaryImageOfPage\":{\"@id\":\"https:\/\/franciscanos.org.br\/noticias\/licoes-para-a-comunicacao-nesse-tempo-de-pandemia.html#primaryimage\"},\"datePublished\":\"2020-08-21T15:37:26+00:00\",\"dateModified\":\"2020-08-21T15:37:47+00:00\",\"author\":{\"@id\":\"https:\/\/franciscanos.org.br\/noticias\/#\/schema\/person\/b5c8cba458c330ccff548b056e95a5d4\"},\"breadcrumb\":{\"@id\":\"https:\/\/franciscanos.org.br\/noticias\/licoes-para-a-comunicacao-nesse-tempo-de-pandemia.html#breadcrumb\"},\"inLanguage\":\"pt-BR\",\"potentialAction\":[{\"@type\":\"ReadAction\",\"target\":[\"https:\/\/franciscanos.org.br\/noticias\/licoes-para-a-comunicacao-nesse-tempo-de-pandemia.html\"]}]},{\"@type\":\"BreadcrumbList\",\"@id\":\"https:\/\/franciscanos.org.br\/noticias\/licoes-para-a-comunicacao-nesse-tempo-de-pandemia.html#breadcrumb\",\"itemListElement\":[{\"@type\":\"ListItem\",\"position\":1,\"name\":\"Home\",\"item\":\"https:\/\/franciscanos.org.br\/noticias\"},{\"@type\":\"ListItem\",\"position\":2,\"name\":\"Li\u00e7\u00f5es para a comunica\u00e7\u00e3o nesse tempo de pandemia\"}]},{\"@type\":\"Person\",\"@id\":\"https:\/\/franciscanos.org.br\/noticias\/#\/schema\/person\/b5c8cba458c330ccff548b056e95a5d4\",\"name\":\"moacir\",\"image\":{\"@type\":\"ImageObject\",\"inLanguage\":\"pt-BR\",\"@id\":\"https:\/\/franciscanos.org.br\/noticias\/#\/schema\/person\/image\/\",\"url\":\"https:\/\/secure.gravatar.com\/avatar\/d08aa2ce4c8dd416d4479aa8536fcf64?s=96&d=mm&r=g\",\"contentUrl\":\"https:\/\/secure.gravatar.com\/avatar\/d08aa2ce4c8dd416d4479aa8536fcf64?s=96&d=mm&r=g\",\"caption\":\"moacir\"},\"url\":\"https:\/\/franciscanos.org.br\/noticias\/author\/moacir\"}]}<\/script>\n<!-- \/ Yoast SEO plugin. -->","yoast_head_json":{"title":"Li\u00e7\u00f5es para a comunica\u00e7\u00e3o nesse tempo de pandemia - Not\u00edcias - Franciscanos","robots":{"index":"index","follow":"follow","max-snippet":"max-snippet:-1","max-image-preview":"max-image-preview:large","max-video-preview":"max-video-preview:-1"},"canonical":"https:\/\/franciscanos.org.br\/noticias\/licoes-para-a-comunicacao-nesse-tempo-de-pandemia.html","og_locale":"pt_BR","og_type":"article","og_title":"Li\u00e7\u00f5es para a comunica\u00e7\u00e3o nesse tempo de pandemia - Not\u00edcias - Franciscanos","og_description":"Frente da Comunica\u00e7\u00e3o","og_url":"https:\/\/franciscanos.org.br\/noticias\/licoes-para-a-comunicacao-nesse-tempo-de-pandemia.html","og_site_name":"Not\u00edcias - Franciscanos","article_published_time":"2020-08-21T15:37:26+00:00","article_modified_time":"2020-08-21T15:37:47+00:00","og_image":[{"width":800,"height":601,"url":"https:\/\/franciscanos.org.br\/noticias\/wp-content\/uploads\/2020\/08\/mdella.png","type":"image\/png"}],"author":"moacir","twitter_card":"summary_large_image","twitter_misc":{"Escrito por":"moacir","Est. tempo de leitura":"6 minutos"},"schema":{"@context":"https:\/\/schema.org","@graph":[{"@type":"WebSite","@id":"https:\/\/franciscanos.org.br\/noticias\/#website","url":"https:\/\/franciscanos.org.br\/noticias\/","name":"Not\u00edcias - Franciscanos","description":"Prov\u00edncia Franciscana da Imaculada Concei\u00e7\u00e3o do Brasil - Ordem dos Frades Menores - OFM","potentialAction":[{"@type":"SearchAction","target":{"@type":"EntryPoint","urlTemplate":"https:\/\/franciscanos.org.br\/noticias\/?s={search_term_string}"},"query-input":"required name=search_term_string"}],"inLanguage":"pt-BR"},{"@type":"ImageObject","inLanguage":"pt-BR","@id":"https:\/\/franciscanos.org.br\/noticias\/licoes-para-a-comunicacao-nesse-tempo-de-pandemia.html#primaryimage","url":"https:\/\/franciscanos.org.br\/noticias\/wp-content\/uploads\/2020\/08\/mdella.png","contentUrl":"https:\/\/franciscanos.org.br\/noticias\/wp-content\/uploads\/2020\/08\/mdella.png","width":800,"height":601},{"@type":"WebPage","@id":"https:\/\/franciscanos.org.br\/noticias\/licoes-para-a-comunicacao-nesse-tempo-de-pandemia.html#webpage","url":"https:\/\/franciscanos.org.br\/noticias\/licoes-para-a-comunicacao-nesse-tempo-de-pandemia.html","name":"Li\u00e7\u00f5es para a comunica\u00e7\u00e3o nesse tempo de pandemia - Not\u00edcias - Franciscanos","isPartOf":{"@id":"https:\/\/franciscanos.org.br\/noticias\/#website"},"primaryImageOfPage":{"@id":"https:\/\/franciscanos.org.br\/noticias\/licoes-para-a-comunicacao-nesse-tempo-de-pandemia.html#primaryimage"},"datePublished":"2020-08-21T15:37:26+00:00","dateModified":"2020-08-21T15:37:47+00:00","author":{"@id":"https:\/\/franciscanos.org.br\/noticias\/#\/schema\/person\/b5c8cba458c330ccff548b056e95a5d4"},"breadcrumb":{"@id":"https:\/\/franciscanos.org.br\/noticias\/licoes-para-a-comunicacao-nesse-tempo-de-pandemia.html#breadcrumb"},"inLanguage":"pt-BR","potentialAction":[{"@type":"ReadAction","target":["https:\/\/franciscanos.org.br\/noticias\/licoes-para-a-comunicacao-nesse-tempo-de-pandemia.html"]}]},{"@type":"BreadcrumbList","@id":"https:\/\/franciscanos.org.br\/noticias\/licoes-para-a-comunicacao-nesse-tempo-de-pandemia.html#breadcrumb","itemListElement":[{"@type":"ListItem","position":1,"name":"Home","item":"https:\/\/franciscanos.org.br\/noticias"},{"@type":"ListItem","position":2,"name":"Li\u00e7\u00f5es para a comunica\u00e7\u00e3o nesse tempo de pandemia"}]},{"@type":"Person","@id":"https:\/\/franciscanos.org.br\/noticias\/#\/schema\/person\/b5c8cba458c330ccff548b056e95a5d4","name":"moacir","image":{"@type":"ImageObject","inLanguage":"pt-BR","@id":"https:\/\/franciscanos.org.br\/noticias\/#\/schema\/person\/image\/","url":"https:\/\/secure.gravatar.com\/avatar\/d08aa2ce4c8dd416d4479aa8536fcf64?s=96&d=mm&r=g","contentUrl":"https:\/\/secure.gravatar.com\/avatar\/d08aa2ce4c8dd416d4479aa8536fcf64?s=96&d=mm&r=g","caption":"moacir"},"url":"https:\/\/franciscanos.org.br\/noticias\/author\/moacir"}]}},"_links":{"self":[{"href":"https:\/\/franciscanos.org.br\/noticias\/wp-json\/wp\/v2\/posts\/227951"}],"collection":[{"href":"https:\/\/franciscanos.org.br\/noticias\/wp-json\/wp\/v2\/posts"}],"about":[{"href":"https:\/\/franciscanos.org.br\/noticias\/wp-json\/wp\/v2\/types\/post"}],"author":[{"embeddable":true,"href":"https:\/\/franciscanos.org.br\/noticias\/wp-json\/wp\/v2\/users\/3"}],"replies":[{"embeddable":true,"href":"https:\/\/franciscanos.org.br\/noticias\/wp-json\/wp\/v2\/comments?post=227951"}],"version-history":[{"count":1,"href":"https:\/\/franciscanos.org.br\/noticias\/wp-json\/wp\/v2\/posts\/227951\/revisions"}],"predecessor-version":[{"id":227954,"href":"https:\/\/franciscanos.org.br\/noticias\/wp-json\/wp\/v2\/posts\/227951\/revisions\/227954"}],"wp:featuredmedia":[{"embeddable":true,"href":"https:\/\/franciscanos.org.br\/noticias\/wp-json\/wp\/v2\/media\/227953"}],"wp:attachment":[{"href":"https:\/\/franciscanos.org.br\/noticias\/wp-json\/wp\/v2\/media?parent=227951"}],"wp:term":[{"taxonomy":"category","embeddable":true,"href":"https:\/\/franciscanos.org.br\/noticias\/wp-json\/wp\/v2\/categories?post=227951"},{"taxonomy":"post_tag","embeddable":true,"href":"https:\/\/franciscanos.org.br\/noticias\/wp-json\/wp\/v2\/tags?post=227951"}],"curies":[{"name":"wp","href":"https:\/\/api.w.org\/{rel}","templated":true}]}}