{"id":227941,"date":"2020-08-20T08:01:53","date_gmt":"2020-08-20T11:01:53","guid":{"rendered":"https:\/\/franciscanos.org.br\/noticias\/?p=227941"},"modified":"2020-08-20T08:01:53","modified_gmt":"2020-08-20T11:01:53","slug":"vozes-celebra-o-dia-do-catequista-com-super-semana-de-lives","status":"publish","type":"post","link":"https:\/\/franciscanos.org.br\/noticias\/vozes-celebra-o-dia-do-catequista-com-super-semana-de-lives.html","title":{"rendered":"Vozes celebra o Dia do Catequista com Super Semana de lives"},"content":{"rendered":"<p><img loading=\"lazy\" class=\"alignnone size-full wp-image-227942\" src=\"https:\/\/franciscanos.org.br\/noticias\/wp-content\/uploads\/2020\/08\/catequese_2008.png\" alt=\"\" width=\"1244\" height=\"700\" srcset=\"https:\/\/franciscanos.org.br\/noticias\/wp-content\/uploads\/2020\/08\/catequese_2008.png 1244w, https:\/\/franciscanos.org.br\/noticias\/wp-content\/uploads\/2020\/08\/catequese_2008-450x253.png 450w, https:\/\/franciscanos.org.br\/noticias\/wp-content\/uploads\/2020\/08\/catequese_2008-1024x576.png 1024w, https:\/\/franciscanos.org.br\/noticias\/wp-content\/uploads\/2020\/08\/catequese_2008-768x432.png 768w, https:\/\/franciscanos.org.br\/noticias\/wp-content\/uploads\/2020\/08\/catequese_2008-150x84.png 150w\" sizes=\"(max-width: 1244px) 100vw, 1244px\" \/><\/p>\n<p>A Editora Vozes convocou um supertime de palestrantes para celebrar o Dia do Catequista, em 30 de agosto. A Super Semana de Catequese come\u00e7a j\u00e1 nesta segunda-feira, dia 24, e s\u00f3 termina no dia 28. Ser\u00e3o 5 dias de lives gratuitas sobre o tema, que poder\u00e3o ser acompanhadas, sempre \u00e0s 18 horas, pelo canal da Editora Vozes no YouTube: youtube.com\/user\/EditoraVozes.<\/p>\n<h3>Na segunda-feira, 24 de agosto, o jornalista Mois\u00e9s Sbardelotto \u00e9 o convidado para falar sobre o tema &#8220;Catequese e internet: como aproveitar o melhor do digital na miss\u00e3o&#8221;.<\/h3>\n<p><img loading=\"lazy\" class=\"alignnone size-full wp-image-227944\" src=\"https:\/\/franciscanos.org.br\/noticias\/wp-content\/uploads\/2020\/08\/moises_2008.png\" alt=\"\" width=\"1080\" height=\"546\" srcset=\"https:\/\/franciscanos.org.br\/noticias\/wp-content\/uploads\/2020\/08\/moises_2008.png 1080w, https:\/\/franciscanos.org.br\/noticias\/wp-content\/uploads\/2020\/08\/moises_2008-450x228.png 450w, https:\/\/franciscanos.org.br\/noticias\/wp-content\/uploads\/2020\/08\/moises_2008-1024x518.png 1024w, https:\/\/franciscanos.org.br\/noticias\/wp-content\/uploads\/2020\/08\/moises_2008-768x388.png 768w, https:\/\/franciscanos.org.br\/noticias\/wp-content\/uploads\/2020\/08\/moises_2008-150x76.png 150w\" sizes=\"(max-width: 1080px) 100vw, 1080px\" \/><\/p>\n<p>Mois\u00e9s Sbardelotto \u00e9 jornalista, graduado pela Universidade Federal do Rio Grande do Sul \u2013 UFRGS, mestre e doutor em Ci\u00eancias da Comunica\u00e7\u00e3o pela Universidade do Vale do Rio dos Sinos \u2013 Unisinos, com est\u00e1gio doutoral (bolsa PDSE\/Capes) na Universit\u00e0 di Roma &#8220;La Sapienza&#8221;, na It\u00e1lia. Atualmente, \u00e9 professor colaborador do PPG em Ci\u00eancias da Comunica\u00e7\u00e3o da Unisinos, onde realiza est\u00e1gio p\u00f3s-doutoral (bolsa Fapergs\/Capes). \u00c9 palestrante, tradutor e consultor em Comunica\u00e7\u00e3o para diversos \u00f3rg\u00e3os e institui\u00e7\u00f5es civis e religiosos. \u00c9 autor de &#8220;E o Verbo se fez rede: religiosidades em reconstru\u00e7\u00e3o no ambiente digital&#8221; (Paulinas, 2017) e de &#8220;E o Verbo se fez bit: A comunica\u00e7\u00e3o e a experi\u00eancia religiosa na internet&#8221; (Santu\u00e1rio, 2012).<\/p>\n<h3>Na ter\u00e7a-feira, 25 de agosto, a pesquisadora e consulta em Pastoral Escolar e Ensino Religioso, Francine Porf\u00edrio, fala sobre &#8220;Desafios e relacionamentos na catequese&#8221;<\/h3>\n<p><img loading=\"lazy\" class=\"alignnone size-full wp-image-227945\" src=\"https:\/\/franciscanos.org.br\/noticias\/wp-content\/uploads\/2020\/08\/francine_2008.png\" alt=\"\" width=\"1080\" height=\"546\" srcset=\"https:\/\/franciscanos.org.br\/noticias\/wp-content\/uploads\/2020\/08\/francine_2008.png 1080w, https:\/\/franciscanos.org.br\/noticias\/wp-content\/uploads\/2020\/08\/francine_2008-450x228.png 450w, https:\/\/franciscanos.org.br\/noticias\/wp-content\/uploads\/2020\/08\/francine_2008-1024x518.png 1024w, https:\/\/franciscanos.org.br\/noticias\/wp-content\/uploads\/2020\/08\/francine_2008-768x388.png 768w, https:\/\/franciscanos.org.br\/noticias\/wp-content\/uploads\/2020\/08\/francine_2008-150x76.png 150w\" sizes=\"(max-width: 1080px) 100vw, 1080px\" \/><\/p>\n<p>Pesquisadora e palestrante sobre comportamento moral, habilidades sociais, pr\u00e1ticas parentais\/educacionais e cultura da n\u00e3o viol\u00eancia (com \u00eanfase na preven\u00e7\u00e3o de comportamentos antissociais), Francine \u00e9 psic\u00f3loga e especialista em Psicologia Cl\u00ednica na abordagem da An\u00e1lise do Comportamento (FEPAR); especialista em Assessoria Lingu\u00edstica (ITECNE); especialista em Pedagogia: Gest\u00e3o e Doc\u00eancia (PUCPR); mestranda em Educa\u00e7\u00e3o (UFPR); consultora em Pastoral Escolar e Ensino Religioso, al\u00e9m de assessora editorial (an\u00e1lise de originais e parecer para editoras).<\/p>\n<h3>Na quarta-feira, 26 de agosto, o professor Bruno Tamancoldi aborda o tema &#8220;Nos caminhos da Igreja \u2013 Forma\u00e7\u00e3o permanente da f\u00e9&#8221;<\/h3>\n<p><img loading=\"lazy\" class=\"alignnone size-full wp-image-227946\" src=\"https:\/\/franciscanos.org.br\/noticias\/wp-content\/uploads\/2020\/08\/bruno_2008.png\" alt=\"\" width=\"1080\" height=\"546\" srcset=\"https:\/\/franciscanos.org.br\/noticias\/wp-content\/uploads\/2020\/08\/bruno_2008.png 1080w, https:\/\/franciscanos.org.br\/noticias\/wp-content\/uploads\/2020\/08\/bruno_2008-450x228.png 450w, https:\/\/franciscanos.org.br\/noticias\/wp-content\/uploads\/2020\/08\/bruno_2008-1024x518.png 1024w, https:\/\/franciscanos.org.br\/noticias\/wp-content\/uploads\/2020\/08\/bruno_2008-768x388.png 768w, https:\/\/franciscanos.org.br\/noticias\/wp-content\/uploads\/2020\/08\/bruno_2008-150x76.png 150w\" sizes=\"(max-width: 1080px) 100vw, 1080px\" \/><\/p>\n<p>Graduado em Hist\u00f3ria pela Universidade Cat\u00f3lica de Petr\u00f3polis (2008); Bruno possui p\u00f3s-gradua\u00e7\u00e3o em Teologia pela Universidade Cat\u00f3lica de Petr\u00f3polis (2012) e mestrado em Educa\u00e7\u00e3o pela mesma institui\u00e7\u00e3o (2013). Atualmente \u00e9 professor da Rede Privada de Educa\u00e7\u00e3o e da Prefeitura Municipal de Petr\u00f3polis. Coordenador do curso de Hist\u00f3ria presencial e EaD, e tamb\u00e9m, da P\u00f3s-gradua\u00e7\u00e3o lato sensu em Hist\u00f3ria do Cristianismo (presencial e EaD) na Universidade Cat\u00f3lica de Petr\u00f3polis, al\u00e9m de ser professor auxiliar de ensino superior dos Cursos de Hist\u00f3ria e Teologia. \u00c9 componente do NDE&#8217;s dos cursos de Letras, M\u00fasica e Teologia, al\u00e9m de ser membro do Conselho Acad\u00eamico Universit\u00e1rio da mesma intui\u00e7\u00e3o.<\/p>\n<h3>Na quinta-feira, 27 de agosto, Pe. Thiago Faccini Paro fala sobre &#8220;As celebra\u00e7\u00f5es do RICA (Ritual de Inicia\u00e7\u00e3o Crist\u00e3 de Adultos)&#8221;<\/h3>\n<p><img loading=\"lazy\" class=\"alignnone size-full wp-image-227947\" src=\"https:\/\/franciscanos.org.br\/noticias\/wp-content\/uploads\/2020\/08\/padre_2008.png\" alt=\"\" width=\"1080\" height=\"546\" srcset=\"https:\/\/franciscanos.org.br\/noticias\/wp-content\/uploads\/2020\/08\/padre_2008.png 1080w, https:\/\/franciscanos.org.br\/noticias\/wp-content\/uploads\/2020\/08\/padre_2008-450x228.png 450w, https:\/\/franciscanos.org.br\/noticias\/wp-content\/uploads\/2020\/08\/padre_2008-1024x518.png 1024w, https:\/\/franciscanos.org.br\/noticias\/wp-content\/uploads\/2020\/08\/padre_2008-768x388.png 768w, https:\/\/franciscanos.org.br\/noticias\/wp-content\/uploads\/2020\/08\/padre_2008-150x76.png 150w\" sizes=\"(max-width: 1080px) 100vw, 1080px\" \/><\/p>\n<p>Mestre em Teologia pela PUCSP, al\u00e9m de possui gradua\u00e7\u00e3o em Pedagogia &#8211; Faculdades Integradas Soares de Oliveira (2005), Pe. Thiago tem especializa\u00e7\u00e3o em Espa\u00e7o Lit\u00fargico e Arte Sacra pela PUCRS (2008), gradua\u00e7\u00e3o em Teologia pela Associa\u00e7\u00e3o Rio-Pretense Cat\u00f3lica de Ensino (2009), especializa\u00e7\u00e3o em Liturgia Ci\u00eancia e Cultura pela PUCSP (2014). Secret\u00e1rio Executivo da ASLI (Associa\u00e7\u00e3o dos Lit\u00fargistas do Brasil) e assessor do Setor de Espa\u00e7o Lit\u00fargico da Comiss\u00e3o Episcopal Pastoral para Liturgia da CNBB. Ainda \u00e9 o autor da cole\u00e7\u00e3o de manuais de catequese &#8220;O Caminho&#8221; e do livros &#8220;As celebra\u00e7\u00f5es do RICA, conhecer para bem celebrar&#8221;, &#8220;Conhecer a F\u00c9 que Professamos&#8221; e &#8220;Catequese e Liturgia na Inicia\u00e7\u00e3o Crist\u00e3&#8221;, publicados pela Editora Vozes.<\/p>\n<h3>Na sexta-feira, 28 de agosto, D\u00e9bora Pupo fala sobre &#8220;Coordena\u00e7\u00e3o de catequese&#8230; Sobre o que estamos falando?&#8221;<\/h3>\n<p><img loading=\"lazy\" class=\"alignnone size-full wp-image-227948\" src=\"https:\/\/franciscanos.org.br\/noticias\/wp-content\/uploads\/2020\/08\/debora_2008.png\" alt=\"\" width=\"1080\" height=\"546\" srcset=\"https:\/\/franciscanos.org.br\/noticias\/wp-content\/uploads\/2020\/08\/debora_2008.png 1080w, https:\/\/franciscanos.org.br\/noticias\/wp-content\/uploads\/2020\/08\/debora_2008-450x228.png 450w, https:\/\/franciscanos.org.br\/noticias\/wp-content\/uploads\/2020\/08\/debora_2008-1024x518.png 1024w, https:\/\/franciscanos.org.br\/noticias\/wp-content\/uploads\/2020\/08\/debora_2008-768x388.png 768w, https:\/\/franciscanos.org.br\/noticias\/wp-content\/uploads\/2020\/08\/debora_2008-150x76.png 150w\" sizes=\"(max-width: 1080px) 100vw, 1080px\" \/><\/p>\n<p>D\u00e9bora Pupo \u00e9 coordenadora Regional da Dimens\u00e3o B\u00edblico-Catequ\u00e9tica do Regional Sul 2, da CNBB e autora da cole\u00e7\u00e3o &#8220;Crescer em Comunh\u00e3o&#8221; e dos livros: &#8220;Catequese&#8230; Sobre o que estamos falando mesmo?&#8221; e &#8220;Celebra\u00e7\u00f5es no Itiner\u00e1rio Catequ\u00e9tico&#8230; Sobre o que estamos falado?&#8221;, todos publicados pela Editora Vozes. Bacharel em Teologia, pela Faculdade Missioneira do Paran\u00e1, a colunista tamb\u00e9m \u00e9 mestre na mesma \u00e1rea, formada pela Pontif\u00edcia Universidade Cat\u00f3lica (PUC) de Curitiba, tendo como t\u00edtulo de sua disserta\u00e7\u00e3o: &#8220;Inicia\u00e7\u00e3o Crist\u00e3 e Catequese com adultos: um caminho para o discipulado&#8221;.. A palestrante \u00e9 autora da Editora Vozes e reside em Curitiba \u2013 PR.<\/p>\n<p><strong>N\u00e3o deixe de acompanhar o blog da Catequese:<\/strong><br \/>\nhttps:\/\/www.blogdacatequese.com.br<\/p>\n","protected":false},"excerpt":{"rendered":"<p>Editora Vozes<\/p>\n","protected":false},"author":3,"featured_media":227949,"comment_status":"open","ping_status":"open","sticky":false,"template":"","format":"standard","meta":[],"categories":[1],"tags":[1760,238],"acf":[],"yoast_head":"<!-- This site is optimized with the Yoast SEO plugin v19.2 - https:\/\/yoast.com\/wordpress\/plugins\/seo\/ -->\n<title>Vozes celebra o Dia do Catequista com Super Semana de lives - Not\u00edcias - Franciscanos<\/title>\n<meta name=\"robots\" content=\"index, follow, max-snippet:-1, max-image-preview:large, max-video-preview:-1\" \/>\n<link rel=\"canonical\" href=\"https:\/\/franciscanos.org.br\/noticias\/vozes-celebra-o-dia-do-catequista-com-super-semana-de-lives.html\" \/>\n<meta property=\"og:locale\" content=\"pt_BR\" \/>\n<meta property=\"og:type\" content=\"article\" \/>\n<meta property=\"og:title\" content=\"Vozes celebra o Dia do Catequista com Super Semana de lives - Not\u00edcias - Franciscanos\" \/>\n<meta property=\"og:description\" content=\"Editora Vozes\" \/>\n<meta property=\"og:url\" content=\"https:\/\/franciscanos.org.br\/noticias\/vozes-celebra-o-dia-do-catequista-com-super-semana-de-lives.html\" \/>\n<meta property=\"og:site_name\" content=\"Not\u00edcias - Franciscanos\" \/>\n<meta property=\"article:published_time\" content=\"2020-08-20T11:01:53+00:00\" \/>\n<meta property=\"og:image\" content=\"https:\/\/franciscanos.org.br\/noticias\/wp-content\/uploads\/2020\/08\/catequese_2008d.png\" \/>\n\t<meta property=\"og:image:width\" content=\"800\" \/>\n\t<meta property=\"og:image:height\" content=\"601\" \/>\n\t<meta property=\"og:image:type\" content=\"image\/png\" \/>\n<meta name=\"author\" content=\"moacir\" \/>\n<meta name=\"twitter:card\" content=\"summary_large_image\" \/>\n<meta name=\"twitter:label1\" content=\"Escrito por\" \/>\n\t<meta name=\"twitter:data1\" content=\"moacir\" \/>\n\t<meta name=\"twitter:label2\" content=\"Est. tempo de leitura\" \/>\n\t<meta name=\"twitter:data2\" content=\"4 minutos\" \/>\n<script type=\"application\/ld+json\" class=\"yoast-schema-graph\">{\"@context\":\"https:\/\/schema.org\",\"@graph\":[{\"@type\":\"WebSite\",\"@id\":\"https:\/\/franciscanos.org.br\/noticias\/#website\",\"url\":\"https:\/\/franciscanos.org.br\/noticias\/\",\"name\":\"Not\u00edcias - Franciscanos\",\"description\":\"Prov\u00edncia Franciscana da Imaculada Concei\u00e7\u00e3o do Brasil - Ordem dos Frades Menores - OFM\",\"potentialAction\":[{\"@type\":\"SearchAction\",\"target\":{\"@type\":\"EntryPoint\",\"urlTemplate\":\"https:\/\/franciscanos.org.br\/noticias\/?s={search_term_string}\"},\"query-input\":\"required name=search_term_string\"}],\"inLanguage\":\"pt-BR\"},{\"@type\":\"ImageObject\",\"inLanguage\":\"pt-BR\",\"@id\":\"https:\/\/franciscanos.org.br\/noticias\/vozes-celebra-o-dia-do-catequista-com-super-semana-de-lives.html#primaryimage\",\"url\":\"https:\/\/franciscanos.org.br\/noticias\/wp-content\/uploads\/2020\/08\/catequese_2008d.png\",\"contentUrl\":\"https:\/\/franciscanos.org.br\/noticias\/wp-content\/uploads\/2020\/08\/catequese_2008d.png\",\"width\":800,\"height\":601},{\"@type\":\"WebPage\",\"@id\":\"https:\/\/franciscanos.org.br\/noticias\/vozes-celebra-o-dia-do-catequista-com-super-semana-de-lives.html#webpage\",\"url\":\"https:\/\/franciscanos.org.br\/noticias\/vozes-celebra-o-dia-do-catequista-com-super-semana-de-lives.html\",\"name\":\"Vozes celebra o Dia do Catequista com Super Semana de lives - Not\u00edcias - Franciscanos\",\"isPartOf\":{\"@id\":\"https:\/\/franciscanos.org.br\/noticias\/#website\"},\"primaryImageOfPage\":{\"@id\":\"https:\/\/franciscanos.org.br\/noticias\/vozes-celebra-o-dia-do-catequista-com-super-semana-de-lives.html#primaryimage\"},\"datePublished\":\"2020-08-20T11:01:53+00:00\",\"dateModified\":\"2020-08-20T11:01:53+00:00\",\"author\":{\"@id\":\"https:\/\/franciscanos.org.br\/noticias\/#\/schema\/person\/b5c8cba458c330ccff548b056e95a5d4\"},\"breadcrumb\":{\"@id\":\"https:\/\/franciscanos.org.br\/noticias\/vozes-celebra-o-dia-do-catequista-com-super-semana-de-lives.html#breadcrumb\"},\"inLanguage\":\"pt-BR\",\"potentialAction\":[{\"@type\":\"ReadAction\",\"target\":[\"https:\/\/franciscanos.org.br\/noticias\/vozes-celebra-o-dia-do-catequista-com-super-semana-de-lives.html\"]}]},{\"@type\":\"BreadcrumbList\",\"@id\":\"https:\/\/franciscanos.org.br\/noticias\/vozes-celebra-o-dia-do-catequista-com-super-semana-de-lives.html#breadcrumb\",\"itemListElement\":[{\"@type\":\"ListItem\",\"position\":1,\"name\":\"Home\",\"item\":\"https:\/\/franciscanos.org.br\/noticias\"},{\"@type\":\"ListItem\",\"position\":2,\"name\":\"Vozes celebra o Dia do Catequista com Super Semana de lives\"}]},{\"@type\":\"Person\",\"@id\":\"https:\/\/franciscanos.org.br\/noticias\/#\/schema\/person\/b5c8cba458c330ccff548b056e95a5d4\",\"name\":\"moacir\",\"image\":{\"@type\":\"ImageObject\",\"inLanguage\":\"pt-BR\",\"@id\":\"https:\/\/franciscanos.org.br\/noticias\/#\/schema\/person\/image\/\",\"url\":\"https:\/\/secure.gravatar.com\/avatar\/d08aa2ce4c8dd416d4479aa8536fcf64?s=96&d=mm&r=g\",\"contentUrl\":\"https:\/\/secure.gravatar.com\/avatar\/d08aa2ce4c8dd416d4479aa8536fcf64?s=96&d=mm&r=g\",\"caption\":\"moacir\"},\"url\":\"https:\/\/franciscanos.org.br\/noticias\/author\/moacir\"}]}<\/script>\n<!-- \/ Yoast SEO plugin. -->","yoast_head_json":{"title":"Vozes celebra o Dia do Catequista com Super Semana de lives - Not\u00edcias - Franciscanos","robots":{"index":"index","follow":"follow","max-snippet":"max-snippet:-1","max-image-preview":"max-image-preview:large","max-video-preview":"max-video-preview:-1"},"canonical":"https:\/\/franciscanos.org.br\/noticias\/vozes-celebra-o-dia-do-catequista-com-super-semana-de-lives.html","og_locale":"pt_BR","og_type":"article","og_title":"Vozes celebra o Dia do Catequista com Super Semana de lives - Not\u00edcias - Franciscanos","og_description":"Editora Vozes","og_url":"https:\/\/franciscanos.org.br\/noticias\/vozes-celebra-o-dia-do-catequista-com-super-semana-de-lives.html","og_site_name":"Not\u00edcias - Franciscanos","article_published_time":"2020-08-20T11:01:53+00:00","og_image":[{"width":800,"height":601,"url":"https:\/\/franciscanos.org.br\/noticias\/wp-content\/uploads\/2020\/08\/catequese_2008d.png","type":"image\/png"}],"author":"moacir","twitter_card":"summary_large_image","twitter_misc":{"Escrito por":"moacir","Est. tempo de leitura":"4 minutos"},"schema":{"@context":"https:\/\/schema.org","@graph":[{"@type":"WebSite","@id":"https:\/\/franciscanos.org.br\/noticias\/#website","url":"https:\/\/franciscanos.org.br\/noticias\/","name":"Not\u00edcias - Franciscanos","description":"Prov\u00edncia Franciscana da Imaculada Concei\u00e7\u00e3o do Brasil - Ordem dos Frades Menores - OFM","potentialAction":[{"@type":"SearchAction","target":{"@type":"EntryPoint","urlTemplate":"https:\/\/franciscanos.org.br\/noticias\/?s={search_term_string}"},"query-input":"required name=search_term_string"}],"inLanguage":"pt-BR"},{"@type":"ImageObject","inLanguage":"pt-BR","@id":"https:\/\/franciscanos.org.br\/noticias\/vozes-celebra-o-dia-do-catequista-com-super-semana-de-lives.html#primaryimage","url":"https:\/\/franciscanos.org.br\/noticias\/wp-content\/uploads\/2020\/08\/catequese_2008d.png","contentUrl":"https:\/\/franciscanos.org.br\/noticias\/wp-content\/uploads\/2020\/08\/catequese_2008d.png","width":800,"height":601},{"@type":"WebPage","@id":"https:\/\/franciscanos.org.br\/noticias\/vozes-celebra-o-dia-do-catequista-com-super-semana-de-lives.html#webpage","url":"https:\/\/franciscanos.org.br\/noticias\/vozes-celebra-o-dia-do-catequista-com-super-semana-de-lives.html","name":"Vozes celebra o Dia do Catequista com Super Semana de lives - Not\u00edcias - Franciscanos","isPartOf":{"@id":"https:\/\/franciscanos.org.br\/noticias\/#website"},"primaryImageOfPage":{"@id":"https:\/\/franciscanos.org.br\/noticias\/vozes-celebra-o-dia-do-catequista-com-super-semana-de-lives.html#primaryimage"},"datePublished":"2020-08-20T11:01:53+00:00","dateModified":"2020-08-20T11:01:53+00:00","author":{"@id":"https:\/\/franciscanos.org.br\/noticias\/#\/schema\/person\/b5c8cba458c330ccff548b056e95a5d4"},"breadcrumb":{"@id":"https:\/\/franciscanos.org.br\/noticias\/vozes-celebra-o-dia-do-catequista-com-super-semana-de-lives.html#breadcrumb"},"inLanguage":"pt-BR","potentialAction":[{"@type":"ReadAction","target":["https:\/\/franciscanos.org.br\/noticias\/vozes-celebra-o-dia-do-catequista-com-super-semana-de-lives.html"]}]},{"@type":"BreadcrumbList","@id":"https:\/\/franciscanos.org.br\/noticias\/vozes-celebra-o-dia-do-catequista-com-super-semana-de-lives.html#breadcrumb","itemListElement":[{"@type":"ListItem","position":1,"name":"Home","item":"https:\/\/franciscanos.org.br\/noticias"},{"@type":"ListItem","position":2,"name":"Vozes celebra o Dia do Catequista com Super Semana de lives"}]},{"@type":"Person","@id":"https:\/\/franciscanos.org.br\/noticias\/#\/schema\/person\/b5c8cba458c330ccff548b056e95a5d4","name":"moacir","image":{"@type":"ImageObject","inLanguage":"pt-BR","@id":"https:\/\/franciscanos.org.br\/noticias\/#\/schema\/person\/image\/","url":"https:\/\/secure.gravatar.com\/avatar\/d08aa2ce4c8dd416d4479aa8536fcf64?s=96&d=mm&r=g","contentUrl":"https:\/\/secure.gravatar.com\/avatar\/d08aa2ce4c8dd416d4479aa8536fcf64?s=96&d=mm&r=g","caption":"moacir"},"url":"https:\/\/franciscanos.org.br\/noticias\/author\/moacir"}]}},"_links":{"self":[{"href":"https:\/\/franciscanos.org.br\/noticias\/wp-json\/wp\/v2\/posts\/227941"}],"collection":[{"href":"https:\/\/franciscanos.org.br\/noticias\/wp-json\/wp\/v2\/posts"}],"about":[{"href":"https:\/\/franciscanos.org.br\/noticias\/wp-json\/wp\/v2\/types\/post"}],"author":[{"embeddable":true,"href":"https:\/\/franciscanos.org.br\/noticias\/wp-json\/wp\/v2\/users\/3"}],"replies":[{"embeddable":true,"href":"https:\/\/franciscanos.org.br\/noticias\/wp-json\/wp\/v2\/comments?post=227941"}],"version-history":[{"count":1,"href":"https:\/\/franciscanos.org.br\/noticias\/wp-json\/wp\/v2\/posts\/227941\/revisions"}],"predecessor-version":[{"id":227950,"href":"https:\/\/franciscanos.org.br\/noticias\/wp-json\/wp\/v2\/posts\/227941\/revisions\/227950"}],"wp:featuredmedia":[{"embeddable":true,"href":"https:\/\/franciscanos.org.br\/noticias\/wp-json\/wp\/v2\/media\/227949"}],"wp:attachment":[{"href":"https:\/\/franciscanos.org.br\/noticias\/wp-json\/wp\/v2\/media?parent=227941"}],"wp:term":[{"taxonomy":"category","embeddable":true,"href":"https:\/\/franciscanos.org.br\/noticias\/wp-json\/wp\/v2\/categories?post=227941"},{"taxonomy":"post_tag","embeddable":true,"href":"https:\/\/franciscanos.org.br\/noticias\/wp-json\/wp\/v2\/tags?post=227941"}],"curies":[{"name":"wp","href":"https:\/\/api.w.org\/{rel}","templated":true}]}}