{"id":227937,"date":"2020-08-20T06:34:42","date_gmt":"2020-08-20T09:34:42","guid":{"rendered":"https:\/\/franciscanos.org.br\/noticias\/?p=227937"},"modified":"2021-08-29T10:49:50","modified_gmt":"2021-08-29T13:49:50","slug":"papa-defende-vacina-anti-covid-acessivel-a-todos","status":"publish","type":"post","link":"https:\/\/franciscanos.org.br\/noticias\/papa-defende-vacina-anti-covid-acessivel-a-todos.html","title":{"rendered":"Papa defende vacina anti-Covid acess\u00edvel a todos"},"content":{"rendered":"<div id=\"attachment_227938\" style=\"width: 900px\" class=\"wp-caption alignnone\"><img aria-describedby=\"caption-attachment-227938\" loading=\"lazy\" class=\"wp-image-227938 size-full\" src=\"https:\/\/franciscanos.org.br\/noticias\/wp-content\/uploads\/2020\/08\/papa_2008.jpg\" alt=\"\" width=\"890\" height=\"592\" srcset=\"https:\/\/franciscanos.org.br\/noticias\/wp-content\/uploads\/2020\/08\/papa_2008.jpg 890w, https:\/\/franciscanos.org.br\/noticias\/wp-content\/uploads\/2020\/08\/papa_2008-450x299.jpg 450w, https:\/\/franciscanos.org.br\/noticias\/wp-content\/uploads\/2020\/08\/papa_2008-768x511.jpg 768w, https:\/\/franciscanos.org.br\/noticias\/wp-content\/uploads\/2020\/08\/papa_2008-150x100.jpg 150w\" sizes=\"(max-width: 890px) 100vw, 890px\" \/><p id=\"caption-attachment-227938\" class=\"wp-caption-text\">\u00a0 \u00a0 \u00a0 \u00a0 \u00a0 \u00a0 \u00a0 \u00a0 \u00a0 \u00a0 \u00a0 \u00a0 \u00a0 \u00a0 \u00a0 \u00a0 \u00a0 \u00a0 \u00a0 \u00a0 \u00a0 \u00a0 \u00a0 \u00a0 \u00a0 \u00a0 \u00a0 \u00a0 \u00a0 \u00a0 \u00a0 \u00a0 \u00a0 \u00a0 \u00a0 \u00a0 \u00a0 \u00a0 \u00a0 \u00a0 \u00a0 \u00a0 \u00a0 \u00a0 \u00a0 \u00a0 \u00a0 \u00a0 \u00a0 \u00a0 \u00a0 \u00a0 \u00a0 \u00a0 <em>\u00a0 \u00a0 \u00a0Imagem: Vatican Media<\/em><\/p><\/div>\n<p><strong>Cidade do Vaticano<\/strong> &#8211; Na terceira Audi\u00eancia Geral dedicada \u00e0 pandemia, o Papa Francisco afirmou que seria triste se uma vacina contra a Covi-19 fosse dada a prioridade aos ricos e que a assist\u00eancia econ\u00f4mica com dinheiro p\u00fablico deveria ser dada a ind\u00fastrias que observam quatro crit\u00e9rios:\u00a0\u201cSeria triste se essa vacina contra a Covid-19 fosse dada a prioridade aos mais ricos! Seria triste se esta vacina se tornasse propriedade desta ou daquela na\u00e7\u00e3o e n\u00e3o universal para todos. E que esc\u00e2ndalo seria se toda a assist\u00eancia econ\u00f4mica que estamos a observar &#8211; a maior parte dela com dinheiro p\u00fablico &#8211; se concentrasse no resgate das ind\u00fastrias que n\u00e3o contribuem para a inclus\u00e3o dos exclu\u00eddos, para a promo\u00e7\u00e3o dos \u00faltimos, para o bem comum ou para o cuidado da cria\u00e7\u00e3o. S\u00e3o crit\u00e9rios para escolher quais s\u00e3o as ind\u00fastrias a serem ajudadas: aquelas que contribuem para a inclus\u00e3o dos exclu\u00eddos, para a promo\u00e7\u00e3o dos \u00faltimos, para o bem comum e com o cuidado da cria\u00e7\u00e3o. Quatro crit\u00e9rios!\u201d<\/p>\n<p><strong>OMS: n\u00e3o aos nacionalismos<\/strong><\/p>\n<p>Na qualidade de \u00f3rg\u00e3o supranacional, a Organiza\u00e7\u00e3o Mundial da Sa\u00fade (OMS) est\u00e1 em sintonia com as convic\u00e7\u00f5es do Pont\u00edfice, como reiterado no encontro de ter\u00e7a-feira, 19, com os jornalistas, e na carta com a qual o Diretor-Geral entidade, Tedros Adhanom Ghebreyesus, claramente exorta os pa\u00edses membros a &#8220;prevenir o nacionalismo da vacina&#8221;.<\/p>\n<p>Por esta raz\u00e3o, afirmou Ghebreyesus, a OMS &#8220;est\u00e1 trabalhando com os governos e o setor privado, quer para acelerar a pesquisa cient\u00edfica com o ACT-Accelerator, quer para garantir que as novas inova\u00e7\u00f5es estejam dispon\u00edveis para todos, em qualquer lugar, a come\u00e7ar por aqueles com maior risco&#8221;.<\/p>\n<p>Pouco antes, recordando o trabalho realizado pela ag\u00eancia, o diretor havia constatado a presen\u00e7a do problema ainda nos \u00faltimos meses, quando o surto do coronav\u00edrus desencadeara &#8220;uma onda enorme de pedidos de equipamentos de prote\u00e7\u00e3o individual&#8221;. \u201cAlguns pa\u00edses &#8211; observou Ghebreyesus &#8211; implementaram restri\u00e7\u00f5es \u00e0 exporta\u00e7\u00e3o e houve diversos casos de requisi\u00e7\u00e3o de suprimentos m\u00e9dicos essenciais para uso nacional\u201d. Em ess\u00eancia, \u00e9 sua an\u00e1lise, &#8220;o nacionalismo de fornecimentos exacerbou a pandemia e contribuiu para o fracasso total da cadeia de suprimentos&#8221; em escala global.<\/p>\n<p><strong>Pesquisa mundial em busca da vacina<\/strong><\/p>\n<p>Depois daquela da R\u00fassia, produzida pelo Instituto Gamaleya, tamb\u00e9m a China registrou em tempo recorde sua primeira vacina contra a pandemia Covid-19. Do outro lado do mundo, o governo brasileiro autorizou o teste de uma vacina anti-Covid desenvolvida por um laborat\u00f3rio estadunidense. O governo australiano tamb\u00e9m anunciou que quer tornar obrigat\u00f3ria a vacina contra a Covid-19, ap\u00f3s a assinatura de um acordo com a empresa anglo-sueca AstraZeneca, para adquirir o medicamento em desenvolvimento nos laborat\u00f3rios de pesquisa da Universidade de Oxford.<\/p>\n<p>A It\u00e1lia e a Uni\u00e3o Europeia abra\u00e7am as palavras do Papa Francisco com os fatos: \u201cO que realizamos \u00e9 uma alian\u00e7a sobretudo entre It\u00e1lia, Fran\u00e7a, Alemanha e Holanda para fazer da vacina um bem comum a ser dado a todos\u201d.<\/p>\n<p>Quem destaca isso esse aspecto \u00e9 Walter Ricciardi, professor de Higiene da Universidade Cat\u00f3lica de Roma e assessor do ministro da Sa\u00fade italiano, acrescentando que o primeiro contrato mais avan\u00e7ado ligado \u00e0 vacina, assinado pela Comiss\u00e3o Europeia na semana passada, &#8220;vai nessa dire\u00e7\u00e3o&#8221;. Os investimentos p\u00fablicos &#8220;ir\u00e3o garantir que esta vacina possa ser distribu\u00edda a todos, n\u00e3o apenas aos europeus&#8221;. \u201cHaver\u00e1 quantidades significativas de doses que ser\u00e3o dadas aos pa\u00edses mais pobres, a come\u00e7ar pela \u00c1frica\u201d.<\/p>\n<p>Sobre os crit\u00e9rios indicados pelo Papa na escolha das ind\u00fastrias, o professor Ricciardi destaca que esta vis\u00e3o \u00e9 acertada, &#8220;sobretudo em um momento p\u00f3s-Covid&#8221;. A pandemia \u2013 explica ele &#8211; demonstrou \u201ctoda a fragilidade do modelo de desenvolvimento econ\u00f4mico baseado exclusivamente no lucro, na explora\u00e7\u00e3o dos mais pobres e na explora\u00e7\u00e3o dos trabalhadores de baixo custo\u201d. Em vez disso, devemos &#8220;visar \u00e0 centralidade da pessoa&#8221;.<\/p>\n<p>Para Ricciardi, n\u00e3o se trata de &#8220;uma utopia&#8221;, mas da &#8220;\u00fanica possibilidade para garantir um modelo de desenvolvimento que preserva simultaneamente as pessoas e o meio ambiente em que vivemos&#8221;. \u00c9 preciso, no entanto, recordar que alguns pa\u00edses seguem &#8220;o caminho comercial&#8221;, uma via que fortalece exclusivamente &#8220;a possibilidade de enriquecer-se com a vacina&#8221; e garantindo-a somente aos povos &#8220;que podem pagar&#8221;. Este, conclui, \u201cn\u00e3o \u00e9 o caminho que a Europa ir\u00e1 seguir\u201d.<\/p>\n<p><strong>Coopera\u00e7\u00e3o internacional e solidariedade<\/strong><\/p>\n<p>Aquele indicado pelo Papa, portanto, \u00e9 um caminho que n\u00e3o prev\u00ea distin\u00e7\u00f5es, como tamb\u00e9m sublinhou a presidente da Comiss\u00e3o Europeia, Ursula von der Leyen, em recente entrevista ao Osservatore Romano e ao Vatican News. \u201cEsse v\u00edrus &#8211; declarou ela &#8211; mostra como o mundo est\u00e1 interligado. Encontramo-nos diante de uma pandemia global e a \u00fanica maneira de derrotar o v\u00edrus \u00e9 por meio da coopera\u00e7\u00e3o e da solidariedade internacional\u201d.<\/p>\n<p>Em outra recente entrevista aos meios de comunica\u00e7\u00e3o vaticanos, o secret\u00e1rio-geral das Na\u00e7\u00f5es Unidas, Ant\u00f3nio Guterres, destacou que \u201ca pandemia deve ser um sinal de alerta. As amea\u00e7as globais mortais exigem uma nova unidade e solidariedade \u201d.<\/p>\n<p>&#8220;Em um mundo interligado &#8211; afirmou ele &#8211; ningu\u00e9m est\u00e1 seguro at\u00e9 que todos estejam seguros. Foi esta, em resumo, a ess\u00eancia da minha mensagem no lan\u00e7amento do ACT-Accelerator, ou seja, a colabora\u00e7\u00e3o global para acelerar o desenvolvimento, a produ\u00e7\u00e3o e igualdade de acesso a novos diagn\u00f3sticos, tratamentos e vacinas para Covid-19. Deve ser visto como um bem p\u00fablico. N\u00e3o uma vacina ou tratamento para um pa\u00eds ou regi\u00e3o ou metade do mundo &#8211; mas uma vacina e um tratamento que s\u00e3o acess\u00edveis, seguros, eficazes, facilmente administrados e universalmente dispon\u00edveis para todos, em todos os lugares. Esta vacina deve ser a vacina das pessoas.&#8221;<\/p>\n<p><strong>Roma acolhe o Encontro Mundial das Fam\u00edlias em 2022<\/strong><\/p>\n<p>Devido \u00e0 pandemia do novo coronav\u00edrus, a X edi\u00e7\u00e3o do Encontro Mundial das Fam\u00edlias foi adiada para 2022. Roma vai acolher uma organiza\u00e7\u00e3o t\u00e3o importante que decorrer\u00e1 durante o m\u00eas de junho de 2022. A \u00faltima edi\u00e7\u00e3o foi em agosto de 2018 em Dublim na Irlanda com a presen\u00e7a do Papa Francisco. Logo no primeiro dia, 25 de agosto, o Santo Padre teve um encontro na Pr\u00f3-Catedral de Santa Maria. A\u00ed foi acolhido por in\u00fameros casais, alguns j\u00e1 av\u00f3s, outros rec\u00e9m-casados e outros ainda noivos que saudaram e colocaram quest\u00f5es ao Santo Padre. A todos o Papa ouviu com aten\u00e7\u00e3o tendo depois proferido um discurso no qual procurou responder a cada uma das inquieta\u00e7\u00f5es apresentadas.<\/p>\n","protected":false},"excerpt":{"rendered":"<p>Papa Francisco<\/p>\n","protected":false},"author":3,"featured_media":227939,"comment_status":"open","ping_status":"open","sticky":false,"template":"","format":"standard","meta":[],"categories":[1428],"tags":[1759],"acf":[],"yoast_head":"<!-- This site is optimized with the Yoast SEO plugin v19.2 - https:\/\/yoast.com\/wordpress\/plugins\/seo\/ -->\n<title>Papa defende vacina anti-Covid acess\u00edvel a todos - Not\u00edcias - Franciscanos<\/title>\n<meta name=\"robots\" content=\"index, follow, max-snippet:-1, max-image-preview:large, max-video-preview:-1\" \/>\n<link rel=\"canonical\" href=\"https:\/\/franciscanos.org.br\/noticias\/papa-defende-vacina-anti-covid-acessivel-a-todos.html\" \/>\n<meta property=\"og:locale\" content=\"pt_BR\" \/>\n<meta property=\"og:type\" content=\"article\" \/>\n<meta property=\"og:title\" content=\"Papa defende vacina anti-Covid acess\u00edvel a todos - Not\u00edcias - Franciscanos\" \/>\n<meta property=\"og:description\" content=\"Papa Francisco\" \/>\n<meta property=\"og:url\" content=\"https:\/\/franciscanos.org.br\/noticias\/papa-defende-vacina-anti-covid-acessivel-a-todos.html\" \/>\n<meta property=\"og:site_name\" content=\"Not\u00edcias - Franciscanos\" \/>\n<meta property=\"article:published_time\" content=\"2020-08-20T09:34:42+00:00\" \/>\n<meta property=\"article:modified_time\" content=\"2021-08-29T13:49:50+00:00\" \/>\n<meta property=\"og:image\" content=\"https:\/\/franciscanos.org.br\/noticias\/wp-content\/uploads\/2020\/08\/papa_2008d.jpg\" \/>\n\t<meta property=\"og:image:width\" content=\"800\" \/>\n\t<meta property=\"og:image:height\" content=\"599\" \/>\n\t<meta property=\"og:image:type\" content=\"image\/jpeg\" \/>\n<meta name=\"author\" content=\"moacir\" \/>\n<meta name=\"twitter:card\" content=\"summary_large_image\" \/>\n<meta name=\"twitter:label1\" content=\"Escrito por\" \/>\n\t<meta name=\"twitter:data1\" content=\"moacir\" \/>\n\t<meta name=\"twitter:label2\" content=\"Est. tempo de leitura\" \/>\n\t<meta name=\"twitter:data2\" content=\"6 minutos\" \/>\n<script type=\"application\/ld+json\" class=\"yoast-schema-graph\">{\"@context\":\"https:\/\/schema.org\",\"@graph\":[{\"@type\":\"WebSite\",\"@id\":\"https:\/\/franciscanos.org.br\/noticias\/#website\",\"url\":\"https:\/\/franciscanos.org.br\/noticias\/\",\"name\":\"Not\u00edcias - Franciscanos\",\"description\":\"Prov\u00edncia Franciscana da Imaculada Concei\u00e7\u00e3o do Brasil - Ordem dos Frades Menores - OFM\",\"potentialAction\":[{\"@type\":\"SearchAction\",\"target\":{\"@type\":\"EntryPoint\",\"urlTemplate\":\"https:\/\/franciscanos.org.br\/noticias\/?s={search_term_string}\"},\"query-input\":\"required name=search_term_string\"}],\"inLanguage\":\"pt-BR\"},{\"@type\":\"ImageObject\",\"inLanguage\":\"pt-BR\",\"@id\":\"https:\/\/franciscanos.org.br\/noticias\/papa-defende-vacina-anti-covid-acessivel-a-todos.html#primaryimage\",\"url\":\"https:\/\/franciscanos.org.br\/noticias\/wp-content\/uploads\/2020\/08\/papa_2008d.jpg\",\"contentUrl\":\"https:\/\/franciscanos.org.br\/noticias\/wp-content\/uploads\/2020\/08\/papa_2008d.jpg\",\"width\":800,\"height\":599},{\"@type\":\"WebPage\",\"@id\":\"https:\/\/franciscanos.org.br\/noticias\/papa-defende-vacina-anti-covid-acessivel-a-todos.html#webpage\",\"url\":\"https:\/\/franciscanos.org.br\/noticias\/papa-defende-vacina-anti-covid-acessivel-a-todos.html\",\"name\":\"Papa defende vacina anti-Covid acess\u00edvel a todos - Not\u00edcias - Franciscanos\",\"isPartOf\":{\"@id\":\"https:\/\/franciscanos.org.br\/noticias\/#website\"},\"primaryImageOfPage\":{\"@id\":\"https:\/\/franciscanos.org.br\/noticias\/papa-defende-vacina-anti-covid-acessivel-a-todos.html#primaryimage\"},\"datePublished\":\"2020-08-20T09:34:42+00:00\",\"dateModified\":\"2021-08-29T13:49:50+00:00\",\"author\":{\"@id\":\"https:\/\/franciscanos.org.br\/noticias\/#\/schema\/person\/b5c8cba458c330ccff548b056e95a5d4\"},\"breadcrumb\":{\"@id\":\"https:\/\/franciscanos.org.br\/noticias\/papa-defende-vacina-anti-covid-acessivel-a-todos.html#breadcrumb\"},\"inLanguage\":\"pt-BR\",\"potentialAction\":[{\"@type\":\"ReadAction\",\"target\":[\"https:\/\/franciscanos.org.br\/noticias\/papa-defende-vacina-anti-covid-acessivel-a-todos.html\"]}]},{\"@type\":\"BreadcrumbList\",\"@id\":\"https:\/\/franciscanos.org.br\/noticias\/papa-defende-vacina-anti-covid-acessivel-a-todos.html#breadcrumb\",\"itemListElement\":[{\"@type\":\"ListItem\",\"position\":1,\"name\":\"Home\",\"item\":\"https:\/\/franciscanos.org.br\/noticias\"},{\"@type\":\"ListItem\",\"position\":2,\"name\":\"Papa defende vacina anti-Covid acess\u00edvel a todos\"}]},{\"@type\":\"Person\",\"@id\":\"https:\/\/franciscanos.org.br\/noticias\/#\/schema\/person\/b5c8cba458c330ccff548b056e95a5d4\",\"name\":\"moacir\",\"image\":{\"@type\":\"ImageObject\",\"inLanguage\":\"pt-BR\",\"@id\":\"https:\/\/franciscanos.org.br\/noticias\/#\/schema\/person\/image\/\",\"url\":\"https:\/\/secure.gravatar.com\/avatar\/d08aa2ce4c8dd416d4479aa8536fcf64?s=96&d=mm&r=g\",\"contentUrl\":\"https:\/\/secure.gravatar.com\/avatar\/d08aa2ce4c8dd416d4479aa8536fcf64?s=96&d=mm&r=g\",\"caption\":\"moacir\"},\"url\":\"https:\/\/franciscanos.org.br\/noticias\/author\/moacir\"}]}<\/script>\n<!-- \/ Yoast SEO plugin. -->","yoast_head_json":{"title":"Papa defende vacina anti-Covid acess\u00edvel a todos - Not\u00edcias - Franciscanos","robots":{"index":"index","follow":"follow","max-snippet":"max-snippet:-1","max-image-preview":"max-image-preview:large","max-video-preview":"max-video-preview:-1"},"canonical":"https:\/\/franciscanos.org.br\/noticias\/papa-defende-vacina-anti-covid-acessivel-a-todos.html","og_locale":"pt_BR","og_type":"article","og_title":"Papa defende vacina anti-Covid acess\u00edvel a todos - Not\u00edcias - Franciscanos","og_description":"Papa Francisco","og_url":"https:\/\/franciscanos.org.br\/noticias\/papa-defende-vacina-anti-covid-acessivel-a-todos.html","og_site_name":"Not\u00edcias - Franciscanos","article_published_time":"2020-08-20T09:34:42+00:00","article_modified_time":"2021-08-29T13:49:50+00:00","og_image":[{"width":800,"height":599,"url":"https:\/\/franciscanos.org.br\/noticias\/wp-content\/uploads\/2020\/08\/papa_2008d.jpg","type":"image\/jpeg"}],"author":"moacir","twitter_card":"summary_large_image","twitter_misc":{"Escrito por":"moacir","Est. tempo de leitura":"6 minutos"},"schema":{"@context":"https:\/\/schema.org","@graph":[{"@type":"WebSite","@id":"https:\/\/franciscanos.org.br\/noticias\/#website","url":"https:\/\/franciscanos.org.br\/noticias\/","name":"Not\u00edcias - Franciscanos","description":"Prov\u00edncia Franciscana da Imaculada Concei\u00e7\u00e3o do Brasil - Ordem dos Frades Menores - OFM","potentialAction":[{"@type":"SearchAction","target":{"@type":"EntryPoint","urlTemplate":"https:\/\/franciscanos.org.br\/noticias\/?s={search_term_string}"},"query-input":"required name=search_term_string"}],"inLanguage":"pt-BR"},{"@type":"ImageObject","inLanguage":"pt-BR","@id":"https:\/\/franciscanos.org.br\/noticias\/papa-defende-vacina-anti-covid-acessivel-a-todos.html#primaryimage","url":"https:\/\/franciscanos.org.br\/noticias\/wp-content\/uploads\/2020\/08\/papa_2008d.jpg","contentUrl":"https:\/\/franciscanos.org.br\/noticias\/wp-content\/uploads\/2020\/08\/papa_2008d.jpg","width":800,"height":599},{"@type":"WebPage","@id":"https:\/\/franciscanos.org.br\/noticias\/papa-defende-vacina-anti-covid-acessivel-a-todos.html#webpage","url":"https:\/\/franciscanos.org.br\/noticias\/papa-defende-vacina-anti-covid-acessivel-a-todos.html","name":"Papa defende vacina anti-Covid acess\u00edvel a todos - Not\u00edcias - Franciscanos","isPartOf":{"@id":"https:\/\/franciscanos.org.br\/noticias\/#website"},"primaryImageOfPage":{"@id":"https:\/\/franciscanos.org.br\/noticias\/papa-defende-vacina-anti-covid-acessivel-a-todos.html#primaryimage"},"datePublished":"2020-08-20T09:34:42+00:00","dateModified":"2021-08-29T13:49:50+00:00","author":{"@id":"https:\/\/franciscanos.org.br\/noticias\/#\/schema\/person\/b5c8cba458c330ccff548b056e95a5d4"},"breadcrumb":{"@id":"https:\/\/franciscanos.org.br\/noticias\/papa-defende-vacina-anti-covid-acessivel-a-todos.html#breadcrumb"},"inLanguage":"pt-BR","potentialAction":[{"@type":"ReadAction","target":["https:\/\/franciscanos.org.br\/noticias\/papa-defende-vacina-anti-covid-acessivel-a-todos.html"]}]},{"@type":"BreadcrumbList","@id":"https:\/\/franciscanos.org.br\/noticias\/papa-defende-vacina-anti-covid-acessivel-a-todos.html#breadcrumb","itemListElement":[{"@type":"ListItem","position":1,"name":"Home","item":"https:\/\/franciscanos.org.br\/noticias"},{"@type":"ListItem","position":2,"name":"Papa defende vacina anti-Covid acess\u00edvel a todos"}]},{"@type":"Person","@id":"https:\/\/franciscanos.org.br\/noticias\/#\/schema\/person\/b5c8cba458c330ccff548b056e95a5d4","name":"moacir","image":{"@type":"ImageObject","inLanguage":"pt-BR","@id":"https:\/\/franciscanos.org.br\/noticias\/#\/schema\/person\/image\/","url":"https:\/\/secure.gravatar.com\/avatar\/d08aa2ce4c8dd416d4479aa8536fcf64?s=96&d=mm&r=g","contentUrl":"https:\/\/secure.gravatar.com\/avatar\/d08aa2ce4c8dd416d4479aa8536fcf64?s=96&d=mm&r=g","caption":"moacir"},"url":"https:\/\/franciscanos.org.br\/noticias\/author\/moacir"}]}},"_links":{"self":[{"href":"https:\/\/franciscanos.org.br\/noticias\/wp-json\/wp\/v2\/posts\/227937"}],"collection":[{"href":"https:\/\/franciscanos.org.br\/noticias\/wp-json\/wp\/v2\/posts"}],"about":[{"href":"https:\/\/franciscanos.org.br\/noticias\/wp-json\/wp\/v2\/types\/post"}],"author":[{"embeddable":true,"href":"https:\/\/franciscanos.org.br\/noticias\/wp-json\/wp\/v2\/users\/3"}],"replies":[{"embeddable":true,"href":"https:\/\/franciscanos.org.br\/noticias\/wp-json\/wp\/v2\/comments?post=227937"}],"version-history":[{"count":2,"href":"https:\/\/franciscanos.org.br\/noticias\/wp-json\/wp\/v2\/posts\/227937\/revisions"}],"predecessor-version":[{"id":233965,"href":"https:\/\/franciscanos.org.br\/noticias\/wp-json\/wp\/v2\/posts\/227937\/revisions\/233965"}],"wp:featuredmedia":[{"embeddable":true,"href":"https:\/\/franciscanos.org.br\/noticias\/wp-json\/wp\/v2\/media\/227939"}],"wp:attachment":[{"href":"https:\/\/franciscanos.org.br\/noticias\/wp-json\/wp\/v2\/media?parent=227937"}],"wp:term":[{"taxonomy":"category","embeddable":true,"href":"https:\/\/franciscanos.org.br\/noticias\/wp-json\/wp\/v2\/categories?post=227937"},{"taxonomy":"post_tag","embeddable":true,"href":"https:\/\/franciscanos.org.br\/noticias\/wp-json\/wp\/v2\/tags?post=227937"}],"curies":[{"name":"wp","href":"https:\/\/api.w.org\/{rel}","templated":true}]}}