{"id":227904,"date":"2020-08-15T10:46:42","date_gmt":"2020-08-15T13:46:42","guid":{"rendered":"https:\/\/franciscanos.org.br\/noticias\/?p=227904"},"modified":"2021-08-29T10:51:25","modified_gmt":"2021-08-29T13:51:25","slug":"papa-deus-e-grande-e-olha-para-os-pequenos-somos-a-sua-fraqueza-de-amor","status":"publish","type":"post","link":"https:\/\/franciscanos.org.br\/noticias\/papa-deus-e-grande-e-olha-para-os-pequenos-somos-a-sua-fraqueza-de-amor.html","title":{"rendered":"Papa: Deus \u00e9 grande e olha para os pequenos. Somos a sua fraqueza de amor."},"content":{"rendered":"<div id=\"attachment_227905\" style=\"width: 900px\" class=\"wp-caption alignnone\"><img aria-describedby=\"caption-attachment-227905\" loading=\"lazy\" class=\"wp-image-227905 size-full\" src=\"https:\/\/franciscanos.org.br\/noticias\/wp-content\/uploads\/2020\/08\/papa_1508.jpg\" alt=\"\" width=\"890\" height=\"501\" srcset=\"https:\/\/franciscanos.org.br\/noticias\/wp-content\/uploads\/2020\/08\/papa_1508.jpg 890w, https:\/\/franciscanos.org.br\/noticias\/wp-content\/uploads\/2020\/08\/papa_1508-450x253.jpg 450w, https:\/\/franciscanos.org.br\/noticias\/wp-content\/uploads\/2020\/08\/papa_1508-768x432.jpg 768w, https:\/\/franciscanos.org.br\/noticias\/wp-content\/uploads\/2020\/08\/papa_1508-150x84.jpg 150w\" sizes=\"(max-width: 890px) 100vw, 890px\" \/><p id=\"caption-attachment-227905\" class=\"wp-caption-text\">\u00a0 \u00a0 \u00a0 \u00a0 \u00a0 \u00a0 \u00a0 \u00a0 \u00a0 \u00a0 \u00a0 \u00a0 \u00a0 \u00a0 \u00a0 \u00a0 \u00a0 \u00a0 \u00a0 \u00a0 \u00a0 \u00a0 \u00a0 \u00a0 \u00a0 \u00a0 \u00a0 \u00a0 \u00a0 \u00a0 \u00a0 \u00a0 \u00a0 \u00a0 \u00a0 \u00a0 \u00a0 \u00a0 \u00a0 \u00a0 \u00a0 \u00a0 \u00a0 \u00a0 \u00a0 \u00a0 \u00a0 \u00a0 \u00a0 \u00a0 \u00a0 \u00a0 \u00a0 \u00a0 \u00a0<em> \u00a0 \u00a0 \u00a0 \u00a0 \u00a0 \u00a0 \u00a0 Imagem: Vatican Media<\/em><\/p><\/div>\n<p>O Papa Francisco rezou a ora\u00e7\u00e3o mariana deste s\u00e1bado (15\/08), Solenidade da Assun\u00e7\u00e3o de Nossa Senhora, com alguns fi\u00e9is reunidos na Pra\u00e7a S\u00e3o Pedro. <em>No Brasil, a Solenidade da Assun\u00e7\u00e3o de Maria ao C\u00e9u \u00e9 celebrada neste domingo (16\/08).<\/em><\/p>\n<p>Na alocu\u00e7\u00e3o que precedeu a ora\u00e7\u00e3o, Francisco recordou uma frase que ficou famosa quando o homem p\u00f4s os p\u00e9s na lua: \u00abEste \u00e9 um pequeno passo para um homem, um grande salto para a humanidade.\u00bb A seguir acrescentou:<\/p>\n<p>A humanidade tinha atingido um marco hist\u00f3rico. Hoje, na Assun\u00e7\u00e3o de Maria ao C\u00e9u, celebramos uma conquista infinitamente maior. Nossa Senhora colocou os p\u00e9s no para\u00edso: ela foi l\u00e1 n\u00e3o s\u00f3 em esp\u00edrito, mas tamb\u00e9m com seu corpo. Este passo da pequena Virgem de Nazar\u00e9 foi o grande salto pra frente da humanidade. De pouco adianta ir \u00e0 lua se n\u00e3o vivermos como irm\u00e3os na Terra.<\/p>\n<p>\u201cQue um de n\u00f3s vive no c\u00e9u com o corpo nos d\u00e1 esperan\u00e7a: entendemos que somos preciosos, destinados a ressurgir. Deus n\u00e3o deixar\u00e1 que o nosso corpo desapare\u00e7a no nada. Com Deus nada ser\u00e1 perdido\u201d, disse ainda o Papa.<\/p>\n<p>Em Maria a meta foi alcan\u00e7ada e n\u00f3s temos diante de nossos olhos o motivo pelo qual caminhamos: n\u00e3o para conquistar as coisas aqui em baixo, que desaparecem, mas a p\u00e1tria l\u00e1 em cima, que \u00e9 para sempre. E Nossa Senhora \u00e9 a estrela que nos orienta. Ela, como ensina o Conc\u00edlio, \u201cbrilha como sinal de esperan\u00e7a segura e consolo para o Povo de Deus a caminho\u201d.<\/p>\n<p>A seguir, Francisco fez a seguinte pergunta: \u201cO que a nossa M\u00e3e nos aconselha?\u201d \u201cHoje, no Evangelho\u201d, disse o Papa, \u201ca primeira coisa que ela nos diz \u00e9: \u2018A minha alma engrandece ao Senhor\u2019. Acostumados a ouvir estas palavras, talvez n\u00e3o prestemos mais aten\u00e7\u00e3o ao seu significado\u201d.<\/p>\n<p>Engrandecer literalmente significa \u201ctornar grande\u201d, aumentar. Maria \u201cengrandece ao Senhor\u201d: n\u00e3o os problemas, que n\u00e3o lhe faltaram naquele momento, mas o Senhor. Quantas vezes, nos deixamos dominar pelas dificuldades e nos deixamos absorver pelos medos! Nossa Senhora n\u00e3o, porque ela coloca Deus como a primeira grandeza da vida. Daqui nasce o <em>Magnificat<\/em>, daqui nasce a alegria: n\u00e3o da aus\u00eancia de problemas, que mais cedo ou mais tarde chegam, mas a alegria nasce da presen\u00e7a de Deus que nos ajuda e est\u00e1 perto de n\u00f3s. Porque Deus \u00e9 grande e olha para os pequenos. Somos a sua fraqueza de amor: Deus olha e ama os pequenos.<\/p>\n<p>Segundo o Papa, \u201cMaria se reconhece pequena e exalta as \u201cgrandes coisas\u201d que o Senhor fez para ela. Quais? Primeiramente, o dom inesperado da vida: Maria \u00e9 virgem e fica gr\u00e1vida; e Isabel, que era idosa, tamb\u00e9m est\u00e1 esperando um filho.\u201d<\/p>\n<p>\u201cO Senhor faz maravilhas com os pequenos\u201d, disse ainda o Pont\u00edfice, \u201ccom quem n\u00e3o pensa ser grande, mas d\u00e1 um grande espa\u00e7o para Deus na vida. Ele estende a sua miseric\u00f3rdia sobre aquele que confia Nele e eleva os humildes. Maria louva a Deus por isso\u201d.<\/p>\n<p>\u201cE n\u00f3s, podemos nos perguntar, nos lembramos de louvar a Deus? Agradecemos a Ele pelas grandes coisas que Ele faz por n\u00f3s? Por todos os dias que ele nos doa, porque nos ama e nos perdoa sempre, por sua ternura? E por nos ter dado sua M\u00e3e, pelos irm\u00e3os e irm\u00e3s que Ele coloca em nosso caminho, porque abriu para n\u00f3s o C\u00e9u?\u201d, perguntou o Papa.<\/p>\n<p>Segundo Francisco, \u201cse esquecemos o bem, o cora\u00e7\u00e3o diminui. Mas se, como Maria, nos lembrarmos das grandes coisas que o Senhor faz, se pelo menos uma vez por dia o engrandecermos, ent\u00e3o damos um grande passo em frente. Uma vez por dia dizer: \u201cEu louvo ao Senhor\u201d. Dizer \u201cBendito seja o Senhor\u201d, que \u00e9 uma pequena ora\u00e7\u00e3o de louvor. Isso \u00e9 louvar a Deus. O cora\u00e7\u00e3o se dilatar\u00e1 com essa pequena ora\u00e7\u00e3o, a alegria aumentar\u00e1\u201d. Pe\u00e7amos a Nossa Senhora, a porta do c\u00e9u, a gra\u00e7a de come\u00e7ar cada dia levantando nosso olhar para o c\u00e9u, para Deus, para dizer-lhe obrigado, como dizem os pequenos aos grandes\u201d, concluiu Francisco.<\/p>\n<hr \/>\n<p><em>Fonte: Vatican News (texto Mariangela Jaguraba)<\/em><\/p>\n","protected":false},"excerpt":{"rendered":"<p>Angelus na Assun\u00e7\u00e3o de Maria<\/p>\n","protected":false},"author":3,"featured_media":227906,"comment_status":"open","ping_status":"open","sticky":false,"template":"","format":"standard","meta":[],"categories":[1428],"tags":[403],"acf":[],"yoast_head":"<!-- This site is optimized with the Yoast SEO plugin v19.2 - https:\/\/yoast.com\/wordpress\/plugins\/seo\/ -->\n<title>Papa: Deus \u00e9 grande e olha para os pequenos. Somos a sua fraqueza de amor. - Not\u00edcias - Franciscanos<\/title>\n<meta name=\"robots\" content=\"index, follow, max-snippet:-1, max-image-preview:large, max-video-preview:-1\" \/>\n<link rel=\"canonical\" href=\"https:\/\/franciscanos.org.br\/noticias\/papa-deus-e-grande-e-olha-para-os-pequenos-somos-a-sua-fraqueza-de-amor.html\" \/>\n<meta property=\"og:locale\" content=\"pt_BR\" \/>\n<meta property=\"og:type\" content=\"article\" \/>\n<meta property=\"og:title\" content=\"Papa: Deus \u00e9 grande e olha para os pequenos. Somos a sua fraqueza de amor. - Not\u00edcias - Franciscanos\" \/>\n<meta property=\"og:description\" content=\"Angelus na Assun\u00e7\u00e3o de Maria\" \/>\n<meta property=\"og:url\" content=\"https:\/\/franciscanos.org.br\/noticias\/papa-deus-e-grande-e-olha-para-os-pequenos-somos-a-sua-fraqueza-de-amor.html\" \/>\n<meta property=\"og:site_name\" content=\"Not\u00edcias - Franciscanos\" \/>\n<meta property=\"article:published_time\" content=\"2020-08-15T13:46:42+00:00\" \/>\n<meta property=\"article:modified_time\" content=\"2021-08-29T13:51:25+00:00\" \/>\n<meta property=\"og:image\" content=\"https:\/\/franciscanos.org.br\/noticias\/wp-content\/uploads\/2020\/08\/papa_1508d.jpg\" \/>\n\t<meta property=\"og:image:width\" content=\"800\" \/>\n\t<meta property=\"og:image:height\" content=\"600\" \/>\n\t<meta property=\"og:image:type\" content=\"image\/jpeg\" \/>\n<meta name=\"author\" content=\"moacir\" \/>\n<meta name=\"twitter:card\" content=\"summary_large_image\" \/>\n<meta name=\"twitter:label1\" content=\"Escrito por\" \/>\n\t<meta name=\"twitter:data1\" content=\"moacir\" \/>\n\t<meta name=\"twitter:label2\" content=\"Est. tempo de leitura\" \/>\n\t<meta name=\"twitter:data2\" content=\"4 minutos\" \/>\n<script type=\"application\/ld+json\" class=\"yoast-schema-graph\">{\"@context\":\"https:\/\/schema.org\",\"@graph\":[{\"@type\":\"WebSite\",\"@id\":\"https:\/\/franciscanos.org.br\/noticias\/#website\",\"url\":\"https:\/\/franciscanos.org.br\/noticias\/\",\"name\":\"Not\u00edcias - Franciscanos\",\"description\":\"Prov\u00edncia Franciscana da Imaculada Concei\u00e7\u00e3o do Brasil - Ordem dos Frades Menores - OFM\",\"potentialAction\":[{\"@type\":\"SearchAction\",\"target\":{\"@type\":\"EntryPoint\",\"urlTemplate\":\"https:\/\/franciscanos.org.br\/noticias\/?s={search_term_string}\"},\"query-input\":\"required name=search_term_string\"}],\"inLanguage\":\"pt-BR\"},{\"@type\":\"ImageObject\",\"inLanguage\":\"pt-BR\",\"@id\":\"https:\/\/franciscanos.org.br\/noticias\/papa-deus-e-grande-e-olha-para-os-pequenos-somos-a-sua-fraqueza-de-amor.html#primaryimage\",\"url\":\"https:\/\/franciscanos.org.br\/noticias\/wp-content\/uploads\/2020\/08\/papa_1508d.jpg\",\"contentUrl\":\"https:\/\/franciscanos.org.br\/noticias\/wp-content\/uploads\/2020\/08\/papa_1508d.jpg\",\"width\":800,\"height\":600},{\"@type\":\"WebPage\",\"@id\":\"https:\/\/franciscanos.org.br\/noticias\/papa-deus-e-grande-e-olha-para-os-pequenos-somos-a-sua-fraqueza-de-amor.html#webpage\",\"url\":\"https:\/\/franciscanos.org.br\/noticias\/papa-deus-e-grande-e-olha-para-os-pequenos-somos-a-sua-fraqueza-de-amor.html\",\"name\":\"Papa: Deus \u00e9 grande e olha para os pequenos. Somos a sua fraqueza de amor. - Not\u00edcias - Franciscanos\",\"isPartOf\":{\"@id\":\"https:\/\/franciscanos.org.br\/noticias\/#website\"},\"primaryImageOfPage\":{\"@id\":\"https:\/\/franciscanos.org.br\/noticias\/papa-deus-e-grande-e-olha-para-os-pequenos-somos-a-sua-fraqueza-de-amor.html#primaryimage\"},\"datePublished\":\"2020-08-15T13:46:42+00:00\",\"dateModified\":\"2021-08-29T13:51:25+00:00\",\"author\":{\"@id\":\"https:\/\/franciscanos.org.br\/noticias\/#\/schema\/person\/b5c8cba458c330ccff548b056e95a5d4\"},\"breadcrumb\":{\"@id\":\"https:\/\/franciscanos.org.br\/noticias\/papa-deus-e-grande-e-olha-para-os-pequenos-somos-a-sua-fraqueza-de-amor.html#breadcrumb\"},\"inLanguage\":\"pt-BR\",\"potentialAction\":[{\"@type\":\"ReadAction\",\"target\":[\"https:\/\/franciscanos.org.br\/noticias\/papa-deus-e-grande-e-olha-para-os-pequenos-somos-a-sua-fraqueza-de-amor.html\"]}]},{\"@type\":\"BreadcrumbList\",\"@id\":\"https:\/\/franciscanos.org.br\/noticias\/papa-deus-e-grande-e-olha-para-os-pequenos-somos-a-sua-fraqueza-de-amor.html#breadcrumb\",\"itemListElement\":[{\"@type\":\"ListItem\",\"position\":1,\"name\":\"Home\",\"item\":\"https:\/\/franciscanos.org.br\/noticias\"},{\"@type\":\"ListItem\",\"position\":2,\"name\":\"Papa: Deus \u00e9 grande e olha para os pequenos. Somos a sua fraqueza de amor.\"}]},{\"@type\":\"Person\",\"@id\":\"https:\/\/franciscanos.org.br\/noticias\/#\/schema\/person\/b5c8cba458c330ccff548b056e95a5d4\",\"name\":\"moacir\",\"image\":{\"@type\":\"ImageObject\",\"inLanguage\":\"pt-BR\",\"@id\":\"https:\/\/franciscanos.org.br\/noticias\/#\/schema\/person\/image\/\",\"url\":\"https:\/\/secure.gravatar.com\/avatar\/d08aa2ce4c8dd416d4479aa8536fcf64?s=96&d=mm&r=g\",\"contentUrl\":\"https:\/\/secure.gravatar.com\/avatar\/d08aa2ce4c8dd416d4479aa8536fcf64?s=96&d=mm&r=g\",\"caption\":\"moacir\"},\"url\":\"https:\/\/franciscanos.org.br\/noticias\/author\/moacir\"}]}<\/script>\n<!-- \/ Yoast SEO plugin. -->","yoast_head_json":{"title":"Papa: Deus \u00e9 grande e olha para os pequenos. Somos a sua fraqueza de amor. - Not\u00edcias - Franciscanos","robots":{"index":"index","follow":"follow","max-snippet":"max-snippet:-1","max-image-preview":"max-image-preview:large","max-video-preview":"max-video-preview:-1"},"canonical":"https:\/\/franciscanos.org.br\/noticias\/papa-deus-e-grande-e-olha-para-os-pequenos-somos-a-sua-fraqueza-de-amor.html","og_locale":"pt_BR","og_type":"article","og_title":"Papa: Deus \u00e9 grande e olha para os pequenos. Somos a sua fraqueza de amor. - Not\u00edcias - Franciscanos","og_description":"Angelus na Assun\u00e7\u00e3o de Maria","og_url":"https:\/\/franciscanos.org.br\/noticias\/papa-deus-e-grande-e-olha-para-os-pequenos-somos-a-sua-fraqueza-de-amor.html","og_site_name":"Not\u00edcias - Franciscanos","article_published_time":"2020-08-15T13:46:42+00:00","article_modified_time":"2021-08-29T13:51:25+00:00","og_image":[{"width":800,"height":600,"url":"https:\/\/franciscanos.org.br\/noticias\/wp-content\/uploads\/2020\/08\/papa_1508d.jpg","type":"image\/jpeg"}],"author":"moacir","twitter_card":"summary_large_image","twitter_misc":{"Escrito por":"moacir","Est. tempo de leitura":"4 minutos"},"schema":{"@context":"https:\/\/schema.org","@graph":[{"@type":"WebSite","@id":"https:\/\/franciscanos.org.br\/noticias\/#website","url":"https:\/\/franciscanos.org.br\/noticias\/","name":"Not\u00edcias - Franciscanos","description":"Prov\u00edncia Franciscana da Imaculada Concei\u00e7\u00e3o do Brasil - Ordem dos Frades Menores - OFM","potentialAction":[{"@type":"SearchAction","target":{"@type":"EntryPoint","urlTemplate":"https:\/\/franciscanos.org.br\/noticias\/?s={search_term_string}"},"query-input":"required name=search_term_string"}],"inLanguage":"pt-BR"},{"@type":"ImageObject","inLanguage":"pt-BR","@id":"https:\/\/franciscanos.org.br\/noticias\/papa-deus-e-grande-e-olha-para-os-pequenos-somos-a-sua-fraqueza-de-amor.html#primaryimage","url":"https:\/\/franciscanos.org.br\/noticias\/wp-content\/uploads\/2020\/08\/papa_1508d.jpg","contentUrl":"https:\/\/franciscanos.org.br\/noticias\/wp-content\/uploads\/2020\/08\/papa_1508d.jpg","width":800,"height":600},{"@type":"WebPage","@id":"https:\/\/franciscanos.org.br\/noticias\/papa-deus-e-grande-e-olha-para-os-pequenos-somos-a-sua-fraqueza-de-amor.html#webpage","url":"https:\/\/franciscanos.org.br\/noticias\/papa-deus-e-grande-e-olha-para-os-pequenos-somos-a-sua-fraqueza-de-amor.html","name":"Papa: Deus \u00e9 grande e olha para os pequenos. Somos a sua fraqueza de amor. - Not\u00edcias - Franciscanos","isPartOf":{"@id":"https:\/\/franciscanos.org.br\/noticias\/#website"},"primaryImageOfPage":{"@id":"https:\/\/franciscanos.org.br\/noticias\/papa-deus-e-grande-e-olha-para-os-pequenos-somos-a-sua-fraqueza-de-amor.html#primaryimage"},"datePublished":"2020-08-15T13:46:42+00:00","dateModified":"2021-08-29T13:51:25+00:00","author":{"@id":"https:\/\/franciscanos.org.br\/noticias\/#\/schema\/person\/b5c8cba458c330ccff548b056e95a5d4"},"breadcrumb":{"@id":"https:\/\/franciscanos.org.br\/noticias\/papa-deus-e-grande-e-olha-para-os-pequenos-somos-a-sua-fraqueza-de-amor.html#breadcrumb"},"inLanguage":"pt-BR","potentialAction":[{"@type":"ReadAction","target":["https:\/\/franciscanos.org.br\/noticias\/papa-deus-e-grande-e-olha-para-os-pequenos-somos-a-sua-fraqueza-de-amor.html"]}]},{"@type":"BreadcrumbList","@id":"https:\/\/franciscanos.org.br\/noticias\/papa-deus-e-grande-e-olha-para-os-pequenos-somos-a-sua-fraqueza-de-amor.html#breadcrumb","itemListElement":[{"@type":"ListItem","position":1,"name":"Home","item":"https:\/\/franciscanos.org.br\/noticias"},{"@type":"ListItem","position":2,"name":"Papa: Deus \u00e9 grande e olha para os pequenos. Somos a sua fraqueza de amor."}]},{"@type":"Person","@id":"https:\/\/franciscanos.org.br\/noticias\/#\/schema\/person\/b5c8cba458c330ccff548b056e95a5d4","name":"moacir","image":{"@type":"ImageObject","inLanguage":"pt-BR","@id":"https:\/\/franciscanos.org.br\/noticias\/#\/schema\/person\/image\/","url":"https:\/\/secure.gravatar.com\/avatar\/d08aa2ce4c8dd416d4479aa8536fcf64?s=96&d=mm&r=g","contentUrl":"https:\/\/secure.gravatar.com\/avatar\/d08aa2ce4c8dd416d4479aa8536fcf64?s=96&d=mm&r=g","caption":"moacir"},"url":"https:\/\/franciscanos.org.br\/noticias\/author\/moacir"}]}},"_links":{"self":[{"href":"https:\/\/franciscanos.org.br\/noticias\/wp-json\/wp\/v2\/posts\/227904"}],"collection":[{"href":"https:\/\/franciscanos.org.br\/noticias\/wp-json\/wp\/v2\/posts"}],"about":[{"href":"https:\/\/franciscanos.org.br\/noticias\/wp-json\/wp\/v2\/types\/post"}],"author":[{"embeddable":true,"href":"https:\/\/franciscanos.org.br\/noticias\/wp-json\/wp\/v2\/users\/3"}],"replies":[{"embeddable":true,"href":"https:\/\/franciscanos.org.br\/noticias\/wp-json\/wp\/v2\/comments?post=227904"}],"version-history":[{"count":3,"href":"https:\/\/franciscanos.org.br\/noticias\/wp-json\/wp\/v2\/posts\/227904\/revisions"}],"predecessor-version":[{"id":233967,"href":"https:\/\/franciscanos.org.br\/noticias\/wp-json\/wp\/v2\/posts\/227904\/revisions\/233967"}],"wp:featuredmedia":[{"embeddable":true,"href":"https:\/\/franciscanos.org.br\/noticias\/wp-json\/wp\/v2\/media\/227906"}],"wp:attachment":[{"href":"https:\/\/franciscanos.org.br\/noticias\/wp-json\/wp\/v2\/media?parent=227904"}],"wp:term":[{"taxonomy":"category","embeddable":true,"href":"https:\/\/franciscanos.org.br\/noticias\/wp-json\/wp\/v2\/categories?post=227904"},{"taxonomy":"post_tag","embeddable":true,"href":"https:\/\/franciscanos.org.br\/noticias\/wp-json\/wp\/v2\/tags?post=227904"}],"curies":[{"name":"wp","href":"https:\/\/api.w.org\/{rel}","templated":true}]}}