{"id":227890,"date":"2020-08-14T09:40:50","date_gmt":"2020-08-14T12:40:50","guid":{"rendered":"https:\/\/franciscanos.org.br\/noticias\/?p=227890"},"modified":"2020-08-14T09:44:08","modified_gmt":"2020-08-14T12:44:08","slug":"itf-confira-os-cursos-de-extensao-com-inscricoes-abertas","status":"publish","type":"post","link":"https:\/\/franciscanos.org.br\/noticias\/itf-confira-os-cursos-de-extensao-com-inscricoes-abertas.html","title":{"rendered":"ITF: Confira os Cursos de Extens\u00e3o com inscri\u00e7\u00f5es abertas"},"content":{"rendered":"<h3><img loading=\"lazy\" class=\"wp-image-227892 alignnone\" src=\"https:\/\/franciscanos.org.br\/noticias\/wp-content\/uploads\/2020\/08\/01.png\" alt=\"\" width=\"391\" height=\"558\" srcset=\"https:\/\/franciscanos.org.br\/noticias\/wp-content\/uploads\/2020\/08\/01.png 600w, https:\/\/franciscanos.org.br\/noticias\/wp-content\/uploads\/2020\/08\/01-315x450.png 315w, https:\/\/franciscanos.org.br\/noticias\/wp-content\/uploads\/2020\/08\/01-150x214.png 150w\" sizes=\"(max-width: 391px) 100vw, 391px\" \/><img loading=\"lazy\" class=\"wp-image-227893 alignnone\" src=\"https:\/\/franciscanos.org.br\/noticias\/wp-content\/uploads\/2020\/08\/02.png\" alt=\"\" width=\"393\" height=\"562\" srcset=\"https:\/\/franciscanos.org.br\/noticias\/wp-content\/uploads\/2020\/08\/02.png 600w, https:\/\/franciscanos.org.br\/noticias\/wp-content\/uploads\/2020\/08\/02-315x450.png 315w, https:\/\/franciscanos.org.br\/noticias\/wp-content\/uploads\/2020\/08\/02-150x214.png 150w\" sizes=\"(max-width: 393px) 100vw, 393px\" \/><\/h3>\n<h3>Entendendo o livro Deuteron\u00f4mio<\/h3>\n<p>O curso ser\u00e1 realizado \u00e0s quintas-feiras, nos dias 03, 10 e 17 e 24 de setembro, das 19h \u00e0s 20h. O curso ser\u00e1 realizado atrav\u00e9s da ferramenta Google Meet, de forma s\u00edncrona, devido ao momento atual de pandemia de Covid-19. As inscri\u00e7\u00f5es ser\u00e3o realizadas at\u00e9 o dia 26 de agosto de 2020, no site do ITF. O interessado dever\u00e1 efetuar o pagamento de uma parcela de R$ 40,00 (quarenta reais), via boleto banc\u00e1rio. O Curso \u00e9 destinado a todos que buscam a Palavra de Deus e a p\u00f5em em pr\u00e1tica, sendo um curso aberto que visa \u00e0 forma\u00e7\u00e3o de catequistas, ministros da Palavra, estudantes de Teologia, religiosos (as), o clero.<\/p>\n<p>O curso ter\u00e1 carga hor\u00e1ria de 4 horas, sendo 10 o m\u00ednimo por turma e 20 o m\u00e1ximo. O curso ser\u00e1 ministrado por Carlos Frederico Schlaepfer, professor do Instituto Teol\u00f3gico Franciscano. \u00c9 mestre em Teologia B\u00edblica pela Pontif\u00edcia Universidade Cat\u00f3lica do Rio de Janeiro (1997) e doutor em Teologia B\u00edblica pela Pontif\u00edcia Universidade Cat\u00f3lica do Rio de Janeiro (2002).<\/p>\n<p>Tem experi\u00eancia na \u00e1rea de Teologia, com \u00eanfase em Antigo e Novo Testamento, atuando principalmente nos seguintes temas: biblia, evangelho de marcos, cultura, fam\u00edlia e novo testamento.<\/p>\n<h3>Sacramentos de Inicia\u00e7\u00e3o Crist\u00e3<\/h3>\n<p>O curso ser\u00e1 realizado as ter\u00e7as-feiras, nos dias 01, 08, 15 e 22 de setembro; 06, 20 e 27 de outubro; 03 de outubro, das 19h \u00e0s 21h. O curso ser\u00e1 realizado atrav\u00e9s da ferramenta Google Meet, de forma s\u00edncrona, devido ao momento atual de pandemia de Covid-19. As inscri\u00e7\u00f5es ser\u00e3o realizadas at\u00e9 o dia 25 de agosto de 2020, no site do ITF. O interessado dever\u00e1 efetuar o pagamento de duas parcelas de R$ 40,00 (quarenta reais), sendo a primeira no ato da inscri\u00e7\u00e3o via boleto banc\u00e1rio. O Curso \u00e9 destinado \u00e0s lideran\u00e7as de comunidades, curiosos no direito sacramental da Igreja e a outros interessados em ampliar seus conhecimentos na \u00e1rea teol\u00f3gica e jur\u00eddica nos sacramentos da Igreja.<\/p>\n<p>O curso ter\u00e1 uma carga hor\u00e1ria de 16 horas, sendo o n\u00famero m\u00ednimo para a turma de 16 pessoas e m\u00e1ximo de 40. O curso ser\u00e1 ministrado por Frei Ivo M\u00fcller, doutor em Direito Can\u00f4nico pela Pontif\u00edcia Universidade Antonianum, Roma (1999). . \u00c9 Comiss\u00e1rio da Terra Santa, professor de Direito Can\u00f4nico (ITF, Petr\u00f3polis) e diretor do Instituto Teol\u00f3gico Franciscano de Petr\u00f3polis.<\/p>\n<p><strong>Ver mais em<\/strong>: <a href=\"https:\/\/www.itf.edu.br\/estude\/ingressar\/126786714\/extensao.htm\">https:\/\/www.itf.edu.br\/estude\/ingressar\/126786714\/extensao.htm<\/a><\/p>\n","protected":false},"excerpt":{"rendered":"<p>Instituto Teol\u00f3gico Franciscano<\/p>\n","protected":false},"author":3,"featured_media":227898,"comment_status":"open","ping_status":"open","sticky":false,"template":"","format":"standard","meta":[],"categories":[1],"tags":[189],"acf":[],"yoast_head":"<!-- This site is optimized with the Yoast SEO plugin v19.2 - https:\/\/yoast.com\/wordpress\/plugins\/seo\/ -->\n<title>ITF: Confira os Cursos de Extens\u00e3o com inscri\u00e7\u00f5es abertas - Not\u00edcias - Franciscanos<\/title>\n<meta name=\"robots\" content=\"index, follow, max-snippet:-1, max-image-preview:large, max-video-preview:-1\" \/>\n<link rel=\"canonical\" href=\"https:\/\/franciscanos.org.br\/noticias\/itf-confira-os-cursos-de-extensao-com-inscricoes-abertas.html\" \/>\n<meta property=\"og:locale\" content=\"pt_BR\" \/>\n<meta property=\"og:type\" content=\"article\" \/>\n<meta property=\"og:title\" content=\"ITF: Confira os Cursos de Extens\u00e3o com inscri\u00e7\u00f5es abertas - Not\u00edcias - Franciscanos\" \/>\n<meta property=\"og:description\" content=\"Instituto Teol\u00f3gico Franciscano\" \/>\n<meta property=\"og:url\" content=\"https:\/\/franciscanos.org.br\/noticias\/itf-confira-os-cursos-de-extensao-com-inscricoes-abertas.html\" \/>\n<meta property=\"og:site_name\" content=\"Not\u00edcias - Franciscanos\" \/>\n<meta property=\"article:published_time\" content=\"2020-08-14T12:40:50+00:00\" \/>\n<meta property=\"article:modified_time\" content=\"2020-08-14T12:44:08+00:00\" \/>\n<meta property=\"og:image\" content=\"https:\/\/franciscanos.org.br\/noticias\/wp-content\/uploads\/2020\/08\/curso_1.png\" \/>\n\t<meta property=\"og:image:width\" content=\"600\" \/>\n\t<meta property=\"og:image:height\" content=\"495\" \/>\n\t<meta property=\"og:image:type\" content=\"image\/png\" \/>\n<meta name=\"author\" content=\"moacir\" \/>\n<meta name=\"twitter:card\" content=\"summary_large_image\" \/>\n<meta name=\"twitter:label1\" content=\"Escrito por\" \/>\n\t<meta name=\"twitter:data1\" content=\"moacir\" \/>\n\t<meta name=\"twitter:label2\" content=\"Est. tempo de leitura\" \/>\n\t<meta name=\"twitter:data2\" content=\"2 minutos\" \/>\n<script type=\"application\/ld+json\" class=\"yoast-schema-graph\">{\"@context\":\"https:\/\/schema.org\",\"@graph\":[{\"@type\":\"WebSite\",\"@id\":\"https:\/\/franciscanos.org.br\/noticias\/#website\",\"url\":\"https:\/\/franciscanos.org.br\/noticias\/\",\"name\":\"Not\u00edcias - Franciscanos\",\"description\":\"Prov\u00edncia Franciscana da Imaculada Concei\u00e7\u00e3o do Brasil - Ordem dos Frades Menores - OFM\",\"potentialAction\":[{\"@type\":\"SearchAction\",\"target\":{\"@type\":\"EntryPoint\",\"urlTemplate\":\"https:\/\/franciscanos.org.br\/noticias\/?s={search_term_string}\"},\"query-input\":\"required name=search_term_string\"}],\"inLanguage\":\"pt-BR\"},{\"@type\":\"ImageObject\",\"inLanguage\":\"pt-BR\",\"@id\":\"https:\/\/franciscanos.org.br\/noticias\/itf-confira-os-cursos-de-extensao-com-inscricoes-abertas.html#primaryimage\",\"url\":\"https:\/\/franciscanos.org.br\/noticias\/wp-content\/uploads\/2020\/08\/curso_1.png\",\"contentUrl\":\"https:\/\/franciscanos.org.br\/noticias\/wp-content\/uploads\/2020\/08\/curso_1.png\",\"width\":600,\"height\":495},{\"@type\":\"WebPage\",\"@id\":\"https:\/\/franciscanos.org.br\/noticias\/itf-confira-os-cursos-de-extensao-com-inscricoes-abertas.html#webpage\",\"url\":\"https:\/\/franciscanos.org.br\/noticias\/itf-confira-os-cursos-de-extensao-com-inscricoes-abertas.html\",\"name\":\"ITF: Confira os Cursos de Extens\u00e3o com inscri\u00e7\u00f5es abertas - Not\u00edcias - Franciscanos\",\"isPartOf\":{\"@id\":\"https:\/\/franciscanos.org.br\/noticias\/#website\"},\"primaryImageOfPage\":{\"@id\":\"https:\/\/franciscanos.org.br\/noticias\/itf-confira-os-cursos-de-extensao-com-inscricoes-abertas.html#primaryimage\"},\"datePublished\":\"2020-08-14T12:40:50+00:00\",\"dateModified\":\"2020-08-14T12:44:08+00:00\",\"author\":{\"@id\":\"https:\/\/franciscanos.org.br\/noticias\/#\/schema\/person\/b5c8cba458c330ccff548b056e95a5d4\"},\"breadcrumb\":{\"@id\":\"https:\/\/franciscanos.org.br\/noticias\/itf-confira-os-cursos-de-extensao-com-inscricoes-abertas.html#breadcrumb\"},\"inLanguage\":\"pt-BR\",\"potentialAction\":[{\"@type\":\"ReadAction\",\"target\":[\"https:\/\/franciscanos.org.br\/noticias\/itf-confira-os-cursos-de-extensao-com-inscricoes-abertas.html\"]}]},{\"@type\":\"BreadcrumbList\",\"@id\":\"https:\/\/franciscanos.org.br\/noticias\/itf-confira-os-cursos-de-extensao-com-inscricoes-abertas.html#breadcrumb\",\"itemListElement\":[{\"@type\":\"ListItem\",\"position\":1,\"name\":\"Home\",\"item\":\"https:\/\/franciscanos.org.br\/noticias\"},{\"@type\":\"ListItem\",\"position\":2,\"name\":\"ITF: Confira os Cursos de Extens\u00e3o com inscri\u00e7\u00f5es abertas\"}]},{\"@type\":\"Person\",\"@id\":\"https:\/\/franciscanos.org.br\/noticias\/#\/schema\/person\/b5c8cba458c330ccff548b056e95a5d4\",\"name\":\"moacir\",\"image\":{\"@type\":\"ImageObject\",\"inLanguage\":\"pt-BR\",\"@id\":\"https:\/\/franciscanos.org.br\/noticias\/#\/schema\/person\/image\/\",\"url\":\"https:\/\/secure.gravatar.com\/avatar\/d08aa2ce4c8dd416d4479aa8536fcf64?s=96&d=mm&r=g\",\"contentUrl\":\"https:\/\/secure.gravatar.com\/avatar\/d08aa2ce4c8dd416d4479aa8536fcf64?s=96&d=mm&r=g\",\"caption\":\"moacir\"},\"url\":\"https:\/\/franciscanos.org.br\/noticias\/author\/moacir\"}]}<\/script>\n<!-- \/ Yoast SEO plugin. -->","yoast_head_json":{"title":"ITF: Confira os Cursos de Extens\u00e3o com inscri\u00e7\u00f5es abertas - Not\u00edcias - Franciscanos","robots":{"index":"index","follow":"follow","max-snippet":"max-snippet:-1","max-image-preview":"max-image-preview:large","max-video-preview":"max-video-preview:-1"},"canonical":"https:\/\/franciscanos.org.br\/noticias\/itf-confira-os-cursos-de-extensao-com-inscricoes-abertas.html","og_locale":"pt_BR","og_type":"article","og_title":"ITF: Confira os Cursos de Extens\u00e3o com inscri\u00e7\u00f5es abertas - Not\u00edcias - Franciscanos","og_description":"Instituto Teol\u00f3gico Franciscano","og_url":"https:\/\/franciscanos.org.br\/noticias\/itf-confira-os-cursos-de-extensao-com-inscricoes-abertas.html","og_site_name":"Not\u00edcias - Franciscanos","article_published_time":"2020-08-14T12:40:50+00:00","article_modified_time":"2020-08-14T12:44:08+00:00","og_image":[{"width":600,"height":495,"url":"https:\/\/franciscanos.org.br\/noticias\/wp-content\/uploads\/2020\/08\/curso_1.png","type":"image\/png"}],"author":"moacir","twitter_card":"summary_large_image","twitter_misc":{"Escrito por":"moacir","Est. tempo de leitura":"2 minutos"},"schema":{"@context":"https:\/\/schema.org","@graph":[{"@type":"WebSite","@id":"https:\/\/franciscanos.org.br\/noticias\/#website","url":"https:\/\/franciscanos.org.br\/noticias\/","name":"Not\u00edcias - Franciscanos","description":"Prov\u00edncia Franciscana da Imaculada Concei\u00e7\u00e3o do Brasil - Ordem dos Frades Menores - OFM","potentialAction":[{"@type":"SearchAction","target":{"@type":"EntryPoint","urlTemplate":"https:\/\/franciscanos.org.br\/noticias\/?s={search_term_string}"},"query-input":"required name=search_term_string"}],"inLanguage":"pt-BR"},{"@type":"ImageObject","inLanguage":"pt-BR","@id":"https:\/\/franciscanos.org.br\/noticias\/itf-confira-os-cursos-de-extensao-com-inscricoes-abertas.html#primaryimage","url":"https:\/\/franciscanos.org.br\/noticias\/wp-content\/uploads\/2020\/08\/curso_1.png","contentUrl":"https:\/\/franciscanos.org.br\/noticias\/wp-content\/uploads\/2020\/08\/curso_1.png","width":600,"height":495},{"@type":"WebPage","@id":"https:\/\/franciscanos.org.br\/noticias\/itf-confira-os-cursos-de-extensao-com-inscricoes-abertas.html#webpage","url":"https:\/\/franciscanos.org.br\/noticias\/itf-confira-os-cursos-de-extensao-com-inscricoes-abertas.html","name":"ITF: Confira os Cursos de Extens\u00e3o com inscri\u00e7\u00f5es abertas - Not\u00edcias - Franciscanos","isPartOf":{"@id":"https:\/\/franciscanos.org.br\/noticias\/#website"},"primaryImageOfPage":{"@id":"https:\/\/franciscanos.org.br\/noticias\/itf-confira-os-cursos-de-extensao-com-inscricoes-abertas.html#primaryimage"},"datePublished":"2020-08-14T12:40:50+00:00","dateModified":"2020-08-14T12:44:08+00:00","author":{"@id":"https:\/\/franciscanos.org.br\/noticias\/#\/schema\/person\/b5c8cba458c330ccff548b056e95a5d4"},"breadcrumb":{"@id":"https:\/\/franciscanos.org.br\/noticias\/itf-confira-os-cursos-de-extensao-com-inscricoes-abertas.html#breadcrumb"},"inLanguage":"pt-BR","potentialAction":[{"@type":"ReadAction","target":["https:\/\/franciscanos.org.br\/noticias\/itf-confira-os-cursos-de-extensao-com-inscricoes-abertas.html"]}]},{"@type":"BreadcrumbList","@id":"https:\/\/franciscanos.org.br\/noticias\/itf-confira-os-cursos-de-extensao-com-inscricoes-abertas.html#breadcrumb","itemListElement":[{"@type":"ListItem","position":1,"name":"Home","item":"https:\/\/franciscanos.org.br\/noticias"},{"@type":"ListItem","position":2,"name":"ITF: Confira os Cursos de Extens\u00e3o com inscri\u00e7\u00f5es abertas"}]},{"@type":"Person","@id":"https:\/\/franciscanos.org.br\/noticias\/#\/schema\/person\/b5c8cba458c330ccff548b056e95a5d4","name":"moacir","image":{"@type":"ImageObject","inLanguage":"pt-BR","@id":"https:\/\/franciscanos.org.br\/noticias\/#\/schema\/person\/image\/","url":"https:\/\/secure.gravatar.com\/avatar\/d08aa2ce4c8dd416d4479aa8536fcf64?s=96&d=mm&r=g","contentUrl":"https:\/\/secure.gravatar.com\/avatar\/d08aa2ce4c8dd416d4479aa8536fcf64?s=96&d=mm&r=g","caption":"moacir"},"url":"https:\/\/franciscanos.org.br\/noticias\/author\/moacir"}]}},"_links":{"self":[{"href":"https:\/\/franciscanos.org.br\/noticias\/wp-json\/wp\/v2\/posts\/227890"}],"collection":[{"href":"https:\/\/franciscanos.org.br\/noticias\/wp-json\/wp\/v2\/posts"}],"about":[{"href":"https:\/\/franciscanos.org.br\/noticias\/wp-json\/wp\/v2\/types\/post"}],"author":[{"embeddable":true,"href":"https:\/\/franciscanos.org.br\/noticias\/wp-json\/wp\/v2\/users\/3"}],"replies":[{"embeddable":true,"href":"https:\/\/franciscanos.org.br\/noticias\/wp-json\/wp\/v2\/comments?post=227890"}],"version-history":[{"count":5,"href":"https:\/\/franciscanos.org.br\/noticias\/wp-json\/wp\/v2\/posts\/227890\/revisions"}],"predecessor-version":[{"id":227899,"href":"https:\/\/franciscanos.org.br\/noticias\/wp-json\/wp\/v2\/posts\/227890\/revisions\/227899"}],"wp:featuredmedia":[{"embeddable":true,"href":"https:\/\/franciscanos.org.br\/noticias\/wp-json\/wp\/v2\/media\/227898"}],"wp:attachment":[{"href":"https:\/\/franciscanos.org.br\/noticias\/wp-json\/wp\/v2\/media?parent=227890"}],"wp:term":[{"taxonomy":"category","embeddable":true,"href":"https:\/\/franciscanos.org.br\/noticias\/wp-json\/wp\/v2\/categories?post=227890"},{"taxonomy":"post_tag","embeddable":true,"href":"https:\/\/franciscanos.org.br\/noticias\/wp-json\/wp\/v2\/tags?post=227890"}],"curies":[{"name":"wp","href":"https:\/\/api.w.org\/{rel}","templated":true}]}}