{"id":227874,"date":"2020-08-13T09:31:43","date_gmt":"2020-08-13T12:31:43","guid":{"rendered":"https:\/\/franciscanos.org.br\/noticias\/?p=227874"},"modified":"2020-08-13T10:39:37","modified_gmt":"2020-08-13T13:39:37","slug":"reencontro-de-musicos-marca-os-78-anos-dos-canarinhos","status":"publish","type":"post","link":"https:\/\/franciscanos.org.br\/noticias\/reencontro-de-musicos-marca-os-78-anos-dos-canarinhos.html","title":{"rendered":"Reencontro de m\u00fasicos marca os 78 anos dos Canarinhos"},"content":{"rendered":"<p style=\"font-weight: 400;\"><img loading=\"lazy\" class=\"alignnone size-full wp-image-227875\" src=\"https:\/\/franciscanos.org.br\/noticias\/wp-content\/uploads\/2020\/08\/canarinhos_1308.jpg\" alt=\"\" width=\"1280\" height=\"720\" srcset=\"https:\/\/franciscanos.org.br\/noticias\/wp-content\/uploads\/2020\/08\/canarinhos_1308.jpg 1280w, https:\/\/franciscanos.org.br\/noticias\/wp-content\/uploads\/2020\/08\/canarinhos_1308-450x253.jpg 450w, https:\/\/franciscanos.org.br\/noticias\/wp-content\/uploads\/2020\/08\/canarinhos_1308-1024x576.jpg 1024w, https:\/\/franciscanos.org.br\/noticias\/wp-content\/uploads\/2020\/08\/canarinhos_1308-768x432.jpg 768w, https:\/\/franciscanos.org.br\/noticias\/wp-content\/uploads\/2020\/08\/canarinhos_1308-150x84.jpg 150w\" sizes=\"(max-width: 1280px) 100vw, 1280px\" \/><\/p>\n<h3 style=\"font-weight: 400;\"><em>Concerto virtual in\u00e9dito vai comemorar o anivers\u00e1rio<\/em><\/h3>\n<p style=\"font-weight: 400;\">Foi a partir do sonho de transformar vidas por meio da m\u00fasica que, h\u00e1 78 anos, o primeiro coral de meninos foi criado no Brasil. Em quase oito d\u00e9cadas, milhares de meninos tiveram a oportunidade n\u00e3o s\u00f3 de estudar m\u00fasica gratuitamente, mas tamb\u00e9m conhecer cidades e pa\u00edses e adquirir conhecimentos e valores que levaram por toda a vida. Para comemorar o anivers\u00e1rio dos Canarinhos, no pr\u00f3ximo s\u00e1bado, \u00e0s 16h, um grande evento virtual ser\u00e1 realizado na p\u00e1gina do coro no Facebook, em um grande reencontro de m\u00fasicos de diferentes gera\u00e7\u00f5es.<\/p>\n<p style=\"font-weight: 400;\">\u201cPoder comemorar uma trajet\u00f3ria de tanto sucesso \u00e9 uma honra. Minha hist\u00f3ria na m\u00fasica, assim como a de tantos outros meninos, tamb\u00e9m come\u00e7ou nessas mesmas partituras. Apesar de ser doloroso n\u00e3o podermos nos reencontrar pessoalmente para comemorar toda essa hist\u00f3ria, a tecnologia est\u00e1 nos permitindo fazer um reencontro in\u00e9dito com m\u00fasicos que n\u00e3o poderiam participar se o evento fosse presencial\u201d, contou o diretor art\u00edstico do Instituto dos Meninos Cantores de Petr\u00f3polis, o maestro Marco Aur\u00e9lio Lischt.<\/p>\n<p style=\"font-weight: 400;\">A programa\u00e7\u00e3o do evento contar\u00e1 com apresenta\u00e7\u00e3o musical popular e cl\u00e1ssica, depoimentos de ex-canarinhos que moram no Brasil e no exterior e com o lan\u00e7amento da m\u00fasica \u201cAve Verum\u201d, de Mozart, nas vozes da forma\u00e7\u00e3o atual do coral. Ao todo, quase 80 m\u00fasicos participar\u00e3o do evento. O anivers\u00e1rio tamb\u00e9m contar\u00e1 com uma live especial na sexta-feira, \u00e0s 17h, tamb\u00e9m na p\u00e1gina dos Canarinhos no Facebook, com a participa\u00e7\u00e3o do m\u00fasico Michel de Souza e do maestro Marco Aur\u00e9lio Lischt que v\u00e3o falar sobre o tema \u201cLevando a m\u00fasica pelo mundo\u201d.<\/p>\n<p style=\"font-weight: 400;\">&#8220;O tempo que passei nos Canarinhos foi decisivo para uma das escolhas mais importantes da minha vida, a escolha da minha profiss\u00e3o. Foi-nos oferecida uma forma\u00e7\u00e3o musical muito s\u00f3lida, o que percebi nitidamente ao ingressar no curso superior na Escola de M\u00fasica da UFRJ. Al\u00e9m dessa forma\u00e7\u00e3o, o amor e o respeito por essa arte nos foram ensinados desde o primeiro dia. Tamb\u00e9m tive a oportunidade de viajar e conhecer o Brasil e outros pa\u00edses. Essa abertura de horizontes foi fundamental e, gra\u00e7as a ela, pude me adaptar bem ao estilo de vida exigido pela carreira musical. Tenho muito a agradecer ao Instituto e aos meus primeiros mestres, principalmente a figura do saudoso frei Jos\u00e9 Luiz Prim, que sempre me deu apoio incondicional\u201d, recordou o cantor l\u00edrico Michel de Souza.<\/p>\n<p style=\"font-weight: 400;\">Outro m\u00fasico que lembra com saudade da \u00e9poca do coral \u00e9 o saxofonista Breno Morais, que entrou na turma dos 50 anos dos Canarinhos: \u201cMinha vida n\u00e3o seria a mesma se eu n\u00e3o tivesse sido canarinho. Tenho uma gratid\u00e3o imensa ao coro. Acabei me tornando m\u00fasico por causa do coro e nunca me vi fazendo outra coisa. Vivemos a m\u00fasica em tempo integral. O coral dos Canarinhos \u00e9 uma fam\u00edlia e eu me tornei um homem de car\u00e1ter porque passei por essa escola\u201d, lembrou, contando com felicidade a possibilidade de participar deste grande reencontro. \u201cPassamos as \u00faltimas semanas nos reunindo pela internet. Ex-canarinhos que est\u00e3o espalhados pelo mundo todo est\u00e3o mandando material para este evento. \u00c9 uma pot\u00eancia musical absurda! V\u00e1rias gera\u00e7\u00f5es est\u00e3o juntas com muita dedica\u00e7\u00e3o para celebrar essa hist\u00f3ria e esse patrim\u00f4nio mundial\u201d, vibrou Breno.<\/p>\n<p style=\"font-weight: 400;\"><strong>Instituto dos Meninos Cantores de Petr\u00f3polis (IMCP)<\/strong><\/p>\n<p style=\"font-weight: 400;\">Consagrado como um dos patrim\u00f4nios culturais da cidade e sendo o mais antigo e tradicional grupo vocal, o Coral dos Canarinhos\u00a0\u00e9 administrado pelo Instituto dos Meninos Cantores de Petr\u00f3polis (IMCP). Al\u00e9m do coro de Meninos, o IMCP tamb\u00e9m administra o coro das Meninas dos Canarinhos de Petr\u00f3polis, o Curso de Aprendizes e oferece aulas particulares de v\u00e1rios instrumentos musicais.<\/p>\n<p style=\"font-weight: 400;\">O objetivo do Instituto \u00e9 transformar a realidade dos integrantes, por meio da m\u00fasica. As crian\u00e7as e jovens que fazem parte dos coros pertencem a classes sociais variadas e ingressam nos coros aos 8 anos, permanecendo at\u00e9 os 18 anos. O coro \u00e9 aberto \u00e0 comunidade. Desta forma, todos os interessados, tanto meninos como meninas, podem ingressar no curso de Aprendizes, desde que tenham oito anos e estejam matriculados no 3\u00ba ano do primeiro segmento do ensino fundamental, em qualquer escola da cidade, tanto p\u00fablicas como particulares.<\/p>\n<p style=\"font-weight: 400;\">A rotina dos meninos e meninas \u00e9 intensa dentro do IMCP. Os quatro anos iniciais s\u00e3o voltados para a forma\u00e7\u00e3o musical, onde aprendem teoria, solfejo, ritmo e percep\u00e7\u00e3o musical. Neste per\u00edodo, passam at\u00e9 15 horas semanais no Instituto, onde 12 horas s\u00e3o dedicadas \u00e0 m\u00fasica.<\/p>\n<p><img loading=\"lazy\" class=\"alignnone wp-image-227879 size-large\" src=\"https:\/\/franciscanos.org.br\/noticias\/wp-content\/uploads\/2020\/08\/facebook-post-78-anos-967x1024.jpg\" alt=\"\" width=\"967\" height=\"1024\" srcset=\"https:\/\/franciscanos.org.br\/noticias\/wp-content\/uploads\/2020\/08\/facebook-post-78-anos-967x1024.jpg 967w, https:\/\/franciscanos.org.br\/noticias\/wp-content\/uploads\/2020\/08\/facebook-post-78-anos-425x450.jpg 425w, https:\/\/franciscanos.org.br\/noticias\/wp-content\/uploads\/2020\/08\/facebook-post-78-anos-768x814.jpg 768w, https:\/\/franciscanos.org.br\/noticias\/wp-content\/uploads\/2020\/08\/facebook-post-78-anos-150x159.jpg 150w, https:\/\/franciscanos.org.br\/noticias\/wp-content\/uploads\/2020\/08\/facebook-post-78-anos.jpg 1280w\" sizes=\"(max-width: 967px) 100vw, 967px\" \/><\/p>\n","protected":false},"excerpt":{"rendered":"<p>Instituto dos Meninos Cantores de Petr\u00f3polis<\/p>\n","protected":false},"author":3,"featured_media":227876,"comment_status":"open","ping_status":"open","sticky":false,"template":"","format":"standard","meta":[],"categories":[1],"tags":[1378],"acf":[],"yoast_head":"<!-- This site is optimized with the Yoast SEO plugin v19.2 - https:\/\/yoast.com\/wordpress\/plugins\/seo\/ -->\n<title>Reencontro de m\u00fasicos marca os 78 anos dos Canarinhos - Not\u00edcias - Franciscanos<\/title>\n<meta name=\"robots\" content=\"index, follow, max-snippet:-1, max-image-preview:large, max-video-preview:-1\" \/>\n<link rel=\"canonical\" href=\"https:\/\/franciscanos.org.br\/noticias\/reencontro-de-musicos-marca-os-78-anos-dos-canarinhos.html\" \/>\n<meta property=\"og:locale\" content=\"pt_BR\" \/>\n<meta property=\"og:type\" content=\"article\" \/>\n<meta property=\"og:title\" content=\"Reencontro de m\u00fasicos marca os 78 anos dos Canarinhos - Not\u00edcias - Franciscanos\" \/>\n<meta property=\"og:description\" content=\"Instituto dos Meninos Cantores de Petr\u00f3polis\" \/>\n<meta property=\"og:url\" content=\"https:\/\/franciscanos.org.br\/noticias\/reencontro-de-musicos-marca-os-78-anos-dos-canarinhos.html\" \/>\n<meta property=\"og:site_name\" content=\"Not\u00edcias - Franciscanos\" \/>\n<meta property=\"article:published_time\" content=\"2020-08-13T12:31:43+00:00\" \/>\n<meta property=\"article:modified_time\" content=\"2020-08-13T13:39:37+00:00\" \/>\n<meta property=\"og:image\" content=\"https:\/\/franciscanos.org.br\/noticias\/wp-content\/uploads\/2020\/08\/canarinhos_1308d.jpg\" \/>\n\t<meta property=\"og:image:width\" content=\"800\" \/>\n\t<meta property=\"og:image:height\" content=\"600\" \/>\n\t<meta property=\"og:image:type\" content=\"image\/jpeg\" \/>\n<meta name=\"author\" content=\"moacir\" \/>\n<meta name=\"twitter:card\" content=\"summary_large_image\" \/>\n<meta name=\"twitter:label1\" content=\"Escrito por\" \/>\n\t<meta name=\"twitter:data1\" content=\"moacir\" \/>\n\t<meta name=\"twitter:label2\" content=\"Est. tempo de leitura\" \/>\n\t<meta name=\"twitter:data2\" content=\"4 minutos\" \/>\n<script type=\"application\/ld+json\" class=\"yoast-schema-graph\">{\"@context\":\"https:\/\/schema.org\",\"@graph\":[{\"@type\":\"WebSite\",\"@id\":\"https:\/\/franciscanos.org.br\/noticias\/#website\",\"url\":\"https:\/\/franciscanos.org.br\/noticias\/\",\"name\":\"Not\u00edcias - Franciscanos\",\"description\":\"Prov\u00edncia Franciscana da Imaculada Concei\u00e7\u00e3o do Brasil - Ordem dos Frades Menores - OFM\",\"potentialAction\":[{\"@type\":\"SearchAction\",\"target\":{\"@type\":\"EntryPoint\",\"urlTemplate\":\"https:\/\/franciscanos.org.br\/noticias\/?s={search_term_string}\"},\"query-input\":\"required name=search_term_string\"}],\"inLanguage\":\"pt-BR\"},{\"@type\":\"ImageObject\",\"inLanguage\":\"pt-BR\",\"@id\":\"https:\/\/franciscanos.org.br\/noticias\/reencontro-de-musicos-marca-os-78-anos-dos-canarinhos.html#primaryimage\",\"url\":\"https:\/\/franciscanos.org.br\/noticias\/wp-content\/uploads\/2020\/08\/canarinhos_1308d.jpg\",\"contentUrl\":\"https:\/\/franciscanos.org.br\/noticias\/wp-content\/uploads\/2020\/08\/canarinhos_1308d.jpg\",\"width\":800,\"height\":600},{\"@type\":\"WebPage\",\"@id\":\"https:\/\/franciscanos.org.br\/noticias\/reencontro-de-musicos-marca-os-78-anos-dos-canarinhos.html#webpage\",\"url\":\"https:\/\/franciscanos.org.br\/noticias\/reencontro-de-musicos-marca-os-78-anos-dos-canarinhos.html\",\"name\":\"Reencontro de m\u00fasicos marca os 78 anos dos Canarinhos - Not\u00edcias - Franciscanos\",\"isPartOf\":{\"@id\":\"https:\/\/franciscanos.org.br\/noticias\/#website\"},\"primaryImageOfPage\":{\"@id\":\"https:\/\/franciscanos.org.br\/noticias\/reencontro-de-musicos-marca-os-78-anos-dos-canarinhos.html#primaryimage\"},\"datePublished\":\"2020-08-13T12:31:43+00:00\",\"dateModified\":\"2020-08-13T13:39:37+00:00\",\"author\":{\"@id\":\"https:\/\/franciscanos.org.br\/noticias\/#\/schema\/person\/b5c8cba458c330ccff548b056e95a5d4\"},\"breadcrumb\":{\"@id\":\"https:\/\/franciscanos.org.br\/noticias\/reencontro-de-musicos-marca-os-78-anos-dos-canarinhos.html#breadcrumb\"},\"inLanguage\":\"pt-BR\",\"potentialAction\":[{\"@type\":\"ReadAction\",\"target\":[\"https:\/\/franciscanos.org.br\/noticias\/reencontro-de-musicos-marca-os-78-anos-dos-canarinhos.html\"]}]},{\"@type\":\"BreadcrumbList\",\"@id\":\"https:\/\/franciscanos.org.br\/noticias\/reencontro-de-musicos-marca-os-78-anos-dos-canarinhos.html#breadcrumb\",\"itemListElement\":[{\"@type\":\"ListItem\",\"position\":1,\"name\":\"Home\",\"item\":\"https:\/\/franciscanos.org.br\/noticias\"},{\"@type\":\"ListItem\",\"position\":2,\"name\":\"Reencontro de m\u00fasicos marca os 78 anos dos Canarinhos\"}]},{\"@type\":\"Person\",\"@id\":\"https:\/\/franciscanos.org.br\/noticias\/#\/schema\/person\/b5c8cba458c330ccff548b056e95a5d4\",\"name\":\"moacir\",\"image\":{\"@type\":\"ImageObject\",\"inLanguage\":\"pt-BR\",\"@id\":\"https:\/\/franciscanos.org.br\/noticias\/#\/schema\/person\/image\/\",\"url\":\"https:\/\/secure.gravatar.com\/avatar\/d08aa2ce4c8dd416d4479aa8536fcf64?s=96&d=mm&r=g\",\"contentUrl\":\"https:\/\/secure.gravatar.com\/avatar\/d08aa2ce4c8dd416d4479aa8536fcf64?s=96&d=mm&r=g\",\"caption\":\"moacir\"},\"url\":\"https:\/\/franciscanos.org.br\/noticias\/author\/moacir\"}]}<\/script>\n<!-- \/ Yoast SEO plugin. -->","yoast_head_json":{"title":"Reencontro de m\u00fasicos marca os 78 anos dos Canarinhos - Not\u00edcias - Franciscanos","robots":{"index":"index","follow":"follow","max-snippet":"max-snippet:-1","max-image-preview":"max-image-preview:large","max-video-preview":"max-video-preview:-1"},"canonical":"https:\/\/franciscanos.org.br\/noticias\/reencontro-de-musicos-marca-os-78-anos-dos-canarinhos.html","og_locale":"pt_BR","og_type":"article","og_title":"Reencontro de m\u00fasicos marca os 78 anos dos Canarinhos - Not\u00edcias - Franciscanos","og_description":"Instituto dos Meninos Cantores de Petr\u00f3polis","og_url":"https:\/\/franciscanos.org.br\/noticias\/reencontro-de-musicos-marca-os-78-anos-dos-canarinhos.html","og_site_name":"Not\u00edcias - Franciscanos","article_published_time":"2020-08-13T12:31:43+00:00","article_modified_time":"2020-08-13T13:39:37+00:00","og_image":[{"width":800,"height":600,"url":"https:\/\/franciscanos.org.br\/noticias\/wp-content\/uploads\/2020\/08\/canarinhos_1308d.jpg","type":"image\/jpeg"}],"author":"moacir","twitter_card":"summary_large_image","twitter_misc":{"Escrito por":"moacir","Est. tempo de leitura":"4 minutos"},"schema":{"@context":"https:\/\/schema.org","@graph":[{"@type":"WebSite","@id":"https:\/\/franciscanos.org.br\/noticias\/#website","url":"https:\/\/franciscanos.org.br\/noticias\/","name":"Not\u00edcias - Franciscanos","description":"Prov\u00edncia Franciscana da Imaculada Concei\u00e7\u00e3o do Brasil - Ordem dos Frades Menores - OFM","potentialAction":[{"@type":"SearchAction","target":{"@type":"EntryPoint","urlTemplate":"https:\/\/franciscanos.org.br\/noticias\/?s={search_term_string}"},"query-input":"required name=search_term_string"}],"inLanguage":"pt-BR"},{"@type":"ImageObject","inLanguage":"pt-BR","@id":"https:\/\/franciscanos.org.br\/noticias\/reencontro-de-musicos-marca-os-78-anos-dos-canarinhos.html#primaryimage","url":"https:\/\/franciscanos.org.br\/noticias\/wp-content\/uploads\/2020\/08\/canarinhos_1308d.jpg","contentUrl":"https:\/\/franciscanos.org.br\/noticias\/wp-content\/uploads\/2020\/08\/canarinhos_1308d.jpg","width":800,"height":600},{"@type":"WebPage","@id":"https:\/\/franciscanos.org.br\/noticias\/reencontro-de-musicos-marca-os-78-anos-dos-canarinhos.html#webpage","url":"https:\/\/franciscanos.org.br\/noticias\/reencontro-de-musicos-marca-os-78-anos-dos-canarinhos.html","name":"Reencontro de m\u00fasicos marca os 78 anos dos Canarinhos - Not\u00edcias - Franciscanos","isPartOf":{"@id":"https:\/\/franciscanos.org.br\/noticias\/#website"},"primaryImageOfPage":{"@id":"https:\/\/franciscanos.org.br\/noticias\/reencontro-de-musicos-marca-os-78-anos-dos-canarinhos.html#primaryimage"},"datePublished":"2020-08-13T12:31:43+00:00","dateModified":"2020-08-13T13:39:37+00:00","author":{"@id":"https:\/\/franciscanos.org.br\/noticias\/#\/schema\/person\/b5c8cba458c330ccff548b056e95a5d4"},"breadcrumb":{"@id":"https:\/\/franciscanos.org.br\/noticias\/reencontro-de-musicos-marca-os-78-anos-dos-canarinhos.html#breadcrumb"},"inLanguage":"pt-BR","potentialAction":[{"@type":"ReadAction","target":["https:\/\/franciscanos.org.br\/noticias\/reencontro-de-musicos-marca-os-78-anos-dos-canarinhos.html"]}]},{"@type":"BreadcrumbList","@id":"https:\/\/franciscanos.org.br\/noticias\/reencontro-de-musicos-marca-os-78-anos-dos-canarinhos.html#breadcrumb","itemListElement":[{"@type":"ListItem","position":1,"name":"Home","item":"https:\/\/franciscanos.org.br\/noticias"},{"@type":"ListItem","position":2,"name":"Reencontro de m\u00fasicos marca os 78 anos dos Canarinhos"}]},{"@type":"Person","@id":"https:\/\/franciscanos.org.br\/noticias\/#\/schema\/person\/b5c8cba458c330ccff548b056e95a5d4","name":"moacir","image":{"@type":"ImageObject","inLanguage":"pt-BR","@id":"https:\/\/franciscanos.org.br\/noticias\/#\/schema\/person\/image\/","url":"https:\/\/secure.gravatar.com\/avatar\/d08aa2ce4c8dd416d4479aa8536fcf64?s=96&d=mm&r=g","contentUrl":"https:\/\/secure.gravatar.com\/avatar\/d08aa2ce4c8dd416d4479aa8536fcf64?s=96&d=mm&r=g","caption":"moacir"},"url":"https:\/\/franciscanos.org.br\/noticias\/author\/moacir"}]}},"_links":{"self":[{"href":"https:\/\/franciscanos.org.br\/noticias\/wp-json\/wp\/v2\/posts\/227874"}],"collection":[{"href":"https:\/\/franciscanos.org.br\/noticias\/wp-json\/wp\/v2\/posts"}],"about":[{"href":"https:\/\/franciscanos.org.br\/noticias\/wp-json\/wp\/v2\/types\/post"}],"author":[{"embeddable":true,"href":"https:\/\/franciscanos.org.br\/noticias\/wp-json\/wp\/v2\/users\/3"}],"replies":[{"embeddable":true,"href":"https:\/\/franciscanos.org.br\/noticias\/wp-json\/wp\/v2\/comments?post=227874"}],"version-history":[{"count":4,"href":"https:\/\/franciscanos.org.br\/noticias\/wp-json\/wp\/v2\/posts\/227874\/revisions"}],"predecessor-version":[{"id":227914,"href":"https:\/\/franciscanos.org.br\/noticias\/wp-json\/wp\/v2\/posts\/227874\/revisions\/227914"}],"wp:featuredmedia":[{"embeddable":true,"href":"https:\/\/franciscanos.org.br\/noticias\/wp-json\/wp\/v2\/media\/227876"}],"wp:attachment":[{"href":"https:\/\/franciscanos.org.br\/noticias\/wp-json\/wp\/v2\/media?parent=227874"}],"wp:term":[{"taxonomy":"category","embeddable":true,"href":"https:\/\/franciscanos.org.br\/noticias\/wp-json\/wp\/v2\/categories?post=227874"},{"taxonomy":"post_tag","embeddable":true,"href":"https:\/\/franciscanos.org.br\/noticias\/wp-json\/wp\/v2\/tags?post=227874"}],"curies":[{"name":"wp","href":"https:\/\/api.w.org\/{rel}","templated":true}]}}