{"id":227868,"date":"2020-08-13T08:23:30","date_gmt":"2020-08-13T11:23:30","guid":{"rendered":"https:\/\/franciscanos.org.br\/noticias\/?p=227868"},"modified":"2020-08-13T08:23:30","modified_gmt":"2020-08-13T11:23:30","slug":"paroquia-de-xaxim-faz-live-da-familia-em-comemoracao-a-semana-nacional","status":"publish","type":"post","link":"https:\/\/franciscanos.org.br\/noticias\/paroquia-de-xaxim-faz-live-da-familia-em-comemoracao-a-semana-nacional.html","title":{"rendered":"Par\u00f3quia de Xaxim faz  \u201cLive da Fam\u00edlia\u201d em comemora\u00e7\u00e3o \u00e0 Semana Nacional"},"content":{"rendered":"<p><img loading=\"lazy\" class=\"alignnone size-full wp-image-227869\" src=\"https:\/\/franciscanos.org.br\/noticias\/wp-content\/uploads\/2020\/08\/xaxim_1308.jpg\" alt=\"\" width=\"1280\" height=\"720\" srcset=\"https:\/\/franciscanos.org.br\/noticias\/wp-content\/uploads\/2020\/08\/xaxim_1308.jpg 1280w, https:\/\/franciscanos.org.br\/noticias\/wp-content\/uploads\/2020\/08\/xaxim_1308-450x253.jpg 450w, https:\/\/franciscanos.org.br\/noticias\/wp-content\/uploads\/2020\/08\/xaxim_1308-1024x576.jpg 1024w, https:\/\/franciscanos.org.br\/noticias\/wp-content\/uploads\/2020\/08\/xaxim_1308-768x432.jpg 768w, https:\/\/franciscanos.org.br\/noticias\/wp-content\/uploads\/2020\/08\/xaxim_1308-150x84.jpg 150w\" sizes=\"(max-width: 1280px) 100vw, 1280px\" \/><\/p>\n<p><strong>Xaxim (SC)<\/strong> &#8211; A Par\u00f3quia S\u00e3o Luiz Gonzaga, em comemora\u00e7\u00e3o \u00e0 Semana Nacional da Fam\u00edlia e M\u00eas Vocacional, promoveu na noite da quarta-feira (12\/08) a \u201cLive da Fam\u00edlia\u201d. Celebrada de 9 a 15 de agosto, a Semana Nacional da Fam\u00edlia \u00e9 uma mobiliza\u00e7\u00e3o de grupos e comunidades que ocorre desde 1992. Este ano o tema proposto pela Comiss\u00e3o Episcopal Pastoral para a Vida e a Fam\u00edlia da Confer\u00eancia Nacional dos Bispos do Brasil (CNBB) \u00e9: \u201cEu e minha casa serviremos ao Senhor\u201d (Josu\u00e9 24, 15).<\/p>\n<p>Com o prop\u00f3sito de f\u00e9, motiva\u00e7\u00e3o e reflex\u00e3o, a<em> live<\/em> foi transmitida pela p\u00e1gina do Facebook da Par\u00f3quia. O p\u00e1roco Frei Gilson Kammer e o guardi\u00e3o da Fraternidade de Xaxim, Frei Vanderlei da Silva Neves, estiveram presente junto com o cantor e palestrante Beto Grasel. Temas como a uni\u00e3o das fam\u00edlias, o pensar positivo no futuro e a fam\u00edlia nos dias de hoje foram abordados durante a transmiss\u00e3o.<\/p>\n<p>A abertura foi marcada pelo canto de <em>Aleluia<\/em> e a lembran\u00e7a das pessoas que morreram por causa da pandemia da Covid-19, desejando conforto \u00e0s fam\u00edlias que perderam seus entes queridos. Por uma hora e meia, os fi\u00e9is puderam assistir a uma palestra com humor e cantos que refletiam as mensagens e imagens exibidas em um tel\u00e3o.<\/p>\n<p>Com a sauda\u00e7\u00e3o franciscana de <em>Paz e Bem<\/em>, Frei Vanderlei iniciou sua fala ressaltando a import\u00e2ncia da Semana Nacional da Fam\u00edlia. \u201cNesta semana somos convidados a cada vez mais rezarmos pelas nossas fam\u00edlias e a cada vez mais depositar a nossa confian\u00e7a em Deus. Quando olhamos para a Sagrada Escritura, \u00a0vamos perceber que o pr\u00f3prio Jesus Cristo quis vir ao mundo atrav\u00e9s de uma fam\u00edlia. Foi criado por uma fam\u00edlia para mostrar a sacralidade dela\u201d, disse.<\/p>\n<p><img loading=\"lazy\" class=\"alignnone size-full wp-image-227871\" src=\"https:\/\/franciscanos.org.br\/noticias\/wp-content\/uploads\/2020\/08\/xaxim_1308_1.jpg\" alt=\"\" width=\"1280\" height=\"720\" srcset=\"https:\/\/franciscanos.org.br\/noticias\/wp-content\/uploads\/2020\/08\/xaxim_1308_1.jpg 1280w, https:\/\/franciscanos.org.br\/noticias\/wp-content\/uploads\/2020\/08\/xaxim_1308_1-450x253.jpg 450w, https:\/\/franciscanos.org.br\/noticias\/wp-content\/uploads\/2020\/08\/xaxim_1308_1-1024x576.jpg 1024w, https:\/\/franciscanos.org.br\/noticias\/wp-content\/uploads\/2020\/08\/xaxim_1308_1-768x432.jpg 768w, https:\/\/franciscanos.org.br\/noticias\/wp-content\/uploads\/2020\/08\/xaxim_1308_1-150x84.jpg 150w\" sizes=\"(max-width: 1280px) 100vw, 1280px\" \/><\/p>\n<p>Para Frei Vanderlei, as fam\u00edlias t\u00eam \u00a0a capacidade de perdoar, entender o outro, a fragilidade do outro e a capacidade de dialogar. Al\u00e9m disso, destaca que devemos ter \u00a0espiritualidade em nossas vidas: \u00a0\u201cA espiritualidade \u00e9 fundamental; ela nos ajuda a compreender todos os dramas, a enfrentar, de um modo muito mais sereno, as dificuldades da vida. E, com certeza, mesmo no momento mais dif\u00edcil, somos convidados a ter esperan\u00e7a nos nossos cora\u00e7\u00f5es e a mant\u00ea-los sempre alegres\u201d, disse o frade.<\/p>\n<p>Frei Gilson Kammer relembrou o Evangelho de tr\u00eas domingos atr\u00e1s em que uma par\u00e1bola fala da pessoa que encontra um tesouro e \u00e9 capaz de vender tudo o que possui para poder comprar um campo onde ele est\u00e1 escondido. \u201cEsse grande tesouro da par\u00e1bola \u00e9 a nossa fam\u00edlia. E que n\u00f3s, na nossa vida, sejamos capazes de deixar muita coisa para tr\u00e1s, que a gente possa vender muitas coisas para poder conquistar esse tesouro que \u00e9 a nossa fam\u00edlia\u201d, disse o p\u00e1roco.<\/p>\n<p>As dificuldades vividas em fam\u00edlia, as fragilidades e capacidade de superar foram destacadas pelos freis. Segundo eles, elas podem melhorar partindo do perd\u00e3o, da verdade, do di\u00e1logo e da gentileza. Frei Gilson enfatizou ainda que n\u00e3o somente os familiares de sangue s\u00e3o nossa fam\u00edlia, mas tantos amigos que se tornam fam\u00edlia, tantas pessoas das nossas comunidades eclesiais que tamb\u00e9m se tornam nossa fam\u00edlia.<\/p>\n<p><img loading=\"lazy\" class=\"alignnone size-full wp-image-227872\" src=\"https:\/\/franciscanos.org.br\/noticias\/wp-content\/uploads\/2020\/08\/xaxim_1308_2.jpg\" alt=\"\" width=\"1280\" height=\"720\" srcset=\"https:\/\/franciscanos.org.br\/noticias\/wp-content\/uploads\/2020\/08\/xaxim_1308_2.jpg 1280w, https:\/\/franciscanos.org.br\/noticias\/wp-content\/uploads\/2020\/08\/xaxim_1308_2-450x253.jpg 450w, https:\/\/franciscanos.org.br\/noticias\/wp-content\/uploads\/2020\/08\/xaxim_1308_2-1024x576.jpg 1024w, https:\/\/franciscanos.org.br\/noticias\/wp-content\/uploads\/2020\/08\/xaxim_1308_2-768x432.jpg 768w, https:\/\/franciscanos.org.br\/noticias\/wp-content\/uploads\/2020\/08\/xaxim_1308_2-150x84.jpg 150w\" sizes=\"(max-width: 1280px) 100vw, 1280px\" \/><\/p>\n<p>Como forma de relembrar o tesouro que s\u00e3o as fam\u00edlias, o canto de Padre Ant\u00f4nio Maria &#8211; \u201c\u00c9 bom ter uma fam\u00edlia\u201d &#8211; foi cantado por Frei Gilson e Beto Grasel. Os freis aben\u00e7oaram as fam\u00edlias pedindo a prote\u00e7\u00e3o pela Semana Nacional da Fam\u00edlia e a transmiss\u00e3o terminou com a tradicional m\u00fasica de Padre Zezinho: \u201cOra\u00e7\u00e3o pela Fam\u00edlia\u201d.<\/p>\n<hr \/>\n<p><em>Pascom da Par\u00f3quia de Xaxim<\/em><\/p>\n","protected":false},"excerpt":{"rendered":"<p>Par\u00f3quia S\u00e3o Luiz Gonzaga de Xaxim<\/p>\n","protected":false},"author":3,"featured_media":227870,"comment_status":"open","ping_status":"open","sticky":false,"template":"","format":"standard","meta":[],"categories":[1],"tags":[1589],"acf":[],"yoast_head":"<!-- This site is optimized with the Yoast SEO plugin v19.2 - https:\/\/yoast.com\/wordpress\/plugins\/seo\/ -->\n<title>Par\u00f3quia de Xaxim faz \u201cLive da Fam\u00edlia\u201d em comemora\u00e7\u00e3o \u00e0 Semana Nacional - Not\u00edcias - Franciscanos<\/title>\n<meta name=\"robots\" content=\"index, follow, max-snippet:-1, max-image-preview:large, max-video-preview:-1\" \/>\n<link rel=\"canonical\" href=\"https:\/\/franciscanos.org.br\/noticias\/paroquia-de-xaxim-faz-live-da-familia-em-comemoracao-a-semana-nacional.html\" \/>\n<meta property=\"og:locale\" content=\"pt_BR\" \/>\n<meta property=\"og:type\" content=\"article\" \/>\n<meta property=\"og:title\" content=\"Par\u00f3quia de Xaxim faz \u201cLive da Fam\u00edlia\u201d em comemora\u00e7\u00e3o \u00e0 Semana Nacional - Not\u00edcias - Franciscanos\" \/>\n<meta property=\"og:description\" content=\"Par\u00f3quia S\u00e3o Luiz Gonzaga de Xaxim\" \/>\n<meta property=\"og:url\" content=\"https:\/\/franciscanos.org.br\/noticias\/paroquia-de-xaxim-faz-live-da-familia-em-comemoracao-a-semana-nacional.html\" \/>\n<meta property=\"og:site_name\" content=\"Not\u00edcias - Franciscanos\" \/>\n<meta property=\"article:published_time\" content=\"2020-08-13T11:23:30+00:00\" \/>\n<meta property=\"og:image\" content=\"https:\/\/franciscanos.org.br\/noticias\/wp-content\/uploads\/2020\/08\/xaxim_1308d.jpg\" \/>\n\t<meta property=\"og:image:width\" content=\"800\" \/>\n\t<meta property=\"og:image:height\" content=\"600\" \/>\n\t<meta property=\"og:image:type\" content=\"image\/jpeg\" \/>\n<meta name=\"author\" content=\"moacir\" \/>\n<meta name=\"twitter:card\" content=\"summary_large_image\" \/>\n<meta name=\"twitter:label1\" content=\"Escrito por\" \/>\n\t<meta name=\"twitter:data1\" content=\"moacir\" \/>\n\t<meta name=\"twitter:label2\" content=\"Est. tempo de leitura\" \/>\n\t<meta name=\"twitter:data2\" content=\"3 minutos\" \/>\n<script type=\"application\/ld+json\" class=\"yoast-schema-graph\">{\"@context\":\"https:\/\/schema.org\",\"@graph\":[{\"@type\":\"WebSite\",\"@id\":\"https:\/\/franciscanos.org.br\/noticias\/#website\",\"url\":\"https:\/\/franciscanos.org.br\/noticias\/\",\"name\":\"Not\u00edcias - Franciscanos\",\"description\":\"Prov\u00edncia Franciscana da Imaculada Concei\u00e7\u00e3o do Brasil - Ordem dos Frades Menores - OFM\",\"potentialAction\":[{\"@type\":\"SearchAction\",\"target\":{\"@type\":\"EntryPoint\",\"urlTemplate\":\"https:\/\/franciscanos.org.br\/noticias\/?s={search_term_string}\"},\"query-input\":\"required name=search_term_string\"}],\"inLanguage\":\"pt-BR\"},{\"@type\":\"ImageObject\",\"inLanguage\":\"pt-BR\",\"@id\":\"https:\/\/franciscanos.org.br\/noticias\/paroquia-de-xaxim-faz-live-da-familia-em-comemoracao-a-semana-nacional.html#primaryimage\",\"url\":\"https:\/\/franciscanos.org.br\/noticias\/wp-content\/uploads\/2020\/08\/xaxim_1308d.jpg\",\"contentUrl\":\"https:\/\/franciscanos.org.br\/noticias\/wp-content\/uploads\/2020\/08\/xaxim_1308d.jpg\",\"width\":800,\"height\":600},{\"@type\":\"WebPage\",\"@id\":\"https:\/\/franciscanos.org.br\/noticias\/paroquia-de-xaxim-faz-live-da-familia-em-comemoracao-a-semana-nacional.html#webpage\",\"url\":\"https:\/\/franciscanos.org.br\/noticias\/paroquia-de-xaxim-faz-live-da-familia-em-comemoracao-a-semana-nacional.html\",\"name\":\"Par\u00f3quia de Xaxim faz \u201cLive da Fam\u00edlia\u201d em comemora\u00e7\u00e3o \u00e0 Semana Nacional - Not\u00edcias - Franciscanos\",\"isPartOf\":{\"@id\":\"https:\/\/franciscanos.org.br\/noticias\/#website\"},\"primaryImageOfPage\":{\"@id\":\"https:\/\/franciscanos.org.br\/noticias\/paroquia-de-xaxim-faz-live-da-familia-em-comemoracao-a-semana-nacional.html#primaryimage\"},\"datePublished\":\"2020-08-13T11:23:30+00:00\",\"dateModified\":\"2020-08-13T11:23:30+00:00\",\"author\":{\"@id\":\"https:\/\/franciscanos.org.br\/noticias\/#\/schema\/person\/b5c8cba458c330ccff548b056e95a5d4\"},\"breadcrumb\":{\"@id\":\"https:\/\/franciscanos.org.br\/noticias\/paroquia-de-xaxim-faz-live-da-familia-em-comemoracao-a-semana-nacional.html#breadcrumb\"},\"inLanguage\":\"pt-BR\",\"potentialAction\":[{\"@type\":\"ReadAction\",\"target\":[\"https:\/\/franciscanos.org.br\/noticias\/paroquia-de-xaxim-faz-live-da-familia-em-comemoracao-a-semana-nacional.html\"]}]},{\"@type\":\"BreadcrumbList\",\"@id\":\"https:\/\/franciscanos.org.br\/noticias\/paroquia-de-xaxim-faz-live-da-familia-em-comemoracao-a-semana-nacional.html#breadcrumb\",\"itemListElement\":[{\"@type\":\"ListItem\",\"position\":1,\"name\":\"Home\",\"item\":\"https:\/\/franciscanos.org.br\/noticias\"},{\"@type\":\"ListItem\",\"position\":2,\"name\":\"Par\u00f3quia de Xaxim faz \u201cLive da Fam\u00edlia\u201d em comemora\u00e7\u00e3o \u00e0 Semana Nacional\"}]},{\"@type\":\"Person\",\"@id\":\"https:\/\/franciscanos.org.br\/noticias\/#\/schema\/person\/b5c8cba458c330ccff548b056e95a5d4\",\"name\":\"moacir\",\"image\":{\"@type\":\"ImageObject\",\"inLanguage\":\"pt-BR\",\"@id\":\"https:\/\/franciscanos.org.br\/noticias\/#\/schema\/person\/image\/\",\"url\":\"https:\/\/secure.gravatar.com\/avatar\/d08aa2ce4c8dd416d4479aa8536fcf64?s=96&d=mm&r=g\",\"contentUrl\":\"https:\/\/secure.gravatar.com\/avatar\/d08aa2ce4c8dd416d4479aa8536fcf64?s=96&d=mm&r=g\",\"caption\":\"moacir\"},\"url\":\"https:\/\/franciscanos.org.br\/noticias\/author\/moacir\"}]}<\/script>\n<!-- \/ Yoast SEO plugin. -->","yoast_head_json":{"title":"Par\u00f3quia de Xaxim faz \u201cLive da Fam\u00edlia\u201d em comemora\u00e7\u00e3o \u00e0 Semana Nacional - Not\u00edcias - Franciscanos","robots":{"index":"index","follow":"follow","max-snippet":"max-snippet:-1","max-image-preview":"max-image-preview:large","max-video-preview":"max-video-preview:-1"},"canonical":"https:\/\/franciscanos.org.br\/noticias\/paroquia-de-xaxim-faz-live-da-familia-em-comemoracao-a-semana-nacional.html","og_locale":"pt_BR","og_type":"article","og_title":"Par\u00f3quia de Xaxim faz \u201cLive da Fam\u00edlia\u201d em comemora\u00e7\u00e3o \u00e0 Semana Nacional - Not\u00edcias - Franciscanos","og_description":"Par\u00f3quia S\u00e3o Luiz Gonzaga de Xaxim","og_url":"https:\/\/franciscanos.org.br\/noticias\/paroquia-de-xaxim-faz-live-da-familia-em-comemoracao-a-semana-nacional.html","og_site_name":"Not\u00edcias - Franciscanos","article_published_time":"2020-08-13T11:23:30+00:00","og_image":[{"width":800,"height":600,"url":"https:\/\/franciscanos.org.br\/noticias\/wp-content\/uploads\/2020\/08\/xaxim_1308d.jpg","type":"image\/jpeg"}],"author":"moacir","twitter_card":"summary_large_image","twitter_misc":{"Escrito por":"moacir","Est. tempo de leitura":"3 minutos"},"schema":{"@context":"https:\/\/schema.org","@graph":[{"@type":"WebSite","@id":"https:\/\/franciscanos.org.br\/noticias\/#website","url":"https:\/\/franciscanos.org.br\/noticias\/","name":"Not\u00edcias - Franciscanos","description":"Prov\u00edncia Franciscana da Imaculada Concei\u00e7\u00e3o do Brasil - Ordem dos Frades Menores - OFM","potentialAction":[{"@type":"SearchAction","target":{"@type":"EntryPoint","urlTemplate":"https:\/\/franciscanos.org.br\/noticias\/?s={search_term_string}"},"query-input":"required name=search_term_string"}],"inLanguage":"pt-BR"},{"@type":"ImageObject","inLanguage":"pt-BR","@id":"https:\/\/franciscanos.org.br\/noticias\/paroquia-de-xaxim-faz-live-da-familia-em-comemoracao-a-semana-nacional.html#primaryimage","url":"https:\/\/franciscanos.org.br\/noticias\/wp-content\/uploads\/2020\/08\/xaxim_1308d.jpg","contentUrl":"https:\/\/franciscanos.org.br\/noticias\/wp-content\/uploads\/2020\/08\/xaxim_1308d.jpg","width":800,"height":600},{"@type":"WebPage","@id":"https:\/\/franciscanos.org.br\/noticias\/paroquia-de-xaxim-faz-live-da-familia-em-comemoracao-a-semana-nacional.html#webpage","url":"https:\/\/franciscanos.org.br\/noticias\/paroquia-de-xaxim-faz-live-da-familia-em-comemoracao-a-semana-nacional.html","name":"Par\u00f3quia de Xaxim faz \u201cLive da Fam\u00edlia\u201d em comemora\u00e7\u00e3o \u00e0 Semana Nacional - Not\u00edcias - Franciscanos","isPartOf":{"@id":"https:\/\/franciscanos.org.br\/noticias\/#website"},"primaryImageOfPage":{"@id":"https:\/\/franciscanos.org.br\/noticias\/paroquia-de-xaxim-faz-live-da-familia-em-comemoracao-a-semana-nacional.html#primaryimage"},"datePublished":"2020-08-13T11:23:30+00:00","dateModified":"2020-08-13T11:23:30+00:00","author":{"@id":"https:\/\/franciscanos.org.br\/noticias\/#\/schema\/person\/b5c8cba458c330ccff548b056e95a5d4"},"breadcrumb":{"@id":"https:\/\/franciscanos.org.br\/noticias\/paroquia-de-xaxim-faz-live-da-familia-em-comemoracao-a-semana-nacional.html#breadcrumb"},"inLanguage":"pt-BR","potentialAction":[{"@type":"ReadAction","target":["https:\/\/franciscanos.org.br\/noticias\/paroquia-de-xaxim-faz-live-da-familia-em-comemoracao-a-semana-nacional.html"]}]},{"@type":"BreadcrumbList","@id":"https:\/\/franciscanos.org.br\/noticias\/paroquia-de-xaxim-faz-live-da-familia-em-comemoracao-a-semana-nacional.html#breadcrumb","itemListElement":[{"@type":"ListItem","position":1,"name":"Home","item":"https:\/\/franciscanos.org.br\/noticias"},{"@type":"ListItem","position":2,"name":"Par\u00f3quia de Xaxim faz \u201cLive da Fam\u00edlia\u201d em comemora\u00e7\u00e3o \u00e0 Semana Nacional"}]},{"@type":"Person","@id":"https:\/\/franciscanos.org.br\/noticias\/#\/schema\/person\/b5c8cba458c330ccff548b056e95a5d4","name":"moacir","image":{"@type":"ImageObject","inLanguage":"pt-BR","@id":"https:\/\/franciscanos.org.br\/noticias\/#\/schema\/person\/image\/","url":"https:\/\/secure.gravatar.com\/avatar\/d08aa2ce4c8dd416d4479aa8536fcf64?s=96&d=mm&r=g","contentUrl":"https:\/\/secure.gravatar.com\/avatar\/d08aa2ce4c8dd416d4479aa8536fcf64?s=96&d=mm&r=g","caption":"moacir"},"url":"https:\/\/franciscanos.org.br\/noticias\/author\/moacir"}]}},"_links":{"self":[{"href":"https:\/\/franciscanos.org.br\/noticias\/wp-json\/wp\/v2\/posts\/227868"}],"collection":[{"href":"https:\/\/franciscanos.org.br\/noticias\/wp-json\/wp\/v2\/posts"}],"about":[{"href":"https:\/\/franciscanos.org.br\/noticias\/wp-json\/wp\/v2\/types\/post"}],"author":[{"embeddable":true,"href":"https:\/\/franciscanos.org.br\/noticias\/wp-json\/wp\/v2\/users\/3"}],"replies":[{"embeddable":true,"href":"https:\/\/franciscanos.org.br\/noticias\/wp-json\/wp\/v2\/comments?post=227868"}],"version-history":[{"count":1,"href":"https:\/\/franciscanos.org.br\/noticias\/wp-json\/wp\/v2\/posts\/227868\/revisions"}],"predecessor-version":[{"id":227873,"href":"https:\/\/franciscanos.org.br\/noticias\/wp-json\/wp\/v2\/posts\/227868\/revisions\/227873"}],"wp:featuredmedia":[{"embeddable":true,"href":"https:\/\/franciscanos.org.br\/noticias\/wp-json\/wp\/v2\/media\/227870"}],"wp:attachment":[{"href":"https:\/\/franciscanos.org.br\/noticias\/wp-json\/wp\/v2\/media?parent=227868"}],"wp:term":[{"taxonomy":"category","embeddable":true,"href":"https:\/\/franciscanos.org.br\/noticias\/wp-json\/wp\/v2\/categories?post=227868"},{"taxonomy":"post_tag","embeddable":true,"href":"https:\/\/franciscanos.org.br\/noticias\/wp-json\/wp\/v2\/tags?post=227868"}],"curies":[{"name":"wp","href":"https:\/\/api.w.org\/{rel}","templated":true}]}}